{"id":1033645,"date":"2022-11-12T11:20:56","date_gmt":"2022-11-12T08:20:56","guid":{"rendered":"https:\/\/darkamazi.info\/?p=1033645"},"modified":"2022-11-12T11:20:56","modified_gmt":"2022-11-12T08:20:56","slug":"zedetiri-50-roj-in-carenusa-rojnamevaneki-kurd-ne-diyar-e","status":"publish","type":"post","link":"https:\/\/darkamazi.info\/archives\/1033645","title":{"rendered":"Z\u00eadetir\u00ee 50 roj in \u00e7aren\u00fbsa rojnamevanek\u00ee Kurd ne diyar e"},"content":{"rendered":"<h3 style=\"text-align: justify\"><span style=\"font-family: 'arial black', sans-serif\">Rojnamevan\u00ea Rojhilat\u00ea Kurdistan\u00ea Mes\u00fbd Kurdp\u00fbr z\u00eadetir\u00ee 50 roj in ji aliy\u00ea h\u00eaz\u00ean ewlehiya \u00ceran\u00ea ve hatiye girtin \u00fb heta niha \u00e7aren\u00fbsa w\u00ee ne diyar e.<\/span><\/h3>\n<h3 style=\"text-align: justify\">Li gor zanyariy\u00ean R\u00eaxistina Rojnamevan\u00ean B\u00eas\u00eenor, ji destp\u00eaka xwep\u00ea\u015fandan\u00ean van dem\u00ean daw\u00ee y\u00ean \u00ceran\u00ea ve, heta roja 11\u00ea Mijdara 2022yan, 42 rojnamevan ji aliy\u00ea h\u00eaz\u00ean ewlehiya \u00ceran\u00ea ve hatine destserkirin, 8 rojnamevan pi\u015ft\u00ee l\u00eakol\u00een\u00ea hatin azadkirin, l\u00ea bel\u00ea 34 rojnamevan h\u00een j\u00ee desteserkir\u00ee ne.<\/h3>\n<h3 style=\"text-align: justify\">Rojnamevan \u00fb R\u00eaveber\u00ea Malpera N\u00fb\u00e7eyan a Mukriyan Mes\u00fbd Kurdp\u00fbr roja 20\u00ea \u00celona \u00eesal \u00fb \u00e7end roj pi\u015ft\u00ee destp\u00eakirina xwep\u00ea\u015fandan\u00ean \u015fermezarkirina ku\u015ftina J\u00eena Em\u00een\u00ee, li bajar\u00ea Bokan\u00ea y\u00ea Rojhilat\u00ea Kurdistan\u00ea ji aliy\u00ea h\u00eaz\u00ean ewlehiya \u00ceran\u00ea ve hat desteserkirin.<\/h3>\n<h3 style=\"text-align: justify\">Par\u00eazer\u00ea malbata Kurdp\u00fbr e\u015fkere kiriye ku ti agahiyeke wan derbar\u00ea rew\u015fa Mes\u00fbd Kurdp\u00fbr de tune ye \u00fb nah\u00ealin par\u00eazer w\u00ee bib\u00eene.<\/h3>\n<h3 style=\"text-align: justify\">Li gor zanyariy\u00ean Dezgeha Maf\u00ean Mirovan a Hengaw, her\u00ee daw\u00ee malbata Kurdp\u00fbr agahdar b\u00fbye ku Mes\u00fbd Kurdp\u00fbr bo Girt\u00eegeha Urmiy\u00ea hatiye veguhestin, l\u00ea bel\u00ea tev\u00ee ku \u00e7end\u00een car daxwaza d\u00eetina w\u00ee kirine, ji aliy\u00ea dadgeh \u00fb h\u00eaz\u00ean ewlehiy\u00ea ve r\u00ea ji wan re nehatiye day\u00een.<\/h3>\n<h3 style=\"text-align: justify\">Dezgeha Hengaw e\u015fkere kiriye ku Mes\u00fbd Kurdp\u00fbr bi &#8220;t\u00eakdana asay\u00ee\u015fa netew\u00ee&#8221; hatiye tometbarkirin.<\/h3>\n","protected":false},"excerpt":{"rendered":"<p>Rojnamevan\u00ea Rojhilat\u00ea Kurdistan\u00ea Mes\u00fbd Kurdp\u00fbr z\u00eadetir\u00ee 50 roj in ji aliy\u00ea h\u00eaz\u00ean ewlehiya \u00ceran\u00ea ve hatiye girtin \u00fb heta niha \u00e7aren\u00fbsa w\u00ee ne diyar e. Li gor zanyariy\u00ean R\u00eaxistina Rojnamevan\u00ean B\u00eas\u00eenor, ji destp\u00eaka xwep\u00ea\u015fandan\u00ean van dem\u00ean daw\u00ee y\u00ean \u00ceran\u00ea ve, heta roja 11\u00ea Mijdara 2022yan, 42 rojnamevan ji aliy\u00ea h\u00eaz\u00ean ewlehiya \u00ceran\u00ea ve hatine destserkirin, [&hellip;]<\/p>\n","protected":false},"author":2,"featured_media":1033646,"comment_status":"closed","ping_status":"closed","sticky":false,"template":"","format":"standard","meta":{"footnotes":""},"categories":[29],"tags":[37],"class_list":["post-1033645","post","type-post","status-publish","format-standard","has-post-thumbnail","hentry","category-kurdistan","tag-sereke"],"blocksy_meta":[],"seo_head":"<!-- This site is optimized with the Yoast SEO plugin v27.5 - https:\/\/yoast.com\/product\/yoast-seo-wordpress\/ -->\n<title>Z\u00eadetir\u00ee 50 roj in \u00e7aren\u00fbsa rojnamevanek\u00ee Kurd ne diyar e - Darka Maz\u00ee<\/title>\n<meta name=\"robots\" content=\"index, follow, max-snippet:-1, max-image-preview:large, max-video-preview:-1\" \/>\n<link rel=\"canonical\" href=\"https:\/\/darkamazi.info\/archives\/1033645\" \/>\n<meta property=\"og:locale\" content=\"en_US\" \/>\n<meta property=\"og:type\" content=\"article\" \/>\n<meta property=\"og:title\" content=\"Z\u00eadetir\u00ee 50 roj in \u00e7aren\u00fbsa rojnamevanek\u00ee Kurd ne diyar e - Darka Maz\u00ee\" \/>\n<meta property=\"og:description\" content=\"Rojnamevan\u00ea Rojhilat\u00ea Kurdistan\u00ea Mes\u00fbd Kurdp\u00fbr z\u00eadetir\u00ee 50 roj in ji aliy\u00ea h\u00eaz\u00ean ewlehiya \u00ceran\u00ea ve hatiye girtin \u00fb heta niha \u00e7aren\u00fbsa w\u00ee ne diyar e. Li gor zanyariy\u00ean R\u00eaxistina Rojnamevan\u00ean B\u00eas\u00eenor, ji destp\u00eaka xwep\u00ea\u015fandan\u00ean van dem\u00ean daw\u00ee y\u00ean \u00ceran\u00ea ve, heta roja 11\u00ea Mijdara 2022yan, 42 rojnamevan ji aliy\u00ea h\u00eaz\u00ean ewlehiya \u00ceran\u00ea ve hatine destserkirin, [&hellip;]\" \/>\n<meta property=\"og:url\" content=\"https:\/\/darkamazi.info\/archives\/1033645\" \/>\n<meta property=\"og:site_name\" content=\"Darka Maz\u00ee\" \/>\n<meta property=\"article:publisher\" content=\"https:\/\/www.facebook.com\/DarMaziKurmanci\" \/>\n<meta property=\"article:published_time\" content=\"2022-11-12T08:20:56+00:00\" \/>\n<meta property=\"og:image\" content=\"https:\/\/darkamazi.info\/file\/2022\/11\/Mesud-Kurdpur.jpg\" \/>\n\t<meta property=\"og:image:width\" content=\"900\" \/>\n\t<meta property=\"og:image:height\" content=\"497\" \/>\n\t<meta property=\"og:image:type\" content=\"image\/jpeg\" \/>\n<meta name=\"author\" content=\"darka mazi\" \/>\n<meta name=\"twitter:card\" content=\"summary_large_image\" \/>\n<meta name=\"twitter:creator\" content=\"@DarkaMaziLatini\" \/>\n<meta name=\"twitter:site\" content=\"@DarkaMaziLatini\" \/>\n<meta name=\"twitter:label1\" content=\"Written by\" \/>\n\t<meta name=\"twitter:data1\" content=\"darka mazi\" \/>\n\t<meta name=\"twitter:label2\" content=\"Est. reading time\" \/>\n\t<meta name=\"twitter:data2\" content=\"1 minute\" \/>\n<script type=\"application\/ld+json\" class=\"seo-schema-graph\">{\"@context\":\"https:\\\/\\\/schema.org\",\"@graph\":[{\"@type\":\"Article\",\"@id\":\"https:\\\/\\\/darkamazi.info\\\/archives\\\/1033645#article\",\"isPartOf\":{\"@id\":\"https:\\\/\\\/darkamazi.info\\\/archives\\\/1033645\"},\"author\":{\"name\":\"darka mazi\",\"@id\":\"https:\\\/\\\/darkamazi.info\\\/#\\\/schema\\\/person\\\/5ad3e24553a0567993fa8ed4bd0a776c\"},\"headline\":\"Z\u00eadetir\u00ee 50 roj in \u00e7aren\u00fbsa rojnamevanek\u00ee Kurd ne diyar e\",\"datePublished\":\"2022-11-12T08:20:56+00:00\",\"mainEntityOfPage\":{\"@id\":\"https:\\\/\\\/darkamazi.info\\\/archives\\\/1033645\"},\"wordCount\":246,\"publisher\":{\"@id\":\"https:\\\/\\\/darkamazi.info\\\/#organization\"},\"image\":{\"@id\":\"https:\\\/\\\/darkamazi.info\\\/archives\\\/1033645#primaryimage\"},\"thumbnailUrl\":\"https:\\\/\\\/darkamazi.info\\\/darka-content\\\/uploads\\\/2022\\\/11\\\/Mesud-Kurdpur.jpg\",\"keywords\":[\"sereke\"],\"articleSection\":[\"Kurdistan\"],\"inLanguage\":\"en-US\"},{\"@type\":\"WebPage\",\"@id\":\"https:\\\/\\\/darkamazi.info\\\/archives\\\/1033645\",\"url\":\"https:\\\/\\\/darkamazi.info\\\/archives\\\/1033645\",\"name\":\"Z\u00eadetir\u00ee 50 roj in \u00e7aren\u00fbsa rojnamevanek\u00ee Kurd ne diyar e - Darka Maz\u00ee\",\"isPartOf\":{\"@id\":\"https:\\\/\\\/darkamazi.info\\\/#website\"},\"primaryImageOfPage\":{\"@id\":\"https:\\\/\\\/darkamazi.info\\\/archives\\\/1033645#primaryimage\"},\"image\":{\"@id\":\"https:\\\/\\\/darkamazi.info\\\/archives\\\/1033645#primaryimage\"},\"thumbnailUrl\":\"https:\\\/\\\/darkamazi.info\\\/darka-content\\\/uploads\\\/2022\\\/11\\\/Mesud-Kurdpur.jpg\",\"datePublished\":\"2022-11-12T08:20:56+00:00\",\"breadcrumb\":{\"@id\":\"https:\\\/\\\/darkamazi.info\\\/archives\\\/1033645#breadcrumb\"},\"inLanguage\":\"en-US\",\"potentialAction\":[{\"@type\":\"ReadAction\",\"target\":[\"https:\\\/\\\/darkamazi.info\\\/archives\\\/1033645\"]}]},{\"@type\":\"ImageObject\",\"inLanguage\":\"en-US\",\"@id\":\"https:\\\/\\\/darkamazi.info\\\/archives\\\/1033645#primaryimage\",\"url\":\"https:\\\/\\\/darkamazi.info\\\/darka-content\\\/uploads\\\/2022\\\/11\\\/Mesud-Kurdpur.jpg\",\"contentUrl\":\"https:\\\/\\\/darkamazi.info\\\/darka-content\\\/uploads\\\/2022\\\/11\\\/Mesud-Kurdpur.jpg\",\"width\":900,\"height\":497,\"caption\":\"Z\u00eadetir\u00ee 50 roj in \u00e7aren\u00fbsa rojnamevanek\u00ee Kurd ne diyar e\"},{\"@type\":\"BreadcrumbList\",\"@id\":\"https:\\\/\\\/darkamazi.info\\\/archives\\\/1033645#breadcrumb\",\"itemListElement\":[{\"@type\":\"ListItem\",\"position\":1,\"name\":\"Home\",\"item\":\"https:\\\/\\\/darkamazi.info\\\/\"},{\"@type\":\"ListItem\",\"position\":2,\"name\":\"Z\u00eadetir\u00ee 50 roj in \u00e7aren\u00fbsa rojnamevanek\u00ee Kurd ne diyar e\"}]},{\"@type\":\"WebSite\",\"@id\":\"https:\\\/\\\/darkamazi.info\\\/#website\",\"url\":\"https:\\\/\\\/darkamazi.info\\\/\",\"name\":\"Darka Maz\u00ee\",\"description\":\"P\u00eageha Zanyariy\u00ean Nebih\u00eest\u00ee\",\"publisher\":{\"@id\":\"https:\\\/\\\/darkamazi.info\\\/#organization\"},\"potentialAction\":[{\"@type\":\"SearchAction\",\"target\":{\"@type\":\"EntryPoint\",\"urlTemplate\":\"https:\\\/\\\/darkamazi.info\\\/?s={search_term_string}\"},\"query-input\":{\"@type\":\"PropertyValueSpecification\",\"valueRequired\":true,\"valueName\":\"search_term_string\"}}],\"inLanguage\":\"en-US\"},{\"@type\":\"Organization\",\"@id\":\"https:\\\/\\\/darkamazi.info\\\/#organization\",\"name\":\"Darka Maz\u00ee\",\"url\":\"https:\\\/\\\/darkamazi.info\\\/\",\"logo\":{\"@type\":\"ImageObject\",\"inLanguage\":\"en-US\",\"@id\":\"https:\\\/\\\/darkamazi.info\\\/#\\\/schema\\\/logo\\\/image\\\/\",\"url\":\"https:\\\/\\\/darkamazi.info\\\/darka-content\\\/uploads\\\/2017\\\/12\\\/darka-mazi-logo.png\",\"contentUrl\":\"https:\\\/\\\/darkamazi.info\\\/darka-content\\\/uploads\\\/2017\\\/12\\\/darka-mazi-logo.png\",\"width\":151,\"height\":75,\"caption\":\"Darka Maz\u00ee\"},\"image\":{\"@id\":\"https:\\\/\\\/darkamazi.info\\\/#\\\/schema\\\/logo\\\/image\\\/\"},\"sameAs\":[\"https:\\\/\\\/www.facebook.com\\\/DarMaziKurmanci\",\"https:\\\/\\\/x.com\\\/DarkaMaziLatini\",\"https:\\\/\\\/www.instagram.com\\\/darkamazi.kurmanci\\\/\",\"https:\\\/\\\/www.youtube.com\\\/channel\\\/UCa5HkTdmI8U1qCUFuTw8B2g\"]},{\"@type\":\"Person\",\"@id\":\"https:\\\/\\\/darkamazi.info\\\/#\\\/schema\\\/person\\\/5ad3e24553a0567993fa8ed4bd0a776c\",\"name\":\"darka mazi\",\"sameAs\":[\"https:\\\/\\\/darkamazi.info\\\/\"],\"url\":\"https:\\\/\\\/darkamazi.info\\\/archives\\\/author\\\/kurdi\"}]}<\/script>\n<!-- \/ Yoast SEO plugin. -->","seo_head_json":{"title":"Z\u00eadetir\u00ee 50 roj in \u00e7aren\u00fbsa rojnamevanek\u00ee Kurd ne diyar e - Darka Maz\u00ee","robots":{"index":"index","follow":"follow","max-snippet":"max-snippet:-1","max-image-preview":"max-image-preview:large","max-video-preview":"max-video-preview:-1"},"canonical":"https:\/\/darkamazi.info\/archives\/1033645","og_locale":"en_US","og_type":"article","og_title":"Z\u00eadetir\u00ee 50 roj in \u00e7aren\u00fbsa rojnamevanek\u00ee Kurd ne diyar e - Darka Maz\u00ee","og_description":"Rojnamevan\u00ea Rojhilat\u00ea Kurdistan\u00ea Mes\u00fbd Kurdp\u00fbr z\u00eadetir\u00ee 50 roj in ji aliy\u00ea h\u00eaz\u00ean ewlehiya \u00ceran\u00ea ve hatiye girtin \u00fb heta niha \u00e7aren\u00fbsa w\u00ee ne diyar e. Li gor zanyariy\u00ean R\u00eaxistina Rojnamevan\u00ean B\u00eas\u00eenor, ji destp\u00eaka xwep\u00ea\u015fandan\u00ean van dem\u00ean daw\u00ee y\u00ean \u00ceran\u00ea ve, heta roja 11\u00ea Mijdara 2022yan, 42 rojnamevan ji aliy\u00ea h\u00eaz\u00ean ewlehiya \u00ceran\u00ea ve hatine destserkirin, [&hellip;]","og_url":"https:\/\/darkamazi.info\/archives\/1033645","og_site_name":"Darka Maz\u00ee","article_publisher":"https:\/\/www.facebook.com\/DarMaziKurmanci","article_published_time":"2022-11-12T08:20:56+00:00","og_image":[{"width":900,"height":497,"url":"https:\/\/darkamazi.info\/file\/2022\/11\/Mesud-Kurdpur.jpg","type":"image\/jpeg"}],"author":"darka mazi","twitter_card":"summary_large_image","twitter_creator":"@DarkaMaziLatini","twitter_site":"@DarkaMaziLatini","twitter_misc":{"Written by":"darka mazi","Est. reading time":"1 minute"},"schema":{"@context":"https:\/\/schema.org","@graph":[{"@type":"Article","@id":"https:\/\/darkamazi.info\/archives\/1033645#article","isPartOf":{"@id":"https:\/\/darkamazi.info\/archives\/1033645"},"author":{"name":"darka mazi","@id":"https:\/\/darkamazi.info\/#\/schema\/person\/5ad3e24553a0567993fa8ed4bd0a776c"},"headline":"Z\u00eadetir\u00ee 50 roj in \u00e7aren\u00fbsa rojnamevanek\u00ee Kurd ne diyar e","datePublished":"2022-11-12T08:20:56+00:00","mainEntityOfPage":{"@id":"https:\/\/darkamazi.info\/archives\/1033645"},"wordCount":246,"publisher":{"@id":"https:\/\/darkamazi.info\/#organization"},"image":{"@id":"https:\/\/darkamazi.info\/archives\/1033645#primaryimage"},"thumbnailUrl":"https:\/\/darkamazi.info\/file\/2022\/11\/Mesud-Kurdpur.jpg","keywords":["sereke"],"articleSection":["Kurdistan"],"inLanguage":"en-US"},{"@type":"WebPage","@id":"https:\/\/darkamazi.info\/archives\/1033645","url":"https:\/\/darkamazi.info\/archives\/1033645","name":"Z\u00eadetir\u00ee 50 roj in \u00e7aren\u00fbsa rojnamevanek\u00ee Kurd ne diyar e - Darka Maz\u00ee","isPartOf":{"@id":"https:\/\/darkamazi.info\/#website"},"primaryImageOfPage":{"@id":"https:\/\/darkamazi.info\/archives\/1033645#primaryimage"},"image":{"@id":"https:\/\/darkamazi.info\/archives\/1033645#primaryimage"},"thumbnailUrl":"https:\/\/darkamazi.info\/file\/2022\/11\/Mesud-Kurdpur.jpg","datePublished":"2022-11-12T08:20:56+00:00","breadcrumb":{"@id":"https:\/\/darkamazi.info\/archives\/1033645#breadcrumb"},"inLanguage":"en-US","potentialAction":[{"@type":"ReadAction","target":["https:\/\/darkamazi.info\/archives\/1033645"]}]},{"@type":"ImageObject","inLanguage":"en-US","@id":"https:\/\/darkamazi.info\/archives\/1033645#primaryimage","url":"https:\/\/darkamazi.info\/file\/2022\/11\/Mesud-Kurdpur.jpg","contentUrl":"https:\/\/darkamazi.info\/file\/2022\/11\/Mesud-Kurdpur.jpg","width":900,"height":497,"caption":"Z\u00eadetir\u00ee 50 roj in \u00e7aren\u00fbsa rojnamevanek\u00ee Kurd ne diyar e"},{"@type":"BreadcrumbList","@id":"https:\/\/darkamazi.info\/archives\/1033645#breadcrumb","itemListElement":[{"@type":"ListItem","position":1,"name":"Home","item":"https:\/\/darkamazi.info\/"},{"@type":"ListItem","position":2,"name":"Z\u00eadetir\u00ee 50 roj in \u00e7aren\u00fbsa rojnamevanek\u00ee Kurd ne diyar e"}]},{"@type":"WebSite","@id":"https:\/\/darkamazi.info\/#website","url":"https:\/\/darkamazi.info\/","name":"Darka Maz\u00ee","description":"P\u00eageha Zanyariy\u00ean Nebih\u00eest\u00ee","publisher":{"@id":"https:\/\/darkamazi.info\/#organization"},"potentialAction":[{"@type":"SearchAction","target":{"@type":"EntryPoint","urlTemplate":"https:\/\/darkamazi.info\/?s={search_term_string}"},"query-input":{"@type":"PropertyValueSpecification","valueRequired":true,"valueName":"search_term_string"}}],"inLanguage":"en-US"},{"@type":"Organization","@id":"https:\/\/darkamazi.info\/#organization","name":"Darka Maz\u00ee","url":"https:\/\/darkamazi.info\/","logo":{"@type":"ImageObject","inLanguage":"en-US","@id":"https:\/\/darkamazi.info\/#\/schema\/logo\/image\/","url":"https:\/\/darkamazi.info\/file\/2017\/12\/darka-mazi-logo.png","contentUrl":"https:\/\/darkamazi.info\/file\/2017\/12\/darka-mazi-logo.png","width":151,"height":75,"caption":"Darka Maz\u00ee"},"image":{"@id":"https:\/\/darkamazi.info\/#\/schema\/logo\/image\/"},"sameAs":["https:\/\/www.facebook.com\/DarMaziKurmanci","https:\/\/x.com\/DarkaMaziLatini","https:\/\/www.instagram.com\/darkamazi.kurmanci\/","https:\/\/www.youtube.com\/channel\/UCa5HkTdmI8U1qCUFuTw8B2g"]},{"@type":"Person","@id":"https:\/\/darkamazi.info\/#\/schema\/person\/5ad3e24553a0567993fa8ed4bd0a776c","name":"darka mazi","sameAs":["https:\/\/darkamazi.info\/"],"url":"https:\/\/darkamazi.info\/archives\/author\/kurdi"}]}},"_links":{"self":[{"href":"https:\/\/darkamazi.info\/funavuv\/wp\/v2\/posts\/1033645","targetHints":{"allow":["GET"]}}],"collection":[{"href":"https:\/\/darkamazi.info\/funavuv\/wp\/v2\/posts"}],"about":[{"href":"https:\/\/darkamazi.info\/funavuv\/wp\/v2\/types\/post"}],"author":[{"embeddable":true,"href":"https:\/\/darkamazi.info\/funavuv\/wp\/v2\/users\/2"}],"replies":[{"embeddable":true,"href":"https:\/\/darkamazi.info\/funavuv\/wp\/v2\/comments?post=1033645"}],"version-history":[{"count":0,"href":"https:\/\/darkamazi.info\/funavuv\/wp\/v2\/posts\/1033645\/revisions"}],"wp:featuredmedia":[{"embeddable":true,"href":"https:\/\/darkamazi.info\/funavuv\/wp\/v2\/media\/1033646"}],"wp:attachment":[{"href":"https:\/\/darkamazi.info\/funavuv\/wp\/v2\/media?parent=1033645"}],"wp:term":[{"taxonomy":"category","embeddable":true,"href":"https:\/\/darkamazi.info\/funavuv\/wp\/v2\/categories?post=1033645"},{"taxonomy":"post_tag","embeddable":true,"href":"https:\/\/darkamazi.info\/funavuv\/wp\/v2\/tags?post=1033645"}],"curies":[{"name":"wp","href":"https:\/\/api.w.org\/{rel}","templated":true}]}}