{"id":1033668,"date":"2022-11-13T11:25:14","date_gmt":"2022-11-13T08:25:14","guid":{"rendered":"https:\/\/darkamazi.info\/?p=1033668"},"modified":"2022-11-13T11:25:14","modified_gmt":"2022-11-13T08:25:14","slug":"tirkiye-karwaneke-din-a-leskeri-ji-herema-kemkirina-ragesiye-vekisand","status":"publish","type":"post","link":"https:\/\/darkamazi.info\/archives\/1033668","title":{"rendered":"Tirkiy\u00ea karwaneke din a le\u015fker\u00ee ji her\u00eama &#8220;k\u00eamkirina rage\u015fiy\u00ea&#8221; veki\u015fand"},"content":{"rendered":"<h3 style=\"text-align: justify\"><span style=\"font-family: 'arial black', sans-serif\">Art\u00ea\u015fa Tirkiye karwaneke din a le\u015fker\u00ee ji her\u00eama \u201ck\u00eamkirina rage\u015fiy\u00ea\u201d ya li Idlib\u00ea ber bi axa Tirkiy\u00ea ve veki\u015fand.<\/span><\/h3>\n<h3 style=\"text-align: justify\"><span style=\"font-family: arial, helvetica, sans-serif\">Rewangeha S\u00fbr\u00ee ya Maf\u00ean Mirovan belav kir, karwaneke Tirkiy\u00ea ku ji n\u00eaz\u00eek\u00ee 40 otomb\u00eel\u00ean barhilgir \u00fb wesayit\u00ean zirx\u00ee y\u00ean giran p\u00eak dihat, ji devera \u201ck\u00eamkirina rage\u015fiy\u00ea\u201d ber bi axa Tirkiy\u00ea ve, veki\u015fand.<\/span><\/h3>\n<h3 style=\"text-align: justify\"><span style=\"font-family: arial, helvetica, sans-serif\">Bi v\u00ee away\u00ee, art\u00ea\u015fa Tirkiy\u00ea tevahiya l\u00eewaya 8\u2019an a h\u00eaz\u00ean xwe y\u00ean li her\u00eama \u201ck\u00eamkirina rage\u015fiy\u00ea\u201d veki\u015fand. \u00a0<\/span><\/h3>\n<h3 style=\"text-align: justify\"><span style=\"font-family: arial, helvetica, sans-serif\">Li gor\u00ee zanyariy\u00ean Rewangeh\u00ea, 9 l\u00eeway\u00ean art\u00ea\u015fa Tirkiy\u00ea ku hejmara her l\u00eeway\u00ea 1500 le\u015fker in, bi hem\u00fb alav\u00ean xwe, tank \u00fb wesay\u00eet\u00ean giran li w\u00ea nav\u00e7ey\u00ea hene.<\/span><\/h3>\n<h3 style=\"text-align: justify\"><span style=\"font-family: arial, helvetica, sans-serif\">Di 29\u00ea Cotmeha bor\u00ee de j\u00ee, Rewangeha S\u00fbr\u00ee bo Maf\u00ean Mirov belav kirib\u00fb ku karwaneke le\u015fker\u00ee ya Tirkiy\u00ea ku ji 7 tank, 10 zir\u00eepo\u015f \u00fb 15 barhilgiran p\u00eak dihat, ji devera &#8220;k\u00eamkirina rage\u015fiy\u00ea&#8221; ber bi axa Tirkiy\u00ea veki\u015fandib\u00fb.<\/span><\/h3>\n<h3 style=\"text-align: justify\"><span style=\"font-family: arial, helvetica, sans-serif\">S\u00eenor\u00ean her\u00eama \u00e7arem\u00een a k\u00eamkirina rage\u015fiy\u00ea li Idlib\u00ea, di gera \u015fe\u015fem\u00een a dan\u00fbstandin\u00ean Astanay\u00ea de di \u00celona 2017an de hatin x\u00eazkirin, \u00fb par\u00eazgeha Idlib\u00ea, ligel hin dever\u00ean ji gundewar\u00ea Heleb, Hemay\u00ea \u00fb Laziqiy\u00ea li xwe digire.<\/span><\/h3>\n","protected":false},"excerpt":{"rendered":"<p>Art\u00ea\u015fa Tirkiye karwaneke din a le\u015fker\u00ee ji her\u00eama \u201ck\u00eamkirina rage\u015fiy\u00ea\u201d ya li Idlib\u00ea ber bi axa Tirkiy\u00ea ve veki\u015fand. Rewangeha S\u00fbr\u00ee ya Maf\u00ean Mirovan belav kir, karwaneke Tirkiy\u00ea ku ji n\u00eaz\u00eek\u00ee 40 otomb\u00eel\u00ean barhilgir \u00fb wesayit\u00ean zirx\u00ee y\u00ean giran p\u00eak dihat, ji devera \u201ck\u00eamkirina rage\u015fiy\u00ea\u201d ber bi axa Tirkiy\u00ea ve, veki\u015fand. Bi v\u00ee away\u00ee, art\u00ea\u015fa [&hellip;]<\/p>\n","protected":false},"author":2,"featured_media":1033669,"comment_status":"closed","ping_status":"closed","sticky":false,"template":"","format":"standard","meta":{"footnotes":""},"categories":[31],"tags":[37],"class_list":["post-1033668","post","type-post","status-publish","format-standard","has-post-thumbnail","hentry","category-rojhelata-navin","tag-sereke"],"blocksy_meta":[],"seo_head":"<!-- This site is optimized with the Yoast SEO plugin v27.5 - https:\/\/yoast.com\/product\/yoast-seo-wordpress\/ -->\n<title>Tirkiy\u00ea karwaneke din a le\u015fker\u00ee ji her\u00eama &quot;k\u00eamkirina rage\u015fiy\u00ea&quot; veki\u015fand - Darka Maz\u00ee<\/title>\n<meta name=\"robots\" content=\"index, follow, max-snippet:-1, max-image-preview:large, max-video-preview:-1\" \/>\n<link rel=\"canonical\" href=\"https:\/\/darkamazi.info\/archives\/1033668\" \/>\n<meta property=\"og:locale\" content=\"en_US\" \/>\n<meta property=\"og:type\" content=\"article\" \/>\n<meta property=\"og:title\" content=\"Tirkiy\u00ea karwaneke din a le\u015fker\u00ee ji her\u00eama &quot;k\u00eamkirina rage\u015fiy\u00ea&quot; veki\u015fand - Darka Maz\u00ee\" \/>\n<meta property=\"og:description\" content=\"Art\u00ea\u015fa Tirkiye karwaneke din a le\u015fker\u00ee ji her\u00eama \u201ck\u00eamkirina rage\u015fiy\u00ea\u201d ya li Idlib\u00ea ber bi axa Tirkiy\u00ea ve veki\u015fand. Rewangeha S\u00fbr\u00ee ya Maf\u00ean Mirovan belav kir, karwaneke Tirkiy\u00ea ku ji n\u00eaz\u00eek\u00ee 40 otomb\u00eel\u00ean barhilgir \u00fb wesayit\u00ean zirx\u00ee y\u00ean giran p\u00eak dihat, ji devera \u201ck\u00eamkirina rage\u015fiy\u00ea\u201d ber bi axa Tirkiy\u00ea ve, veki\u015fand. Bi v\u00ee away\u00ee, art\u00ea\u015fa [&hellip;]\" \/>\n<meta property=\"og:url\" content=\"https:\/\/darkamazi.info\/archives\/1033668\" \/>\n<meta property=\"og:site_name\" content=\"Darka Maz\u00ee\" \/>\n<meta property=\"article:publisher\" content=\"https:\/\/www.facebook.com\/DarMaziKurmanci\" \/>\n<meta property=\"article:published_time\" content=\"2022-11-13T08:25:14+00:00\" \/>\n<meta property=\"og:image\" content=\"https:\/\/darkamazi.info\/file\/2022\/11\/turkey-army-idlib.jpg\" \/>\n\t<meta property=\"og:image:width\" content=\"900\" \/>\n\t<meta property=\"og:image:height\" content=\"497\" \/>\n\t<meta property=\"og:image:type\" content=\"image\/jpeg\" \/>\n<meta name=\"author\" content=\"darka mazi\" \/>\n<meta name=\"twitter:card\" content=\"summary_large_image\" \/>\n<meta name=\"twitter:creator\" content=\"@DarkaMaziLatini\" \/>\n<meta name=\"twitter:site\" content=\"@DarkaMaziLatini\" \/>\n<meta name=\"twitter:label1\" content=\"Written by\" \/>\n\t<meta name=\"twitter:data1\" content=\"darka mazi\" \/>\n\t<meta name=\"twitter:label2\" content=\"Est. reading time\" \/>\n\t<meta name=\"twitter:data2\" content=\"1 minute\" \/>\n<script type=\"application\/ld+json\" class=\"seo-schema-graph\">{\"@context\":\"https:\\\/\\\/schema.org\",\"@graph\":[{\"@type\":\"Article\",\"@id\":\"https:\\\/\\\/darkamazi.info\\\/archives\\\/1033668#article\",\"isPartOf\":{\"@id\":\"https:\\\/\\\/darkamazi.info\\\/archives\\\/1033668\"},\"author\":{\"name\":\"darka mazi\",\"@id\":\"https:\\\/\\\/darkamazi.info\\\/#\\\/schema\\\/person\\\/5ad3e24553a0567993fa8ed4bd0a776c\"},\"headline\":\"Tirkiy\u00ea karwaneke din a le\u015fker\u00ee ji her\u00eama &#8220;k\u00eamkirina rage\u015fiy\u00ea&#8221; veki\u015fand\",\"datePublished\":\"2022-11-13T08:25:14+00:00\",\"mainEntityOfPage\":{\"@id\":\"https:\\\/\\\/darkamazi.info\\\/archives\\\/1033668\"},\"wordCount\":230,\"publisher\":{\"@id\":\"https:\\\/\\\/darkamazi.info\\\/#organization\"},\"image\":{\"@id\":\"https:\\\/\\\/darkamazi.info\\\/archives\\\/1033668#primaryimage\"},\"thumbnailUrl\":\"https:\\\/\\\/darkamazi.info\\\/darka-content\\\/uploads\\\/2022\\\/11\\\/turkey-army-idlib.jpg\",\"keywords\":[\"sereke\"],\"articleSection\":[\"Rojhelata nav\u00een\"],\"inLanguage\":\"en-US\"},{\"@type\":\"WebPage\",\"@id\":\"https:\\\/\\\/darkamazi.info\\\/archives\\\/1033668\",\"url\":\"https:\\\/\\\/darkamazi.info\\\/archives\\\/1033668\",\"name\":\"Tirkiy\u00ea karwaneke din a le\u015fker\u00ee ji her\u00eama \\\"k\u00eamkirina rage\u015fiy\u00ea\\\" veki\u015fand - Darka Maz\u00ee\",\"isPartOf\":{\"@id\":\"https:\\\/\\\/darkamazi.info\\\/#website\"},\"primaryImageOfPage\":{\"@id\":\"https:\\\/\\\/darkamazi.info\\\/archives\\\/1033668#primaryimage\"},\"image\":{\"@id\":\"https:\\\/\\\/darkamazi.info\\\/archives\\\/1033668#primaryimage\"},\"thumbnailUrl\":\"https:\\\/\\\/darkamazi.info\\\/darka-content\\\/uploads\\\/2022\\\/11\\\/turkey-army-idlib.jpg\",\"datePublished\":\"2022-11-13T08:25:14+00:00\",\"breadcrumb\":{\"@id\":\"https:\\\/\\\/darkamazi.info\\\/archives\\\/1033668#breadcrumb\"},\"inLanguage\":\"en-US\",\"potentialAction\":[{\"@type\":\"ReadAction\",\"target\":[\"https:\\\/\\\/darkamazi.info\\\/archives\\\/1033668\"]}]},{\"@type\":\"ImageObject\",\"inLanguage\":\"en-US\",\"@id\":\"https:\\\/\\\/darkamazi.info\\\/archives\\\/1033668#primaryimage\",\"url\":\"https:\\\/\\\/darkamazi.info\\\/darka-content\\\/uploads\\\/2022\\\/11\\\/turkey-army-idlib.jpg\",\"contentUrl\":\"https:\\\/\\\/darkamazi.info\\\/darka-content\\\/uploads\\\/2022\\\/11\\\/turkey-army-idlib.jpg\",\"width\":900,\"height\":497,\"caption\":\"turkey-army-idlib\"},{\"@type\":\"BreadcrumbList\",\"@id\":\"https:\\\/\\\/darkamazi.info\\\/archives\\\/1033668#breadcrumb\",\"itemListElement\":[{\"@type\":\"ListItem\",\"position\":1,\"name\":\"Home\",\"item\":\"https:\\\/\\\/darkamazi.info\\\/\"},{\"@type\":\"ListItem\",\"position\":2,\"name\":\"Tirkiy\u00ea karwaneke din a le\u015fker\u00ee ji her\u00eama &#8220;k\u00eamkirina rage\u015fiy\u00ea&#8221; veki\u015fand\"}]},{\"@type\":\"WebSite\",\"@id\":\"https:\\\/\\\/darkamazi.info\\\/#website\",\"url\":\"https:\\\/\\\/darkamazi.info\\\/\",\"name\":\"Darka Maz\u00ee\",\"description\":\"P\u00eageha Zanyariy\u00ean Nebih\u00eest\u00ee\",\"publisher\":{\"@id\":\"https:\\\/\\\/darkamazi.info\\\/#organization\"},\"potentialAction\":[{\"@type\":\"SearchAction\",\"target\":{\"@type\":\"EntryPoint\",\"urlTemplate\":\"https:\\\/\\\/darkamazi.info\\\/?s={search_term_string}\"},\"query-input\":{\"@type\":\"PropertyValueSpecification\",\"valueRequired\":true,\"valueName\":\"search_term_string\"}}],\"inLanguage\":\"en-US\"},{\"@type\":\"Organization\",\"@id\":\"https:\\\/\\\/darkamazi.info\\\/#organization\",\"name\":\"Darka Maz\u00ee\",\"url\":\"https:\\\/\\\/darkamazi.info\\\/\",\"logo\":{\"@type\":\"ImageObject\",\"inLanguage\":\"en-US\",\"@id\":\"https:\\\/\\\/darkamazi.info\\\/#\\\/schema\\\/logo\\\/image\\\/\",\"url\":\"https:\\\/\\\/darkamazi.info\\\/darka-content\\\/uploads\\\/2017\\\/12\\\/darka-mazi-logo.png\",\"contentUrl\":\"https:\\\/\\\/darkamazi.info\\\/darka-content\\\/uploads\\\/2017\\\/12\\\/darka-mazi-logo.png\",\"width\":151,\"height\":75,\"caption\":\"Darka Maz\u00ee\"},\"image\":{\"@id\":\"https:\\\/\\\/darkamazi.info\\\/#\\\/schema\\\/logo\\\/image\\\/\"},\"sameAs\":[\"https:\\\/\\\/www.facebook.com\\\/DarMaziKurmanci\",\"https:\\\/\\\/x.com\\\/DarkaMaziLatini\",\"https:\\\/\\\/www.instagram.com\\\/darkamazi.kurmanci\\\/\",\"https:\\\/\\\/www.youtube.com\\\/channel\\\/UCa5HkTdmI8U1qCUFuTw8B2g\"]},{\"@type\":\"Person\",\"@id\":\"https:\\\/\\\/darkamazi.info\\\/#\\\/schema\\\/person\\\/5ad3e24553a0567993fa8ed4bd0a776c\",\"name\":\"darka mazi\",\"sameAs\":[\"https:\\\/\\\/darkamazi.info\\\/\"],\"url\":\"https:\\\/\\\/darkamazi.info\\\/archives\\\/author\\\/kurdi\"}]}<\/script>\n<!-- \/ Yoast SEO plugin. -->","seo_head_json":{"title":"Tirkiy\u00ea karwaneke din a le\u015fker\u00ee ji her\u00eama \"k\u00eamkirina rage\u015fiy\u00ea\" veki\u015fand - Darka Maz\u00ee","robots":{"index":"index","follow":"follow","max-snippet":"max-snippet:-1","max-image-preview":"max-image-preview:large","max-video-preview":"max-video-preview:-1"},"canonical":"https:\/\/darkamazi.info\/archives\/1033668","og_locale":"en_US","og_type":"article","og_title":"Tirkiy\u00ea karwaneke din a le\u015fker\u00ee ji her\u00eama \"k\u00eamkirina rage\u015fiy\u00ea\" veki\u015fand - Darka Maz\u00ee","og_description":"Art\u00ea\u015fa Tirkiye karwaneke din a le\u015fker\u00ee ji her\u00eama \u201ck\u00eamkirina rage\u015fiy\u00ea\u201d ya li Idlib\u00ea ber bi axa Tirkiy\u00ea ve veki\u015fand. Rewangeha S\u00fbr\u00ee ya Maf\u00ean Mirovan belav kir, karwaneke Tirkiy\u00ea ku ji n\u00eaz\u00eek\u00ee 40 otomb\u00eel\u00ean barhilgir \u00fb wesayit\u00ean zirx\u00ee y\u00ean giran p\u00eak dihat, ji devera \u201ck\u00eamkirina rage\u015fiy\u00ea\u201d ber bi axa Tirkiy\u00ea ve, veki\u015fand. Bi v\u00ee away\u00ee, art\u00ea\u015fa [&hellip;]","og_url":"https:\/\/darkamazi.info\/archives\/1033668","og_site_name":"Darka Maz\u00ee","article_publisher":"https:\/\/www.facebook.com\/DarMaziKurmanci","article_published_time":"2022-11-13T08:25:14+00:00","og_image":[{"width":900,"height":497,"url":"https:\/\/darkamazi.info\/file\/2022\/11\/turkey-army-idlib.jpg","type":"image\/jpeg"}],"author":"darka mazi","twitter_card":"summary_large_image","twitter_creator":"@DarkaMaziLatini","twitter_site":"@DarkaMaziLatini","twitter_misc":{"Written by":"darka mazi","Est. reading time":"1 minute"},"schema":{"@context":"https:\/\/schema.org","@graph":[{"@type":"Article","@id":"https:\/\/darkamazi.info\/archives\/1033668#article","isPartOf":{"@id":"https:\/\/darkamazi.info\/archives\/1033668"},"author":{"name":"darka mazi","@id":"https:\/\/darkamazi.info\/#\/schema\/person\/5ad3e24553a0567993fa8ed4bd0a776c"},"headline":"Tirkiy\u00ea karwaneke din a le\u015fker\u00ee ji her\u00eama &#8220;k\u00eamkirina rage\u015fiy\u00ea&#8221; veki\u015fand","datePublished":"2022-11-13T08:25:14+00:00","mainEntityOfPage":{"@id":"https:\/\/darkamazi.info\/archives\/1033668"},"wordCount":230,"publisher":{"@id":"https:\/\/darkamazi.info\/#organization"},"image":{"@id":"https:\/\/darkamazi.info\/archives\/1033668#primaryimage"},"thumbnailUrl":"https:\/\/darkamazi.info\/file\/2022\/11\/turkey-army-idlib.jpg","keywords":["sereke"],"articleSection":["Rojhelata nav\u00een"],"inLanguage":"en-US"},{"@type":"WebPage","@id":"https:\/\/darkamazi.info\/archives\/1033668","url":"https:\/\/darkamazi.info\/archives\/1033668","name":"Tirkiy\u00ea karwaneke din a le\u015fker\u00ee ji her\u00eama \"k\u00eamkirina rage\u015fiy\u00ea\" veki\u015fand - Darka Maz\u00ee","isPartOf":{"@id":"https:\/\/darkamazi.info\/#website"},"primaryImageOfPage":{"@id":"https:\/\/darkamazi.info\/archives\/1033668#primaryimage"},"image":{"@id":"https:\/\/darkamazi.info\/archives\/1033668#primaryimage"},"thumbnailUrl":"https:\/\/darkamazi.info\/file\/2022\/11\/turkey-army-idlib.jpg","datePublished":"2022-11-13T08:25:14+00:00","breadcrumb":{"@id":"https:\/\/darkamazi.info\/archives\/1033668#breadcrumb"},"inLanguage":"en-US","potentialAction":[{"@type":"ReadAction","target":["https:\/\/darkamazi.info\/archives\/1033668"]}]},{"@type":"ImageObject","inLanguage":"en-US","@id":"https:\/\/darkamazi.info\/archives\/1033668#primaryimage","url":"https:\/\/darkamazi.info\/file\/2022\/11\/turkey-army-idlib.jpg","contentUrl":"https:\/\/darkamazi.info\/file\/2022\/11\/turkey-army-idlib.jpg","width":900,"height":497,"caption":"turkey-army-idlib"},{"@type":"BreadcrumbList","@id":"https:\/\/darkamazi.info\/archives\/1033668#breadcrumb","itemListElement":[{"@type":"ListItem","position":1,"name":"Home","item":"https:\/\/darkamazi.info\/"},{"@type":"ListItem","position":2,"name":"Tirkiy\u00ea karwaneke din a le\u015fker\u00ee ji her\u00eama &#8220;k\u00eamkirina rage\u015fiy\u00ea&#8221; veki\u015fand"}]},{"@type":"WebSite","@id":"https:\/\/darkamazi.info\/#website","url":"https:\/\/darkamazi.info\/","name":"Darka Maz\u00ee","description":"P\u00eageha Zanyariy\u00ean Nebih\u00eest\u00ee","publisher":{"@id":"https:\/\/darkamazi.info\/#organization"},"potentialAction":[{"@type":"SearchAction","target":{"@type":"EntryPoint","urlTemplate":"https:\/\/darkamazi.info\/?s={search_term_string}"},"query-input":{"@type":"PropertyValueSpecification","valueRequired":true,"valueName":"search_term_string"}}],"inLanguage":"en-US"},{"@type":"Organization","@id":"https:\/\/darkamazi.info\/#organization","name":"Darka Maz\u00ee","url":"https:\/\/darkamazi.info\/","logo":{"@type":"ImageObject","inLanguage":"en-US","@id":"https:\/\/darkamazi.info\/#\/schema\/logo\/image\/","url":"https:\/\/darkamazi.info\/file\/2017\/12\/darka-mazi-logo.png","contentUrl":"https:\/\/darkamazi.info\/file\/2017\/12\/darka-mazi-logo.png","width":151,"height":75,"caption":"Darka Maz\u00ee"},"image":{"@id":"https:\/\/darkamazi.info\/#\/schema\/logo\/image\/"},"sameAs":["https:\/\/www.facebook.com\/DarMaziKurmanci","https:\/\/x.com\/DarkaMaziLatini","https:\/\/www.instagram.com\/darkamazi.kurmanci\/","https:\/\/www.youtube.com\/channel\/UCa5HkTdmI8U1qCUFuTw8B2g"]},{"@type":"Person","@id":"https:\/\/darkamazi.info\/#\/schema\/person\/5ad3e24553a0567993fa8ed4bd0a776c","name":"darka mazi","sameAs":["https:\/\/darkamazi.info\/"],"url":"https:\/\/darkamazi.info\/archives\/author\/kurdi"}]}},"_links":{"self":[{"href":"https:\/\/darkamazi.info\/funavuv\/wp\/v2\/posts\/1033668","targetHints":{"allow":["GET"]}}],"collection":[{"href":"https:\/\/darkamazi.info\/funavuv\/wp\/v2\/posts"}],"about":[{"href":"https:\/\/darkamazi.info\/funavuv\/wp\/v2\/types\/post"}],"author":[{"embeddable":true,"href":"https:\/\/darkamazi.info\/funavuv\/wp\/v2\/users\/2"}],"replies":[{"embeddable":true,"href":"https:\/\/darkamazi.info\/funavuv\/wp\/v2\/comments?post=1033668"}],"version-history":[{"count":0,"href":"https:\/\/darkamazi.info\/funavuv\/wp\/v2\/posts\/1033668\/revisions"}],"wp:featuredmedia":[{"embeddable":true,"href":"https:\/\/darkamazi.info\/funavuv\/wp\/v2\/media\/1033669"}],"wp:attachment":[{"href":"https:\/\/darkamazi.info\/funavuv\/wp\/v2\/media?parent=1033668"}],"wp:term":[{"taxonomy":"category","embeddable":true,"href":"https:\/\/darkamazi.info\/funavuv\/wp\/v2\/categories?post=1033668"},{"taxonomy":"post_tag","embeddable":true,"href":"https:\/\/darkamazi.info\/funavuv\/wp\/v2\/tags?post=1033668"}],"curies":[{"name":"wp","href":"https:\/\/api.w.org\/{rel}","templated":true}]}}