{"id":1033686,"date":"2022-11-13T20:11:36","date_gmt":"2022-11-13T17:11:36","guid":{"rendered":"https:\/\/darkamazi.info\/?p=1033686"},"modified":"2022-11-13T20:11:36","modified_gmt":"2022-11-13T17:11:36","slug":"kurd-ci-dixwazin","status":"publish","type":"post","link":"https:\/\/darkamazi.info\/archives\/1033686","title":{"rendered":"\u201cKurd \u00e7i dixwazin?\u201c"},"content":{"rendered":"<h3 style=\"text-align: justify\"><span style=\"font-family: 'arial black', sans-serif\">Korbendek bi nave \u201cKurd \u00c7i Dixwazin?\u201d ku ji aliy\u00ea KomeleyaDemokras\u00ee \u00fb Yek\u00eetiy\u00ea \u00fb Weqfa Demokras\u00ee \u00fb Yek\u00eetiy\u00ea ve bi hevpar\u00ee t\u00ea organ\u00eezekirina, li Enqerey\u00ea dest p\u00ea kir.<\/span><\/h3>\n<h3 style=\"text-align: justify\">\u201cKurd \u00c7i Dixwazin?\u201d Komxebat li oteleke Enqerey\u00ea bi be\u015fdariya gelek siyasetmedar \u00fb l\u00eakol\u00eener, niv\u00eeskar \u00fb akadem\u00eesyenan hat lidarxistin.<\/h3>\n<h3 style=\"text-align: justify\">L\u00ea di rastiya xwe de siyasetmedarek yan j\u00ee partiyek siyas\u00ee ku bikaribe behsa rastiya pirsgir\u00eaka Kurd bike di v\u00ea civ\u00een\u00ea de ne amade ye.<\/h3>\n<h3 style=\"text-align: justify\">Korbend bi temam\u00ee ji aliy\u00ea desthilat\u00eave hatiye organize kirin \u00fb pirsa Kurd j\u00ee d\u00ea di \u00e7er\u00e7oveya ku ji aliy\u00ea sistem\u00ea ve hat\u00ee dizaynkirin de b\u00ea behs kirin.<\/h3>\n<h3 style=\"text-align: justify\">Pirsa ku Kurd \u00e7i dixwazin? heta ji aliy\u00ea Kurdan ve nebe xwed\u00ee bersivek, rastiya daxwaziy\u00ean Kurda j\u00ea nay\u00ean t\u00eagihandin.<\/h3>\n","protected":false},"excerpt":{"rendered":"<p>Korbendek bi nave \u201cKurd \u00c7i Dixwazin?\u201d ku ji aliy\u00ea KomeleyaDemokras\u00ee \u00fb Yek\u00eetiy\u00ea \u00fb Weqfa Demokras\u00ee \u00fb Yek\u00eetiy\u00ea ve bi hevpar\u00ee t\u00ea organ\u00eezekirina, li Enqerey\u00ea dest p\u00ea kir. \u201cKurd \u00c7i Dixwazin?\u201d Komxebat li oteleke Enqerey\u00ea bi be\u015fdariya gelek siyasetmedar \u00fb l\u00eakol\u00eener, niv\u00eeskar \u00fb akadem\u00eesyenan hat lidarxistin. L\u00ea di rastiya xwe de siyasetmedarek yan j\u00ee partiyek siyas\u00ee [&hellip;]<\/p>\n","protected":false},"author":2,"featured_media":1033687,"comment_status":"closed","ping_status":"closed","sticky":false,"template":"","format":"standard","meta":{"footnotes":""},"categories":[29],"tags":[37],"class_list":["post-1033686","post","type-post","status-publish","format-standard","has-post-thumbnail","hentry","category-kurdistan","tag-sereke"],"blocksy_meta":[],"seo_head":"<!-- This site is optimized with the Yoast SEO plugin v27.5 - https:\/\/yoast.com\/product\/yoast-seo-wordpress\/ -->\n<title>\u201cKurd \u00e7i dixwazin?\u201c - Darka Maz\u00ee<\/title>\n<meta name=\"robots\" content=\"index, follow, max-snippet:-1, max-image-preview:large, max-video-preview:-1\" \/>\n<link rel=\"canonical\" href=\"https:\/\/darkamazi.info\/archives\/1033686\" \/>\n<meta property=\"og:locale\" content=\"en_US\" \/>\n<meta property=\"og:type\" content=\"article\" \/>\n<meta property=\"og:title\" content=\"\u201cKurd \u00e7i dixwazin?\u201c - Darka Maz\u00ee\" \/>\n<meta property=\"og:description\" content=\"Korbendek bi nave \u201cKurd \u00c7i Dixwazin?\u201d ku ji aliy\u00ea KomeleyaDemokras\u00ee \u00fb Yek\u00eetiy\u00ea \u00fb Weqfa Demokras\u00ee \u00fb Yek\u00eetiy\u00ea ve bi hevpar\u00ee t\u00ea organ\u00eezekirina, li Enqerey\u00ea dest p\u00ea kir. \u201cKurd \u00c7i Dixwazin?\u201d Komxebat li oteleke Enqerey\u00ea bi be\u015fdariya gelek siyasetmedar \u00fb l\u00eakol\u00eener, niv\u00eeskar \u00fb akadem\u00eesyenan hat lidarxistin. L\u00ea di rastiya xwe de siyasetmedarek yan j\u00ee partiyek siyas\u00ee [&hellip;]\" \/>\n<meta property=\"og:url\" content=\"https:\/\/darkamazi.info\/archives\/1033686\" \/>\n<meta property=\"og:site_name\" content=\"Darka Maz\u00ee\" \/>\n<meta property=\"article:publisher\" content=\"https:\/\/www.facebook.com\/DarMaziKurmanci\" \/>\n<meta property=\"article:published_time\" content=\"2022-11-13T17:11:36+00:00\" \/>\n<meta property=\"og:image\" content=\"https:\/\/darkamazi.info\/file\/2022\/11\/kurd-kurdistan-enqere.jpg\" \/>\n\t<meta property=\"og:image:width\" content=\"900\" \/>\n\t<meta property=\"og:image:height\" content=\"497\" \/>\n\t<meta property=\"og:image:type\" content=\"image\/jpeg\" \/>\n<meta name=\"author\" content=\"darka mazi\" \/>\n<meta name=\"twitter:card\" content=\"summary_large_image\" \/>\n<meta name=\"twitter:creator\" content=\"@DarkaMaziLatini\" \/>\n<meta name=\"twitter:site\" content=\"@DarkaMaziLatini\" \/>\n<meta name=\"twitter:label1\" content=\"Written by\" \/>\n\t<meta name=\"twitter:data1\" content=\"darka mazi\" \/>\n\t<meta name=\"twitter:label2\" content=\"Est. reading time\" \/>\n\t<meta name=\"twitter:data2\" content=\"1 minute\" \/>\n<script type=\"application\/ld+json\" class=\"seo-schema-graph\">{\"@context\":\"https:\\\/\\\/schema.org\",\"@graph\":[{\"@type\":\"Article\",\"@id\":\"https:\\\/\\\/darkamazi.info\\\/archives\\\/1033686#article\",\"isPartOf\":{\"@id\":\"https:\\\/\\\/darkamazi.info\\\/archives\\\/1033686\"},\"author\":{\"name\":\"darka mazi\",\"@id\":\"https:\\\/\\\/darkamazi.info\\\/#\\\/schema\\\/person\\\/5ad3e24553a0567993fa8ed4bd0a776c\"},\"headline\":\"\u201cKurd \u00e7i dixwazin?\u201c\",\"datePublished\":\"2022-11-13T17:11:36+00:00\",\"mainEntityOfPage\":{\"@id\":\"https:\\\/\\\/darkamazi.info\\\/archives\\\/1033686\"},\"wordCount\":127,\"publisher\":{\"@id\":\"https:\\\/\\\/darkamazi.info\\\/#organization\"},\"image\":{\"@id\":\"https:\\\/\\\/darkamazi.info\\\/archives\\\/1033686#primaryimage\"},\"thumbnailUrl\":\"https:\\\/\\\/darkamazi.info\\\/darka-content\\\/uploads\\\/2022\\\/11\\\/kurd-kurdistan-enqere.jpg\",\"keywords\":[\"sereke\"],\"articleSection\":[\"Kurdistan\"],\"inLanguage\":\"en-US\"},{\"@type\":\"WebPage\",\"@id\":\"https:\\\/\\\/darkamazi.info\\\/archives\\\/1033686\",\"url\":\"https:\\\/\\\/darkamazi.info\\\/archives\\\/1033686\",\"name\":\"\u201cKurd \u00e7i dixwazin?\u201c - Darka Maz\u00ee\",\"isPartOf\":{\"@id\":\"https:\\\/\\\/darkamazi.info\\\/#website\"},\"primaryImageOfPage\":{\"@id\":\"https:\\\/\\\/darkamazi.info\\\/archives\\\/1033686#primaryimage\"},\"image\":{\"@id\":\"https:\\\/\\\/darkamazi.info\\\/archives\\\/1033686#primaryimage\"},\"thumbnailUrl\":\"https:\\\/\\\/darkamazi.info\\\/darka-content\\\/uploads\\\/2022\\\/11\\\/kurd-kurdistan-enqere.jpg\",\"datePublished\":\"2022-11-13T17:11:36+00:00\",\"breadcrumb\":{\"@id\":\"https:\\\/\\\/darkamazi.info\\\/archives\\\/1033686#breadcrumb\"},\"inLanguage\":\"en-US\",\"potentialAction\":[{\"@type\":\"ReadAction\",\"target\":[\"https:\\\/\\\/darkamazi.info\\\/archives\\\/1033686\"]}]},{\"@type\":\"ImageObject\",\"inLanguage\":\"en-US\",\"@id\":\"https:\\\/\\\/darkamazi.info\\\/archives\\\/1033686#primaryimage\",\"url\":\"https:\\\/\\\/darkamazi.info\\\/darka-content\\\/uploads\\\/2022\\\/11\\\/kurd-kurdistan-enqere.jpg\",\"contentUrl\":\"https:\\\/\\\/darkamazi.info\\\/darka-content\\\/uploads\\\/2022\\\/11\\\/kurd-kurdistan-enqere.jpg\",\"width\":900,\"height\":497,\"caption\":\"\u201cKurd \u00e7i dixwazin?\u201c\"},{\"@type\":\"BreadcrumbList\",\"@id\":\"https:\\\/\\\/darkamazi.info\\\/archives\\\/1033686#breadcrumb\",\"itemListElement\":[{\"@type\":\"ListItem\",\"position\":1,\"name\":\"Home\",\"item\":\"https:\\\/\\\/darkamazi.info\\\/\"},{\"@type\":\"ListItem\",\"position\":2,\"name\":\"\u201cKurd \u00e7i dixwazin?\u201c\"}]},{\"@type\":\"WebSite\",\"@id\":\"https:\\\/\\\/darkamazi.info\\\/#website\",\"url\":\"https:\\\/\\\/darkamazi.info\\\/\",\"name\":\"Darka Maz\u00ee\",\"description\":\"P\u00eageha Zanyariy\u00ean Nebih\u00eest\u00ee\",\"publisher\":{\"@id\":\"https:\\\/\\\/darkamazi.info\\\/#organization\"},\"potentialAction\":[{\"@type\":\"SearchAction\",\"target\":{\"@type\":\"EntryPoint\",\"urlTemplate\":\"https:\\\/\\\/darkamazi.info\\\/?s={search_term_string}\"},\"query-input\":{\"@type\":\"PropertyValueSpecification\",\"valueRequired\":true,\"valueName\":\"search_term_string\"}}],\"inLanguage\":\"en-US\"},{\"@type\":\"Organization\",\"@id\":\"https:\\\/\\\/darkamazi.info\\\/#organization\",\"name\":\"Darka Maz\u00ee\",\"url\":\"https:\\\/\\\/darkamazi.info\\\/\",\"logo\":{\"@type\":\"ImageObject\",\"inLanguage\":\"en-US\",\"@id\":\"https:\\\/\\\/darkamazi.info\\\/#\\\/schema\\\/logo\\\/image\\\/\",\"url\":\"https:\\\/\\\/darkamazi.info\\\/darka-content\\\/uploads\\\/2017\\\/12\\\/darka-mazi-logo.png\",\"contentUrl\":\"https:\\\/\\\/darkamazi.info\\\/darka-content\\\/uploads\\\/2017\\\/12\\\/darka-mazi-logo.png\",\"width\":151,\"height\":75,\"caption\":\"Darka Maz\u00ee\"},\"image\":{\"@id\":\"https:\\\/\\\/darkamazi.info\\\/#\\\/schema\\\/logo\\\/image\\\/\"},\"sameAs\":[\"https:\\\/\\\/www.facebook.com\\\/DarMaziKurmanci\",\"https:\\\/\\\/x.com\\\/DarkaMaziLatini\",\"https:\\\/\\\/www.instagram.com\\\/darkamazi.kurmanci\\\/\",\"https:\\\/\\\/www.youtube.com\\\/channel\\\/UCa5HkTdmI8U1qCUFuTw8B2g\"]},{\"@type\":\"Person\",\"@id\":\"https:\\\/\\\/darkamazi.info\\\/#\\\/schema\\\/person\\\/5ad3e24553a0567993fa8ed4bd0a776c\",\"name\":\"darka mazi\",\"sameAs\":[\"https:\\\/\\\/darkamazi.info\\\/\"],\"url\":\"https:\\\/\\\/darkamazi.info\\\/archives\\\/author\\\/kurdi\"}]}<\/script>\n<!-- \/ Yoast SEO plugin. -->","seo_head_json":{"title":"\u201cKurd \u00e7i dixwazin?\u201c - Darka Maz\u00ee","robots":{"index":"index","follow":"follow","max-snippet":"max-snippet:-1","max-image-preview":"max-image-preview:large","max-video-preview":"max-video-preview:-1"},"canonical":"https:\/\/darkamazi.info\/archives\/1033686","og_locale":"en_US","og_type":"article","og_title":"\u201cKurd \u00e7i dixwazin?\u201c - Darka Maz\u00ee","og_description":"Korbendek bi nave \u201cKurd \u00c7i Dixwazin?\u201d ku ji aliy\u00ea KomeleyaDemokras\u00ee \u00fb Yek\u00eetiy\u00ea \u00fb Weqfa Demokras\u00ee \u00fb Yek\u00eetiy\u00ea ve bi hevpar\u00ee t\u00ea organ\u00eezekirina, li Enqerey\u00ea dest p\u00ea kir. \u201cKurd \u00c7i Dixwazin?\u201d Komxebat li oteleke Enqerey\u00ea bi be\u015fdariya gelek siyasetmedar \u00fb l\u00eakol\u00eener, niv\u00eeskar \u00fb akadem\u00eesyenan hat lidarxistin. L\u00ea di rastiya xwe de siyasetmedarek yan j\u00ee partiyek siyas\u00ee [&hellip;]","og_url":"https:\/\/darkamazi.info\/archives\/1033686","og_site_name":"Darka Maz\u00ee","article_publisher":"https:\/\/www.facebook.com\/DarMaziKurmanci","article_published_time":"2022-11-13T17:11:36+00:00","og_image":[{"width":900,"height":497,"url":"https:\/\/darkamazi.info\/file\/2022\/11\/kurd-kurdistan-enqere.jpg","type":"image\/jpeg"}],"author":"darka mazi","twitter_card":"summary_large_image","twitter_creator":"@DarkaMaziLatini","twitter_site":"@DarkaMaziLatini","twitter_misc":{"Written by":"darka mazi","Est. reading time":"1 minute"},"schema":{"@context":"https:\/\/schema.org","@graph":[{"@type":"Article","@id":"https:\/\/darkamazi.info\/archives\/1033686#article","isPartOf":{"@id":"https:\/\/darkamazi.info\/archives\/1033686"},"author":{"name":"darka mazi","@id":"https:\/\/darkamazi.info\/#\/schema\/person\/5ad3e24553a0567993fa8ed4bd0a776c"},"headline":"\u201cKurd \u00e7i dixwazin?\u201c","datePublished":"2022-11-13T17:11:36+00:00","mainEntityOfPage":{"@id":"https:\/\/darkamazi.info\/archives\/1033686"},"wordCount":127,"publisher":{"@id":"https:\/\/darkamazi.info\/#organization"},"image":{"@id":"https:\/\/darkamazi.info\/archives\/1033686#primaryimage"},"thumbnailUrl":"https:\/\/darkamazi.info\/file\/2022\/11\/kurd-kurdistan-enqere.jpg","keywords":["sereke"],"articleSection":["Kurdistan"],"inLanguage":"en-US"},{"@type":"WebPage","@id":"https:\/\/darkamazi.info\/archives\/1033686","url":"https:\/\/darkamazi.info\/archives\/1033686","name":"\u201cKurd \u00e7i dixwazin?\u201c - Darka Maz\u00ee","isPartOf":{"@id":"https:\/\/darkamazi.info\/#website"},"primaryImageOfPage":{"@id":"https:\/\/darkamazi.info\/archives\/1033686#primaryimage"},"image":{"@id":"https:\/\/darkamazi.info\/archives\/1033686#primaryimage"},"thumbnailUrl":"https:\/\/darkamazi.info\/file\/2022\/11\/kurd-kurdistan-enqere.jpg","datePublished":"2022-11-13T17:11:36+00:00","breadcrumb":{"@id":"https:\/\/darkamazi.info\/archives\/1033686#breadcrumb"},"inLanguage":"en-US","potentialAction":[{"@type":"ReadAction","target":["https:\/\/darkamazi.info\/archives\/1033686"]}]},{"@type":"ImageObject","inLanguage":"en-US","@id":"https:\/\/darkamazi.info\/archives\/1033686#primaryimage","url":"https:\/\/darkamazi.info\/file\/2022\/11\/kurd-kurdistan-enqere.jpg","contentUrl":"https:\/\/darkamazi.info\/file\/2022\/11\/kurd-kurdistan-enqere.jpg","width":900,"height":497,"caption":"\u201cKurd \u00e7i dixwazin?\u201c"},{"@type":"BreadcrumbList","@id":"https:\/\/darkamazi.info\/archives\/1033686#breadcrumb","itemListElement":[{"@type":"ListItem","position":1,"name":"Home","item":"https:\/\/darkamazi.info\/"},{"@type":"ListItem","position":2,"name":"\u201cKurd \u00e7i dixwazin?\u201c"}]},{"@type":"WebSite","@id":"https:\/\/darkamazi.info\/#website","url":"https:\/\/darkamazi.info\/","name":"Darka Maz\u00ee","description":"P\u00eageha Zanyariy\u00ean Nebih\u00eest\u00ee","publisher":{"@id":"https:\/\/darkamazi.info\/#organization"},"potentialAction":[{"@type":"SearchAction","target":{"@type":"EntryPoint","urlTemplate":"https:\/\/darkamazi.info\/?s={search_term_string}"},"query-input":{"@type":"PropertyValueSpecification","valueRequired":true,"valueName":"search_term_string"}}],"inLanguage":"en-US"},{"@type":"Organization","@id":"https:\/\/darkamazi.info\/#organization","name":"Darka Maz\u00ee","url":"https:\/\/darkamazi.info\/","logo":{"@type":"ImageObject","inLanguage":"en-US","@id":"https:\/\/darkamazi.info\/#\/schema\/logo\/image\/","url":"https:\/\/darkamazi.info\/file\/2017\/12\/darka-mazi-logo.png","contentUrl":"https:\/\/darkamazi.info\/file\/2017\/12\/darka-mazi-logo.png","width":151,"height":75,"caption":"Darka Maz\u00ee"},"image":{"@id":"https:\/\/darkamazi.info\/#\/schema\/logo\/image\/"},"sameAs":["https:\/\/www.facebook.com\/DarMaziKurmanci","https:\/\/x.com\/DarkaMaziLatini","https:\/\/www.instagram.com\/darkamazi.kurmanci\/","https:\/\/www.youtube.com\/channel\/UCa5HkTdmI8U1qCUFuTw8B2g"]},{"@type":"Person","@id":"https:\/\/darkamazi.info\/#\/schema\/person\/5ad3e24553a0567993fa8ed4bd0a776c","name":"darka mazi","sameAs":["https:\/\/darkamazi.info\/"],"url":"https:\/\/darkamazi.info\/archives\/author\/kurdi"}]}},"_links":{"self":[{"href":"https:\/\/darkamazi.info\/funavuv\/wp\/v2\/posts\/1033686","targetHints":{"allow":["GET"]}}],"collection":[{"href":"https:\/\/darkamazi.info\/funavuv\/wp\/v2\/posts"}],"about":[{"href":"https:\/\/darkamazi.info\/funavuv\/wp\/v2\/types\/post"}],"author":[{"embeddable":true,"href":"https:\/\/darkamazi.info\/funavuv\/wp\/v2\/users\/2"}],"replies":[{"embeddable":true,"href":"https:\/\/darkamazi.info\/funavuv\/wp\/v2\/comments?post=1033686"}],"version-history":[{"count":0,"href":"https:\/\/darkamazi.info\/funavuv\/wp\/v2\/posts\/1033686\/revisions"}],"wp:featuredmedia":[{"embeddable":true,"href":"https:\/\/darkamazi.info\/funavuv\/wp\/v2\/media\/1033687"}],"wp:attachment":[{"href":"https:\/\/darkamazi.info\/funavuv\/wp\/v2\/media?parent=1033686"}],"wp:term":[{"taxonomy":"category","embeddable":true,"href":"https:\/\/darkamazi.info\/funavuv\/wp\/v2\/categories?post=1033686"},{"taxonomy":"post_tag","embeddable":true,"href":"https:\/\/darkamazi.info\/funavuv\/wp\/v2\/tags?post=1033686"}],"curies":[{"name":"wp","href":"https:\/\/api.w.org\/{rel}","templated":true}]}}