{"id":1033759,"date":"2022-11-17T10:58:22","date_gmt":"2022-11-17T07:58:22","guid":{"rendered":"https:\/\/darkamazi.info\/?p=1033759"},"modified":"2022-11-17T10:58:22","modified_gmt":"2022-11-17T07:58:22","slug":"gumanbarek-li-suriyeye-ji-ber-erisa-stanbule-hat-bincavkirin","status":"publish","type":"post","link":"https:\/\/darkamazi.info\/archives\/1033759","title":{"rendered":"Gumanbarek li S\u00fbriyey\u00ea ji ber \u00ear\u00ee\u015fa Stanbul\u00ea hat bin\u00e7avkirin"},"content":{"rendered":"<h3 style=\"text-align: justify\"><span style=\"font-family: 'arial black', sans-serif\">Hat ragihandin li bajar\u00ea Azez\u00ea y\u00ea S\u00fbriyey\u00ea kesek\u00ee ku t\u00ea \u00eediakirin t\u00eakildar\u00ee \u00ear\u00ee\u015fa bombey\u00ee ya li Kolana \u00cest\u00eeklal\u00ea heye ji aliy\u00ea pol\u00eesan ve hatiye bin\u00e7avkirin.<\/span><\/h3>\n<h3 style=\"text-align: justify\">Li Azeza S\u00fbriyey\u00ea kesek\u00ee ku bi \u00eediaya al\u00eekariya \u00ear\u00ee\u015fa bombey\u00ee ya li Kolana \u00cest\u00eeklal\u00ea kiriye ji aliy\u00ea pol\u00eesan ve hat bin\u00e7avkirin. Hejmara kes\u00ean di l\u00eapirs\u00eena \u00ear\u00ee\u015f\u00ea de hatin bin\u00e7avkirin derket 51an.<\/h3>\n<h3 style=\"text-align: justify\">Li gor n\u00fb\u00e7eya DHAy\u00ea, Mid\u00fbriyeta \u015eaxa T\u00eako\u015f\u00eena Dij\u00ee Teror\u00ea ya Stenbol\u00ea diyar kir ku kes\u00ea bi kodnav\u00ea \u201cH\u00fbsam\u201d ku t\u00ea \u00eediakirin ku t\u00eakiliya w\u00ee bi Ehlam Albe\u015f\u00eer\u00ea gumanbar\u00ea \u00ear\u00ee\u015fa bombey\u00ee ya li Kolana \u00cest\u00eeklal\u00ea heye reviyaye S\u00fbriyey\u00ea.<\/h3>\n<h3 style=\"text-align: justify\">H\u00fbsam \u00ea ku t\u00ea \u00eediakirin ku al\u00eekariya r\u00eaxistinkirina \u00ear\u00ee\u015f\u00ea kiriye, di operasyona ku ek\u00eeb\u00ean pol\u00ees\u00ean li S\u00fbriyey\u00ea dixebitin li Azez\u00ea hat bin\u00e7avkirin. Hejmara kes\u00ean ku t\u00eakildar\u00ee \u00ear\u00ee\u015f\u00ea hatin bin\u00e7avkirin derket 51\u2019an.<\/h3>\n","protected":false},"excerpt":{"rendered":"<p>Hat ragihandin li bajar\u00ea Azez\u00ea y\u00ea S\u00fbriyey\u00ea kesek\u00ee ku t\u00ea \u00eediakirin t\u00eakildar\u00ee \u00ear\u00ee\u015fa bombey\u00ee ya li Kolana \u00cest\u00eeklal\u00ea heye ji aliy\u00ea pol\u00eesan ve hatiye bin\u00e7avkirin. Li Azeza S\u00fbriyey\u00ea kesek\u00ee ku bi \u00eediaya al\u00eekariya \u00ear\u00ee\u015fa bombey\u00ee ya li Kolana \u00cest\u00eeklal\u00ea kiriye ji aliy\u00ea pol\u00eesan ve hat bin\u00e7avkirin. Hejmara kes\u00ean di l\u00eapirs\u00eena \u00ear\u00ee\u015f\u00ea de hatin bin\u00e7avkirin derket [&hellip;]<\/p>\n","protected":false},"author":2,"featured_media":1033760,"comment_status":"closed","ping_status":"closed","sticky":false,"template":"","format":"standard","meta":{"footnotes":""},"categories":[31],"tags":[37],"class_list":["post-1033759","post","type-post","status-publish","format-standard","has-post-thumbnail","hentry","category-rojhelata-navin","tag-sereke"],"blocksy_meta":[],"seo_head":"<!-- This site is optimized with the Yoast SEO plugin v27.5 - https:\/\/yoast.com\/product\/yoast-seo-wordpress\/ -->\n<title>Gumanbarek li S\u00fbriyey\u00ea ji ber \u00ear\u00ee\u015fa Stanbul\u00ea hat bin\u00e7avkirin - Darka Maz\u00ee<\/title>\n<meta name=\"robots\" content=\"index, follow, max-snippet:-1, max-image-preview:large, max-video-preview:-1\" \/>\n<link rel=\"canonical\" href=\"https:\/\/darkamazi.info\/archives\/1033759\" \/>\n<meta property=\"og:locale\" content=\"en_US\" \/>\n<meta property=\"og:type\" content=\"article\" \/>\n<meta property=\"og:title\" content=\"Gumanbarek li S\u00fbriyey\u00ea ji ber \u00ear\u00ee\u015fa Stanbul\u00ea hat bin\u00e7avkirin - Darka Maz\u00ee\" \/>\n<meta property=\"og:description\" content=\"Hat ragihandin li bajar\u00ea Azez\u00ea y\u00ea S\u00fbriyey\u00ea kesek\u00ee ku t\u00ea \u00eediakirin t\u00eakildar\u00ee \u00ear\u00ee\u015fa bombey\u00ee ya li Kolana \u00cest\u00eeklal\u00ea heye ji aliy\u00ea pol\u00eesan ve hatiye bin\u00e7avkirin. Li Azeza S\u00fbriyey\u00ea kesek\u00ee ku bi \u00eediaya al\u00eekariya \u00ear\u00ee\u015fa bombey\u00ee ya li Kolana \u00cest\u00eeklal\u00ea kiriye ji aliy\u00ea pol\u00eesan ve hat bin\u00e7avkirin. Hejmara kes\u00ean di l\u00eapirs\u00eena \u00ear\u00ee\u015f\u00ea de hatin bin\u00e7avkirin derket [&hellip;]\" \/>\n<meta property=\"og:url\" content=\"https:\/\/darkamazi.info\/archives\/1033759\" \/>\n<meta property=\"og:site_name\" content=\"Darka Maz\u00ee\" \/>\n<meta property=\"article:publisher\" content=\"https:\/\/www.facebook.com\/DarMaziKurmanci\" \/>\n<meta property=\"article:published_time\" content=\"2022-11-17T07:58:22+00:00\" \/>\n<meta property=\"og:image\" content=\"https:\/\/darkamazi.info\/file\/2022\/11\/polis-tirkiye-girtin.jpg\" \/>\n\t<meta property=\"og:image:width\" content=\"1500\" \/>\n\t<meta property=\"og:image:height\" content=\"945\" \/>\n\t<meta property=\"og:image:type\" content=\"image\/jpeg\" \/>\n<meta name=\"author\" content=\"darka mazi\" \/>\n<meta name=\"twitter:card\" content=\"summary_large_image\" \/>\n<meta name=\"twitter:creator\" content=\"@DarkaMaziLatini\" \/>\n<meta name=\"twitter:site\" content=\"@DarkaMaziLatini\" \/>\n<meta name=\"twitter:label1\" content=\"Written by\" \/>\n\t<meta name=\"twitter:data1\" content=\"darka mazi\" \/>\n\t<meta name=\"twitter:label2\" content=\"Est. reading time\" \/>\n\t<meta name=\"twitter:data2\" content=\"1 minute\" \/>\n<script type=\"application\/ld+json\" class=\"seo-schema-graph\">{\"@context\":\"https:\\\/\\\/schema.org\",\"@graph\":[{\"@type\":\"Article\",\"@id\":\"https:\\\/\\\/darkamazi.info\\\/archives\\\/1033759#article\",\"isPartOf\":{\"@id\":\"https:\\\/\\\/darkamazi.info\\\/archives\\\/1033759\"},\"author\":{\"name\":\"darka mazi\",\"@id\":\"https:\\\/\\\/darkamazi.info\\\/#\\\/schema\\\/person\\\/5ad3e24553a0567993fa8ed4bd0a776c\"},\"headline\":\"Gumanbarek li S\u00fbriyey\u00ea ji ber \u00ear\u00ee\u015fa Stanbul\u00ea hat bin\u00e7avkirin\",\"datePublished\":\"2022-11-17T07:58:22+00:00\",\"mainEntityOfPage\":{\"@id\":\"https:\\\/\\\/darkamazi.info\\\/archives\\\/1033759\"},\"wordCount\":173,\"publisher\":{\"@id\":\"https:\\\/\\\/darkamazi.info\\\/#organization\"},\"image\":{\"@id\":\"https:\\\/\\\/darkamazi.info\\\/archives\\\/1033759#primaryimage\"},\"thumbnailUrl\":\"https:\\\/\\\/darkamazi.info\\\/darka-content\\\/uploads\\\/2022\\\/11\\\/polis-tirkiye-girtin.jpg\",\"keywords\":[\"sereke\"],\"articleSection\":[\"Rojhelata nav\u00een\"],\"inLanguage\":\"en-US\"},{\"@type\":\"WebPage\",\"@id\":\"https:\\\/\\\/darkamazi.info\\\/archives\\\/1033759\",\"url\":\"https:\\\/\\\/darkamazi.info\\\/archives\\\/1033759\",\"name\":\"Gumanbarek li S\u00fbriyey\u00ea ji ber \u00ear\u00ee\u015fa Stanbul\u00ea hat bin\u00e7avkirin - Darka Maz\u00ee\",\"isPartOf\":{\"@id\":\"https:\\\/\\\/darkamazi.info\\\/#website\"},\"primaryImageOfPage\":{\"@id\":\"https:\\\/\\\/darkamazi.info\\\/archives\\\/1033759#primaryimage\"},\"image\":{\"@id\":\"https:\\\/\\\/darkamazi.info\\\/archives\\\/1033759#primaryimage\"},\"thumbnailUrl\":\"https:\\\/\\\/darkamazi.info\\\/darka-content\\\/uploads\\\/2022\\\/11\\\/polis-tirkiye-girtin.jpg\",\"datePublished\":\"2022-11-17T07:58:22+00:00\",\"breadcrumb\":{\"@id\":\"https:\\\/\\\/darkamazi.info\\\/archives\\\/1033759#breadcrumb\"},\"inLanguage\":\"en-US\",\"potentialAction\":[{\"@type\":\"ReadAction\",\"target\":[\"https:\\\/\\\/darkamazi.info\\\/archives\\\/1033759\"]}]},{\"@type\":\"ImageObject\",\"inLanguage\":\"en-US\",\"@id\":\"https:\\\/\\\/darkamazi.info\\\/archives\\\/1033759#primaryimage\",\"url\":\"https:\\\/\\\/darkamazi.info\\\/darka-content\\\/uploads\\\/2022\\\/11\\\/polis-tirkiye-girtin.jpg\",\"contentUrl\":\"https:\\\/\\\/darkamazi.info\\\/darka-content\\\/uploads\\\/2022\\\/11\\\/polis-tirkiye-girtin.jpg\",\"width\":1500,\"height\":945,\"caption\":\"Gumanbarek li S\u00fbriyey\u00ea ji ber \u00ear\u00ee\u015fa Stanbul\u00ea hat bin\u00e7avkirin\"},{\"@type\":\"BreadcrumbList\",\"@id\":\"https:\\\/\\\/darkamazi.info\\\/archives\\\/1033759#breadcrumb\",\"itemListElement\":[{\"@type\":\"ListItem\",\"position\":1,\"name\":\"Home\",\"item\":\"https:\\\/\\\/darkamazi.info\\\/\"},{\"@type\":\"ListItem\",\"position\":2,\"name\":\"Gumanbarek li S\u00fbriyey\u00ea ji ber \u00ear\u00ee\u015fa Stanbul\u00ea hat bin\u00e7avkirin\"}]},{\"@type\":\"WebSite\",\"@id\":\"https:\\\/\\\/darkamazi.info\\\/#website\",\"url\":\"https:\\\/\\\/darkamazi.info\\\/\",\"name\":\"Darka Maz\u00ee\",\"description\":\"P\u00eageha Zanyariy\u00ean Nebih\u00eest\u00ee\",\"publisher\":{\"@id\":\"https:\\\/\\\/darkamazi.info\\\/#organization\"},\"potentialAction\":[{\"@type\":\"SearchAction\",\"target\":{\"@type\":\"EntryPoint\",\"urlTemplate\":\"https:\\\/\\\/darkamazi.info\\\/?s={search_term_string}\"},\"query-input\":{\"@type\":\"PropertyValueSpecification\",\"valueRequired\":true,\"valueName\":\"search_term_string\"}}],\"inLanguage\":\"en-US\"},{\"@type\":\"Organization\",\"@id\":\"https:\\\/\\\/darkamazi.info\\\/#organization\",\"name\":\"Darka Maz\u00ee\",\"url\":\"https:\\\/\\\/darkamazi.info\\\/\",\"logo\":{\"@type\":\"ImageObject\",\"inLanguage\":\"en-US\",\"@id\":\"https:\\\/\\\/darkamazi.info\\\/#\\\/schema\\\/logo\\\/image\\\/\",\"url\":\"https:\\\/\\\/darkamazi.info\\\/darka-content\\\/uploads\\\/2017\\\/12\\\/darka-mazi-logo.png\",\"contentUrl\":\"https:\\\/\\\/darkamazi.info\\\/darka-content\\\/uploads\\\/2017\\\/12\\\/darka-mazi-logo.png\",\"width\":151,\"height\":75,\"caption\":\"Darka Maz\u00ee\"},\"image\":{\"@id\":\"https:\\\/\\\/darkamazi.info\\\/#\\\/schema\\\/logo\\\/image\\\/\"},\"sameAs\":[\"https:\\\/\\\/www.facebook.com\\\/DarMaziKurmanci\",\"https:\\\/\\\/x.com\\\/DarkaMaziLatini\",\"https:\\\/\\\/www.instagram.com\\\/darkamazi.kurmanci\\\/\",\"https:\\\/\\\/www.youtube.com\\\/channel\\\/UCa5HkTdmI8U1qCUFuTw8B2g\"]},{\"@type\":\"Person\",\"@id\":\"https:\\\/\\\/darkamazi.info\\\/#\\\/schema\\\/person\\\/5ad3e24553a0567993fa8ed4bd0a776c\",\"name\":\"darka mazi\",\"sameAs\":[\"https:\\\/\\\/darkamazi.info\\\/\"],\"url\":\"https:\\\/\\\/darkamazi.info\\\/archives\\\/author\\\/kurdi\"}]}<\/script>\n<!-- \/ Yoast SEO plugin. -->","seo_head_json":{"title":"Gumanbarek li S\u00fbriyey\u00ea ji ber \u00ear\u00ee\u015fa Stanbul\u00ea hat bin\u00e7avkirin - Darka Maz\u00ee","robots":{"index":"index","follow":"follow","max-snippet":"max-snippet:-1","max-image-preview":"max-image-preview:large","max-video-preview":"max-video-preview:-1"},"canonical":"https:\/\/darkamazi.info\/archives\/1033759","og_locale":"en_US","og_type":"article","og_title":"Gumanbarek li S\u00fbriyey\u00ea ji ber \u00ear\u00ee\u015fa Stanbul\u00ea hat bin\u00e7avkirin - Darka Maz\u00ee","og_description":"Hat ragihandin li bajar\u00ea Azez\u00ea y\u00ea S\u00fbriyey\u00ea kesek\u00ee ku t\u00ea \u00eediakirin t\u00eakildar\u00ee \u00ear\u00ee\u015fa bombey\u00ee ya li Kolana \u00cest\u00eeklal\u00ea heye ji aliy\u00ea pol\u00eesan ve hatiye bin\u00e7avkirin. Li Azeza S\u00fbriyey\u00ea kesek\u00ee ku bi \u00eediaya al\u00eekariya \u00ear\u00ee\u015fa bombey\u00ee ya li Kolana \u00cest\u00eeklal\u00ea kiriye ji aliy\u00ea pol\u00eesan ve hat bin\u00e7avkirin. Hejmara kes\u00ean di l\u00eapirs\u00eena \u00ear\u00ee\u015f\u00ea de hatin bin\u00e7avkirin derket [&hellip;]","og_url":"https:\/\/darkamazi.info\/archives\/1033759","og_site_name":"Darka Maz\u00ee","article_publisher":"https:\/\/www.facebook.com\/DarMaziKurmanci","article_published_time":"2022-11-17T07:58:22+00:00","og_image":[{"width":1500,"height":945,"url":"https:\/\/darkamazi.info\/file\/2022\/11\/polis-tirkiye-girtin.jpg","type":"image\/jpeg"}],"author":"darka mazi","twitter_card":"summary_large_image","twitter_creator":"@DarkaMaziLatini","twitter_site":"@DarkaMaziLatini","twitter_misc":{"Written by":"darka mazi","Est. reading time":"1 minute"},"schema":{"@context":"https:\/\/schema.org","@graph":[{"@type":"Article","@id":"https:\/\/darkamazi.info\/archives\/1033759#article","isPartOf":{"@id":"https:\/\/darkamazi.info\/archives\/1033759"},"author":{"name":"darka mazi","@id":"https:\/\/darkamazi.info\/#\/schema\/person\/5ad3e24553a0567993fa8ed4bd0a776c"},"headline":"Gumanbarek li S\u00fbriyey\u00ea ji ber \u00ear\u00ee\u015fa Stanbul\u00ea hat bin\u00e7avkirin","datePublished":"2022-11-17T07:58:22+00:00","mainEntityOfPage":{"@id":"https:\/\/darkamazi.info\/archives\/1033759"},"wordCount":173,"publisher":{"@id":"https:\/\/darkamazi.info\/#organization"},"image":{"@id":"https:\/\/darkamazi.info\/archives\/1033759#primaryimage"},"thumbnailUrl":"https:\/\/darkamazi.info\/file\/2022\/11\/polis-tirkiye-girtin.jpg","keywords":["sereke"],"articleSection":["Rojhelata nav\u00een"],"inLanguage":"en-US"},{"@type":"WebPage","@id":"https:\/\/darkamazi.info\/archives\/1033759","url":"https:\/\/darkamazi.info\/archives\/1033759","name":"Gumanbarek li S\u00fbriyey\u00ea ji ber \u00ear\u00ee\u015fa Stanbul\u00ea hat bin\u00e7avkirin - Darka Maz\u00ee","isPartOf":{"@id":"https:\/\/darkamazi.info\/#website"},"primaryImageOfPage":{"@id":"https:\/\/darkamazi.info\/archives\/1033759#primaryimage"},"image":{"@id":"https:\/\/darkamazi.info\/archives\/1033759#primaryimage"},"thumbnailUrl":"https:\/\/darkamazi.info\/file\/2022\/11\/polis-tirkiye-girtin.jpg","datePublished":"2022-11-17T07:58:22+00:00","breadcrumb":{"@id":"https:\/\/darkamazi.info\/archives\/1033759#breadcrumb"},"inLanguage":"en-US","potentialAction":[{"@type":"ReadAction","target":["https:\/\/darkamazi.info\/archives\/1033759"]}]},{"@type":"ImageObject","inLanguage":"en-US","@id":"https:\/\/darkamazi.info\/archives\/1033759#primaryimage","url":"https:\/\/darkamazi.info\/file\/2022\/11\/polis-tirkiye-girtin.jpg","contentUrl":"https:\/\/darkamazi.info\/file\/2022\/11\/polis-tirkiye-girtin.jpg","width":1500,"height":945,"caption":"Gumanbarek li S\u00fbriyey\u00ea ji ber \u00ear\u00ee\u015fa Stanbul\u00ea hat bin\u00e7avkirin"},{"@type":"BreadcrumbList","@id":"https:\/\/darkamazi.info\/archives\/1033759#breadcrumb","itemListElement":[{"@type":"ListItem","position":1,"name":"Home","item":"https:\/\/darkamazi.info\/"},{"@type":"ListItem","position":2,"name":"Gumanbarek li S\u00fbriyey\u00ea ji ber \u00ear\u00ee\u015fa Stanbul\u00ea hat bin\u00e7avkirin"}]},{"@type":"WebSite","@id":"https:\/\/darkamazi.info\/#website","url":"https:\/\/darkamazi.info\/","name":"Darka Maz\u00ee","description":"P\u00eageha Zanyariy\u00ean Nebih\u00eest\u00ee","publisher":{"@id":"https:\/\/darkamazi.info\/#organization"},"potentialAction":[{"@type":"SearchAction","target":{"@type":"EntryPoint","urlTemplate":"https:\/\/darkamazi.info\/?s={search_term_string}"},"query-input":{"@type":"PropertyValueSpecification","valueRequired":true,"valueName":"search_term_string"}}],"inLanguage":"en-US"},{"@type":"Organization","@id":"https:\/\/darkamazi.info\/#organization","name":"Darka Maz\u00ee","url":"https:\/\/darkamazi.info\/","logo":{"@type":"ImageObject","inLanguage":"en-US","@id":"https:\/\/darkamazi.info\/#\/schema\/logo\/image\/","url":"https:\/\/darkamazi.info\/file\/2017\/12\/darka-mazi-logo.png","contentUrl":"https:\/\/darkamazi.info\/file\/2017\/12\/darka-mazi-logo.png","width":151,"height":75,"caption":"Darka Maz\u00ee"},"image":{"@id":"https:\/\/darkamazi.info\/#\/schema\/logo\/image\/"},"sameAs":["https:\/\/www.facebook.com\/DarMaziKurmanci","https:\/\/x.com\/DarkaMaziLatini","https:\/\/www.instagram.com\/darkamazi.kurmanci\/","https:\/\/www.youtube.com\/channel\/UCa5HkTdmI8U1qCUFuTw8B2g"]},{"@type":"Person","@id":"https:\/\/darkamazi.info\/#\/schema\/person\/5ad3e24553a0567993fa8ed4bd0a776c","name":"darka mazi","sameAs":["https:\/\/darkamazi.info\/"],"url":"https:\/\/darkamazi.info\/archives\/author\/kurdi"}]}},"_links":{"self":[{"href":"https:\/\/darkamazi.info\/funavuv\/wp\/v2\/posts\/1033759","targetHints":{"allow":["GET"]}}],"collection":[{"href":"https:\/\/darkamazi.info\/funavuv\/wp\/v2\/posts"}],"about":[{"href":"https:\/\/darkamazi.info\/funavuv\/wp\/v2\/types\/post"}],"author":[{"embeddable":true,"href":"https:\/\/darkamazi.info\/funavuv\/wp\/v2\/users\/2"}],"replies":[{"embeddable":true,"href":"https:\/\/darkamazi.info\/funavuv\/wp\/v2\/comments?post=1033759"}],"version-history":[{"count":0,"href":"https:\/\/darkamazi.info\/funavuv\/wp\/v2\/posts\/1033759\/revisions"}],"wp:featuredmedia":[{"embeddable":true,"href":"https:\/\/darkamazi.info\/funavuv\/wp\/v2\/media\/1033760"}],"wp:attachment":[{"href":"https:\/\/darkamazi.info\/funavuv\/wp\/v2\/media?parent=1033759"}],"wp:term":[{"taxonomy":"category","embeddable":true,"href":"https:\/\/darkamazi.info\/funavuv\/wp\/v2\/categories?post=1033759"},{"taxonomy":"post_tag","embeddable":true,"href":"https:\/\/darkamazi.info\/funavuv\/wp\/v2\/tags?post=1033759"}],"curies":[{"name":"wp","href":"https:\/\/api.w.org\/{rel}","templated":true}]}}