{"id":1033773,"date":"2022-11-19T11:40:30","date_gmt":"2022-11-19T08:40:30","guid":{"rendered":"https:\/\/darkamazi.info\/?p=1033773"},"modified":"2022-11-19T11:40:30","modified_gmt":"2022-11-19T08:40:30","slug":"rojhilate-kurdistane-6-hemwelatiyen-xelke-bokane-ji-aliye-hezen-ewlehiya-irane-ve-hatin-kustin","status":"publish","type":"post","link":"https:\/\/darkamazi.info\/archives\/1033773","title":{"rendered":"Rojhilat\u00ea Kurdistan\u00ea \u2013 6 hemwelatiy\u00ean xelk\u00ea Bokan\u00ea ji aliy\u00ea h\u00eaz\u00ean ewlehiya \u00ceran\u00ea ve hatin ku\u015ftin"},"content":{"rendered":"<h3 style=\"text-align: justify\"><span style=\"font-family: 'arial black', sans-serif\">Du roj\u00ean bor\u00ee de di xwep\u00ea\u015fandan\u00ean xelk\u00ea bajar\u00ea Bokan a Rojhilat\u00ea Kurdistan\u00ea, di encama gule r\u00ea\u015fandina h\u00eaz\u00ean \u00ceran\u00ea de 6 hemwelatiy\u00ean bajar \u00ean bi nav\u00ean Mistefa \u015eeiban\u00ee, Xef\u00fbr Mewl\u00fbd\u00ee, Hejar Mam Xesrew\u00ee, H\u00eewa Cancan, Emced \u00cenayet\u00ee \u00fb M\u00eelad Meir\u00fbf\u00ee can\u00ea xwe ji dest dan.<\/span><\/h3>\n<h3 style=\"text-align: justify\">V\u00ea derbar\u00ea de r\u00eaxistina Maf\u00ea Mirovan a Hengaw ragehand: \u015eeva 17.11.2022y\u00ea 5 hemwelatiy\u00ean bajar\u00ea Bokan\u00ea y\u00ean bi nav\u00ean Mistefa \u015eeiban\u00ee, Xef\u00fbr Mewl\u00fbd\u00ee, Hejar Mam Xesrew\u00ee, H\u00eewa Cancan \u00fb Emced \u00cenayet\u00ee bi guley\u00ean h\u00eaz\u00ean ewlehiya \u00ceran\u00ea ve can\u00ea xwe ji dest dan.\u2019\u2019<\/h3>\n<h3 style=\"text-align: justify\">Herwaha li gor heman r\u00eaxistin\u00ea ragehandiye, Kewser \u00fb Kam\u00eel \u015eeiban\u00ee, ku xw\u00ee\u015fk \u00fb biray\u00ean Mistefa \u015eeiban\u00ee ne \u00fb roja ber\u00ee w\u00ea li \u015feqama Serdar Ez\u00eez Xan Mukr\u00ee li taxa Mecburawa ya bajar\u00ea Bokan\u00ea bi guley\u00ean h\u00eaz\u00ean \u00ceran\u00ea hatib\u00fbn ku\u015ftin \u00fb \u015feva bor\u00ee ji aliy\u00ea h\u00eaz\u00ean \u00ceran\u00ea ve hatine revandin. H\u00eaz\u00ean \u00ceran\u00ea bir\u00eavebirina serxwe\u015fiy\u00ea li mizgeft \u00fb mal\u00ea ji w\u00ea malbat\u00ea re nedaye \u00fb r\u00eagir\u00ee li her cure hat\u00fb\u00e7\u00fbnek\u00ee xelk\u00ea bo w\u00ea mal\u00ea dikin.\u2019\u2019<\/h3>\n<h3 style=\"text-align: justify\">Xef\u00fbr Mewl\u00fbd\u00ee j\u00ee zewic\u00ee ye \u00fb bav\u00ea 3 zarokan \u00fb meras\u00eema ve\u015fartina term\u00ea w\u00ee j\u00ee duh li gund\u00ea Saholan bir\u00eave \u00e7\u00fb.<\/h3>\n<h3 style=\"text-align: justify\">Ji aliy\u00ea din ve M\u00eelad Meir\u00fbf\u00ee j\u00ee temen\u00ea w\u00ee 23 sale \u00fb roja P\u00eanc\u015fem\u00ea bi guley\u00ean h\u00eaz\u00ean \u00ceran\u00ea ve bi giran\u00ee bir\u00eendar bib\u00fb, duh 18.11.2022y\u00ea ji ber giraniya bir\u00eena xwe jiyana xwe ji dest da.<\/h3>\n<h3 style=\"text-align: justify\">Li gor r\u00eaxistina Hengaw xelk\u00ea xwep\u00ea\u015fander \u00ea bajar\u00ea Bokan\u00ea li hember tundiy\u00ea b\u00ea s\u00eenor a h\u00eaz\u00ean \u00ceran\u00ea berevaniya xwe kirine \u00fb du endam\u00ean Sipaha Pasdar\u00ean \u00ceran\u00ea y\u00ean bi nav\u00ean Mehd\u00ee Esnaie\u015fr\u00ee \u00fb Reh\u00eem Subhan\u00ee j\u00ee hatine ku\u015ftin.<\/h3>\n","protected":false},"excerpt":{"rendered":"<p>Du roj\u00ean bor\u00ee de di xwep\u00ea\u015fandan\u00ean xelk\u00ea bajar\u00ea Bokan a Rojhilat\u00ea Kurdistan\u00ea, di encama gule r\u00ea\u015fandina h\u00eaz\u00ean \u00ceran\u00ea de 6 hemwelatiy\u00ean bajar \u00ean bi nav\u00ean Mistefa \u015eeiban\u00ee, Xef\u00fbr Mewl\u00fbd\u00ee, Hejar Mam Xesrew\u00ee, H\u00eewa Cancan, Emced \u00cenayet\u00ee \u00fb M\u00eelad Meir\u00fbf\u00ee can\u00ea xwe ji dest dan. V\u00ea derbar\u00ea de r\u00eaxistina Maf\u00ea Mirovan a Hengaw ragehand: \u015eeva 17.11.2022y\u00ea [&hellip;]<\/p>\n","protected":false},"author":2,"featured_media":1033774,"comment_status":"closed","ping_status":"closed","sticky":false,"template":"","format":"standard","meta":{"footnotes":""},"categories":[29],"tags":[37],"class_list":["post-1033773","post","type-post","status-publish","format-standard","has-post-thumbnail","hentry","category-kurdistan","tag-sereke"],"blocksy_meta":[],"seo_head":"<!-- This site is optimized with the Yoast SEO plugin v27.5 - https:\/\/yoast.com\/product\/yoast-seo-wordpress\/ -->\n<title>Rojhilat\u00ea Kurdistan\u00ea \u2013 6 hemwelatiy\u00ean xelk\u00ea Bokan\u00ea ji aliy\u00ea h\u00eaz\u00ean ewlehiya \u00ceran\u00ea ve hatin ku\u015ftin - Darka Maz\u00ee<\/title>\n<meta name=\"robots\" content=\"index, follow, max-snippet:-1, max-image-preview:large, max-video-preview:-1\" \/>\n<link rel=\"canonical\" href=\"https:\/\/darkamazi.info\/archives\/1033773\" \/>\n<meta property=\"og:locale\" content=\"en_US\" \/>\n<meta property=\"og:type\" content=\"article\" \/>\n<meta property=\"og:title\" content=\"Rojhilat\u00ea Kurdistan\u00ea \u2013 6 hemwelatiy\u00ean xelk\u00ea Bokan\u00ea ji aliy\u00ea h\u00eaz\u00ean ewlehiya \u00ceran\u00ea ve hatin ku\u015ftin - Darka Maz\u00ee\" \/>\n<meta property=\"og:description\" content=\"Du roj\u00ean bor\u00ee de di xwep\u00ea\u015fandan\u00ean xelk\u00ea bajar\u00ea Bokan a Rojhilat\u00ea Kurdistan\u00ea, di encama gule r\u00ea\u015fandina h\u00eaz\u00ean \u00ceran\u00ea de 6 hemwelatiy\u00ean bajar \u00ean bi nav\u00ean Mistefa \u015eeiban\u00ee, Xef\u00fbr Mewl\u00fbd\u00ee, Hejar Mam Xesrew\u00ee, H\u00eewa Cancan, Emced \u00cenayet\u00ee \u00fb M\u00eelad Meir\u00fbf\u00ee can\u00ea xwe ji dest dan. V\u00ea derbar\u00ea de r\u00eaxistina Maf\u00ea Mirovan a Hengaw ragehand: \u015eeva 17.11.2022y\u00ea [&hellip;]\" \/>\n<meta property=\"og:url\" content=\"https:\/\/darkamazi.info\/archives\/1033773\" \/>\n<meta property=\"og:site_name\" content=\"Darka Maz\u00ee\" \/>\n<meta property=\"article:publisher\" content=\"https:\/\/www.facebook.com\/DarMaziKurmanci\" \/>\n<meta property=\"article:published_time\" content=\"2022-11-19T08:40:30+00:00\" \/>\n<meta property=\"og:image\" content=\"https:\/\/darkamazi.info\/file\/2022\/11\/IRAN-BOKAN-KURDISTAN.jpg\" \/>\n\t<meta property=\"og:image:width\" content=\"710\" \/>\n\t<meta property=\"og:image:height\" content=\"351\" \/>\n\t<meta property=\"og:image:type\" content=\"image\/jpeg\" \/>\n<meta name=\"author\" content=\"darka mazi\" \/>\n<meta name=\"twitter:card\" content=\"summary_large_image\" \/>\n<meta name=\"twitter:creator\" content=\"@DarkaMaziLatini\" \/>\n<meta name=\"twitter:site\" content=\"@DarkaMaziLatini\" \/>\n<meta name=\"twitter:label1\" content=\"Written by\" \/>\n\t<meta name=\"twitter:data1\" content=\"darka mazi\" \/>\n\t<meta name=\"twitter:label2\" content=\"Est. reading time\" \/>\n\t<meta name=\"twitter:data2\" content=\"2 minutes\" \/>\n<script type=\"application\/ld+json\" class=\"seo-schema-graph\">{\"@context\":\"https:\\\/\\\/schema.org\",\"@graph\":[{\"@type\":\"Article\",\"@id\":\"https:\\\/\\\/darkamazi.info\\\/archives\\\/1033773#article\",\"isPartOf\":{\"@id\":\"https:\\\/\\\/darkamazi.info\\\/archives\\\/1033773\"},\"author\":{\"name\":\"darka mazi\",\"@id\":\"https:\\\/\\\/darkamazi.info\\\/#\\\/schema\\\/person\\\/5ad3e24553a0567993fa8ed4bd0a776c\"},\"headline\":\"Rojhilat\u00ea Kurdistan\u00ea \u2013 6 hemwelatiy\u00ean xelk\u00ea Bokan\u00ea ji aliy\u00ea h\u00eaz\u00ean ewlehiya \u00ceran\u00ea ve hatin ku\u015ftin\",\"datePublished\":\"2022-11-19T08:40:30+00:00\",\"mainEntityOfPage\":{\"@id\":\"https:\\\/\\\/darkamazi.info\\\/archives\\\/1033773\"},\"wordCount\":316,\"publisher\":{\"@id\":\"https:\\\/\\\/darkamazi.info\\\/#organization\"},\"image\":{\"@id\":\"https:\\\/\\\/darkamazi.info\\\/archives\\\/1033773#primaryimage\"},\"thumbnailUrl\":\"https:\\\/\\\/darkamazi.info\\\/darka-content\\\/uploads\\\/2022\\\/11\\\/IRAN-BOKAN-KURDISTAN.jpg\",\"keywords\":[\"sereke\"],\"articleSection\":[\"Kurdistan\"],\"inLanguage\":\"en-US\"},{\"@type\":\"WebPage\",\"@id\":\"https:\\\/\\\/darkamazi.info\\\/archives\\\/1033773\",\"url\":\"https:\\\/\\\/darkamazi.info\\\/archives\\\/1033773\",\"name\":\"Rojhilat\u00ea Kurdistan\u00ea \u2013 6 hemwelatiy\u00ean xelk\u00ea Bokan\u00ea ji aliy\u00ea h\u00eaz\u00ean ewlehiya \u00ceran\u00ea ve hatin ku\u015ftin - Darka Maz\u00ee\",\"isPartOf\":{\"@id\":\"https:\\\/\\\/darkamazi.info\\\/#website\"},\"primaryImageOfPage\":{\"@id\":\"https:\\\/\\\/darkamazi.info\\\/archives\\\/1033773#primaryimage\"},\"image\":{\"@id\":\"https:\\\/\\\/darkamazi.info\\\/archives\\\/1033773#primaryimage\"},\"thumbnailUrl\":\"https:\\\/\\\/darkamazi.info\\\/darka-content\\\/uploads\\\/2022\\\/11\\\/IRAN-BOKAN-KURDISTAN.jpg\",\"datePublished\":\"2022-11-19T08:40:30+00:00\",\"breadcrumb\":{\"@id\":\"https:\\\/\\\/darkamazi.info\\\/archives\\\/1033773#breadcrumb\"},\"inLanguage\":\"en-US\",\"potentialAction\":[{\"@type\":\"ReadAction\",\"target\":[\"https:\\\/\\\/darkamazi.info\\\/archives\\\/1033773\"]}]},{\"@type\":\"ImageObject\",\"inLanguage\":\"en-US\",\"@id\":\"https:\\\/\\\/darkamazi.info\\\/archives\\\/1033773#primaryimage\",\"url\":\"https:\\\/\\\/darkamazi.info\\\/darka-content\\\/uploads\\\/2022\\\/11\\\/IRAN-BOKAN-KURDISTAN.jpg\",\"contentUrl\":\"https:\\\/\\\/darkamazi.info\\\/darka-content\\\/uploads\\\/2022\\\/11\\\/IRAN-BOKAN-KURDISTAN.jpg\",\"width\":710,\"height\":351,\"caption\":\"Rojhilat\u00ea Kurdistan\u00ea \u2013 6 hemwelatiy\u00ean xelk\u00ea Bokan\u00ea ji aliy\u00ea h\u00eaz\u00ean ewlehiya \u00ceran\u00ea ve hatin ku\u015ftin\"},{\"@type\":\"BreadcrumbList\",\"@id\":\"https:\\\/\\\/darkamazi.info\\\/archives\\\/1033773#breadcrumb\",\"itemListElement\":[{\"@type\":\"ListItem\",\"position\":1,\"name\":\"Home\",\"item\":\"https:\\\/\\\/darkamazi.info\\\/\"},{\"@type\":\"ListItem\",\"position\":2,\"name\":\"Rojhilat\u00ea Kurdistan\u00ea \u2013 6 hemwelatiy\u00ean xelk\u00ea Bokan\u00ea ji aliy\u00ea h\u00eaz\u00ean ewlehiya \u00ceran\u00ea ve hatin ku\u015ftin\"}]},{\"@type\":\"WebSite\",\"@id\":\"https:\\\/\\\/darkamazi.info\\\/#website\",\"url\":\"https:\\\/\\\/darkamazi.info\\\/\",\"name\":\"Darka Maz\u00ee\",\"description\":\"P\u00eageha Zanyariy\u00ean Nebih\u00eest\u00ee\",\"publisher\":{\"@id\":\"https:\\\/\\\/darkamazi.info\\\/#organization\"},\"potentialAction\":[{\"@type\":\"SearchAction\",\"target\":{\"@type\":\"EntryPoint\",\"urlTemplate\":\"https:\\\/\\\/darkamazi.info\\\/?s={search_term_string}\"},\"query-input\":{\"@type\":\"PropertyValueSpecification\",\"valueRequired\":true,\"valueName\":\"search_term_string\"}}],\"inLanguage\":\"en-US\"},{\"@type\":\"Organization\",\"@id\":\"https:\\\/\\\/darkamazi.info\\\/#organization\",\"name\":\"Darka Maz\u00ee\",\"url\":\"https:\\\/\\\/darkamazi.info\\\/\",\"logo\":{\"@type\":\"ImageObject\",\"inLanguage\":\"en-US\",\"@id\":\"https:\\\/\\\/darkamazi.info\\\/#\\\/schema\\\/logo\\\/image\\\/\",\"url\":\"https:\\\/\\\/darkamazi.info\\\/darka-content\\\/uploads\\\/2017\\\/12\\\/darka-mazi-logo.png\",\"contentUrl\":\"https:\\\/\\\/darkamazi.info\\\/darka-content\\\/uploads\\\/2017\\\/12\\\/darka-mazi-logo.png\",\"width\":151,\"height\":75,\"caption\":\"Darka Maz\u00ee\"},\"image\":{\"@id\":\"https:\\\/\\\/darkamazi.info\\\/#\\\/schema\\\/logo\\\/image\\\/\"},\"sameAs\":[\"https:\\\/\\\/www.facebook.com\\\/DarMaziKurmanci\",\"https:\\\/\\\/x.com\\\/DarkaMaziLatini\",\"https:\\\/\\\/www.instagram.com\\\/darkamazi.kurmanci\\\/\",\"https:\\\/\\\/www.youtube.com\\\/channel\\\/UCa5HkTdmI8U1qCUFuTw8B2g\"]},{\"@type\":\"Person\",\"@id\":\"https:\\\/\\\/darkamazi.info\\\/#\\\/schema\\\/person\\\/5ad3e24553a0567993fa8ed4bd0a776c\",\"name\":\"darka mazi\",\"sameAs\":[\"https:\\\/\\\/darkamazi.info\\\/\"],\"url\":\"https:\\\/\\\/darkamazi.info\\\/archives\\\/author\\\/kurdi\"}]}<\/script>\n<!-- \/ Yoast SEO plugin. -->","seo_head_json":{"title":"Rojhilat\u00ea Kurdistan\u00ea \u2013 6 hemwelatiy\u00ean xelk\u00ea Bokan\u00ea ji aliy\u00ea h\u00eaz\u00ean ewlehiya \u00ceran\u00ea ve hatin ku\u015ftin - Darka Maz\u00ee","robots":{"index":"index","follow":"follow","max-snippet":"max-snippet:-1","max-image-preview":"max-image-preview:large","max-video-preview":"max-video-preview:-1"},"canonical":"https:\/\/darkamazi.info\/archives\/1033773","og_locale":"en_US","og_type":"article","og_title":"Rojhilat\u00ea Kurdistan\u00ea \u2013 6 hemwelatiy\u00ean xelk\u00ea Bokan\u00ea ji aliy\u00ea h\u00eaz\u00ean ewlehiya \u00ceran\u00ea ve hatin ku\u015ftin - Darka Maz\u00ee","og_description":"Du roj\u00ean bor\u00ee de di xwep\u00ea\u015fandan\u00ean xelk\u00ea bajar\u00ea Bokan a Rojhilat\u00ea Kurdistan\u00ea, di encama gule r\u00ea\u015fandina h\u00eaz\u00ean \u00ceran\u00ea de 6 hemwelatiy\u00ean bajar \u00ean bi nav\u00ean Mistefa \u015eeiban\u00ee, Xef\u00fbr Mewl\u00fbd\u00ee, Hejar Mam Xesrew\u00ee, H\u00eewa Cancan, Emced \u00cenayet\u00ee \u00fb M\u00eelad Meir\u00fbf\u00ee can\u00ea xwe ji dest dan. V\u00ea derbar\u00ea de r\u00eaxistina Maf\u00ea Mirovan a Hengaw ragehand: \u015eeva 17.11.2022y\u00ea [&hellip;]","og_url":"https:\/\/darkamazi.info\/archives\/1033773","og_site_name":"Darka Maz\u00ee","article_publisher":"https:\/\/www.facebook.com\/DarMaziKurmanci","article_published_time":"2022-11-19T08:40:30+00:00","og_image":[{"width":710,"height":351,"url":"https:\/\/darkamazi.info\/file\/2022\/11\/IRAN-BOKAN-KURDISTAN.jpg","type":"image\/jpeg"}],"author":"darka mazi","twitter_card":"summary_large_image","twitter_creator":"@DarkaMaziLatini","twitter_site":"@DarkaMaziLatini","twitter_misc":{"Written by":"darka mazi","Est. reading time":"2 minutes"},"schema":{"@context":"https:\/\/schema.org","@graph":[{"@type":"Article","@id":"https:\/\/darkamazi.info\/archives\/1033773#article","isPartOf":{"@id":"https:\/\/darkamazi.info\/archives\/1033773"},"author":{"name":"darka mazi","@id":"https:\/\/darkamazi.info\/#\/schema\/person\/5ad3e24553a0567993fa8ed4bd0a776c"},"headline":"Rojhilat\u00ea Kurdistan\u00ea \u2013 6 hemwelatiy\u00ean xelk\u00ea Bokan\u00ea ji aliy\u00ea h\u00eaz\u00ean ewlehiya \u00ceran\u00ea ve hatin ku\u015ftin","datePublished":"2022-11-19T08:40:30+00:00","mainEntityOfPage":{"@id":"https:\/\/darkamazi.info\/archives\/1033773"},"wordCount":316,"publisher":{"@id":"https:\/\/darkamazi.info\/#organization"},"image":{"@id":"https:\/\/darkamazi.info\/archives\/1033773#primaryimage"},"thumbnailUrl":"https:\/\/darkamazi.info\/file\/2022\/11\/IRAN-BOKAN-KURDISTAN.jpg","keywords":["sereke"],"articleSection":["Kurdistan"],"inLanguage":"en-US"},{"@type":"WebPage","@id":"https:\/\/darkamazi.info\/archives\/1033773","url":"https:\/\/darkamazi.info\/archives\/1033773","name":"Rojhilat\u00ea Kurdistan\u00ea \u2013 6 hemwelatiy\u00ean xelk\u00ea Bokan\u00ea ji aliy\u00ea h\u00eaz\u00ean ewlehiya \u00ceran\u00ea ve hatin ku\u015ftin - Darka Maz\u00ee","isPartOf":{"@id":"https:\/\/darkamazi.info\/#website"},"primaryImageOfPage":{"@id":"https:\/\/darkamazi.info\/archives\/1033773#primaryimage"},"image":{"@id":"https:\/\/darkamazi.info\/archives\/1033773#primaryimage"},"thumbnailUrl":"https:\/\/darkamazi.info\/file\/2022\/11\/IRAN-BOKAN-KURDISTAN.jpg","datePublished":"2022-11-19T08:40:30+00:00","breadcrumb":{"@id":"https:\/\/darkamazi.info\/archives\/1033773#breadcrumb"},"inLanguage":"en-US","potentialAction":[{"@type":"ReadAction","target":["https:\/\/darkamazi.info\/archives\/1033773"]}]},{"@type":"ImageObject","inLanguage":"en-US","@id":"https:\/\/darkamazi.info\/archives\/1033773#primaryimage","url":"https:\/\/darkamazi.info\/file\/2022\/11\/IRAN-BOKAN-KURDISTAN.jpg","contentUrl":"https:\/\/darkamazi.info\/file\/2022\/11\/IRAN-BOKAN-KURDISTAN.jpg","width":710,"height":351,"caption":"Rojhilat\u00ea Kurdistan\u00ea \u2013 6 hemwelatiy\u00ean xelk\u00ea Bokan\u00ea ji aliy\u00ea h\u00eaz\u00ean ewlehiya \u00ceran\u00ea ve hatin ku\u015ftin"},{"@type":"BreadcrumbList","@id":"https:\/\/darkamazi.info\/archives\/1033773#breadcrumb","itemListElement":[{"@type":"ListItem","position":1,"name":"Home","item":"https:\/\/darkamazi.info\/"},{"@type":"ListItem","position":2,"name":"Rojhilat\u00ea Kurdistan\u00ea \u2013 6 hemwelatiy\u00ean xelk\u00ea Bokan\u00ea ji aliy\u00ea h\u00eaz\u00ean ewlehiya \u00ceran\u00ea ve hatin ku\u015ftin"}]},{"@type":"WebSite","@id":"https:\/\/darkamazi.info\/#website","url":"https:\/\/darkamazi.info\/","name":"Darka Maz\u00ee","description":"P\u00eageha Zanyariy\u00ean Nebih\u00eest\u00ee","publisher":{"@id":"https:\/\/darkamazi.info\/#organization"},"potentialAction":[{"@type":"SearchAction","target":{"@type":"EntryPoint","urlTemplate":"https:\/\/darkamazi.info\/?s={search_term_string}"},"query-input":{"@type":"PropertyValueSpecification","valueRequired":true,"valueName":"search_term_string"}}],"inLanguage":"en-US"},{"@type":"Organization","@id":"https:\/\/darkamazi.info\/#organization","name":"Darka Maz\u00ee","url":"https:\/\/darkamazi.info\/","logo":{"@type":"ImageObject","inLanguage":"en-US","@id":"https:\/\/darkamazi.info\/#\/schema\/logo\/image\/","url":"https:\/\/darkamazi.info\/file\/2017\/12\/darka-mazi-logo.png","contentUrl":"https:\/\/darkamazi.info\/file\/2017\/12\/darka-mazi-logo.png","width":151,"height":75,"caption":"Darka Maz\u00ee"},"image":{"@id":"https:\/\/darkamazi.info\/#\/schema\/logo\/image\/"},"sameAs":["https:\/\/www.facebook.com\/DarMaziKurmanci","https:\/\/x.com\/DarkaMaziLatini","https:\/\/www.instagram.com\/darkamazi.kurmanci\/","https:\/\/www.youtube.com\/channel\/UCa5HkTdmI8U1qCUFuTw8B2g"]},{"@type":"Person","@id":"https:\/\/darkamazi.info\/#\/schema\/person\/5ad3e24553a0567993fa8ed4bd0a776c","name":"darka mazi","sameAs":["https:\/\/darkamazi.info\/"],"url":"https:\/\/darkamazi.info\/archives\/author\/kurdi"}]}},"_links":{"self":[{"href":"https:\/\/darkamazi.info\/funavuv\/wp\/v2\/posts\/1033773","targetHints":{"allow":["GET"]}}],"collection":[{"href":"https:\/\/darkamazi.info\/funavuv\/wp\/v2\/posts"}],"about":[{"href":"https:\/\/darkamazi.info\/funavuv\/wp\/v2\/types\/post"}],"author":[{"embeddable":true,"href":"https:\/\/darkamazi.info\/funavuv\/wp\/v2\/users\/2"}],"replies":[{"embeddable":true,"href":"https:\/\/darkamazi.info\/funavuv\/wp\/v2\/comments?post=1033773"}],"version-history":[{"count":0,"href":"https:\/\/darkamazi.info\/funavuv\/wp\/v2\/posts\/1033773\/revisions"}],"wp:featuredmedia":[{"embeddable":true,"href":"https:\/\/darkamazi.info\/funavuv\/wp\/v2\/media\/1033774"}],"wp:attachment":[{"href":"https:\/\/darkamazi.info\/funavuv\/wp\/v2\/media?parent=1033773"}],"wp:term":[{"taxonomy":"category","embeddable":true,"href":"https:\/\/darkamazi.info\/funavuv\/wp\/v2\/categories?post=1033773"},{"taxonomy":"post_tag","embeddable":true,"href":"https:\/\/darkamazi.info\/funavuv\/wp\/v2\/tags?post=1033773"}],"curies":[{"name":"wp","href":"https:\/\/api.w.org\/{rel}","templated":true}]}}