{"id":1033779,"date":"2022-11-19T13:32:54","date_gmt":"2022-11-19T10:32:54","guid":{"rendered":"https:\/\/darkamazi.info\/?p=1033779"},"modified":"2022-11-19T13:32:54","modified_gmt":"2022-11-19T10:32:54","slug":"pkke-li-singale-dest-daniye-ser-dibistaneki-xwandina-kurdi","status":"publish","type":"post","link":"https:\/\/darkamazi.info\/archives\/1033779","title":{"rendered":"PKK\u00ea li \u015eingal\u00ea dest daniye ser dibistanek\u00ee xwandina Kurd\u00ee"},"content":{"rendered":"<h3 style=\"text-align: justify\"><span style=\"font-family: 'arial black', sans-serif\">Berpirsek\u00ee perwerd\u00ea li qeza \u015eingal\u00ea ragehand, PKK\u00ea dest daniye ser dibistanek\u00ee xwandina Kurd\u00ee \u00fb r\u00ea nade ku z\u00eadetir\u00ee hezar xwandevanan bi ziman\u00ea Kurd\u00ee di w\u00ea dibistan\u00ea de bixw\u00eenin \u00fb dixwazin dibistanek\u00ee xwe j\u00ee di w\u00ea dibistan\u00ea de vekin.<\/span><\/h3>\n<h3 style=\"text-align: justify\">Berpirs\u00ea koord\u00eenator\u00ea r\u00eaveberiya perwerdeya qeza \u015eingal\u00ea \u015eehab Ehmed ragehand: \u2018\u2019Naha \u00e7ekdar\u00ean PKK\u00ea li \u015eingal\u00ea dest dan\u00eene ser dibistana Zer\u00eefa Us\u00ea, ku dibistanek\u00ee xwendina Kurd\u00ee ye \u00fb nah\u00ealin z\u00eadetir ji hezar xwandevanan di w\u00ea dibistan\u00ea de bixw\u00eenin \u00fb dixwazin dibistanek\u00ee xwe j\u00ee di w\u00ea dibistan\u00ea de vekin, ku ji aliy\u00ea Wezareta Perwerde ya Iraq \u00fb Her\u00eama Kurdistan\u00ea ve bawer\u00ee p\u00ea nehatiye day\u00een. Ji ber w\u00ea em daxwaz\u00ea ji day\u00eek \u00fb bavan dikin, zarok\u00ean xwe ne\u015f\u00eenin bo ti dibistanek\u00ee PKK\u00ea, ji ber dibistan\u00ean wan xwed\u00ee bawer\u00ee n\u00eenin \u00fb bi ti awayek\u00ee bawernamey\u00ean wan kar p\u00ea nay\u00ea kirin.\u2019\u2019<\/h3>\n<h3 style=\"text-align: justify\">Herwaha a\u015fkera kir: \u2018\u2019Z\u00eadetir ji hezar xwandevan\u00ee li \u015eingal\u00ea di dibistana Zer\u00eefa Us\u00ea de bi ziman\u00ea Kurd\u00ee dixw\u00eenin. Mixabin PKK b\u00fbye r\u00eagir \u00fb asteng li p\u00ea\u015f proseya xwandin \u00fb zanist \u00fb temam\u00ea aliy\u00ean din \u00ean jiyan\u00ea li \u015eingal\u00ea. Ev j\u00ee bandoreke xirab li ser pa\u015feroja zarokan \u00e7\u00eadike. H\u00eav\u00eedarim ti kesek zarok\u00ea xwe ne\u015f\u00eene xwendingeh\u00ean PKK\u00ea, ji ber ti pa\u015ferojek\u00ee wan nabe.\u2019\u2019<\/h3>\n<h3 style=\"text-align: justify\">Navbor\u00ee diyar kir: \u2018\u2019PKK dixwaze dibistanek\u00ee xwe di nav dibistan\u00ea de veke, eme dij\u00ee w\u00ea kiryara PKK\u00ea ne, di dibistana Zer\u00eefa Us\u00ea de du dewam\u00ean xwendin\u00ea t\u00eade d\u00ea b\u00ea kirin. Naha PKK\u00ea dest li ser daniye \u00fb dixwaze dibistana xwe t\u00eade damezr\u00eene.\u2019\u2019<\/h3>\n","protected":false},"excerpt":{"rendered":"<p>Berpirsek\u00ee perwerd\u00ea li qeza \u015eingal\u00ea ragehand, PKK\u00ea dest daniye ser dibistanek\u00ee xwandina Kurd\u00ee \u00fb r\u00ea nade ku z\u00eadetir\u00ee hezar xwandevanan bi ziman\u00ea Kurd\u00ee di w\u00ea dibistan\u00ea de bixw\u00eenin \u00fb dixwazin dibistanek\u00ee xwe j\u00ee di w\u00ea dibistan\u00ea de vekin. Berpirs\u00ea koord\u00eenator\u00ea r\u00eaveberiya perwerdeya qeza \u015eingal\u00ea \u015eehab Ehmed ragehand: \u2018\u2019Naha \u00e7ekdar\u00ean PKK\u00ea li \u015eingal\u00ea dest dan\u00eene ser [&hellip;]<\/p>\n","protected":false},"author":2,"featured_media":1033780,"comment_status":"closed","ping_status":"closed","sticky":false,"template":"","format":"standard","meta":{"footnotes":""},"categories":[29],"tags":[37],"class_list":["post-1033779","post","type-post","status-publish","format-standard","has-post-thumbnail","hentry","category-kurdistan","tag-sereke"],"blocksy_meta":[],"seo_head":"<!-- This site is optimized with the Yoast SEO plugin v27.5 - https:\/\/yoast.com\/product\/yoast-seo-wordpress\/ -->\n<title>PKK\u00ea li \u015eingal\u00ea dest daniye ser dibistanek\u00ee xwandina Kurd\u00ee - Darka Maz\u00ee<\/title>\n<meta name=\"robots\" content=\"index, follow, max-snippet:-1, max-image-preview:large, max-video-preview:-1\" \/>\n<link rel=\"canonical\" href=\"https:\/\/darkamazi.info\/archives\/1033779\" \/>\n<meta property=\"og:locale\" content=\"en_US\" \/>\n<meta property=\"og:type\" content=\"article\" \/>\n<meta property=\"og:title\" content=\"PKK\u00ea li \u015eingal\u00ea dest daniye ser dibistanek\u00ee xwandina Kurd\u00ee - Darka Maz\u00ee\" \/>\n<meta property=\"og:description\" content=\"Berpirsek\u00ee perwerd\u00ea li qeza \u015eingal\u00ea ragehand, PKK\u00ea dest daniye ser dibistanek\u00ee xwandina Kurd\u00ee \u00fb r\u00ea nade ku z\u00eadetir\u00ee hezar xwandevanan bi ziman\u00ea Kurd\u00ee di w\u00ea dibistan\u00ea de bixw\u00eenin \u00fb dixwazin dibistanek\u00ee xwe j\u00ee di w\u00ea dibistan\u00ea de vekin. Berpirs\u00ea koord\u00eenator\u00ea r\u00eaveberiya perwerdeya qeza \u015eingal\u00ea \u015eehab Ehmed ragehand: \u2018\u2019Naha \u00e7ekdar\u00ean PKK\u00ea li \u015eingal\u00ea dest dan\u00eene ser [&hellip;]\" \/>\n<meta property=\"og:url\" content=\"https:\/\/darkamazi.info\/archives\/1033779\" \/>\n<meta property=\"og:site_name\" content=\"Darka Maz\u00ee\" \/>\n<meta property=\"article:publisher\" content=\"https:\/\/www.facebook.com\/DarMaziKurmanci\" \/>\n<meta property=\"article:published_time\" content=\"2022-11-19T10:32:54+00:00\" \/>\n<meta property=\"og:image\" content=\"https:\/\/darkamazi.info\/file\/2022\/11\/\u0634\u0646\u06af\u0627\u0644.jpg\" \/>\n\t<meta property=\"og:image:width\" content=\"710\" \/>\n\t<meta property=\"og:image:height\" content=\"473\" \/>\n\t<meta property=\"og:image:type\" content=\"image\/jpeg\" \/>\n<meta name=\"author\" content=\"darka mazi\" \/>\n<meta name=\"twitter:card\" content=\"summary_large_image\" \/>\n<meta name=\"twitter:creator\" content=\"@DarkaMaziLatini\" \/>\n<meta name=\"twitter:site\" content=\"@DarkaMaziLatini\" \/>\n<meta name=\"twitter:label1\" content=\"Written by\" \/>\n\t<meta name=\"twitter:data1\" content=\"darka mazi\" \/>\n\t<meta name=\"twitter:label2\" content=\"Est. reading time\" \/>\n\t<meta name=\"twitter:data2\" content=\"2 minutes\" \/>\n<script type=\"application\/ld+json\" class=\"seo-schema-graph\">{\"@context\":\"https:\\\/\\\/schema.org\",\"@graph\":[{\"@type\":\"Article\",\"@id\":\"https:\\\/\\\/darkamazi.info\\\/archives\\\/1033779#article\",\"isPartOf\":{\"@id\":\"https:\\\/\\\/darkamazi.info\\\/archives\\\/1033779\"},\"author\":{\"name\":\"darka mazi\",\"@id\":\"https:\\\/\\\/darkamazi.info\\\/#\\\/schema\\\/person\\\/5ad3e24553a0567993fa8ed4bd0a776c\"},\"headline\":\"PKK\u00ea li \u015eingal\u00ea dest daniye ser dibistanek\u00ee xwandina Kurd\u00ee\",\"datePublished\":\"2022-11-19T10:32:54+00:00\",\"mainEntityOfPage\":{\"@id\":\"https:\\\/\\\/darkamazi.info\\\/archives\\\/1033779\"},\"wordCount\":270,\"publisher\":{\"@id\":\"https:\\\/\\\/darkamazi.info\\\/#organization\"},\"image\":{\"@id\":\"https:\\\/\\\/darkamazi.info\\\/archives\\\/1033779#primaryimage\"},\"thumbnailUrl\":\"https:\\\/\\\/darkamazi.info\\\/darka-content\\\/uploads\\\/2022\\\/11\\\/\u0634\u0646\u06af\u0627\u0644.jpg\",\"keywords\":[\"sereke\"],\"articleSection\":[\"Kurdistan\"],\"inLanguage\":\"en-US\"},{\"@type\":\"WebPage\",\"@id\":\"https:\\\/\\\/darkamazi.info\\\/archives\\\/1033779\",\"url\":\"https:\\\/\\\/darkamazi.info\\\/archives\\\/1033779\",\"name\":\"PKK\u00ea li \u015eingal\u00ea dest daniye ser dibistanek\u00ee xwandina Kurd\u00ee - Darka Maz\u00ee\",\"isPartOf\":{\"@id\":\"https:\\\/\\\/darkamazi.info\\\/#website\"},\"primaryImageOfPage\":{\"@id\":\"https:\\\/\\\/darkamazi.info\\\/archives\\\/1033779#primaryimage\"},\"image\":{\"@id\":\"https:\\\/\\\/darkamazi.info\\\/archives\\\/1033779#primaryimage\"},\"thumbnailUrl\":\"https:\\\/\\\/darkamazi.info\\\/darka-content\\\/uploads\\\/2022\\\/11\\\/\u0634\u0646\u06af\u0627\u0644.jpg\",\"datePublished\":\"2022-11-19T10:32:54+00:00\",\"breadcrumb\":{\"@id\":\"https:\\\/\\\/darkamazi.info\\\/archives\\\/1033779#breadcrumb\"},\"inLanguage\":\"en-US\",\"potentialAction\":[{\"@type\":\"ReadAction\",\"target\":[\"https:\\\/\\\/darkamazi.info\\\/archives\\\/1033779\"]}]},{\"@type\":\"ImageObject\",\"inLanguage\":\"en-US\",\"@id\":\"https:\\\/\\\/darkamazi.info\\\/archives\\\/1033779#primaryimage\",\"url\":\"https:\\\/\\\/darkamazi.info\\\/darka-content\\\/uploads\\\/2022\\\/11\\\/\u0634\u0646\u06af\u0627\u0644.jpg\",\"contentUrl\":\"https:\\\/\\\/darkamazi.info\\\/darka-content\\\/uploads\\\/2022\\\/11\\\/\u0634\u0646\u06af\u0627\u0644.jpg\",\"width\":710,\"height\":473,\"caption\":\"PKK\u00ea li \u015eingal\u00ea dest daniye ser dibistanek\u00ee xwandina Kurd\u00ee\"},{\"@type\":\"BreadcrumbList\",\"@id\":\"https:\\\/\\\/darkamazi.info\\\/archives\\\/1033779#breadcrumb\",\"itemListElement\":[{\"@type\":\"ListItem\",\"position\":1,\"name\":\"Home\",\"item\":\"https:\\\/\\\/darkamazi.info\\\/\"},{\"@type\":\"ListItem\",\"position\":2,\"name\":\"PKK\u00ea li \u015eingal\u00ea dest daniye ser dibistanek\u00ee xwandina Kurd\u00ee\"}]},{\"@type\":\"WebSite\",\"@id\":\"https:\\\/\\\/darkamazi.info\\\/#website\",\"url\":\"https:\\\/\\\/darkamazi.info\\\/\",\"name\":\"Darka Maz\u00ee\",\"description\":\"P\u00eageha Zanyariy\u00ean Nebih\u00eest\u00ee\",\"publisher\":{\"@id\":\"https:\\\/\\\/darkamazi.info\\\/#organization\"},\"potentialAction\":[{\"@type\":\"SearchAction\",\"target\":{\"@type\":\"EntryPoint\",\"urlTemplate\":\"https:\\\/\\\/darkamazi.info\\\/?s={search_term_string}\"},\"query-input\":{\"@type\":\"PropertyValueSpecification\",\"valueRequired\":true,\"valueName\":\"search_term_string\"}}],\"inLanguage\":\"en-US\"},{\"@type\":\"Organization\",\"@id\":\"https:\\\/\\\/darkamazi.info\\\/#organization\",\"name\":\"Darka Maz\u00ee\",\"url\":\"https:\\\/\\\/darkamazi.info\\\/\",\"logo\":{\"@type\":\"ImageObject\",\"inLanguage\":\"en-US\",\"@id\":\"https:\\\/\\\/darkamazi.info\\\/#\\\/schema\\\/logo\\\/image\\\/\",\"url\":\"https:\\\/\\\/darkamazi.info\\\/darka-content\\\/uploads\\\/2017\\\/12\\\/darka-mazi-logo.png\",\"contentUrl\":\"https:\\\/\\\/darkamazi.info\\\/darka-content\\\/uploads\\\/2017\\\/12\\\/darka-mazi-logo.png\",\"width\":151,\"height\":75,\"caption\":\"Darka Maz\u00ee\"},\"image\":{\"@id\":\"https:\\\/\\\/darkamazi.info\\\/#\\\/schema\\\/logo\\\/image\\\/\"},\"sameAs\":[\"https:\\\/\\\/www.facebook.com\\\/DarMaziKurmanci\",\"https:\\\/\\\/x.com\\\/DarkaMaziLatini\",\"https:\\\/\\\/www.instagram.com\\\/darkamazi.kurmanci\\\/\",\"https:\\\/\\\/www.youtube.com\\\/channel\\\/UCa5HkTdmI8U1qCUFuTw8B2g\"]},{\"@type\":\"Person\",\"@id\":\"https:\\\/\\\/darkamazi.info\\\/#\\\/schema\\\/person\\\/5ad3e24553a0567993fa8ed4bd0a776c\",\"name\":\"darka mazi\",\"sameAs\":[\"https:\\\/\\\/darkamazi.info\\\/\"],\"url\":\"https:\\\/\\\/darkamazi.info\\\/archives\\\/author\\\/kurdi\"}]}<\/script>\n<!-- \/ Yoast SEO plugin. -->","seo_head_json":{"title":"PKK\u00ea li \u015eingal\u00ea dest daniye ser dibistanek\u00ee xwandina Kurd\u00ee - Darka Maz\u00ee","robots":{"index":"index","follow":"follow","max-snippet":"max-snippet:-1","max-image-preview":"max-image-preview:large","max-video-preview":"max-video-preview:-1"},"canonical":"https:\/\/darkamazi.info\/archives\/1033779","og_locale":"en_US","og_type":"article","og_title":"PKK\u00ea li \u015eingal\u00ea dest daniye ser dibistanek\u00ee xwandina Kurd\u00ee - Darka Maz\u00ee","og_description":"Berpirsek\u00ee perwerd\u00ea li qeza \u015eingal\u00ea ragehand, PKK\u00ea dest daniye ser dibistanek\u00ee xwandina Kurd\u00ee \u00fb r\u00ea nade ku z\u00eadetir\u00ee hezar xwandevanan bi ziman\u00ea Kurd\u00ee di w\u00ea dibistan\u00ea de bixw\u00eenin \u00fb dixwazin dibistanek\u00ee xwe j\u00ee di w\u00ea dibistan\u00ea de vekin. Berpirs\u00ea koord\u00eenator\u00ea r\u00eaveberiya perwerdeya qeza \u015eingal\u00ea \u015eehab Ehmed ragehand: \u2018\u2019Naha \u00e7ekdar\u00ean PKK\u00ea li \u015eingal\u00ea dest dan\u00eene ser [&hellip;]","og_url":"https:\/\/darkamazi.info\/archives\/1033779","og_site_name":"Darka Maz\u00ee","article_publisher":"https:\/\/www.facebook.com\/DarMaziKurmanci","article_published_time":"2022-11-19T10:32:54+00:00","og_image":[{"width":710,"height":473,"url":"https:\/\/darkamazi.info\/file\/2022\/11\/\u0634\u0646\u06af\u0627\u0644.jpg","type":"image\/jpeg"}],"author":"darka mazi","twitter_card":"summary_large_image","twitter_creator":"@DarkaMaziLatini","twitter_site":"@DarkaMaziLatini","twitter_misc":{"Written by":"darka mazi","Est. reading time":"2 minutes"},"schema":{"@context":"https:\/\/schema.org","@graph":[{"@type":"Article","@id":"https:\/\/darkamazi.info\/archives\/1033779#article","isPartOf":{"@id":"https:\/\/darkamazi.info\/archives\/1033779"},"author":{"name":"darka mazi","@id":"https:\/\/darkamazi.info\/#\/schema\/person\/5ad3e24553a0567993fa8ed4bd0a776c"},"headline":"PKK\u00ea li \u015eingal\u00ea dest daniye ser dibistanek\u00ee xwandina Kurd\u00ee","datePublished":"2022-11-19T10:32:54+00:00","mainEntityOfPage":{"@id":"https:\/\/darkamazi.info\/archives\/1033779"},"wordCount":270,"publisher":{"@id":"https:\/\/darkamazi.info\/#organization"},"image":{"@id":"https:\/\/darkamazi.info\/archives\/1033779#primaryimage"},"thumbnailUrl":"https:\/\/darkamazi.info\/file\/2022\/11\/\u0634\u0646\u06af\u0627\u0644.jpg","keywords":["sereke"],"articleSection":["Kurdistan"],"inLanguage":"en-US"},{"@type":"WebPage","@id":"https:\/\/darkamazi.info\/archives\/1033779","url":"https:\/\/darkamazi.info\/archives\/1033779","name":"PKK\u00ea li \u015eingal\u00ea dest daniye ser dibistanek\u00ee xwandina Kurd\u00ee - Darka Maz\u00ee","isPartOf":{"@id":"https:\/\/darkamazi.info\/#website"},"primaryImageOfPage":{"@id":"https:\/\/darkamazi.info\/archives\/1033779#primaryimage"},"image":{"@id":"https:\/\/darkamazi.info\/archives\/1033779#primaryimage"},"thumbnailUrl":"https:\/\/darkamazi.info\/file\/2022\/11\/\u0634\u0646\u06af\u0627\u0644.jpg","datePublished":"2022-11-19T10:32:54+00:00","breadcrumb":{"@id":"https:\/\/darkamazi.info\/archives\/1033779#breadcrumb"},"inLanguage":"en-US","potentialAction":[{"@type":"ReadAction","target":["https:\/\/darkamazi.info\/archives\/1033779"]}]},{"@type":"ImageObject","inLanguage":"en-US","@id":"https:\/\/darkamazi.info\/archives\/1033779#primaryimage","url":"https:\/\/darkamazi.info\/file\/2022\/11\/\u0634\u0646\u06af\u0627\u0644.jpg","contentUrl":"https:\/\/darkamazi.info\/file\/2022\/11\/\u0634\u0646\u06af\u0627\u0644.jpg","width":710,"height":473,"caption":"PKK\u00ea li \u015eingal\u00ea dest daniye ser dibistanek\u00ee xwandina Kurd\u00ee"},{"@type":"BreadcrumbList","@id":"https:\/\/darkamazi.info\/archives\/1033779#breadcrumb","itemListElement":[{"@type":"ListItem","position":1,"name":"Home","item":"https:\/\/darkamazi.info\/"},{"@type":"ListItem","position":2,"name":"PKK\u00ea li \u015eingal\u00ea dest daniye ser dibistanek\u00ee xwandina Kurd\u00ee"}]},{"@type":"WebSite","@id":"https:\/\/darkamazi.info\/#website","url":"https:\/\/darkamazi.info\/","name":"Darka Maz\u00ee","description":"P\u00eageha Zanyariy\u00ean Nebih\u00eest\u00ee","publisher":{"@id":"https:\/\/darkamazi.info\/#organization"},"potentialAction":[{"@type":"SearchAction","target":{"@type":"EntryPoint","urlTemplate":"https:\/\/darkamazi.info\/?s={search_term_string}"},"query-input":{"@type":"PropertyValueSpecification","valueRequired":true,"valueName":"search_term_string"}}],"inLanguage":"en-US"},{"@type":"Organization","@id":"https:\/\/darkamazi.info\/#organization","name":"Darka Maz\u00ee","url":"https:\/\/darkamazi.info\/","logo":{"@type":"ImageObject","inLanguage":"en-US","@id":"https:\/\/darkamazi.info\/#\/schema\/logo\/image\/","url":"https:\/\/darkamazi.info\/file\/2017\/12\/darka-mazi-logo.png","contentUrl":"https:\/\/darkamazi.info\/file\/2017\/12\/darka-mazi-logo.png","width":151,"height":75,"caption":"Darka Maz\u00ee"},"image":{"@id":"https:\/\/darkamazi.info\/#\/schema\/logo\/image\/"},"sameAs":["https:\/\/www.facebook.com\/DarMaziKurmanci","https:\/\/x.com\/DarkaMaziLatini","https:\/\/www.instagram.com\/darkamazi.kurmanci\/","https:\/\/www.youtube.com\/channel\/UCa5HkTdmI8U1qCUFuTw8B2g"]},{"@type":"Person","@id":"https:\/\/darkamazi.info\/#\/schema\/person\/5ad3e24553a0567993fa8ed4bd0a776c","name":"darka mazi","sameAs":["https:\/\/darkamazi.info\/"],"url":"https:\/\/darkamazi.info\/archives\/author\/kurdi"}]}},"_links":{"self":[{"href":"https:\/\/darkamazi.info\/funavuv\/wp\/v2\/posts\/1033779","targetHints":{"allow":["GET"]}}],"collection":[{"href":"https:\/\/darkamazi.info\/funavuv\/wp\/v2\/posts"}],"about":[{"href":"https:\/\/darkamazi.info\/funavuv\/wp\/v2\/types\/post"}],"author":[{"embeddable":true,"href":"https:\/\/darkamazi.info\/funavuv\/wp\/v2\/users\/2"}],"replies":[{"embeddable":true,"href":"https:\/\/darkamazi.info\/funavuv\/wp\/v2\/comments?post=1033779"}],"version-history":[{"count":0,"href":"https:\/\/darkamazi.info\/funavuv\/wp\/v2\/posts\/1033779\/revisions"}],"wp:featuredmedia":[{"embeddable":true,"href":"https:\/\/darkamazi.info\/funavuv\/wp\/v2\/media\/1033780"}],"wp:attachment":[{"href":"https:\/\/darkamazi.info\/funavuv\/wp\/v2\/media?parent=1033779"}],"wp:term":[{"taxonomy":"category","embeddable":true,"href":"https:\/\/darkamazi.info\/funavuv\/wp\/v2\/categories?post=1033779"},{"taxonomy":"post_tag","embeddable":true,"href":"https:\/\/darkamazi.info\/funavuv\/wp\/v2\/tags?post=1033779"}],"curies":[{"name":"wp","href":"https:\/\/api.w.org\/{rel}","templated":true}]}}