{"id":1033788,"date":"2022-11-20T13:43:34","date_gmt":"2022-11-20T10:43:34","guid":{"rendered":"https:\/\/darkamazi.info\/?p=1033788"},"modified":"2022-11-20T13:43:34","modified_gmt":"2022-11-20T10:43:34","slug":"pisti-kongreya-14-min-a-pdke","status":"publish","type":"post","link":"https:\/\/darkamazi.info\/archives\/1033788","title":{"rendered":"Pi\u015ft\u00ee Kongreya 14 m\u00een a PDK\u00ea"},"content":{"rendered":"<ul>\n<li>\n<h3 style=\"text-align: justify\"><span style=\"font-family: 'arial black', sans-serif;color: #3366ff\">Bedirxan Ko\u00e7giri<\/span><\/h3>\n<\/li>\n<\/ul>\n<h3 style=\"text-align: justify\"><span style=\"font-family: 'arial black', sans-serif\">Kongreya 14 m\u00een a PDK\u00ea di destp\u00eaka meha Mijdar\u00ea de hat lidarxistin. Di 12\u00ea Mijdar\u00ea de endam\u00ean Pol\u00eetburoy\u00ea hatin hilbijartin \u00fb bi v\u00ee away\u00ee pi\u015ft\u00ee kongrey\u00ea s\u00eestem temam b\u00fb. Kongre gaveke gir\u00eeng b\u00fb, ji ber ku xeta siyas\u00ee \u00fb pergala r\u00eaxistin\u00ee ya di kongrey\u00ea de hat diyarkirin w\u00ea ji bo her \u00e7ar par\u00e7ey\u00ean Kurdistan\u00ea \u00fb Rojhilata Nav\u00een be.<\/span><\/h3>\n<h3 style=\"text-align: justify\"><span style=\"font-family: 'arial black', sans-serif;font-size: 18pt;color: #8c0303\">Ne Hilbijartina r\u00eaveberiy\u00ea, xeta siyas\u00ee esase<\/span><\/h3>\n<h3 style=\"text-align: justify\"><span style=\"font-family: arial, helvetica, sans-serif\">Q\u00fbnaxa amadekariya Kongrey\u00ea bi baldariyeke mezin hat me\u015fandin. P\u00eavajoya kongrey\u00ea j\u00ee bi ser\u00ea xwe serkeft\u00ee b\u00fb. Derdor\u00ean dijber\u00ea PDK\u00ea j\u00ee nikarin ti\u015ftek\u00ee ji kongrey\u00ea re bib\u00eajin.<\/span><\/h3>\n<h3 style=\"text-align: justify\"><span style=\"font-family: arial, helvetica, sans-serif\">Hin derdor\u00ean navdar bi polem\u00eek\u00ean sade y\u00ean wek\u00ee \u201ck\u00ee hat hilbijartin, k\u00ee nehat hilbijartin \u00fb \u00e7ima hat hilbijartin\u201d hewl didin kongreya PDK\u00ea b\u00eawate bikin. Di nav wan de y\u00ean sereke dewlet\u00ean eniya Dije-Kurdistan\u00ee \u00fb n\u00fbner\u00ean wan partiy\u00ean wek YNK \u00fb PKK b\u00fbn.<\/span><\/h3>\n<h3 style=\"text-align: justify\"><span style=\"font-family: arial, helvetica, sans-serif\">L\u00ea mixabin di hinek derdor\u00ean n\u00eaz\u00ee PDK\u00ea de bi niyeta ba\u015f j\u00ee b\u00eet hilbijartin kirin rojev\u00ea xwe de. Ev j\u00ee helwesteke apol\u00eet\u00eeke, xelet e. Div\u00ea e\u015fkere b\u00ea gotin b\u00ea g\u00fbman encam\u00ean hilbijartin\u00ea nikare her kes\u00ee mamn\u00fbn bike. Ew\u00ea hinek n\u00eegeranbin ku ne hat\u00ee hilbijartin an j\u00ee kes\u00ean ku w\u00ee dixwest nehatin hilbijartin. Hilbijartin bi awayek\u00ee zelal hat kirin ku tu gumanan \u00e7\u00eanebe.<\/span><\/h3>\n<h3 style=\"text-align: justify\"><span style=\"font-family: arial, helvetica, sans-serif\">Div\u00ea ney\u00ea ji b\u00eer kirin ku erka kongreyan ne r\u00eazgirtina \u015fexsane. Erka kongreyan ew e ku li gor\u00ee parad\u00eegmaya xet \u00fb r\u00eabaza siyas\u00ee zelal bibe. Berpirsiyariya r\u00eaveberiya n\u00fb ye ku van kes\u00ean n\u00eegeran b\u00fby\u00ee a\u015f bike. L\u00ea ev babetek\u00ee tal\u00ee ye.<\/span><\/h3>\n<h3 style=\"text-align: justify\"><span style=\"font-family: 'arial black', sans-serif;font-size: 18pt;color: #8c0303\">Kongreya PDK\u00ea ne ten\u00ea Ba\u015f\u00fbr\u00ea Kurdistan\u00ea, tevahiya t\u00eako\u015f\u00eena Kurdan eleqedar dike<\/span><\/h3>\n<h3 style=\"text-align: justify\"><span style=\"font-family: arial, helvetica, sans-serif\">Ji ber ku rastiya siyaseta PDK\u00ea ne e\u015f\u00eerek, ne komek \u00fb ne j\u00ee ten\u00ea Ba\u015f\u00fbr\u00ea Kurdistan\u00ea eleqedar dike. PDKe yek ji s\u00eago\u015feya sereke ya d\u00eeroka t\u00eako\u015f\u00eena Kurdane. Herwiha PDKe partiyeke ku di hevsengiy\u00ean siyas\u00ee y\u00ean Rojhilata Nav\u00een \u00fb Kurdistan\u00ea de xwed\u00ee cihek\u00ee d\u00eeyare. Rew\u015fa nav part\u00ee, siyaset \u00fb heta kr\u00eez\u00ean partiyeke din wek YNK\u00ea ten\u00ea dikare bandor\u00ea li Sil\u00eamaniy\u00ea bike. L\u00ea hevsengiya navxwey\u00ee, siyaset \u00fb kr\u00eez\u00ean PDK\u00ea bandor\u00ea li hem\u00fb Kurdan dike. Lewma ev kongre d\u00ea ne ten\u00ea li ser rew\u015fa Her\u00eama Kurdistan\u00ea, w\u00ea bandor\u00ea li rew\u015fa hem\u00fb par\u00e7ey\u00ean din j\u00ee bike. Div\u00ea rastiya Kongreya 14 m\u00een a PDK\u00ea bi v\u00ea perspekt\u00eef\u00ea were m\u00eazekirin.<\/span><\/h3>\n<h3 style=\"text-align: justify\"><span style=\"font-family: 'arial black', sans-serif;font-size: 18pt;color: #8c0303\">Barzan\u00ee parad\u00eegma ye<\/span><\/h3>\n<h3 style=\"text-align: justify\"><span style=\"font-family: arial, helvetica, sans-serif\">Di kongreya 14 m\u00een a PDK\u00ea de, hem ji aliy\u00ea Serok Barzan\u00ee ve \u00fb hem j\u00ee di got\u00fbb\u00eaj\u00ean kongrey\u00ea de, rastiyek heb\u00fb. Peyva Barzan\u00ee ne t\u00eageheke her\u00eam\u00ee ye, xeteke bi aliy\u00ean siyas\u00ee, civak\u00ee, \u00eedar\u00ee, yasay\u00ee \u00fb manew\u00ee ye. Gotina Serok Barzan\u00ee ya \u201cTen\u00ea bi cemedaniya sor h\u00fbn nikarin bibin Barzan\u00ee, Barzan\u00ee dibistane\u201d v\u00ea rastiy\u00ea pir e\u015fkere t\u00eene ziman.<\/span><\/h3>\n<h3 style=\"text-align: justify\"><span style=\"font-family: arial, helvetica, sans-serif\">Ya ku em j\u00ea re dib\u00eajin kongreya PDK\u00ea di esl\u00ea xwe de kongreya &#8220;R\u00eabaza Barzan\u00ee&#8221; ye ku bi Kurd\u00ee ba\u015ftir t\u00ea \u00eefadekirin. R\u00eabaza Barzan\u00ee parad\u00eegmayeke. Parad\u00eegma \u00e7i ye? Parad\u00eegma bergehe, nirx, b\u00eer, bawer\u00ee ji aliy\u00ea n\u00ear\u00eenek\u00ea ve p\u00eak t\u00ea. Bi gotineke din, ew \u00e7av\u00ea ku em p\u00ea li jiyan\u00ea din\u00earin. Ji ber v\u00ea yek\u00ea Barzan\u00eezm r\u00eayeke t\u00eagih\u00ee\u015ftin \u00fb jiyan\u00ea ye.<\/span><\/h3>\n<h3 style=\"text-align: justify\"><span style=\"font-family: 'arial black', sans-serif;font-size: 18pt;color: #8c0303\">Barzan\u00eezm: Ji Konfederasyona E\u015f\u00eeran heta dewlet b\u00fbn\u00ea<\/span><\/h3>\n<h3 style=\"text-align: justify\"><span style=\"font-family: arial, helvetica, sans-serif\">Bi \u015e\u00eax Abdulselam re Barzan\u00ee ji malbatek\u00ea derket \u00fb b\u00fb konfederasyona e\u015f\u00eeran. Di sedsala 20an de R\u00eabaza Barzan\u00ee b\u00fb partiyek \u00fb bi tevl\u00eab\u00fbna \u00eal, kesayet, e\u015f\u00eeret \u00fb partiy\u00ean din \u00ean Kurdistan\u00ea berfireh b\u00fb. Di dawiya sedsala 20an de R\u00eabaza Barzan\u00ee xeleka windab\u00fbna Kurdan \u015fikand \u00fb li Her\u00eama Kurdistan\u00ea s\u00eestemek berbi dewletb\u00fbn\u00ea ava kir. H\u00eaza ku b\u00fbye p\u00ea\u015feng\u00ea heb\u00fbna Her\u00eama Kurdistan\u00ea PDKe ye. PDK niha n\u00eevdewlet e.<\/span><\/h3>\n<h3 style=\"text-align: justify\"><span style=\"font-family: arial, helvetica, sans-serif\">V\u00ea statoya n\u00eevdewlet\u00ee ya PDK\u00ea bandoreke mezin li hem\u00fb par\u00e7ey\u00ean Kurdistan\u00ea \u00fb rewab\u00fbna Kurdan a navnetewey\u00ee kir. Em dikarin bib\u00eajin ku PDK\u00ea \u015fikestinek mezin di n\u00eezama Dije-Kurdistan\u00ee ya sedsala 20 an de \u00e7\u00eakir. PDK\u00ea fermana Dije-Kurd hejand \u00fb Kurd ber bi s\u00eestemek\u00ee Moder-Navdewlet\u00ee bir.<\/span><\/h3>\n<h3 style=\"text-align: justify\"><span style=\"font-family: arial, helvetica, sans-serif\">Xeta ku \u015e\u00eax Abdulselam di daw\u00eeya sedsala 19 \u00fb destp\u00eaka sedsala 20 de ew r\u00eabaza di dergahek\u00ee derw\u00ea\u015fan de \u00e7\u00eakir\u00ee \u00eero b\u00fbye s\u00eestemek\u00ee civak\u00ee. Di war\u00ea j\u00eeyana dadwer\u00ee \u00fb sir\u00fb\u015ft\u00ee de Xwedan (\u015e\u00eax Ehmed) reform\u00ean mezin \u00e7\u00eakirin \u00fb ew t\u00eageh weke r\u00eabaza azad\u00eexwaz\u00eeya netew\u00ee \u00fb civak\u00ee li \u015fexs\u00ea PDK\u00ea de sazb\u00fb.<\/span><\/h3>\n<h3 style=\"text-align: justify\"><span style=\"font-family: 'arial black', sans-serif;color: #8c0303;font-size: 18pt\">Rexney\u00ean Serok Barzan\u00ee<\/span><\/h3>\n<h3 style=\"text-align: justify\"><span style=\"font-family: arial, helvetica, sans-serif\">Ned\u00eetina van p\u00eevan\u00ean parad\u00eegmaya Barzan\u00ee nenas\u00eena d\u00eeroka Kurdistan\u00ea ye. Gelek derdor bi zaneb\u00fbn v\u00ea yek\u00ea dikin \u00fb hewl didin Barzantiy\u00ea weke malbat n\u00ee\u015fan bidin. Serok Barzan\u00ee e\u015fkere kir ku di kongrey\u00ea de xeta Barzan\u00ee ya rast\u00ee \u00e7i ye. Serok Barzan\u00ee di axaftina xwe ya bidaw\u00ee kirina kongrey\u00ea de got: \u201cBiray\u00ean min, r\u00eaya mezin \u00fb p\u00eeroz a Barzan\u00ee li gor\u00ee nif\u015fa niha nenirx\u00eenin\u201d.<\/span><\/h3>\n<h3 style=\"text-align: justify\"><span style=\"font-family: arial, helvetica, sans-serif\">Ev rexne ne ten\u00ea li malbat\u00ea l\u00ea li hem\u00fb xebatkar \u00fb al\u00eegir\u00ean PDK\u00ea t\u00ea kirin. Div\u00ea her kes xwe, helwesta xwe ji n\u00fbve binirx\u00eene \u00fb li gor\u00ee prens\u00eeb\u00ean xeta Barzan\u00ee tevbigere. V\u00ea kongrey\u00ea n\u00fbkirin, perwerdekirin \u00fb rastkirina xwe ji bo karmend\u00ean PDK\u00ea kiriye p\u00eaw\u00eestiyek.<\/span><\/h3>\n<h3 style=\"text-align: justify\"><span style=\"font-family: arial, helvetica, sans-serif\">Ev xala ku ji aliy\u00ea Serok Barzan\u00ee ve hatiye destn\u00ee\u015fankirin, div\u00ea hem\u00fb rew\u015fenb\u00eer, niv\u00eeskar \u00fb siyasetmedar\u00ean PDK\u00ea ji xwe re esas bigirin. Y\u00ean ku hewl didin xeta Barzan\u00ee t\u00eaxin nava reftar\u00ean hinek kesan, div\u00ea li dij\u00ee wan \u015fer b\u00ea kirin.<\/span><\/h3>\n<h3 style=\"text-align: justify\"><span style=\"font-family: 'arial black', sans-serif;font-size: 18pt;color: #8c0303\">Li gor\u00ee xeta kongrey\u00ea biryar hatin girtin<\/span><\/h3>\n<h3 style=\"text-align: justify\"><span style=\"font-family: arial, helvetica, sans-serif\">Kongreya 14 an n\u00ee\u015fan dide ku Parad\u00eegmaya Barzan\u00ee s\u00ea sedsal d\u00eetine. Niha kar\u00ea sereke ew e ku di sedsala s\u00eayem\u00een de, yan\u00ee di sedsala 21 an de, xeta Barzan\u00ee w\u00ea \u00e7awa pirat\u00eeze bibe.<\/span><\/h3>\n<h3 style=\"text-align: justify\"><span style=\"font-family: arial, helvetica, sans-serif\">S\u00ea duru\u015fmeya Kongrey\u00ea ya &#8220;Azad\u00ee, Demokras\u00ee \u00fb Dadperwer\u00ee&#8221; bi rast\u00ee j\u00ee diyar kir ku d\u00ea \u00e7awa jiyan\u00ee bibe.<\/span><\/h3>\n<h3 style=\"text-align: justify\"><span style=\"font-family: arial, helvetica, sans-serif\">Azad\u00ee, Demokras\u00ee \u00fb Edalet; Ji bo Kurdistan\u00ea, ji bo hem\u00fb p\u00eakhatey\u00ean etn\u00eek\u00ee, ol\u00ee \u00fb civak\u00ee y\u00ean li Kurdistan\u00ea dij\u00een \u00fb ji bo welatiyan e.<\/span><\/h3>\n<h3 style=\"text-align: justify\"><span style=\"font-family: arial, helvetica, sans-serif\">Di biryar\u00ean kongrey\u00ea de yek ji xal\u00ean her\u00ee gir\u00eeng j\u00ee biryara \u201cPi\u015ftgiriya t\u00eako\u015f\u00eena li par\u00e7ey\u00ean din \u00ean Kurdistan\u00ea\u201d ye. PDK\u00ea ji destp\u00eak\u00ea ve li ser v\u00ea mijar\u00ea helwesteke hevgirt\u00ee \u00fb hestiyar n\u00ee\u015fan daye. Her tim bi par\u00e7ey\u00ean din \u00ean Kurdistan\u00ea re hatiye gir\u00eadan \u00fb bi wan re hatiye parvekirin. Ji bo kongrey\u00ea giring\u00eedana v\u00ea mijar\u00ea pir p\u00eadv\u00ee b\u00fb.<\/span><\/h3>\n<h3 style=\"text-align: justify\"><span style=\"font-family: arial, helvetica, sans-serif\">Kongrey\u00ea her wiha diyar kir ku ew \u00ea di \u00e7areseriya pirsgir\u00eaka Kurd de siyaseteke her\u00eam\u00ee \u00fb navnetewey\u00ee bime\u015f\u00eenin. Her wiha li ser mijar\u00ean wek\u00ee \u201cz\u00eadekirina n\u00fbneratiy\u00ean Her\u00eama Kurdistan\u00ea di saziy\u00ean navnetewey\u00ee de\u201d j\u00ee biryar\u00ean berbi\u00e7av hatine girtin.<\/span><\/h3>\n<h3 style=\"text-align: justify\"><span style=\"font-family: arial, helvetica, sans-serif\">Helwesta kongrey\u00ea, axaftin\u00ean Serok Barzan\u00ee wek dezgeha sereke ya siyaset\u00ea \u00fb biryaran n\u00ee\u015fan dide ku: Xeta \u201cdestxistina maf\u00ea \u00e7aren\u00fbs\u00ee \u00fb xwebir\u00eavebirina Kurdan\u201d di Referand\u00fbma PDK\u00ea de berdewame. Ev t\u00ea w\u00ea watey\u00ea ku PDKe h\u00eaviya Kurdan a ji kaosa Rojhilata Nav\u00een bi \u201ddewleta xwe ya serbixwe\u201d derkeve.<\/span><\/h3>\n<h3 style=\"text-align: justify\"><span style=\"font-family: 'arial black', sans-serif;font-size: 18pt;color: #8c0303\">Nekar\u00een PDK\u00ea tune bikin<\/span><\/h3>\n<h3 style=\"text-align: justify\"><span style=\"font-family: arial, helvetica, sans-serif\">Xeta partiy\u00ea ya ku di nava s\u00ea sedsalan de ava b\u00fbye, ji sala 2004 an \u00fb vir ve ji bo Kurdan her\u00eameke xweser, rast\u00ee \u00ear\u00ee\u015feke mezin hatiye. Dewlet\u00ean kolonyal\u00eest, r\u00eaxistin\u00ean ta\u015feron \u00fb xiyanetkar\u00ean navxwey\u00ee \u00ear\u00ee\u015f kirin ser v\u00ea desthilata Kurdistan\u00ee \u00fb h\u00ea j\u00ee dikin.<\/span><\/h3>\n<h3 style=\"text-align: justify\"><span style=\"font-family: arial, helvetica, sans-serif\">P\u00eavajoya bi nav\u00ea Bihara Ereb\u00ee ku di sala 2011 an de dest p\u00ea kir, gelek kes, dewlet \u00fb p\u00eakhate ji hol\u00ea rakirin. Derdora ku em j\u00ea re dib\u00eajin Eniya Dije-Kurdistan\u00ee, PDKe xiste l\u00eesteya h\u00eaz\u00ean ku werin tunekirin de. Eger \u00eero PDKe li qada \u015fer a Rojhilata Nav\u00een kongreyek\u00ea li dar dixe, tev\u00ee hem\u00fb dorp\u00ea\u00e7a li ser ev t\u00ea w\u00ea watey\u00ea ku nekar\u00een PDK\u00ea t\u00eak bibin.<\/span><\/h3>\n<h3 style=\"text-align: justify\"><span style=\"font-family: 'arial black', sans-serif;font-size: 18pt;color: #8c0303\">H\u00eaviy\u00ean fitne \u00fb par\u00e7eb\u00fbna siyas\u00ee j\u00ee vala b\u00fb<\/span><\/h3>\n<h3 style=\"text-align: justify\"><span style=\"font-family: arial, helvetica, sans-serif\">Li gel bi dehan derew, buxtan \u00fb komploy\u00ean kes\u00ean ku dixwestin PDKe biqede \u00fb navmala part\u00eey\u00ea de agir\u00ea fitne g\u00fbr bibe. Ev derdor bi salan li benda nakokiya nif\u015fa ciwan a siyas\u00ee b\u00fbn. Di v\u00ee war\u00ee de gelek caran nav\u00ean N\u00ea\u00e7\u00eervan \u00fb Mesr\u00fbr Barzan\u00ee dihatin gotin. L\u00ea kongre y\u00ea ev h\u00eav\u00eey\u00een neyaran j\u00ee p\u00fb\u00e7 kirin.<\/span><\/h3>\n<h3 style=\"text-align: justify\"><span style=\"font-family: arial, helvetica, sans-serif\">Di kongreya 14 m\u00een de herduyan j\u00ee li gor\u00ee formula Serok Barzan\u00ee fermoy\u00ee di encam\u00ea de 1+1=1. Bel\u00ea, ev yek\u00eet\u00ee hem dildar\u00ee \u00fb hem j\u00ee p\u00eaw\u00eest\u00eeyek e. Ji ber ku ev rew\u015fa yekb\u00fby\u00een \u00fb parastina hevsengiya navxwey\u00ee d\u00ea p\u00ea\u015feroja Kurdan diyar bike.<\/span><\/h3>\n<h3 style=\"text-align: justify\"><span style=\"font-family: 'arial black', sans-serif;font-size: 18pt;color: #8c0303\">Di encam\u00ea da:<\/span><\/h3>\n<h3 style=\"text-align: justify\"><span style=\"font-family: arial, helvetica, sans-serif\">Kongreya PDK\u00ea bi serkeft\u00ee daw\u00ee b\u00fb. \u00cad\u00ee dema xwebat \u00fb teko\u015f\u00eenek b\u00eawestyan ne. R\u00eaxistin\u00ean her\u00eam\u00ee y\u00ean PDK\u00ea, di gel r\u00eaveber\u00ean her\u00eam\u00ee, hem\u00fb kadroy\u00ean xeta Barzan\u00ee y\u00ean hilbijart\u00ee \u00fb nehilbijart\u00ee, ne li gor\u00ee berjewendiy\u00ean xwe y\u00ean takekes\u00ee w\u00ea li gor\u00ee p\u00eaw\u00eestiya xeta R\u00eabaza Barzan\u00ee tevbigerin.<\/span><\/h3>\n<p>&nbsp;<\/p>\n<div class=\"textout\">\n<ul>\n<li>\n<h3><span style=\"font-family: 'arial black', sans-serif;font-size: 14pt;color: #3366ff\">Ev niv\u00ees derbir\u00een\u00ea ji ner\u00eena niv\u00eeskar\u00ee dide<\/span><\/h3>\n<\/li>\n<\/ul>\n<\/div>\n","protected":false},"excerpt":{"rendered":"<p>Bedirxan Ko\u00e7giri Kongreya 14 m\u00een a PDK\u00ea di destp\u00eaka meha Mijdar\u00ea de hat lidarxistin. Di 12\u00ea Mijdar\u00ea de endam\u00ean Pol\u00eetburoy\u00ea hatin hilbijartin \u00fb bi v\u00ee away\u00ee pi\u015ft\u00ee kongrey\u00ea s\u00eestem temam b\u00fb. Kongre gaveke gir\u00eeng b\u00fb, ji ber ku xeta siyas\u00ee \u00fb pergala r\u00eaxistin\u00ee ya di kongrey\u00ea de hat diyarkirin w\u00ea ji bo her \u00e7ar par\u00e7ey\u00ean [&hellip;]<\/p>\n","protected":false},"author":2,"featured_media":1033789,"comment_status":"closed","ping_status":"closed","sticky":false,"template":"","format":"standard","meta":{"footnotes":""},"categories":[28],"tags":[37],"class_list":["post-1033788","post","type-post","status-publish","format-standard","has-post-thumbnail","hentry","category-nerin","tag-sereke"],"blocksy_meta":[],"seo_head":"<!-- This site is optimized with the Yoast SEO plugin v27.5 - https:\/\/yoast.com\/product\/yoast-seo-wordpress\/ -->\n<title>Pi\u015ft\u00ee Kongreya 14 m\u00een a PDK\u00ea - Darka Maz\u00ee<\/title>\n<meta name=\"robots\" content=\"index, follow, max-snippet:-1, max-image-preview:large, max-video-preview:-1\" \/>\n<link rel=\"canonical\" href=\"https:\/\/darkamazi.info\/archives\/1033788\" \/>\n<meta property=\"og:locale\" content=\"en_US\" \/>\n<meta property=\"og:type\" content=\"article\" \/>\n<meta property=\"og:title\" content=\"Pi\u015ft\u00ee Kongreya 14 m\u00een a PDK\u00ea - Darka Maz\u00ee\" \/>\n<meta property=\"og:description\" content=\"Bedirxan Ko\u00e7giri Kongreya 14 m\u00een a PDK\u00ea di destp\u00eaka meha Mijdar\u00ea de hat lidarxistin. Di 12\u00ea Mijdar\u00ea de endam\u00ean Pol\u00eetburoy\u00ea hatin hilbijartin \u00fb bi v\u00ee away\u00ee pi\u015ft\u00ee kongrey\u00ea s\u00eestem temam b\u00fb. Kongre gaveke gir\u00eeng b\u00fb, ji ber ku xeta siyas\u00ee \u00fb pergala r\u00eaxistin\u00ee ya di kongrey\u00ea de hat diyarkirin w\u00ea ji bo her \u00e7ar par\u00e7ey\u00ean [&hellip;]\" \/>\n<meta property=\"og:url\" content=\"https:\/\/darkamazi.info\/archives\/1033788\" \/>\n<meta property=\"og:site_name\" content=\"Darka Maz\u00ee\" \/>\n<meta property=\"article:publisher\" content=\"https:\/\/www.facebook.com\/DarMaziKurmanci\" \/>\n<meta property=\"article:published_time\" content=\"2022-11-20T10:43:34+00:00\" \/>\n<meta property=\"og:image\" content=\"https:\/\/darkamazi.info\/file\/2022\/11\/PDK-Kongre-Serok-Barzani-2.jpg\" \/>\n\t<meta property=\"og:image:width\" content=\"900\" \/>\n\t<meta property=\"og:image:height\" content=\"497\" \/>\n\t<meta property=\"og:image:type\" content=\"image\/jpeg\" \/>\n<meta name=\"author\" content=\"darka mazi\" \/>\n<meta name=\"twitter:card\" content=\"summary_large_image\" \/>\n<meta name=\"twitter:creator\" content=\"@DarkaMaziLatini\" \/>\n<meta name=\"twitter:site\" content=\"@DarkaMaziLatini\" \/>\n<meta name=\"twitter:label1\" content=\"Written by\" \/>\n\t<meta name=\"twitter:data1\" content=\"darka mazi\" \/>\n\t<meta name=\"twitter:label2\" content=\"Est. reading time\" \/>\n\t<meta name=\"twitter:data2\" content=\"6 minutes\" \/>\n<script type=\"application\/ld+json\" class=\"seo-schema-graph\">{\"@context\":\"https:\\\/\\\/schema.org\",\"@graph\":[{\"@type\":\"Article\",\"@id\":\"https:\\\/\\\/darkamazi.info\\\/archives\\\/1033788#article\",\"isPartOf\":{\"@id\":\"https:\\\/\\\/darkamazi.info\\\/archives\\\/1033788\"},\"author\":{\"name\":\"darka mazi\",\"@id\":\"https:\\\/\\\/darkamazi.info\\\/#\\\/schema\\\/person\\\/5ad3e24553a0567993fa8ed4bd0a776c\"},\"headline\":\"Pi\u015ft\u00ee Kongreya 14 m\u00een a PDK\u00ea\",\"datePublished\":\"2022-11-20T10:43:34+00:00\",\"mainEntityOfPage\":{\"@id\":\"https:\\\/\\\/darkamazi.info\\\/archives\\\/1033788\"},\"wordCount\":1515,\"publisher\":{\"@id\":\"https:\\\/\\\/darkamazi.info\\\/#organization\"},\"image\":{\"@id\":\"https:\\\/\\\/darkamazi.info\\\/archives\\\/1033788#primaryimage\"},\"thumbnailUrl\":\"https:\\\/\\\/darkamazi.info\\\/darka-content\\\/uploads\\\/2022\\\/11\\\/PDK-Kongre-Serok-Barzani-2.jpg\",\"keywords\":[\"sereke\"],\"articleSection\":[\"Ner\u00een\"],\"inLanguage\":\"en-US\"},{\"@type\":\"WebPage\",\"@id\":\"https:\\\/\\\/darkamazi.info\\\/archives\\\/1033788\",\"url\":\"https:\\\/\\\/darkamazi.info\\\/archives\\\/1033788\",\"name\":\"Pi\u015ft\u00ee Kongreya 14 m\u00een a PDK\u00ea - Darka Maz\u00ee\",\"isPartOf\":{\"@id\":\"https:\\\/\\\/darkamazi.info\\\/#website\"},\"primaryImageOfPage\":{\"@id\":\"https:\\\/\\\/darkamazi.info\\\/archives\\\/1033788#primaryimage\"},\"image\":{\"@id\":\"https:\\\/\\\/darkamazi.info\\\/archives\\\/1033788#primaryimage\"},\"thumbnailUrl\":\"https:\\\/\\\/darkamazi.info\\\/darka-content\\\/uploads\\\/2022\\\/11\\\/PDK-Kongre-Serok-Barzani-2.jpg\",\"datePublished\":\"2022-11-20T10:43:34+00:00\",\"breadcrumb\":{\"@id\":\"https:\\\/\\\/darkamazi.info\\\/archives\\\/1033788#breadcrumb\"},\"inLanguage\":\"en-US\",\"potentialAction\":[{\"@type\":\"ReadAction\",\"target\":[\"https:\\\/\\\/darkamazi.info\\\/archives\\\/1033788\"]}]},{\"@type\":\"ImageObject\",\"inLanguage\":\"en-US\",\"@id\":\"https:\\\/\\\/darkamazi.info\\\/archives\\\/1033788#primaryimage\",\"url\":\"https:\\\/\\\/darkamazi.info\\\/darka-content\\\/uploads\\\/2022\\\/11\\\/PDK-Kongre-Serok-Barzani-2.jpg\",\"contentUrl\":\"https:\\\/\\\/darkamazi.info\\\/darka-content\\\/uploads\\\/2022\\\/11\\\/PDK-Kongre-Serok-Barzani-2.jpg\",\"width\":900,\"height\":497,\"caption\":\"PDK-Kongre-Serok-Barzani-2\"},{\"@type\":\"BreadcrumbList\",\"@id\":\"https:\\\/\\\/darkamazi.info\\\/archives\\\/1033788#breadcrumb\",\"itemListElement\":[{\"@type\":\"ListItem\",\"position\":1,\"name\":\"Home\",\"item\":\"https:\\\/\\\/darkamazi.info\\\/\"},{\"@type\":\"ListItem\",\"position\":2,\"name\":\"Pi\u015ft\u00ee Kongreya 14 m\u00een a PDK\u00ea\"}]},{\"@type\":\"WebSite\",\"@id\":\"https:\\\/\\\/darkamazi.info\\\/#website\",\"url\":\"https:\\\/\\\/darkamazi.info\\\/\",\"name\":\"Darka Maz\u00ee\",\"description\":\"P\u00eageha Zanyariy\u00ean Nebih\u00eest\u00ee\",\"publisher\":{\"@id\":\"https:\\\/\\\/darkamazi.info\\\/#organization\"},\"potentialAction\":[{\"@type\":\"SearchAction\",\"target\":{\"@type\":\"EntryPoint\",\"urlTemplate\":\"https:\\\/\\\/darkamazi.info\\\/?s={search_term_string}\"},\"query-input\":{\"@type\":\"PropertyValueSpecification\",\"valueRequired\":true,\"valueName\":\"search_term_string\"}}],\"inLanguage\":\"en-US\"},{\"@type\":\"Organization\",\"@id\":\"https:\\\/\\\/darkamazi.info\\\/#organization\",\"name\":\"Darka Maz\u00ee\",\"url\":\"https:\\\/\\\/darkamazi.info\\\/\",\"logo\":{\"@type\":\"ImageObject\",\"inLanguage\":\"en-US\",\"@id\":\"https:\\\/\\\/darkamazi.info\\\/#\\\/schema\\\/logo\\\/image\\\/\",\"url\":\"https:\\\/\\\/darkamazi.info\\\/darka-content\\\/uploads\\\/2017\\\/12\\\/darka-mazi-logo.png\",\"contentUrl\":\"https:\\\/\\\/darkamazi.info\\\/darka-content\\\/uploads\\\/2017\\\/12\\\/darka-mazi-logo.png\",\"width\":151,\"height\":75,\"caption\":\"Darka Maz\u00ee\"},\"image\":{\"@id\":\"https:\\\/\\\/darkamazi.info\\\/#\\\/schema\\\/logo\\\/image\\\/\"},\"sameAs\":[\"https:\\\/\\\/www.facebook.com\\\/DarMaziKurmanci\",\"https:\\\/\\\/x.com\\\/DarkaMaziLatini\",\"https:\\\/\\\/www.instagram.com\\\/darkamazi.kurmanci\\\/\",\"https:\\\/\\\/www.youtube.com\\\/channel\\\/UCa5HkTdmI8U1qCUFuTw8B2g\"]},{\"@type\":\"Person\",\"@id\":\"https:\\\/\\\/darkamazi.info\\\/#\\\/schema\\\/person\\\/5ad3e24553a0567993fa8ed4bd0a776c\",\"name\":\"darka mazi\",\"sameAs\":[\"https:\\\/\\\/darkamazi.info\\\/\"],\"url\":\"https:\\\/\\\/darkamazi.info\\\/archives\\\/author\\\/kurdi\"}]}<\/script>\n<!-- \/ Yoast SEO plugin. -->","seo_head_json":{"title":"Pi\u015ft\u00ee Kongreya 14 m\u00een a PDK\u00ea - Darka Maz\u00ee","robots":{"index":"index","follow":"follow","max-snippet":"max-snippet:-1","max-image-preview":"max-image-preview:large","max-video-preview":"max-video-preview:-1"},"canonical":"https:\/\/darkamazi.info\/archives\/1033788","og_locale":"en_US","og_type":"article","og_title":"Pi\u015ft\u00ee Kongreya 14 m\u00een a PDK\u00ea - Darka Maz\u00ee","og_description":"Bedirxan Ko\u00e7giri Kongreya 14 m\u00een a PDK\u00ea di destp\u00eaka meha Mijdar\u00ea de hat lidarxistin. Di 12\u00ea Mijdar\u00ea de endam\u00ean Pol\u00eetburoy\u00ea hatin hilbijartin \u00fb bi v\u00ee away\u00ee pi\u015ft\u00ee kongrey\u00ea s\u00eestem temam b\u00fb. Kongre gaveke gir\u00eeng b\u00fb, ji ber ku xeta siyas\u00ee \u00fb pergala r\u00eaxistin\u00ee ya di kongrey\u00ea de hat diyarkirin w\u00ea ji bo her \u00e7ar par\u00e7ey\u00ean [&hellip;]","og_url":"https:\/\/darkamazi.info\/archives\/1033788","og_site_name":"Darka Maz\u00ee","article_publisher":"https:\/\/www.facebook.com\/DarMaziKurmanci","article_published_time":"2022-11-20T10:43:34+00:00","og_image":[{"width":900,"height":497,"url":"https:\/\/darkamazi.info\/file\/2022\/11\/PDK-Kongre-Serok-Barzani-2.jpg","type":"image\/jpeg"}],"author":"darka mazi","twitter_card":"summary_large_image","twitter_creator":"@DarkaMaziLatini","twitter_site":"@DarkaMaziLatini","twitter_misc":{"Written by":"darka mazi","Est. reading time":"6 minutes"},"schema":{"@context":"https:\/\/schema.org","@graph":[{"@type":"Article","@id":"https:\/\/darkamazi.info\/archives\/1033788#article","isPartOf":{"@id":"https:\/\/darkamazi.info\/archives\/1033788"},"author":{"name":"darka mazi","@id":"https:\/\/darkamazi.info\/#\/schema\/person\/5ad3e24553a0567993fa8ed4bd0a776c"},"headline":"Pi\u015ft\u00ee Kongreya 14 m\u00een a PDK\u00ea","datePublished":"2022-11-20T10:43:34+00:00","mainEntityOfPage":{"@id":"https:\/\/darkamazi.info\/archives\/1033788"},"wordCount":1515,"publisher":{"@id":"https:\/\/darkamazi.info\/#organization"},"image":{"@id":"https:\/\/darkamazi.info\/archives\/1033788#primaryimage"},"thumbnailUrl":"https:\/\/darkamazi.info\/file\/2022\/11\/PDK-Kongre-Serok-Barzani-2.jpg","keywords":["sereke"],"articleSection":["Ner\u00een"],"inLanguage":"en-US"},{"@type":"WebPage","@id":"https:\/\/darkamazi.info\/archives\/1033788","url":"https:\/\/darkamazi.info\/archives\/1033788","name":"Pi\u015ft\u00ee Kongreya 14 m\u00een a PDK\u00ea - Darka Maz\u00ee","isPartOf":{"@id":"https:\/\/darkamazi.info\/#website"},"primaryImageOfPage":{"@id":"https:\/\/darkamazi.info\/archives\/1033788#primaryimage"},"image":{"@id":"https:\/\/darkamazi.info\/archives\/1033788#primaryimage"},"thumbnailUrl":"https:\/\/darkamazi.info\/file\/2022\/11\/PDK-Kongre-Serok-Barzani-2.jpg","datePublished":"2022-11-20T10:43:34+00:00","breadcrumb":{"@id":"https:\/\/darkamazi.info\/archives\/1033788#breadcrumb"},"inLanguage":"en-US","potentialAction":[{"@type":"ReadAction","target":["https:\/\/darkamazi.info\/archives\/1033788"]}]},{"@type":"ImageObject","inLanguage":"en-US","@id":"https:\/\/darkamazi.info\/archives\/1033788#primaryimage","url":"https:\/\/darkamazi.info\/file\/2022\/11\/PDK-Kongre-Serok-Barzani-2.jpg","contentUrl":"https:\/\/darkamazi.info\/file\/2022\/11\/PDK-Kongre-Serok-Barzani-2.jpg","width":900,"height":497,"caption":"PDK-Kongre-Serok-Barzani-2"},{"@type":"BreadcrumbList","@id":"https:\/\/darkamazi.info\/archives\/1033788#breadcrumb","itemListElement":[{"@type":"ListItem","position":1,"name":"Home","item":"https:\/\/darkamazi.info\/"},{"@type":"ListItem","position":2,"name":"Pi\u015ft\u00ee Kongreya 14 m\u00een a PDK\u00ea"}]},{"@type":"WebSite","@id":"https:\/\/darkamazi.info\/#website","url":"https:\/\/darkamazi.info\/","name":"Darka Maz\u00ee","description":"P\u00eageha Zanyariy\u00ean Nebih\u00eest\u00ee","publisher":{"@id":"https:\/\/darkamazi.info\/#organization"},"potentialAction":[{"@type":"SearchAction","target":{"@type":"EntryPoint","urlTemplate":"https:\/\/darkamazi.info\/?s={search_term_string}"},"query-input":{"@type":"PropertyValueSpecification","valueRequired":true,"valueName":"search_term_string"}}],"inLanguage":"en-US"},{"@type":"Organization","@id":"https:\/\/darkamazi.info\/#organization","name":"Darka Maz\u00ee","url":"https:\/\/darkamazi.info\/","logo":{"@type":"ImageObject","inLanguage":"en-US","@id":"https:\/\/darkamazi.info\/#\/schema\/logo\/image\/","url":"https:\/\/darkamazi.info\/file\/2017\/12\/darka-mazi-logo.png","contentUrl":"https:\/\/darkamazi.info\/file\/2017\/12\/darka-mazi-logo.png","width":151,"height":75,"caption":"Darka Maz\u00ee"},"image":{"@id":"https:\/\/darkamazi.info\/#\/schema\/logo\/image\/"},"sameAs":["https:\/\/www.facebook.com\/DarMaziKurmanci","https:\/\/x.com\/DarkaMaziLatini","https:\/\/www.instagram.com\/darkamazi.kurmanci\/","https:\/\/www.youtube.com\/channel\/UCa5HkTdmI8U1qCUFuTw8B2g"]},{"@type":"Person","@id":"https:\/\/darkamazi.info\/#\/schema\/person\/5ad3e24553a0567993fa8ed4bd0a776c","name":"darka mazi","sameAs":["https:\/\/darkamazi.info\/"],"url":"https:\/\/darkamazi.info\/archives\/author\/kurdi"}]}},"_links":{"self":[{"href":"https:\/\/darkamazi.info\/funavuv\/wp\/v2\/posts\/1033788","targetHints":{"allow":["GET"]}}],"collection":[{"href":"https:\/\/darkamazi.info\/funavuv\/wp\/v2\/posts"}],"about":[{"href":"https:\/\/darkamazi.info\/funavuv\/wp\/v2\/types\/post"}],"author":[{"embeddable":true,"href":"https:\/\/darkamazi.info\/funavuv\/wp\/v2\/users\/2"}],"replies":[{"embeddable":true,"href":"https:\/\/darkamazi.info\/funavuv\/wp\/v2\/comments?post=1033788"}],"version-history":[{"count":0,"href":"https:\/\/darkamazi.info\/funavuv\/wp\/v2\/posts\/1033788\/revisions"}],"wp:featuredmedia":[{"embeddable":true,"href":"https:\/\/darkamazi.info\/funavuv\/wp\/v2\/media\/1033789"}],"wp:attachment":[{"href":"https:\/\/darkamazi.info\/funavuv\/wp\/v2\/media?parent=1033788"}],"wp:term":[{"taxonomy":"category","embeddable":true,"href":"https:\/\/darkamazi.info\/funavuv\/wp\/v2\/categories?post=1033788"},{"taxonomy":"post_tag","embeddable":true,"href":"https:\/\/darkamazi.info\/funavuv\/wp\/v2\/tags?post=1033788"}],"curies":[{"name":"wp","href":"https:\/\/api.w.org\/{rel}","templated":true}]}}