{"id":1033863,"date":"2022-11-24T10:15:23","date_gmt":"2022-11-24T07:15:23","guid":{"rendered":"https:\/\/darkamazi.info\/?p=1033863"},"modified":"2022-11-24T10:15:23","modified_gmt":"2022-11-24T07:15:23","slug":"pentagon-erisen-asmani-yen-tirkiye-ewlehiya-leskeren-me-dixe-metirsiye","status":"publish","type":"post","link":"https:\/\/darkamazi.info\/archives\/1033863","title":{"rendered":"Pentagon: \u00car\u00ee\u015f\u00ean asman\u00ee y\u00ean Tirkiy\u00ea ewlehiya le\u015fker\u00ean me dixe metirsiy\u00ea"},"content":{"rendered":"<h3 style=\"text-align: justify\"><span style=\"font-family: 'arial black', sans-serif\">Wezareta Berevaniy\u00ea ya Amer\u00eekay\u00ea (Pentagon) bi tund\u00ee operasyon\u00ean asman\u00ee y\u00ean Tirkiy\u00ea li Rojavay\u00ea Kurdistan\u00ea \u015fermezar kirin \u00fb tekez kir ku \u00eari\u015f\u00ean asman\u00ee y\u00ean v\u00ea dawiy\u00ea y\u00ean Enqer\u00ea, ewlehiya le\u015fker\u00ean Amer\u00eekay\u00ea xistiye metirsiy\u00ea.<\/span><\/h3>\n<h3 style=\"text-align: justify\"><span style=\"font-family: arial, helvetica, sans-serif\">Pentagon\u00ea \u015feva bor\u00ee ragihand, \u00ear\u00ee\u015f\u00ean asman\u00ee y\u00ean v\u00ea daw\u00eey\u00ea y\u00ean Tirk\u00eey\u00ea li bakur\u00ea S\u00fbr\u00eey\u00ea ewlekar\u00eeya le\u015fker\u00ean Amer\u00eek\u00ee dixe metirs\u00eey\u00ea \u00fb t\u00eako\u015f\u00eena berfireh a bi salan li dij\u00ee \u00e7ekdar\u00ean DAI\u015e\u00ea j\u00ee dixe metirs\u00eey\u00ea.<\/span><\/h3>\n<h3 style=\"text-align: justify\"><span style=\"font-family: arial, helvetica, sans-serif\">Ev daxuyan\u00ee, \u015fermezarkirina her\u00ee tund a Amer\u00eekay\u00ea li hember operasyon\u00ean asman\u00ee y\u00ean Tirkiy\u00ea li dij\u00ee Rojavay\u00ea Kurdistan\u00ea \u00fb bakur\u00ea S\u00fbriy\u00ea, n\u00ee\u015fan dide.<\/span><\/h3>\n<h3 style=\"text-align: justify\"><span style=\"font-family: arial, helvetica, sans-serif\">Berdevk\u00ea Pentagon\u00ea General Pat Ryder di daxuyaniyek\u00ea de got: \u201c\u00car\u00ee\u015f\u00ean asman\u00ee y\u00ean v\u00ea dawiy\u00ea li S\u00fbriy\u00ea, rasterast ewlekariya le\u015fker\u00ean Amer\u00eek\u00ee y\u00ean ku li S\u00fbriy\u00ea bi hevkar\u00ean xwecih\u00ee re ji bo t\u00eakbirina DAI\u015e\u00ea dixebitin, dixe metirsiy\u00ea\u201d.<\/span><\/h3>\n<h3 style=\"text-align: justify\"><span style=\"font-family: arial, helvetica, sans-serif\">Her wiha Ryder got j\u00ee: \u201cAmer\u00eeka t\u00eadigihe n\u00eegeraniy\u00ean ewlehiy\u00ea y\u00ean rewa y\u00ean Tirkiy\u00ea\u201d.<\/span><\/h3>\n<h3 style=\"text-align: justify\"><span style=\"font-family: arial, helvetica, sans-serif\">Ryder got j\u00ee: \u201cAramiyeke dimildest p\u00eaw\u00eest e ji bo domandina erk\u00ea t\u00eakbirina DAI\u015e\u00ea \u00fb dab\u00eenkirina ewlekar\u00ee \u00fb selametiya le\u015fkeran li ser erd\u00ea\u201d.<\/span><\/h3>\n<h3 style=\"text-align: justify\"><span style=\"font-family: arial, helvetica, sans-serif\">N\u00eaz\u00eek\u00ee 900 le\u015fker\u00ean Amer\u00eeka li S\u00fbriy\u00ea hene, bi taybet\u00ee Rojavay\u00ea Kurdistan\u00ea li bakur\u00ea rojhilat\u00ea S\u00fbriy\u00ea \u00fb bi H\u00eaz\u00ean S\u00fbriya Demokrat\u00eek (HSD) re kar ji bo \u015fer\u00ea li dij\u00ee pa\u015fmahiy\u00ean DAI\u015e\u00ea dikin.<\/span><\/h3>\n<h3 style=\"text-align: justify\"><span style=\"font-family: arial, helvetica, sans-serif\">Tirkiy\u00ea ji roja Yek\u015fem\u00ea 20\u00ea Mijdara 2022an ve, dest bi operasyoneke asman\u00ee li dij\u00ee Rojava \u00fb Ba\u015f\u00fbr\u00ea Kurdistan\u00ea kiriye \u00fb duh\u00ee j\u00ee 3 k\u00ealgeh\u00ean petrol\u00ea, derdora z\u00eendana \u00c7irk\u00een a ku endam\u00ean DAI\u015e l\u00ea girt\u00ee ne, Of\u00eesa P\u00eawendiyan a HSD\u00ea ya li nava baregeha R\u00fbs\u00ee li gund\u00ea Mebaqir \u00ea ser bi Til Temir\u00ea ve \u00fb kampa Hol\u00ea bombebaran kirin \u00fb di encam\u00ea de hejmarek ji welatiy\u00ean siv\u00eel \u00fb \u015fervan\u00ean HSD\u00ea hatine ku\u015ftin.<\/span><\/h3>\n<h3 style=\"text-align: justify\"><span style=\"font-family: arial, helvetica, sans-serif\">Wek karvedanek\u00ea li hember van \u00ear\u00ee\u015fan \u00fb b\u00eadengiya Hevpeymaniya Navdewlet\u00ee de, Fermandar\u00ea Gi\u015ft\u00ee y\u00ea H\u00eaz\u00ean S\u00fbriya Demokrat\u00eek (HSD) Mezl\u00fbm Ebd\u00ee ragihand ku wan operasyon\u00ean xwe y\u00ean ligel Hevpeymaniya Navdewlet\u00ee rawestandine.<\/span><\/h3>\n","protected":false},"excerpt":{"rendered":"<p>Wezareta Berevaniy\u00ea ya Amer\u00eekay\u00ea (Pentagon) bi tund\u00ee operasyon\u00ean asman\u00ee y\u00ean Tirkiy\u00ea li Rojavay\u00ea Kurdistan\u00ea \u015fermezar kirin \u00fb tekez kir ku \u00eari\u015f\u00ean asman\u00ee y\u00ean v\u00ea dawiy\u00ea y\u00ean Enqer\u00ea, ewlehiya le\u015fker\u00ean Amer\u00eekay\u00ea xistiye metirsiy\u00ea. Pentagon\u00ea \u015feva bor\u00ee ragihand, \u00ear\u00ee\u015f\u00ean asman\u00ee y\u00ean v\u00ea daw\u00eey\u00ea y\u00ean Tirk\u00eey\u00ea li bakur\u00ea S\u00fbr\u00eey\u00ea ewlekar\u00eeya le\u015fker\u00ean Amer\u00eek\u00ee dixe metirs\u00eey\u00ea \u00fb t\u00eako\u015f\u00eena berfireh a [&hellip;]<\/p>\n","protected":false},"author":2,"featured_media":1033864,"comment_status":"closed","ping_status":"closed","sticky":false,"template":"","format":"standard","meta":{"footnotes":""},"categories":[30],"tags":[37],"class_list":["post-1033863","post","type-post","status-publish","format-standard","has-post-thumbnail","hentry","category-cihan","tag-sereke"],"blocksy_meta":[],"seo_head":"<!-- This site is optimized with the Yoast SEO plugin v27.5 - https:\/\/yoast.com\/product\/yoast-seo-wordpress\/ -->\n<title>Pentagon: \u00car\u00ee\u015f\u00ean asman\u00ee y\u00ean Tirkiy\u00ea ewlehiya le\u015fker\u00ean me dixe metirsiy\u00ea - Darka Maz\u00ee<\/title>\n<meta name=\"robots\" content=\"index, follow, max-snippet:-1, max-image-preview:large, max-video-preview:-1\" \/>\n<link rel=\"canonical\" href=\"https:\/\/darkamazi.info\/archives\/1033863\" \/>\n<meta property=\"og:locale\" content=\"en_US\" \/>\n<meta property=\"og:type\" content=\"article\" \/>\n<meta property=\"og:title\" content=\"Pentagon: \u00car\u00ee\u015f\u00ean asman\u00ee y\u00ean Tirkiy\u00ea ewlehiya le\u015fker\u00ean me dixe metirsiy\u00ea - Darka Maz\u00ee\" \/>\n<meta property=\"og:description\" content=\"Wezareta Berevaniy\u00ea ya Amer\u00eekay\u00ea (Pentagon) bi tund\u00ee operasyon\u00ean asman\u00ee y\u00ean Tirkiy\u00ea li Rojavay\u00ea Kurdistan\u00ea \u015fermezar kirin \u00fb tekez kir ku \u00eari\u015f\u00ean asman\u00ee y\u00ean v\u00ea dawiy\u00ea y\u00ean Enqer\u00ea, ewlehiya le\u015fker\u00ean Amer\u00eekay\u00ea xistiye metirsiy\u00ea. Pentagon\u00ea \u015feva bor\u00ee ragihand, \u00ear\u00ee\u015f\u00ean asman\u00ee y\u00ean v\u00ea daw\u00eey\u00ea y\u00ean Tirk\u00eey\u00ea li bakur\u00ea S\u00fbr\u00eey\u00ea ewlekar\u00eeya le\u015fker\u00ean Amer\u00eek\u00ee dixe metirs\u00eey\u00ea \u00fb t\u00eako\u015f\u00eena berfireh a [&hellip;]\" \/>\n<meta property=\"og:url\" content=\"https:\/\/darkamazi.info\/archives\/1033863\" \/>\n<meta property=\"og:site_name\" content=\"Darka Maz\u00ee\" \/>\n<meta property=\"article:publisher\" content=\"https:\/\/www.facebook.com\/DarMaziKurmanci\" \/>\n<meta property=\"article:published_time\" content=\"2022-11-24T07:15:23+00:00\" \/>\n<meta property=\"og:image\" content=\"https:\/\/darkamazi.info\/file\/2022\/11\/us-army-syria-2022.jpg\" \/>\n\t<meta property=\"og:image:width\" content=\"900\" \/>\n\t<meta property=\"og:image:height\" content=\"497\" \/>\n\t<meta property=\"og:image:type\" content=\"image\/jpeg\" \/>\n<meta name=\"author\" content=\"darka mazi\" \/>\n<meta name=\"twitter:card\" content=\"summary_large_image\" \/>\n<meta name=\"twitter:creator\" content=\"@DarkaMaziLatini\" \/>\n<meta name=\"twitter:site\" content=\"@DarkaMaziLatini\" \/>\n<meta name=\"twitter:label1\" content=\"Written by\" \/>\n\t<meta name=\"twitter:data1\" content=\"darka mazi\" \/>\n\t<meta name=\"twitter:label2\" content=\"Est. reading time\" \/>\n\t<meta name=\"twitter:data2\" content=\"2 minutes\" \/>\n<script type=\"application\/ld+json\" class=\"seo-schema-graph\">{\"@context\":\"https:\\\/\\\/schema.org\",\"@graph\":[{\"@type\":\"Article\",\"@id\":\"https:\\\/\\\/darkamazi.info\\\/archives\\\/1033863#article\",\"isPartOf\":{\"@id\":\"https:\\\/\\\/darkamazi.info\\\/archives\\\/1033863\"},\"author\":{\"name\":\"darka mazi\",\"@id\":\"https:\\\/\\\/darkamazi.info\\\/#\\\/schema\\\/person\\\/5ad3e24553a0567993fa8ed4bd0a776c\"},\"headline\":\"Pentagon: \u00car\u00ee\u015f\u00ean asman\u00ee y\u00ean Tirkiy\u00ea ewlehiya le\u015fker\u00ean me dixe metirsiy\u00ea\",\"datePublished\":\"2022-11-24T07:15:23+00:00\",\"mainEntityOfPage\":{\"@id\":\"https:\\\/\\\/darkamazi.info\\\/archives\\\/1033863\"},\"wordCount\":374,\"publisher\":{\"@id\":\"https:\\\/\\\/darkamazi.info\\\/#organization\"},\"image\":{\"@id\":\"https:\\\/\\\/darkamazi.info\\\/archives\\\/1033863#primaryimage\"},\"thumbnailUrl\":\"https:\\\/\\\/darkamazi.info\\\/darka-content\\\/uploads\\\/2022\\\/11\\\/us-army-syria-2022.jpg\",\"keywords\":[\"sereke\"],\"articleSection\":[\"C\u00eehan\"],\"inLanguage\":\"en-US\"},{\"@type\":\"WebPage\",\"@id\":\"https:\\\/\\\/darkamazi.info\\\/archives\\\/1033863\",\"url\":\"https:\\\/\\\/darkamazi.info\\\/archives\\\/1033863\",\"name\":\"Pentagon: \u00car\u00ee\u015f\u00ean asman\u00ee y\u00ean Tirkiy\u00ea ewlehiya le\u015fker\u00ean me dixe metirsiy\u00ea - Darka Maz\u00ee\",\"isPartOf\":{\"@id\":\"https:\\\/\\\/darkamazi.info\\\/#website\"},\"primaryImageOfPage\":{\"@id\":\"https:\\\/\\\/darkamazi.info\\\/archives\\\/1033863#primaryimage\"},\"image\":{\"@id\":\"https:\\\/\\\/darkamazi.info\\\/archives\\\/1033863#primaryimage\"},\"thumbnailUrl\":\"https:\\\/\\\/darkamazi.info\\\/darka-content\\\/uploads\\\/2022\\\/11\\\/us-army-syria-2022.jpg\",\"datePublished\":\"2022-11-24T07:15:23+00:00\",\"breadcrumb\":{\"@id\":\"https:\\\/\\\/darkamazi.info\\\/archives\\\/1033863#breadcrumb\"},\"inLanguage\":\"en-US\",\"potentialAction\":[{\"@type\":\"ReadAction\",\"target\":[\"https:\\\/\\\/darkamazi.info\\\/archives\\\/1033863\"]}]},{\"@type\":\"ImageObject\",\"inLanguage\":\"en-US\",\"@id\":\"https:\\\/\\\/darkamazi.info\\\/archives\\\/1033863#primaryimage\",\"url\":\"https:\\\/\\\/darkamazi.info\\\/darka-content\\\/uploads\\\/2022\\\/11\\\/us-army-syria-2022.jpg\",\"contentUrl\":\"https:\\\/\\\/darkamazi.info\\\/darka-content\\\/uploads\\\/2022\\\/11\\\/us-army-syria-2022.jpg\",\"width\":900,\"height\":497,\"caption\":\"us army syria 2022\"},{\"@type\":\"BreadcrumbList\",\"@id\":\"https:\\\/\\\/darkamazi.info\\\/archives\\\/1033863#breadcrumb\",\"itemListElement\":[{\"@type\":\"ListItem\",\"position\":1,\"name\":\"Home\",\"item\":\"https:\\\/\\\/darkamazi.info\\\/\"},{\"@type\":\"ListItem\",\"position\":2,\"name\":\"Pentagon: \u00car\u00ee\u015f\u00ean asman\u00ee y\u00ean Tirkiy\u00ea ewlehiya le\u015fker\u00ean me dixe metirsiy\u00ea\"}]},{\"@type\":\"WebSite\",\"@id\":\"https:\\\/\\\/darkamazi.info\\\/#website\",\"url\":\"https:\\\/\\\/darkamazi.info\\\/\",\"name\":\"Darka Maz\u00ee\",\"description\":\"P\u00eageha Zanyariy\u00ean Nebih\u00eest\u00ee\",\"publisher\":{\"@id\":\"https:\\\/\\\/darkamazi.info\\\/#organization\"},\"potentialAction\":[{\"@type\":\"SearchAction\",\"target\":{\"@type\":\"EntryPoint\",\"urlTemplate\":\"https:\\\/\\\/darkamazi.info\\\/?s={search_term_string}\"},\"query-input\":{\"@type\":\"PropertyValueSpecification\",\"valueRequired\":true,\"valueName\":\"search_term_string\"}}],\"inLanguage\":\"en-US\"},{\"@type\":\"Organization\",\"@id\":\"https:\\\/\\\/darkamazi.info\\\/#organization\",\"name\":\"Darka Maz\u00ee\",\"url\":\"https:\\\/\\\/darkamazi.info\\\/\",\"logo\":{\"@type\":\"ImageObject\",\"inLanguage\":\"en-US\",\"@id\":\"https:\\\/\\\/darkamazi.info\\\/#\\\/schema\\\/logo\\\/image\\\/\",\"url\":\"https:\\\/\\\/darkamazi.info\\\/darka-content\\\/uploads\\\/2017\\\/12\\\/darka-mazi-logo.png\",\"contentUrl\":\"https:\\\/\\\/darkamazi.info\\\/darka-content\\\/uploads\\\/2017\\\/12\\\/darka-mazi-logo.png\",\"width\":151,\"height\":75,\"caption\":\"Darka Maz\u00ee\"},\"image\":{\"@id\":\"https:\\\/\\\/darkamazi.info\\\/#\\\/schema\\\/logo\\\/image\\\/\"},\"sameAs\":[\"https:\\\/\\\/www.facebook.com\\\/DarMaziKurmanci\",\"https:\\\/\\\/x.com\\\/DarkaMaziLatini\",\"https:\\\/\\\/www.instagram.com\\\/darkamazi.kurmanci\\\/\",\"https:\\\/\\\/www.youtube.com\\\/channel\\\/UCa5HkTdmI8U1qCUFuTw8B2g\"]},{\"@type\":\"Person\",\"@id\":\"https:\\\/\\\/darkamazi.info\\\/#\\\/schema\\\/person\\\/5ad3e24553a0567993fa8ed4bd0a776c\",\"name\":\"darka mazi\",\"sameAs\":[\"https:\\\/\\\/darkamazi.info\\\/\"],\"url\":\"https:\\\/\\\/darkamazi.info\\\/archives\\\/author\\\/kurdi\"}]}<\/script>\n<!-- \/ Yoast SEO plugin. -->","seo_head_json":{"title":"Pentagon: \u00car\u00ee\u015f\u00ean asman\u00ee y\u00ean Tirkiy\u00ea ewlehiya le\u015fker\u00ean me dixe metirsiy\u00ea - Darka Maz\u00ee","robots":{"index":"index","follow":"follow","max-snippet":"max-snippet:-1","max-image-preview":"max-image-preview:large","max-video-preview":"max-video-preview:-1"},"canonical":"https:\/\/darkamazi.info\/archives\/1033863","og_locale":"en_US","og_type":"article","og_title":"Pentagon: \u00car\u00ee\u015f\u00ean asman\u00ee y\u00ean Tirkiy\u00ea ewlehiya le\u015fker\u00ean me dixe metirsiy\u00ea - Darka Maz\u00ee","og_description":"Wezareta Berevaniy\u00ea ya Amer\u00eekay\u00ea (Pentagon) bi tund\u00ee operasyon\u00ean asman\u00ee y\u00ean Tirkiy\u00ea li Rojavay\u00ea Kurdistan\u00ea \u015fermezar kirin \u00fb tekez kir ku \u00eari\u015f\u00ean asman\u00ee y\u00ean v\u00ea dawiy\u00ea y\u00ean Enqer\u00ea, ewlehiya le\u015fker\u00ean Amer\u00eekay\u00ea xistiye metirsiy\u00ea. Pentagon\u00ea \u015feva bor\u00ee ragihand, \u00ear\u00ee\u015f\u00ean asman\u00ee y\u00ean v\u00ea daw\u00eey\u00ea y\u00ean Tirk\u00eey\u00ea li bakur\u00ea S\u00fbr\u00eey\u00ea ewlekar\u00eeya le\u015fker\u00ean Amer\u00eek\u00ee dixe metirs\u00eey\u00ea \u00fb t\u00eako\u015f\u00eena berfireh a [&hellip;]","og_url":"https:\/\/darkamazi.info\/archives\/1033863","og_site_name":"Darka Maz\u00ee","article_publisher":"https:\/\/www.facebook.com\/DarMaziKurmanci","article_published_time":"2022-11-24T07:15:23+00:00","og_image":[{"width":900,"height":497,"url":"https:\/\/darkamazi.info\/file\/2022\/11\/us-army-syria-2022.jpg","type":"image\/jpeg"}],"author":"darka mazi","twitter_card":"summary_large_image","twitter_creator":"@DarkaMaziLatini","twitter_site":"@DarkaMaziLatini","twitter_misc":{"Written by":"darka mazi","Est. reading time":"2 minutes"},"schema":{"@context":"https:\/\/schema.org","@graph":[{"@type":"Article","@id":"https:\/\/darkamazi.info\/archives\/1033863#article","isPartOf":{"@id":"https:\/\/darkamazi.info\/archives\/1033863"},"author":{"name":"darka mazi","@id":"https:\/\/darkamazi.info\/#\/schema\/person\/5ad3e24553a0567993fa8ed4bd0a776c"},"headline":"Pentagon: \u00car\u00ee\u015f\u00ean asman\u00ee y\u00ean Tirkiy\u00ea ewlehiya le\u015fker\u00ean me dixe metirsiy\u00ea","datePublished":"2022-11-24T07:15:23+00:00","mainEntityOfPage":{"@id":"https:\/\/darkamazi.info\/archives\/1033863"},"wordCount":374,"publisher":{"@id":"https:\/\/darkamazi.info\/#organization"},"image":{"@id":"https:\/\/darkamazi.info\/archives\/1033863#primaryimage"},"thumbnailUrl":"https:\/\/darkamazi.info\/file\/2022\/11\/us-army-syria-2022.jpg","keywords":["sereke"],"articleSection":["C\u00eehan"],"inLanguage":"en-US"},{"@type":"WebPage","@id":"https:\/\/darkamazi.info\/archives\/1033863","url":"https:\/\/darkamazi.info\/archives\/1033863","name":"Pentagon: \u00car\u00ee\u015f\u00ean asman\u00ee y\u00ean Tirkiy\u00ea ewlehiya le\u015fker\u00ean me dixe metirsiy\u00ea - Darka Maz\u00ee","isPartOf":{"@id":"https:\/\/darkamazi.info\/#website"},"primaryImageOfPage":{"@id":"https:\/\/darkamazi.info\/archives\/1033863#primaryimage"},"image":{"@id":"https:\/\/darkamazi.info\/archives\/1033863#primaryimage"},"thumbnailUrl":"https:\/\/darkamazi.info\/file\/2022\/11\/us-army-syria-2022.jpg","datePublished":"2022-11-24T07:15:23+00:00","breadcrumb":{"@id":"https:\/\/darkamazi.info\/archives\/1033863#breadcrumb"},"inLanguage":"en-US","potentialAction":[{"@type":"ReadAction","target":["https:\/\/darkamazi.info\/archives\/1033863"]}]},{"@type":"ImageObject","inLanguage":"en-US","@id":"https:\/\/darkamazi.info\/archives\/1033863#primaryimage","url":"https:\/\/darkamazi.info\/file\/2022\/11\/us-army-syria-2022.jpg","contentUrl":"https:\/\/darkamazi.info\/file\/2022\/11\/us-army-syria-2022.jpg","width":900,"height":497,"caption":"us army syria 2022"},{"@type":"BreadcrumbList","@id":"https:\/\/darkamazi.info\/archives\/1033863#breadcrumb","itemListElement":[{"@type":"ListItem","position":1,"name":"Home","item":"https:\/\/darkamazi.info\/"},{"@type":"ListItem","position":2,"name":"Pentagon: \u00car\u00ee\u015f\u00ean asman\u00ee y\u00ean Tirkiy\u00ea ewlehiya le\u015fker\u00ean me dixe metirsiy\u00ea"}]},{"@type":"WebSite","@id":"https:\/\/darkamazi.info\/#website","url":"https:\/\/darkamazi.info\/","name":"Darka Maz\u00ee","description":"P\u00eageha Zanyariy\u00ean Nebih\u00eest\u00ee","publisher":{"@id":"https:\/\/darkamazi.info\/#organization"},"potentialAction":[{"@type":"SearchAction","target":{"@type":"EntryPoint","urlTemplate":"https:\/\/darkamazi.info\/?s={search_term_string}"},"query-input":{"@type":"PropertyValueSpecification","valueRequired":true,"valueName":"search_term_string"}}],"inLanguage":"en-US"},{"@type":"Organization","@id":"https:\/\/darkamazi.info\/#organization","name":"Darka Maz\u00ee","url":"https:\/\/darkamazi.info\/","logo":{"@type":"ImageObject","inLanguage":"en-US","@id":"https:\/\/darkamazi.info\/#\/schema\/logo\/image\/","url":"https:\/\/darkamazi.info\/file\/2017\/12\/darka-mazi-logo.png","contentUrl":"https:\/\/darkamazi.info\/file\/2017\/12\/darka-mazi-logo.png","width":151,"height":75,"caption":"Darka Maz\u00ee"},"image":{"@id":"https:\/\/darkamazi.info\/#\/schema\/logo\/image\/"},"sameAs":["https:\/\/www.facebook.com\/DarMaziKurmanci","https:\/\/x.com\/DarkaMaziLatini","https:\/\/www.instagram.com\/darkamazi.kurmanci\/","https:\/\/www.youtube.com\/channel\/UCa5HkTdmI8U1qCUFuTw8B2g"]},{"@type":"Person","@id":"https:\/\/darkamazi.info\/#\/schema\/person\/5ad3e24553a0567993fa8ed4bd0a776c","name":"darka mazi","sameAs":["https:\/\/darkamazi.info\/"],"url":"https:\/\/darkamazi.info\/archives\/author\/kurdi"}]}},"_links":{"self":[{"href":"https:\/\/darkamazi.info\/funavuv\/wp\/v2\/posts\/1033863","targetHints":{"allow":["GET"]}}],"collection":[{"href":"https:\/\/darkamazi.info\/funavuv\/wp\/v2\/posts"}],"about":[{"href":"https:\/\/darkamazi.info\/funavuv\/wp\/v2\/types\/post"}],"author":[{"embeddable":true,"href":"https:\/\/darkamazi.info\/funavuv\/wp\/v2\/users\/2"}],"replies":[{"embeddable":true,"href":"https:\/\/darkamazi.info\/funavuv\/wp\/v2\/comments?post=1033863"}],"version-history":[{"count":0,"href":"https:\/\/darkamazi.info\/funavuv\/wp\/v2\/posts\/1033863\/revisions"}],"wp:featuredmedia":[{"embeddable":true,"href":"https:\/\/darkamazi.info\/funavuv\/wp\/v2\/media\/1033864"}],"wp:attachment":[{"href":"https:\/\/darkamazi.info\/funavuv\/wp\/v2\/media?parent=1033863"}],"wp:term":[{"taxonomy":"category","embeddable":true,"href":"https:\/\/darkamazi.info\/funavuv\/wp\/v2\/categories?post=1033863"},{"taxonomy":"post_tag","embeddable":true,"href":"https:\/\/darkamazi.info\/funavuv\/wp\/v2\/tags?post=1033863"}],"curies":[{"name":"wp","href":"https:\/\/api.w.org\/{rel}","templated":true}]}}