{"id":1033874,"date":"2022-11-24T17:39:45","date_gmt":"2022-11-24T14:39:45","guid":{"rendered":"https:\/\/darkamazi.info\/?p=1033874"},"modified":"2022-11-24T17:39:45","modified_gmt":"2022-11-24T14:39:45","slug":"enks-nabe-rojava-u-basure-kurdistane-bibe-meydana-sere-tirkiye-u-pkke","status":"publish","type":"post","link":"https:\/\/darkamazi.info\/archives\/1033874","title":{"rendered":"ENKS: Nabe Rojava \u00fb Ba\u015f\u00fbr\u00ea Kurdistan\u00ea bibe meydana \u015fer\u00ea Tirkiye \u00fb PKK\u00ea"},"content":{"rendered":"<h3 style=\"text-align: justify\"><span style=\"font-family: 'arial black', sans-serif\">Enc\u00fbmena Ni\u015ftiman\u00ee ya Kurd\u00ee li S\u00fbriy\u00ea (ENKS) derbar\u00ea \u00ear\u00ee\u015f\u00ean Tirkiy\u00ea li ser Rojava \u00fb Ba\u015f\u00fbr\u00ea Kurdistan\u00ea de radigih\u00eene, nabe Rojava \u00fb Her\u00eama Kurdistan\u00ea bibin meydana \u015fer\u00ea di navbera Tirkiye \u00fb PKK\u00ea de.<\/span><\/h3>\n<h3 style=\"text-align: justify\">Sekreteriya Gi\u015ft\u00ee ya ENKS\u00ea \u00eero 24\u00ea Mijdara 2022an di daxuyaniyek\u00ea de ragihand, \u201cTirkiye ji berbanga 20\u00ea Mijdar\u00ea ve, dest bi \u00eari\u015f\u00ean asman\u00ee li ser gelek xal\u00ean nav\u00e7ey\u00ean s\u00eenor\u00ee y\u00ean di nav axa S\u00fbriy\u00ea de \u00fb li ser dever\u00ean Kurd\u00ee ji D\u00earik\u00ea li rojhilat \u00fb heta gundewar\u00ea bakur\u00ea Heleb\u00ea li rojava kiriye \u00fb navend\u00ean binesaz\u00ee, xizmetguzar\u00ee \u00fb elektir\u00eek\u00ea kirin armanc, di encama van \u00ear\u00ee\u015fan de j\u00ee gelek siv\u00eel hatin ku\u015ftin \u00fb bir\u00eendarkirin.\u201d<\/h3>\n<h3 style=\"text-align: justify\">ENKS amaje bi w\u00ea kir j\u00ee: \u201cBombebarana Tirkiy\u00ea gih\u00ee\u015fte baregeh\u00ean PKK\u00ea y\u00ean di nava Her\u00eama Kurdistan\u00ea de ku di heman dem\u00ea de j\u00ee Supaya Pasdar\u00ean \u00ceran\u00ea bi m\u00fb\u015fek \u00fb dron\u00ean bombekir\u00ee \u00ear\u00ee\u015f\u00ee xaka Her\u00eama Kurdistan\u00ea, kamp\u00ean ko\u00e7ber\u00ean Kurd \u00ean Kurdistana \u00ceran\u00ea \u00fb\u00a0 baregeh\u00ean partiy\u00ean w\u00ea kirin.\u201d<\/h3>\n<h3 style=\"text-align: justify\">ENKS\u00ea diyar kir j\u00ee, \u00ceran bi van \u00ear\u00ee\u015f\u00ean ji destp\u00eaka serhildana gel\u00ean \u00ceran\u00ea ya li dij\u00ee rej\u00eema zordar a Tehran\u00ea, hewl dide bi \u00ear\u00ee\u015fa li ser Her\u00eama Kurdistan\u00ea, kir\u00eeza xwe ya navxwey\u00ee derx\u00eene derve.<\/h3>\n<h3 style=\"text-align: justify\">Her wiha ENKS\u00ea dib\u00eaje: \u201cEv operasyon, ji bil\u00ee binp\u00eakirina serweriya S\u00fbriye \u00fb Iraq\u00ea ji aliy\u00ea welat\u00ean c\u00eeran\u00ean Tirkiye \u00fb \u00ceran\u00ea ve, ew gefeke cid\u00ee ye li aramiya nav\u00e7ey\u00ea \u00fb ewlekar\u00ee \u00fb selametiya welatiyan e rew\u015feke tirs \u00fb xof\u00ea li nav\u00e7ey\u00ean Kurd\u00ee li S\u00fbriy\u00ea \u00e7\u00eadike.\u201d<\/h3>\n<h3 style=\"text-align: justify\">Di daxuyaniyek\u00ea de hat gotin: \u201cENKS tev\u00ee \u015fermezarkirina van \u00ear\u00ee\u015fan ku dibin sedema karesatan, ew daxwaza rawestandina wan dike \u00fb tekez dike ku operasiyon\u00ean bi v\u00ee reng\u00ee, rew\u015f\u00ea aloztir \u00fb xirabtir dikin \u00fb tekane r\u00ea ji bo \u00e7areserkirina pirsgir\u00eakan, ziman\u00ea diyalog\u00ea \u00fb d\u00eeplomasiy\u00ea ye.\u201d<\/h3>\n<h3 style=\"text-align: justify\">Her wiha di daxuyaniy\u00ea de hat: \u201cENKS tev\u00ee ku red dike Her\u00eama Kurdistan\u00ea \u00fb Kurdistana S\u00fbriy\u00ea bibe meydana operasiyonan \u00fb \u00e7areserkirina hesaban di navbera PKK \u00fb Tirkiy\u00ea de, di heman dem\u00ea de daxwaz ji civaka navdewlet\u00ee \u00fb hik\u00fbmeta Iraq\u00ea dike ku bi berpirsyariya xwe rabin \u00fb r\u00ea nedin r\u00eaj\u00eem Pasdar\u00ean \u00ceran\u00ea ku \u00ear\u00ee\u015f\u00ean ser Her\u00eama Kurdistan\u00ea bikin.\u201d<\/h3>\n<h3 style=\"text-align: justify\">Her wiha ENKS bang li Amer\u00eeka, R\u00fbsya \u00fb h\u00eaz\u00ean Hevpeymanan dike ku destwerdan\u00ea bikin ji bo rawestandina operasyon \u00fb \u00ear\u00ee\u015f\u00ean asman\u00ee y\u00ean Tirkiy\u00ea li ser axa S\u00fbriy\u00ea \u00fb aloziya li ser her du aliy\u00ean s\u00eenor rawest\u00eenin.<\/h3>\n<h3 style=\"text-align: justify\">Di dawiy\u00ea de ENKS\u00ea bang li gel\u00ea Kurd \u00fb hem\u00fb xelk\u00ea her\u00eam\u00ea kir ku bi cih \u00fb war\u00ea xwe bim\u00eenin, a\u015ftiya siv\u00eel bipar\u00eazin \u00fb hevkar\u00ee \u00fb nirx\u00ean p\u00eakvejiyan\u00ea di navbera xwe de bilind bikin.<\/h3>\n","protected":false},"excerpt":{"rendered":"<p>Enc\u00fbmena Ni\u015ftiman\u00ee ya Kurd\u00ee li S\u00fbriy\u00ea (ENKS) derbar\u00ea \u00ear\u00ee\u015f\u00ean Tirkiy\u00ea li ser Rojava \u00fb Ba\u015f\u00fbr\u00ea Kurdistan\u00ea de radigih\u00eene, nabe Rojava \u00fb Her\u00eama Kurdistan\u00ea bibin meydana \u015fer\u00ea di navbera Tirkiye \u00fb PKK\u00ea de. Sekreteriya Gi\u015ft\u00ee ya ENKS\u00ea \u00eero 24\u00ea Mijdara 2022an di daxuyaniyek\u00ea de ragihand, \u201cTirkiye ji berbanga 20\u00ea Mijdar\u00ea ve, dest bi \u00eari\u015f\u00ean asman\u00ee li [&hellip;]<\/p>\n","protected":false},"author":2,"featured_media":1033875,"comment_status":"closed","ping_status":"closed","sticky":false,"template":"","format":"standard","meta":{"footnotes":""},"categories":[29],"tags":[37],"class_list":["post-1033874","post","type-post","status-publish","format-standard","has-post-thumbnail","hentry","category-kurdistan","tag-sereke"],"blocksy_meta":[],"seo_head":"<!-- This site is optimized with the Yoast SEO plugin v27.5 - https:\/\/yoast.com\/product\/yoast-seo-wordpress\/ -->\n<title>ENKS: Nabe Rojava \u00fb Ba\u015f\u00fbr\u00ea Kurdistan\u00ea bibe meydana \u015fer\u00ea Tirkiye \u00fb PKK\u00ea - Darka Maz\u00ee<\/title>\n<meta name=\"robots\" content=\"index, follow, max-snippet:-1, max-image-preview:large, max-video-preview:-1\" \/>\n<link rel=\"canonical\" href=\"https:\/\/darkamazi.info\/archives\/1033874\" \/>\n<meta property=\"og:locale\" content=\"en_US\" \/>\n<meta property=\"og:type\" content=\"article\" \/>\n<meta property=\"og:title\" content=\"ENKS: Nabe Rojava \u00fb Ba\u015f\u00fbr\u00ea Kurdistan\u00ea bibe meydana \u015fer\u00ea Tirkiye \u00fb PKK\u00ea - Darka Maz\u00ee\" \/>\n<meta property=\"og:description\" content=\"Enc\u00fbmena Ni\u015ftiman\u00ee ya Kurd\u00ee li S\u00fbriy\u00ea (ENKS) derbar\u00ea \u00ear\u00ee\u015f\u00ean Tirkiy\u00ea li ser Rojava \u00fb Ba\u015f\u00fbr\u00ea Kurdistan\u00ea de radigih\u00eene, nabe Rojava \u00fb Her\u00eama Kurdistan\u00ea bibin meydana \u015fer\u00ea di navbera Tirkiye \u00fb PKK\u00ea de. Sekreteriya Gi\u015ft\u00ee ya ENKS\u00ea \u00eero 24\u00ea Mijdara 2022an di daxuyaniyek\u00ea de ragihand, \u201cTirkiye ji berbanga 20\u00ea Mijdar\u00ea ve, dest bi \u00eari\u015f\u00ean asman\u00ee li [&hellip;]\" \/>\n<meta property=\"og:url\" content=\"https:\/\/darkamazi.info\/archives\/1033874\" \/>\n<meta property=\"og:site_name\" content=\"Darka Maz\u00ee\" \/>\n<meta property=\"article:publisher\" content=\"https:\/\/www.facebook.com\/DarMaziKurmanci\" \/>\n<meta property=\"article:published_time\" content=\"2022-11-24T14:39:45+00:00\" \/>\n<meta property=\"og:image\" content=\"https:\/\/darkamazi.info\/file\/2022\/11\/enks.jpg\" \/>\n\t<meta property=\"og:image:width\" content=\"900\" \/>\n\t<meta property=\"og:image:height\" content=\"497\" \/>\n\t<meta property=\"og:image:type\" content=\"image\/jpeg\" \/>\n<meta name=\"author\" content=\"darka mazi\" \/>\n<meta name=\"twitter:card\" content=\"summary_large_image\" \/>\n<meta name=\"twitter:creator\" content=\"@DarkaMaziLatini\" \/>\n<meta name=\"twitter:site\" content=\"@DarkaMaziLatini\" \/>\n<meta name=\"twitter:label1\" content=\"Written by\" \/>\n\t<meta name=\"twitter:data1\" content=\"darka mazi\" \/>\n\t<meta name=\"twitter:label2\" content=\"Est. reading time\" \/>\n\t<meta name=\"twitter:data2\" content=\"2 minutes\" \/>\n<script type=\"application\/ld+json\" class=\"seo-schema-graph\">{\"@context\":\"https:\\\/\\\/schema.org\",\"@graph\":[{\"@type\":\"Article\",\"@id\":\"https:\\\/\\\/darkamazi.info\\\/archives\\\/1033874#article\",\"isPartOf\":{\"@id\":\"https:\\\/\\\/darkamazi.info\\\/archives\\\/1033874\"},\"author\":{\"name\":\"darka mazi\",\"@id\":\"https:\\\/\\\/darkamazi.info\\\/#\\\/schema\\\/person\\\/5ad3e24553a0567993fa8ed4bd0a776c\"},\"headline\":\"ENKS: Nabe Rojava \u00fb Ba\u015f\u00fbr\u00ea Kurdistan\u00ea bibe meydana \u015fer\u00ea Tirkiye \u00fb PKK\u00ea\",\"datePublished\":\"2022-11-24T14:39:45+00:00\",\"mainEntityOfPage\":{\"@id\":\"https:\\\/\\\/darkamazi.info\\\/archives\\\/1033874\"},\"wordCount\":460,\"publisher\":{\"@id\":\"https:\\\/\\\/darkamazi.info\\\/#organization\"},\"image\":{\"@id\":\"https:\\\/\\\/darkamazi.info\\\/archives\\\/1033874#primaryimage\"},\"thumbnailUrl\":\"https:\\\/\\\/darkamazi.info\\\/darka-content\\\/uploads\\\/2022\\\/11\\\/enks.jpg\",\"keywords\":[\"sereke\"],\"articleSection\":[\"Kurdistan\"],\"inLanguage\":\"en-US\"},{\"@type\":\"WebPage\",\"@id\":\"https:\\\/\\\/darkamazi.info\\\/archives\\\/1033874\",\"url\":\"https:\\\/\\\/darkamazi.info\\\/archives\\\/1033874\",\"name\":\"ENKS: Nabe Rojava \u00fb Ba\u015f\u00fbr\u00ea Kurdistan\u00ea bibe meydana \u015fer\u00ea Tirkiye \u00fb PKK\u00ea - Darka Maz\u00ee\",\"isPartOf\":{\"@id\":\"https:\\\/\\\/darkamazi.info\\\/#website\"},\"primaryImageOfPage\":{\"@id\":\"https:\\\/\\\/darkamazi.info\\\/archives\\\/1033874#primaryimage\"},\"image\":{\"@id\":\"https:\\\/\\\/darkamazi.info\\\/archives\\\/1033874#primaryimage\"},\"thumbnailUrl\":\"https:\\\/\\\/darkamazi.info\\\/darka-content\\\/uploads\\\/2022\\\/11\\\/enks.jpg\",\"datePublished\":\"2022-11-24T14:39:45+00:00\",\"breadcrumb\":{\"@id\":\"https:\\\/\\\/darkamazi.info\\\/archives\\\/1033874#breadcrumb\"},\"inLanguage\":\"en-US\",\"potentialAction\":[{\"@type\":\"ReadAction\",\"target\":[\"https:\\\/\\\/darkamazi.info\\\/archives\\\/1033874\"]}]},{\"@type\":\"ImageObject\",\"inLanguage\":\"en-US\",\"@id\":\"https:\\\/\\\/darkamazi.info\\\/archives\\\/1033874#primaryimage\",\"url\":\"https:\\\/\\\/darkamazi.info\\\/darka-content\\\/uploads\\\/2022\\\/11\\\/enks.jpg\",\"contentUrl\":\"https:\\\/\\\/darkamazi.info\\\/darka-content\\\/uploads\\\/2022\\\/11\\\/enks.jpg\",\"width\":900,\"height\":497,\"caption\":\"ENKS: Nabe Rojava \u00fb Ba\u015f\u00fbr\u00ea Kurdistan\u00ea bibe meydana \u015fer\u00ea Tirkiye \u00fb PKK\u00ea\"},{\"@type\":\"BreadcrumbList\",\"@id\":\"https:\\\/\\\/darkamazi.info\\\/archives\\\/1033874#breadcrumb\",\"itemListElement\":[{\"@type\":\"ListItem\",\"position\":1,\"name\":\"Home\",\"item\":\"https:\\\/\\\/darkamazi.info\\\/\"},{\"@type\":\"ListItem\",\"position\":2,\"name\":\"ENKS: Nabe Rojava \u00fb Ba\u015f\u00fbr\u00ea Kurdistan\u00ea bibe meydana \u015fer\u00ea Tirkiye \u00fb PKK\u00ea\"}]},{\"@type\":\"WebSite\",\"@id\":\"https:\\\/\\\/darkamazi.info\\\/#website\",\"url\":\"https:\\\/\\\/darkamazi.info\\\/\",\"name\":\"Darka Maz\u00ee\",\"description\":\"P\u00eageha Zanyariy\u00ean Nebih\u00eest\u00ee\",\"publisher\":{\"@id\":\"https:\\\/\\\/darkamazi.info\\\/#organization\"},\"potentialAction\":[{\"@type\":\"SearchAction\",\"target\":{\"@type\":\"EntryPoint\",\"urlTemplate\":\"https:\\\/\\\/darkamazi.info\\\/?s={search_term_string}\"},\"query-input\":{\"@type\":\"PropertyValueSpecification\",\"valueRequired\":true,\"valueName\":\"search_term_string\"}}],\"inLanguage\":\"en-US\"},{\"@type\":\"Organization\",\"@id\":\"https:\\\/\\\/darkamazi.info\\\/#organization\",\"name\":\"Darka Maz\u00ee\",\"url\":\"https:\\\/\\\/darkamazi.info\\\/\",\"logo\":{\"@type\":\"ImageObject\",\"inLanguage\":\"en-US\",\"@id\":\"https:\\\/\\\/darkamazi.info\\\/#\\\/schema\\\/logo\\\/image\\\/\",\"url\":\"https:\\\/\\\/darkamazi.info\\\/darka-content\\\/uploads\\\/2017\\\/12\\\/darka-mazi-logo.png\",\"contentUrl\":\"https:\\\/\\\/darkamazi.info\\\/darka-content\\\/uploads\\\/2017\\\/12\\\/darka-mazi-logo.png\",\"width\":151,\"height\":75,\"caption\":\"Darka Maz\u00ee\"},\"image\":{\"@id\":\"https:\\\/\\\/darkamazi.info\\\/#\\\/schema\\\/logo\\\/image\\\/\"},\"sameAs\":[\"https:\\\/\\\/www.facebook.com\\\/DarMaziKurmanci\",\"https:\\\/\\\/x.com\\\/DarkaMaziLatini\",\"https:\\\/\\\/www.instagram.com\\\/darkamazi.kurmanci\\\/\",\"https:\\\/\\\/www.youtube.com\\\/channel\\\/UCa5HkTdmI8U1qCUFuTw8B2g\"]},{\"@type\":\"Person\",\"@id\":\"https:\\\/\\\/darkamazi.info\\\/#\\\/schema\\\/person\\\/5ad3e24553a0567993fa8ed4bd0a776c\",\"name\":\"darka mazi\",\"sameAs\":[\"https:\\\/\\\/darkamazi.info\\\/\"],\"url\":\"https:\\\/\\\/darkamazi.info\\\/archives\\\/author\\\/kurdi\"}]}<\/script>\n<!-- \/ Yoast SEO plugin. -->","seo_head_json":{"title":"ENKS: Nabe Rojava \u00fb Ba\u015f\u00fbr\u00ea Kurdistan\u00ea bibe meydana \u015fer\u00ea Tirkiye \u00fb PKK\u00ea - Darka Maz\u00ee","robots":{"index":"index","follow":"follow","max-snippet":"max-snippet:-1","max-image-preview":"max-image-preview:large","max-video-preview":"max-video-preview:-1"},"canonical":"https:\/\/darkamazi.info\/archives\/1033874","og_locale":"en_US","og_type":"article","og_title":"ENKS: Nabe Rojava \u00fb Ba\u015f\u00fbr\u00ea Kurdistan\u00ea bibe meydana \u015fer\u00ea Tirkiye \u00fb PKK\u00ea - Darka Maz\u00ee","og_description":"Enc\u00fbmena Ni\u015ftiman\u00ee ya Kurd\u00ee li S\u00fbriy\u00ea (ENKS) derbar\u00ea \u00ear\u00ee\u015f\u00ean Tirkiy\u00ea li ser Rojava \u00fb Ba\u015f\u00fbr\u00ea Kurdistan\u00ea de radigih\u00eene, nabe Rojava \u00fb Her\u00eama Kurdistan\u00ea bibin meydana \u015fer\u00ea di navbera Tirkiye \u00fb PKK\u00ea de. Sekreteriya Gi\u015ft\u00ee ya ENKS\u00ea \u00eero 24\u00ea Mijdara 2022an di daxuyaniyek\u00ea de ragihand, \u201cTirkiye ji berbanga 20\u00ea Mijdar\u00ea ve, dest bi \u00eari\u015f\u00ean asman\u00ee li [&hellip;]","og_url":"https:\/\/darkamazi.info\/archives\/1033874","og_site_name":"Darka Maz\u00ee","article_publisher":"https:\/\/www.facebook.com\/DarMaziKurmanci","article_published_time":"2022-11-24T14:39:45+00:00","og_image":[{"width":900,"height":497,"url":"https:\/\/darkamazi.info\/file\/2022\/11\/enks.jpg","type":"image\/jpeg"}],"author":"darka mazi","twitter_card":"summary_large_image","twitter_creator":"@DarkaMaziLatini","twitter_site":"@DarkaMaziLatini","twitter_misc":{"Written by":"darka mazi","Est. reading time":"2 minutes"},"schema":{"@context":"https:\/\/schema.org","@graph":[{"@type":"Article","@id":"https:\/\/darkamazi.info\/archives\/1033874#article","isPartOf":{"@id":"https:\/\/darkamazi.info\/archives\/1033874"},"author":{"name":"darka mazi","@id":"https:\/\/darkamazi.info\/#\/schema\/person\/5ad3e24553a0567993fa8ed4bd0a776c"},"headline":"ENKS: Nabe Rojava \u00fb Ba\u015f\u00fbr\u00ea Kurdistan\u00ea bibe meydana \u015fer\u00ea Tirkiye \u00fb PKK\u00ea","datePublished":"2022-11-24T14:39:45+00:00","mainEntityOfPage":{"@id":"https:\/\/darkamazi.info\/archives\/1033874"},"wordCount":460,"publisher":{"@id":"https:\/\/darkamazi.info\/#organization"},"image":{"@id":"https:\/\/darkamazi.info\/archives\/1033874#primaryimage"},"thumbnailUrl":"https:\/\/darkamazi.info\/file\/2022\/11\/enks.jpg","keywords":["sereke"],"articleSection":["Kurdistan"],"inLanguage":"en-US"},{"@type":"WebPage","@id":"https:\/\/darkamazi.info\/archives\/1033874","url":"https:\/\/darkamazi.info\/archives\/1033874","name":"ENKS: Nabe Rojava \u00fb Ba\u015f\u00fbr\u00ea Kurdistan\u00ea bibe meydana \u015fer\u00ea Tirkiye \u00fb PKK\u00ea - Darka Maz\u00ee","isPartOf":{"@id":"https:\/\/darkamazi.info\/#website"},"primaryImageOfPage":{"@id":"https:\/\/darkamazi.info\/archives\/1033874#primaryimage"},"image":{"@id":"https:\/\/darkamazi.info\/archives\/1033874#primaryimage"},"thumbnailUrl":"https:\/\/darkamazi.info\/file\/2022\/11\/enks.jpg","datePublished":"2022-11-24T14:39:45+00:00","breadcrumb":{"@id":"https:\/\/darkamazi.info\/archives\/1033874#breadcrumb"},"inLanguage":"en-US","potentialAction":[{"@type":"ReadAction","target":["https:\/\/darkamazi.info\/archives\/1033874"]}]},{"@type":"ImageObject","inLanguage":"en-US","@id":"https:\/\/darkamazi.info\/archives\/1033874#primaryimage","url":"https:\/\/darkamazi.info\/file\/2022\/11\/enks.jpg","contentUrl":"https:\/\/darkamazi.info\/file\/2022\/11\/enks.jpg","width":900,"height":497,"caption":"ENKS: Nabe Rojava \u00fb Ba\u015f\u00fbr\u00ea Kurdistan\u00ea bibe meydana \u015fer\u00ea Tirkiye \u00fb PKK\u00ea"},{"@type":"BreadcrumbList","@id":"https:\/\/darkamazi.info\/archives\/1033874#breadcrumb","itemListElement":[{"@type":"ListItem","position":1,"name":"Home","item":"https:\/\/darkamazi.info\/"},{"@type":"ListItem","position":2,"name":"ENKS: Nabe Rojava \u00fb Ba\u015f\u00fbr\u00ea Kurdistan\u00ea bibe meydana \u015fer\u00ea Tirkiye \u00fb PKK\u00ea"}]},{"@type":"WebSite","@id":"https:\/\/darkamazi.info\/#website","url":"https:\/\/darkamazi.info\/","name":"Darka Maz\u00ee","description":"P\u00eageha Zanyariy\u00ean Nebih\u00eest\u00ee","publisher":{"@id":"https:\/\/darkamazi.info\/#organization"},"potentialAction":[{"@type":"SearchAction","target":{"@type":"EntryPoint","urlTemplate":"https:\/\/darkamazi.info\/?s={search_term_string}"},"query-input":{"@type":"PropertyValueSpecification","valueRequired":true,"valueName":"search_term_string"}}],"inLanguage":"en-US"},{"@type":"Organization","@id":"https:\/\/darkamazi.info\/#organization","name":"Darka Maz\u00ee","url":"https:\/\/darkamazi.info\/","logo":{"@type":"ImageObject","inLanguage":"en-US","@id":"https:\/\/darkamazi.info\/#\/schema\/logo\/image\/","url":"https:\/\/darkamazi.info\/file\/2017\/12\/darka-mazi-logo.png","contentUrl":"https:\/\/darkamazi.info\/file\/2017\/12\/darka-mazi-logo.png","width":151,"height":75,"caption":"Darka Maz\u00ee"},"image":{"@id":"https:\/\/darkamazi.info\/#\/schema\/logo\/image\/"},"sameAs":["https:\/\/www.facebook.com\/DarMaziKurmanci","https:\/\/x.com\/DarkaMaziLatini","https:\/\/www.instagram.com\/darkamazi.kurmanci\/","https:\/\/www.youtube.com\/channel\/UCa5HkTdmI8U1qCUFuTw8B2g"]},{"@type":"Person","@id":"https:\/\/darkamazi.info\/#\/schema\/person\/5ad3e24553a0567993fa8ed4bd0a776c","name":"darka mazi","sameAs":["https:\/\/darkamazi.info\/"],"url":"https:\/\/darkamazi.info\/archives\/author\/kurdi"}]}},"_links":{"self":[{"href":"https:\/\/darkamazi.info\/funavuv\/wp\/v2\/posts\/1033874","targetHints":{"allow":["GET"]}}],"collection":[{"href":"https:\/\/darkamazi.info\/funavuv\/wp\/v2\/posts"}],"about":[{"href":"https:\/\/darkamazi.info\/funavuv\/wp\/v2\/types\/post"}],"author":[{"embeddable":true,"href":"https:\/\/darkamazi.info\/funavuv\/wp\/v2\/users\/2"}],"replies":[{"embeddable":true,"href":"https:\/\/darkamazi.info\/funavuv\/wp\/v2\/comments?post=1033874"}],"version-history":[{"count":0,"href":"https:\/\/darkamazi.info\/funavuv\/wp\/v2\/posts\/1033874\/revisions"}],"wp:featuredmedia":[{"embeddable":true,"href":"https:\/\/darkamazi.info\/funavuv\/wp\/v2\/media\/1033875"}],"wp:attachment":[{"href":"https:\/\/darkamazi.info\/funavuv\/wp\/v2\/media?parent=1033874"}],"wp:term":[{"taxonomy":"category","embeddable":true,"href":"https:\/\/darkamazi.info\/funavuv\/wp\/v2\/categories?post=1033874"},{"taxonomy":"post_tag","embeddable":true,"href":"https:\/\/darkamazi.info\/funavuv\/wp\/v2\/tags?post=1033874"}],"curies":[{"name":"wp","href":"https:\/\/api.w.org\/{rel}","templated":true}]}}