{"id":1033877,"date":"2022-11-24T19:58:00","date_gmt":"2022-11-24T16:58:00","guid":{"rendered":"https:\/\/darkamazi.info\/?p=1033877"},"modified":"2022-11-24T19:58:00","modified_gmt":"2022-11-24T16:58:00","slug":"esed-pesniyara-erdogan-red-kir","status":"publish","type":"post","link":"https:\/\/darkamazi.info\/archives\/1033877","title":{"rendered":"\u201cEsed p\u00ea\u015fniyara Erdogan red kir!\u201d"},"content":{"rendered":"<h3 style=\"text-align: justify\"><span style=\"font-family: 'arial black', sans-serif\">\u00ced\u00eeayeke n\u00fb hat kirin ku Serokkomar\u00ea Tirkiy\u00ea Recep Tayy\u00eep Erdogan beriya hilbijartin\u00ea bi Be\u015far Esad re &#8216;a\u015ftiy\u00ea&#8217; dixwaze. Siyasetmedarek\u00ee Libnan\u00ee \u00eedia kir, Erdogan her\u00ee daw\u00ee peyamek ji Esed re \u015fandiye \u00fb li ser Kurdan \u00fb penaberan p\u00ea\u015fniyar kirine.<\/span><\/h3>\n<h3 style=\"text-align: justify\">Li gor ajansa n\u00fb\u00e7eyan a Associated Press (AP) ku navenda w\u00ea Amer\u00eeka ye \u00eedia kir, Erdogan &#8216;peyamek&#8217; ji Esad re \u015fandiye. Di n\u00fb\u00e7eya ku \u00e7avkaniya w\u00ea siyasetmedarek\u00ee Libnan\u00ee ye ku t\u00ea gotin bi r\u00eak\u00fbp\u00eak bi rayedar\u00ean S\u00fbriy\u00ea re dicive hatiye diyarkirin, ev peyam roj\u00ean bor\u00ee hatiye \u015fandin.<\/h3>\n<h3 style=\"text-align: justify\">P\u00ea\u015fniyar\u00ean li ser Kurd \u00fb penaberan<\/h3>\n<h3 style=\"text-align: justify\">Di n\u00fb\u00e7ey\u00ea de hat \u00eediakirin ku Erdogan bang li Esed kiriye ji bo r\u00eagirtin\u00ea li vegerandina art\u00ea\u015fa S\u00fbriy\u00ea ji bo nav\u00e7ey\u00ean di bin kontrola Kurdan de, ji bo r\u00eagirtin\u00ea li bikaran\u00eena gaz \u00fb petrola S\u00fbriy\u00ea ji aliy\u00ea h\u00eaz\u00ean Kurd\u00ee ve, \u00fb \u015fandina penaber\u00ean S\u00fbriy\u00ea ji bo S\u00fbriy\u00ea bike.<\/h3>\n<h3 style=\"text-align: justify\">Herwiha hat \u00eediakirin ku di peyama bi r\u00eaya \u00ceraniyan ji Esed re hatiye \u015fandin de Erdogan gotiye, ew amade ye ji Enqer\u00ea berpirsan bi\u015f\u00eene \u015eam\u00ea.<\/h3>\n<h3 style=\"text-align: justify\">L\u00ea hat gotin, Esad ev p\u00ea\u015fniyar red kiriye \u00fb p\u00ea\u015fniyar kiriye ku rayedar li &#8216;welat\u00ea s\u00eayem\u00een&#8217; bicivin.Rayedarek\u00ee payebilind \u00ea Tirkiy\u00ea \u00eediaya ku \u00ceran navbeynkariy\u00ea dike red kir. Rayedar diyar kir ku ya &#8216;Tirkiye ber bi taw\u00eez\u00ea ve ki\u015fand&#8217; R\u00fbsya b\u00fb, l\u00ea &#8216;tu p\u00ea\u015fketin \u00e7\u00eaneb\u00fb&#8217;.!<\/h3>\n","protected":false},"excerpt":{"rendered":"<p>\u00ced\u00eeayeke n\u00fb hat kirin ku Serokkomar\u00ea Tirkiy\u00ea Recep Tayy\u00eep Erdogan beriya hilbijartin\u00ea bi Be\u015far Esad re &#8216;a\u015ftiy\u00ea&#8217; dixwaze. Siyasetmedarek\u00ee Libnan\u00ee \u00eedia kir, Erdogan her\u00ee daw\u00ee peyamek ji Esed re \u015fandiye \u00fb li ser Kurdan \u00fb penaberan p\u00ea\u015fniyar kirine. Li gor ajansa n\u00fb\u00e7eyan a Associated Press (AP) ku navenda w\u00ea Amer\u00eeka ye \u00eedia kir, Erdogan &#8216;peyamek&#8217; [&hellip;]<\/p>\n","protected":false},"author":2,"featured_media":1033878,"comment_status":"closed","ping_status":"closed","sticky":false,"template":"","format":"standard","meta":{"footnotes":""},"categories":[31],"tags":[37],"class_list":["post-1033877","post","type-post","status-publish","format-standard","has-post-thumbnail","hentry","category-rojhelata-navin","tag-sereke"],"blocksy_meta":[],"seo_head":"<!-- This site is optimized with the Yoast SEO plugin v27.5 - https:\/\/yoast.com\/product\/yoast-seo-wordpress\/ -->\n<title>\u201cEsed p\u00ea\u015fniyara Erdogan red kir!\u201d - Darka Maz\u00ee<\/title>\n<meta name=\"robots\" content=\"index, follow, max-snippet:-1, max-image-preview:large, max-video-preview:-1\" \/>\n<link rel=\"canonical\" href=\"https:\/\/darkamazi.info\/archives\/1033877\" \/>\n<meta property=\"og:locale\" content=\"en_US\" \/>\n<meta property=\"og:type\" content=\"article\" \/>\n<meta property=\"og:title\" content=\"\u201cEsed p\u00ea\u015fniyara Erdogan red kir!\u201d - Darka Maz\u00ee\" \/>\n<meta property=\"og:description\" content=\"\u00ced\u00eeayeke n\u00fb hat kirin ku Serokkomar\u00ea Tirkiy\u00ea Recep Tayy\u00eep Erdogan beriya hilbijartin\u00ea bi Be\u015far Esad re &#8216;a\u015ftiy\u00ea&#8217; dixwaze. Siyasetmedarek\u00ee Libnan\u00ee \u00eedia kir, Erdogan her\u00ee daw\u00ee peyamek ji Esed re \u015fandiye \u00fb li ser Kurdan \u00fb penaberan p\u00ea\u015fniyar kirine. Li gor ajansa n\u00fb\u00e7eyan a Associated Press (AP) ku navenda w\u00ea Amer\u00eeka ye \u00eedia kir, Erdogan &#8216;peyamek&#8217; [&hellip;]\" \/>\n<meta property=\"og:url\" content=\"https:\/\/darkamazi.info\/archives\/1033877\" \/>\n<meta property=\"og:site_name\" content=\"Darka Maz\u00ee\" \/>\n<meta property=\"article:publisher\" content=\"https:\/\/www.facebook.com\/DarMaziKurmanci\" \/>\n<meta property=\"article:published_time\" content=\"2022-11-24T16:58:00+00:00\" \/>\n<meta property=\"og:image\" content=\"https:\/\/darkamazi.info\/file\/2022\/11\/ardogan-asad.jpg\" \/>\n\t<meta property=\"og:image:width\" content=\"900\" \/>\n\t<meta property=\"og:image:height\" content=\"497\" \/>\n\t<meta property=\"og:image:type\" content=\"image\/jpeg\" \/>\n<meta name=\"author\" content=\"darka mazi\" \/>\n<meta name=\"twitter:card\" content=\"summary_large_image\" \/>\n<meta name=\"twitter:creator\" content=\"@DarkaMaziLatini\" \/>\n<meta name=\"twitter:site\" content=\"@DarkaMaziLatini\" \/>\n<meta name=\"twitter:label1\" content=\"Written by\" \/>\n\t<meta name=\"twitter:data1\" content=\"darka mazi\" \/>\n\t<meta name=\"twitter:label2\" content=\"Est. reading time\" \/>\n\t<meta name=\"twitter:data2\" content=\"1 minute\" \/>\n<script type=\"application\/ld+json\" class=\"seo-schema-graph\">{\"@context\":\"https:\\\/\\\/schema.org\",\"@graph\":[{\"@type\":\"Article\",\"@id\":\"https:\\\/\\\/darkamazi.info\\\/archives\\\/1033877#article\",\"isPartOf\":{\"@id\":\"https:\\\/\\\/darkamazi.info\\\/archives\\\/1033877\"},\"author\":{\"name\":\"darka mazi\",\"@id\":\"https:\\\/\\\/darkamazi.info\\\/#\\\/schema\\\/person\\\/5ad3e24553a0567993fa8ed4bd0a776c\"},\"headline\":\"\u201cEsed p\u00ea\u015fniyara Erdogan red kir!\u201d\",\"datePublished\":\"2022-11-24T16:58:00+00:00\",\"mainEntityOfPage\":{\"@id\":\"https:\\\/\\\/darkamazi.info\\\/archives\\\/1033877\"},\"wordCount\":248,\"publisher\":{\"@id\":\"https:\\\/\\\/darkamazi.info\\\/#organization\"},\"image\":{\"@id\":\"https:\\\/\\\/darkamazi.info\\\/archives\\\/1033877#primaryimage\"},\"thumbnailUrl\":\"https:\\\/\\\/darkamazi.info\\\/darka-content\\\/uploads\\\/2022\\\/11\\\/ardogan-asad.jpg\",\"keywords\":[\"sereke\"],\"articleSection\":[\"Rojhelata nav\u00een\"],\"inLanguage\":\"en-US\"},{\"@type\":\"WebPage\",\"@id\":\"https:\\\/\\\/darkamazi.info\\\/archives\\\/1033877\",\"url\":\"https:\\\/\\\/darkamazi.info\\\/archives\\\/1033877\",\"name\":\"\u201cEsed p\u00ea\u015fniyara Erdogan red kir!\u201d - Darka Maz\u00ee\",\"isPartOf\":{\"@id\":\"https:\\\/\\\/darkamazi.info\\\/#website\"},\"primaryImageOfPage\":{\"@id\":\"https:\\\/\\\/darkamazi.info\\\/archives\\\/1033877#primaryimage\"},\"image\":{\"@id\":\"https:\\\/\\\/darkamazi.info\\\/archives\\\/1033877#primaryimage\"},\"thumbnailUrl\":\"https:\\\/\\\/darkamazi.info\\\/darka-content\\\/uploads\\\/2022\\\/11\\\/ardogan-asad.jpg\",\"datePublished\":\"2022-11-24T16:58:00+00:00\",\"breadcrumb\":{\"@id\":\"https:\\\/\\\/darkamazi.info\\\/archives\\\/1033877#breadcrumb\"},\"inLanguage\":\"en-US\",\"potentialAction\":[{\"@type\":\"ReadAction\",\"target\":[\"https:\\\/\\\/darkamazi.info\\\/archives\\\/1033877\"]}]},{\"@type\":\"ImageObject\",\"inLanguage\":\"en-US\",\"@id\":\"https:\\\/\\\/darkamazi.info\\\/archives\\\/1033877#primaryimage\",\"url\":\"https:\\\/\\\/darkamazi.info\\\/darka-content\\\/uploads\\\/2022\\\/11\\\/ardogan-asad.jpg\",\"contentUrl\":\"https:\\\/\\\/darkamazi.info\\\/darka-content\\\/uploads\\\/2022\\\/11\\\/ardogan-asad.jpg\",\"width\":900,\"height\":497,\"caption\":\"\u201cEsed p\u00ea\u015fniyara Erdogan red kir!\u201d\"},{\"@type\":\"BreadcrumbList\",\"@id\":\"https:\\\/\\\/darkamazi.info\\\/archives\\\/1033877#breadcrumb\",\"itemListElement\":[{\"@type\":\"ListItem\",\"position\":1,\"name\":\"Home\",\"item\":\"https:\\\/\\\/darkamazi.info\\\/\"},{\"@type\":\"ListItem\",\"position\":2,\"name\":\"\u201cEsed p\u00ea\u015fniyara Erdogan red kir!\u201d\"}]},{\"@type\":\"WebSite\",\"@id\":\"https:\\\/\\\/darkamazi.info\\\/#website\",\"url\":\"https:\\\/\\\/darkamazi.info\\\/\",\"name\":\"Darka Maz\u00ee\",\"description\":\"P\u00eageha Zanyariy\u00ean Nebih\u00eest\u00ee\",\"publisher\":{\"@id\":\"https:\\\/\\\/darkamazi.info\\\/#organization\"},\"potentialAction\":[{\"@type\":\"SearchAction\",\"target\":{\"@type\":\"EntryPoint\",\"urlTemplate\":\"https:\\\/\\\/darkamazi.info\\\/?s={search_term_string}\"},\"query-input\":{\"@type\":\"PropertyValueSpecification\",\"valueRequired\":true,\"valueName\":\"search_term_string\"}}],\"inLanguage\":\"en-US\"},{\"@type\":\"Organization\",\"@id\":\"https:\\\/\\\/darkamazi.info\\\/#organization\",\"name\":\"Darka Maz\u00ee\",\"url\":\"https:\\\/\\\/darkamazi.info\\\/\",\"logo\":{\"@type\":\"ImageObject\",\"inLanguage\":\"en-US\",\"@id\":\"https:\\\/\\\/darkamazi.info\\\/#\\\/schema\\\/logo\\\/image\\\/\",\"url\":\"https:\\\/\\\/darkamazi.info\\\/darka-content\\\/uploads\\\/2017\\\/12\\\/darka-mazi-logo.png\",\"contentUrl\":\"https:\\\/\\\/darkamazi.info\\\/darka-content\\\/uploads\\\/2017\\\/12\\\/darka-mazi-logo.png\",\"width\":151,\"height\":75,\"caption\":\"Darka Maz\u00ee\"},\"image\":{\"@id\":\"https:\\\/\\\/darkamazi.info\\\/#\\\/schema\\\/logo\\\/image\\\/\"},\"sameAs\":[\"https:\\\/\\\/www.facebook.com\\\/DarMaziKurmanci\",\"https:\\\/\\\/x.com\\\/DarkaMaziLatini\",\"https:\\\/\\\/www.instagram.com\\\/darkamazi.kurmanci\\\/\",\"https:\\\/\\\/www.youtube.com\\\/channel\\\/UCa5HkTdmI8U1qCUFuTw8B2g\"]},{\"@type\":\"Person\",\"@id\":\"https:\\\/\\\/darkamazi.info\\\/#\\\/schema\\\/person\\\/5ad3e24553a0567993fa8ed4bd0a776c\",\"name\":\"darka mazi\",\"sameAs\":[\"https:\\\/\\\/darkamazi.info\\\/\"],\"url\":\"https:\\\/\\\/darkamazi.info\\\/archives\\\/author\\\/kurdi\"}]}<\/script>\n<!-- \/ Yoast SEO plugin. -->","seo_head_json":{"title":"\u201cEsed p\u00ea\u015fniyara Erdogan red kir!\u201d - Darka Maz\u00ee","robots":{"index":"index","follow":"follow","max-snippet":"max-snippet:-1","max-image-preview":"max-image-preview:large","max-video-preview":"max-video-preview:-1"},"canonical":"https:\/\/darkamazi.info\/archives\/1033877","og_locale":"en_US","og_type":"article","og_title":"\u201cEsed p\u00ea\u015fniyara Erdogan red kir!\u201d - Darka Maz\u00ee","og_description":"\u00ced\u00eeayeke n\u00fb hat kirin ku Serokkomar\u00ea Tirkiy\u00ea Recep Tayy\u00eep Erdogan beriya hilbijartin\u00ea bi Be\u015far Esad re &#8216;a\u015ftiy\u00ea&#8217; dixwaze. Siyasetmedarek\u00ee Libnan\u00ee \u00eedia kir, Erdogan her\u00ee daw\u00ee peyamek ji Esed re \u015fandiye \u00fb li ser Kurdan \u00fb penaberan p\u00ea\u015fniyar kirine. Li gor ajansa n\u00fb\u00e7eyan a Associated Press (AP) ku navenda w\u00ea Amer\u00eeka ye \u00eedia kir, Erdogan &#8216;peyamek&#8217; [&hellip;]","og_url":"https:\/\/darkamazi.info\/archives\/1033877","og_site_name":"Darka Maz\u00ee","article_publisher":"https:\/\/www.facebook.com\/DarMaziKurmanci","article_published_time":"2022-11-24T16:58:00+00:00","og_image":[{"width":900,"height":497,"url":"https:\/\/darkamazi.info\/file\/2022\/11\/ardogan-asad.jpg","type":"image\/jpeg"}],"author":"darka mazi","twitter_card":"summary_large_image","twitter_creator":"@DarkaMaziLatini","twitter_site":"@DarkaMaziLatini","twitter_misc":{"Written by":"darka mazi","Est. reading time":"1 minute"},"schema":{"@context":"https:\/\/schema.org","@graph":[{"@type":"Article","@id":"https:\/\/darkamazi.info\/archives\/1033877#article","isPartOf":{"@id":"https:\/\/darkamazi.info\/archives\/1033877"},"author":{"name":"darka mazi","@id":"https:\/\/darkamazi.info\/#\/schema\/person\/5ad3e24553a0567993fa8ed4bd0a776c"},"headline":"\u201cEsed p\u00ea\u015fniyara Erdogan red kir!\u201d","datePublished":"2022-11-24T16:58:00+00:00","mainEntityOfPage":{"@id":"https:\/\/darkamazi.info\/archives\/1033877"},"wordCount":248,"publisher":{"@id":"https:\/\/darkamazi.info\/#organization"},"image":{"@id":"https:\/\/darkamazi.info\/archives\/1033877#primaryimage"},"thumbnailUrl":"https:\/\/darkamazi.info\/file\/2022\/11\/ardogan-asad.jpg","keywords":["sereke"],"articleSection":["Rojhelata nav\u00een"],"inLanguage":"en-US"},{"@type":"WebPage","@id":"https:\/\/darkamazi.info\/archives\/1033877","url":"https:\/\/darkamazi.info\/archives\/1033877","name":"\u201cEsed p\u00ea\u015fniyara Erdogan red kir!\u201d - Darka Maz\u00ee","isPartOf":{"@id":"https:\/\/darkamazi.info\/#website"},"primaryImageOfPage":{"@id":"https:\/\/darkamazi.info\/archives\/1033877#primaryimage"},"image":{"@id":"https:\/\/darkamazi.info\/archives\/1033877#primaryimage"},"thumbnailUrl":"https:\/\/darkamazi.info\/file\/2022\/11\/ardogan-asad.jpg","datePublished":"2022-11-24T16:58:00+00:00","breadcrumb":{"@id":"https:\/\/darkamazi.info\/archives\/1033877#breadcrumb"},"inLanguage":"en-US","potentialAction":[{"@type":"ReadAction","target":["https:\/\/darkamazi.info\/archives\/1033877"]}]},{"@type":"ImageObject","inLanguage":"en-US","@id":"https:\/\/darkamazi.info\/archives\/1033877#primaryimage","url":"https:\/\/darkamazi.info\/file\/2022\/11\/ardogan-asad.jpg","contentUrl":"https:\/\/darkamazi.info\/file\/2022\/11\/ardogan-asad.jpg","width":900,"height":497,"caption":"\u201cEsed p\u00ea\u015fniyara Erdogan red kir!\u201d"},{"@type":"BreadcrumbList","@id":"https:\/\/darkamazi.info\/archives\/1033877#breadcrumb","itemListElement":[{"@type":"ListItem","position":1,"name":"Home","item":"https:\/\/darkamazi.info\/"},{"@type":"ListItem","position":2,"name":"\u201cEsed p\u00ea\u015fniyara Erdogan red kir!\u201d"}]},{"@type":"WebSite","@id":"https:\/\/darkamazi.info\/#website","url":"https:\/\/darkamazi.info\/","name":"Darka Maz\u00ee","description":"P\u00eageha Zanyariy\u00ean Nebih\u00eest\u00ee","publisher":{"@id":"https:\/\/darkamazi.info\/#organization"},"potentialAction":[{"@type":"SearchAction","target":{"@type":"EntryPoint","urlTemplate":"https:\/\/darkamazi.info\/?s={search_term_string}"},"query-input":{"@type":"PropertyValueSpecification","valueRequired":true,"valueName":"search_term_string"}}],"inLanguage":"en-US"},{"@type":"Organization","@id":"https:\/\/darkamazi.info\/#organization","name":"Darka Maz\u00ee","url":"https:\/\/darkamazi.info\/","logo":{"@type":"ImageObject","inLanguage":"en-US","@id":"https:\/\/darkamazi.info\/#\/schema\/logo\/image\/","url":"https:\/\/darkamazi.info\/file\/2017\/12\/darka-mazi-logo.png","contentUrl":"https:\/\/darkamazi.info\/file\/2017\/12\/darka-mazi-logo.png","width":151,"height":75,"caption":"Darka Maz\u00ee"},"image":{"@id":"https:\/\/darkamazi.info\/#\/schema\/logo\/image\/"},"sameAs":["https:\/\/www.facebook.com\/DarMaziKurmanci","https:\/\/x.com\/DarkaMaziLatini","https:\/\/www.instagram.com\/darkamazi.kurmanci\/","https:\/\/www.youtube.com\/channel\/UCa5HkTdmI8U1qCUFuTw8B2g"]},{"@type":"Person","@id":"https:\/\/darkamazi.info\/#\/schema\/person\/5ad3e24553a0567993fa8ed4bd0a776c","name":"darka mazi","sameAs":["https:\/\/darkamazi.info\/"],"url":"https:\/\/darkamazi.info\/archives\/author\/kurdi"}]}},"_links":{"self":[{"href":"https:\/\/darkamazi.info\/funavuv\/wp\/v2\/posts\/1033877","targetHints":{"allow":["GET"]}}],"collection":[{"href":"https:\/\/darkamazi.info\/funavuv\/wp\/v2\/posts"}],"about":[{"href":"https:\/\/darkamazi.info\/funavuv\/wp\/v2\/types\/post"}],"author":[{"embeddable":true,"href":"https:\/\/darkamazi.info\/funavuv\/wp\/v2\/users\/2"}],"replies":[{"embeddable":true,"href":"https:\/\/darkamazi.info\/funavuv\/wp\/v2\/comments?post=1033877"}],"version-history":[{"count":0,"href":"https:\/\/darkamazi.info\/funavuv\/wp\/v2\/posts\/1033877\/revisions"}],"wp:featuredmedia":[{"embeddable":true,"href":"https:\/\/darkamazi.info\/funavuv\/wp\/v2\/media\/1033878"}],"wp:attachment":[{"href":"https:\/\/darkamazi.info\/funavuv\/wp\/v2\/media?parent=1033877"}],"wp:term":[{"taxonomy":"category","embeddable":true,"href":"https:\/\/darkamazi.info\/funavuv\/wp\/v2\/categories?post=1033877"},{"taxonomy":"post_tag","embeddable":true,"href":"https:\/\/darkamazi.info\/funavuv\/wp\/v2\/tags?post=1033877"}],"curies":[{"name":"wp","href":"https:\/\/api.w.org\/{rel}","templated":true}]}}