{"id":1033921,"date":"2022-11-27T11:40:53","date_gmt":"2022-11-27T08:40:53","guid":{"rendered":"https:\/\/darkamazi.info\/?p=1033921"},"modified":"2022-11-27T11:40:53","modified_gmt":"2022-11-27T08:40:53","slug":"ny-rewsa-rojhilata-kurdistane-metirsidare","status":"publish","type":"post","link":"https:\/\/darkamazi.info\/archives\/1033921","title":{"rendered":"NY: Rew\u015fa Rojhilata Kurdistan\u00ea metirs\u00eedare"},"content":{"rendered":"<h3 style=\"text-align: justify\"><span style=\"font-family: 'arial black', sans-serif\">Kom\u00eeser\u00ea bilind\u00ea Maf\u00ean Mirovan y\u00ea Netewey\u00ean Yekb\u00fby\u00ee ragihand, rew\u015fa nav\u00e7ey\u00ean Kurdistan\u00ee y\u00ean li \u00ceran\u00ea metirs\u00eedare \u00fb rayedar\u00ean \u00ceran\u00ea rapor\u00ean b\u00eabingeh derbar\u00ea wan nav\u00e7eyan p\u00ea\u015fk\u00ea\u015f kirine.<\/span><\/h3>\n<h3 style=\"text-align: justify\"><span style=\"font-family: arial, helvetica, sans-serif\">Volker Turk Kom\u00eeser\u00ea Bilind \u00ea Maf\u00ean Mirovan \u00ea Netewey\u00ean Yekb\u00fby\u00ee derbar\u00ea xwep\u00ea\u015fandan\u00ean \u00ceran\u00ea y\u00ean ku bi sedema mirina J\u00eena Em\u00een\u00ee li w\u00ee welat\u00ee destp\u00eakirine got, &#8220;Ji destp\u00eaka xwep\u00ea\u015fandan\u00ean \u00ceran\u00ea y\u00ean li ser mirina Z\u00eena Em\u00een\u00ee ve, 14 hezar kes hatine girtin, tev\u00ee bi sedan kes\u00ean din ku 40 zarok \u00fb 20 jin di nav de ne, hatine ku\u015ftin&#8221;.<\/span><\/h3>\n<h3 style=\"text-align: justify\"><span style=\"font-family: arial, helvetica, sans-serif\">Volker dilgiraniya xwe ya k\u00fbr ji z\u00eadeb\u00fbna ber\u00e7av a bidarvekirinan li \u00ceran\u00ea d\u00fbpat kir \u00fb tekez kir ku qeyraneke berfireh a maf\u00ean mirovan li \u00ceran\u00ea de heye.<\/span><\/h3>\n<h3 style=\"text-align: justify\"><span style=\"font-family: arial, helvetica, sans-serif\">Her wiha diyar kirk u rew\u015fa nav\u00e7ey\u00ean Kurdistan\u00ee metirs\u00eedare ji ber ku rayedar\u00ean \u00ceran\u00ea rapor\u00ean b\u00eabingeh derbar\u00ea xwep\u00ea\u015fandan\u00ean wan deveran p\u00ea\u015fk\u00ea\u015f kirine.<\/span><\/h3>\n<h3 style=\"text-align: justify\"><span style=\"font-family: arial, helvetica, sans-serif\">R\u00eaxistina Maf\u00ean Mirovan a Herana ragihand, ji aliy\u00ea din ve hejmara ku\u015ftiy\u00ean xwep\u00ea\u015fandanan li \u00ceran\u00ea gih\u00ee\u015ftiye 448 kesan, ji wan 63 zarok in \u00fb z\u00eadetir\u00ee 18 hezar kes\u00ean din j\u00ee hatine girtin.<\/span><\/h3>\n","protected":false},"excerpt":{"rendered":"<p>Kom\u00eeser\u00ea bilind\u00ea Maf\u00ean Mirovan y\u00ea Netewey\u00ean Yekb\u00fby\u00ee ragihand, rew\u015fa nav\u00e7ey\u00ean Kurdistan\u00ee y\u00ean li \u00ceran\u00ea metirs\u00eedare \u00fb rayedar\u00ean \u00ceran\u00ea rapor\u00ean b\u00eabingeh derbar\u00ea wan nav\u00e7eyan p\u00ea\u015fk\u00ea\u015f kirine. Volker Turk Kom\u00eeser\u00ea Bilind \u00ea Maf\u00ean Mirovan \u00ea Netewey\u00ean Yekb\u00fby\u00ee derbar\u00ea xwep\u00ea\u015fandan\u00ean \u00ceran\u00ea y\u00ean ku bi sedema mirina J\u00eena Em\u00een\u00ee li w\u00ee welat\u00ee destp\u00eakirine got, &#8220;Ji destp\u00eaka xwep\u00ea\u015fandan\u00ean \u00ceran\u00ea y\u00ean [&hellip;]<\/p>\n","protected":false},"author":2,"featured_media":1033922,"comment_status":"closed","ping_status":"closed","sticky":false,"template":"","format":"standard","meta":{"footnotes":""},"categories":[30],"tags":[37],"class_list":["post-1033921","post","type-post","status-publish","format-standard","has-post-thumbnail","hentry","category-cihan","tag-sereke"],"blocksy_meta":[],"seo_head":"<!-- This site is optimized with the Yoast SEO plugin v27.5 - https:\/\/yoast.com\/product\/yoast-seo-wordpress\/ -->\n<title>NY: Rew\u015fa Rojhilata Kurdistan\u00ea metirs\u00eedare - Darka Maz\u00ee<\/title>\n<meta name=\"robots\" content=\"index, follow, max-snippet:-1, max-image-preview:large, max-video-preview:-1\" \/>\n<link rel=\"canonical\" href=\"https:\/\/darkamazi.info\/archives\/1033921\" \/>\n<meta property=\"og:locale\" content=\"en_US\" \/>\n<meta property=\"og:type\" content=\"article\" \/>\n<meta property=\"og:title\" content=\"NY: Rew\u015fa Rojhilata Kurdistan\u00ea metirs\u00eedare - Darka Maz\u00ee\" \/>\n<meta property=\"og:description\" content=\"Kom\u00eeser\u00ea bilind\u00ea Maf\u00ean Mirovan y\u00ea Netewey\u00ean Yekb\u00fby\u00ee ragihand, rew\u015fa nav\u00e7ey\u00ean Kurdistan\u00ee y\u00ean li \u00ceran\u00ea metirs\u00eedare \u00fb rayedar\u00ean \u00ceran\u00ea rapor\u00ean b\u00eabingeh derbar\u00ea wan nav\u00e7eyan p\u00ea\u015fk\u00ea\u015f kirine. Volker Turk Kom\u00eeser\u00ea Bilind \u00ea Maf\u00ean Mirovan \u00ea Netewey\u00ean Yekb\u00fby\u00ee derbar\u00ea xwep\u00ea\u015fandan\u00ean \u00ceran\u00ea y\u00ean ku bi sedema mirina J\u00eena Em\u00een\u00ee li w\u00ee welat\u00ee destp\u00eakirine got, &#8220;Ji destp\u00eaka xwep\u00ea\u015fandan\u00ean \u00ceran\u00ea y\u00ean [&hellip;]\" \/>\n<meta property=\"og:url\" content=\"https:\/\/darkamazi.info\/archives\/1033921\" \/>\n<meta property=\"og:site_name\" content=\"Darka Maz\u00ee\" \/>\n<meta property=\"article:publisher\" content=\"https:\/\/www.facebook.com\/DarMaziKurmanci\" \/>\n<meta property=\"article:published_time\" content=\"2022-11-27T08:40:53+00:00\" \/>\n<meta property=\"og:image\" content=\"https:\/\/darkamazi.info\/file\/2022\/11\/iran-un-2022.jpg\" \/>\n\t<meta property=\"og:image:width\" content=\"900\" \/>\n\t<meta property=\"og:image:height\" content=\"497\" \/>\n\t<meta property=\"og:image:type\" content=\"image\/jpeg\" \/>\n<meta name=\"author\" content=\"darka mazi\" \/>\n<meta name=\"twitter:card\" content=\"summary_large_image\" \/>\n<meta name=\"twitter:creator\" content=\"@DarkaMaziLatini\" \/>\n<meta name=\"twitter:site\" content=\"@DarkaMaziLatini\" \/>\n<meta name=\"twitter:label1\" content=\"Written by\" \/>\n\t<meta name=\"twitter:data1\" content=\"darka mazi\" \/>\n\t<meta name=\"twitter:label2\" content=\"Est. reading time\" \/>\n\t<meta name=\"twitter:data2\" content=\"1 minute\" \/>\n<script type=\"application\/ld+json\" class=\"seo-schema-graph\">{\"@context\":\"https:\\\/\\\/schema.org\",\"@graph\":[{\"@type\":\"Article\",\"@id\":\"https:\\\/\\\/darkamazi.info\\\/archives\\\/1033921#article\",\"isPartOf\":{\"@id\":\"https:\\\/\\\/darkamazi.info\\\/archives\\\/1033921\"},\"author\":{\"name\":\"darka mazi\",\"@id\":\"https:\\\/\\\/darkamazi.info\\\/#\\\/schema\\\/person\\\/5ad3e24553a0567993fa8ed4bd0a776c\"},\"headline\":\"NY: Rew\u015fa Rojhilata Kurdistan\u00ea metirs\u00eedare\",\"datePublished\":\"2022-11-27T08:40:53+00:00\",\"mainEntityOfPage\":{\"@id\":\"https:\\\/\\\/darkamazi.info\\\/archives\\\/1033921\"},\"wordCount\":215,\"publisher\":{\"@id\":\"https:\\\/\\\/darkamazi.info\\\/#organization\"},\"image\":{\"@id\":\"https:\\\/\\\/darkamazi.info\\\/archives\\\/1033921#primaryimage\"},\"thumbnailUrl\":\"https:\\\/\\\/darkamazi.info\\\/darka-content\\\/uploads\\\/2022\\\/11\\\/iran-un-2022.jpg\",\"keywords\":[\"sereke\"],\"articleSection\":[\"C\u00eehan\"],\"inLanguage\":\"en-US\"},{\"@type\":\"WebPage\",\"@id\":\"https:\\\/\\\/darkamazi.info\\\/archives\\\/1033921\",\"url\":\"https:\\\/\\\/darkamazi.info\\\/archives\\\/1033921\",\"name\":\"NY: Rew\u015fa Rojhilata Kurdistan\u00ea metirs\u00eedare - Darka Maz\u00ee\",\"isPartOf\":{\"@id\":\"https:\\\/\\\/darkamazi.info\\\/#website\"},\"primaryImageOfPage\":{\"@id\":\"https:\\\/\\\/darkamazi.info\\\/archives\\\/1033921#primaryimage\"},\"image\":{\"@id\":\"https:\\\/\\\/darkamazi.info\\\/archives\\\/1033921#primaryimage\"},\"thumbnailUrl\":\"https:\\\/\\\/darkamazi.info\\\/darka-content\\\/uploads\\\/2022\\\/11\\\/iran-un-2022.jpg\",\"datePublished\":\"2022-11-27T08:40:53+00:00\",\"breadcrumb\":{\"@id\":\"https:\\\/\\\/darkamazi.info\\\/archives\\\/1033921#breadcrumb\"},\"inLanguage\":\"en-US\",\"potentialAction\":[{\"@type\":\"ReadAction\",\"target\":[\"https:\\\/\\\/darkamazi.info\\\/archives\\\/1033921\"]}]},{\"@type\":\"ImageObject\",\"inLanguage\":\"en-US\",\"@id\":\"https:\\\/\\\/darkamazi.info\\\/archives\\\/1033921#primaryimage\",\"url\":\"https:\\\/\\\/darkamazi.info\\\/darka-content\\\/uploads\\\/2022\\\/11\\\/iran-un-2022.jpg\",\"contentUrl\":\"https:\\\/\\\/darkamazi.info\\\/darka-content\\\/uploads\\\/2022\\\/11\\\/iran-un-2022.jpg\",\"width\":900,\"height\":497,\"caption\":\"NY: Rew\u015fa Rojhilata Kurdistan\u00ea metirs\u00eedare\"},{\"@type\":\"BreadcrumbList\",\"@id\":\"https:\\\/\\\/darkamazi.info\\\/archives\\\/1033921#breadcrumb\",\"itemListElement\":[{\"@type\":\"ListItem\",\"position\":1,\"name\":\"Home\",\"item\":\"https:\\\/\\\/darkamazi.info\\\/\"},{\"@type\":\"ListItem\",\"position\":2,\"name\":\"NY: Rew\u015fa Rojhilata Kurdistan\u00ea metirs\u00eedare\"}]},{\"@type\":\"WebSite\",\"@id\":\"https:\\\/\\\/darkamazi.info\\\/#website\",\"url\":\"https:\\\/\\\/darkamazi.info\\\/\",\"name\":\"Darka Maz\u00ee\",\"description\":\"P\u00eageha Zanyariy\u00ean Nebih\u00eest\u00ee\",\"publisher\":{\"@id\":\"https:\\\/\\\/darkamazi.info\\\/#organization\"},\"potentialAction\":[{\"@type\":\"SearchAction\",\"target\":{\"@type\":\"EntryPoint\",\"urlTemplate\":\"https:\\\/\\\/darkamazi.info\\\/?s={search_term_string}\"},\"query-input\":{\"@type\":\"PropertyValueSpecification\",\"valueRequired\":true,\"valueName\":\"search_term_string\"}}],\"inLanguage\":\"en-US\"},{\"@type\":\"Organization\",\"@id\":\"https:\\\/\\\/darkamazi.info\\\/#organization\",\"name\":\"Darka Maz\u00ee\",\"url\":\"https:\\\/\\\/darkamazi.info\\\/\",\"logo\":{\"@type\":\"ImageObject\",\"inLanguage\":\"en-US\",\"@id\":\"https:\\\/\\\/darkamazi.info\\\/#\\\/schema\\\/logo\\\/image\\\/\",\"url\":\"https:\\\/\\\/darkamazi.info\\\/darka-content\\\/uploads\\\/2017\\\/12\\\/darka-mazi-logo.png\",\"contentUrl\":\"https:\\\/\\\/darkamazi.info\\\/darka-content\\\/uploads\\\/2017\\\/12\\\/darka-mazi-logo.png\",\"width\":151,\"height\":75,\"caption\":\"Darka Maz\u00ee\"},\"image\":{\"@id\":\"https:\\\/\\\/darkamazi.info\\\/#\\\/schema\\\/logo\\\/image\\\/\"},\"sameAs\":[\"https:\\\/\\\/www.facebook.com\\\/DarMaziKurmanci\",\"https:\\\/\\\/x.com\\\/DarkaMaziLatini\",\"https:\\\/\\\/www.instagram.com\\\/darkamazi.kurmanci\\\/\",\"https:\\\/\\\/www.youtube.com\\\/channel\\\/UCa5HkTdmI8U1qCUFuTw8B2g\"]},{\"@type\":\"Person\",\"@id\":\"https:\\\/\\\/darkamazi.info\\\/#\\\/schema\\\/person\\\/5ad3e24553a0567993fa8ed4bd0a776c\",\"name\":\"darka mazi\",\"sameAs\":[\"https:\\\/\\\/darkamazi.info\\\/\"],\"url\":\"https:\\\/\\\/darkamazi.info\\\/archives\\\/author\\\/kurdi\"}]}<\/script>\n<!-- \/ Yoast SEO plugin. -->","seo_head_json":{"title":"NY: Rew\u015fa Rojhilata Kurdistan\u00ea metirs\u00eedare - Darka Maz\u00ee","robots":{"index":"index","follow":"follow","max-snippet":"max-snippet:-1","max-image-preview":"max-image-preview:large","max-video-preview":"max-video-preview:-1"},"canonical":"https:\/\/darkamazi.info\/archives\/1033921","og_locale":"en_US","og_type":"article","og_title":"NY: Rew\u015fa Rojhilata Kurdistan\u00ea metirs\u00eedare - Darka Maz\u00ee","og_description":"Kom\u00eeser\u00ea bilind\u00ea Maf\u00ean Mirovan y\u00ea Netewey\u00ean Yekb\u00fby\u00ee ragihand, rew\u015fa nav\u00e7ey\u00ean Kurdistan\u00ee y\u00ean li \u00ceran\u00ea metirs\u00eedare \u00fb rayedar\u00ean \u00ceran\u00ea rapor\u00ean b\u00eabingeh derbar\u00ea wan nav\u00e7eyan p\u00ea\u015fk\u00ea\u015f kirine. Volker Turk Kom\u00eeser\u00ea Bilind \u00ea Maf\u00ean Mirovan \u00ea Netewey\u00ean Yekb\u00fby\u00ee derbar\u00ea xwep\u00ea\u015fandan\u00ean \u00ceran\u00ea y\u00ean ku bi sedema mirina J\u00eena Em\u00een\u00ee li w\u00ee welat\u00ee destp\u00eakirine got, &#8220;Ji destp\u00eaka xwep\u00ea\u015fandan\u00ean \u00ceran\u00ea y\u00ean [&hellip;]","og_url":"https:\/\/darkamazi.info\/archives\/1033921","og_site_name":"Darka Maz\u00ee","article_publisher":"https:\/\/www.facebook.com\/DarMaziKurmanci","article_published_time":"2022-11-27T08:40:53+00:00","og_image":[{"width":900,"height":497,"url":"https:\/\/darkamazi.info\/file\/2022\/11\/iran-un-2022.jpg","type":"image\/jpeg"}],"author":"darka mazi","twitter_card":"summary_large_image","twitter_creator":"@DarkaMaziLatini","twitter_site":"@DarkaMaziLatini","twitter_misc":{"Written by":"darka mazi","Est. reading time":"1 minute"},"schema":{"@context":"https:\/\/schema.org","@graph":[{"@type":"Article","@id":"https:\/\/darkamazi.info\/archives\/1033921#article","isPartOf":{"@id":"https:\/\/darkamazi.info\/archives\/1033921"},"author":{"name":"darka mazi","@id":"https:\/\/darkamazi.info\/#\/schema\/person\/5ad3e24553a0567993fa8ed4bd0a776c"},"headline":"NY: Rew\u015fa Rojhilata Kurdistan\u00ea metirs\u00eedare","datePublished":"2022-11-27T08:40:53+00:00","mainEntityOfPage":{"@id":"https:\/\/darkamazi.info\/archives\/1033921"},"wordCount":215,"publisher":{"@id":"https:\/\/darkamazi.info\/#organization"},"image":{"@id":"https:\/\/darkamazi.info\/archives\/1033921#primaryimage"},"thumbnailUrl":"https:\/\/darkamazi.info\/file\/2022\/11\/iran-un-2022.jpg","keywords":["sereke"],"articleSection":["C\u00eehan"],"inLanguage":"en-US"},{"@type":"WebPage","@id":"https:\/\/darkamazi.info\/archives\/1033921","url":"https:\/\/darkamazi.info\/archives\/1033921","name":"NY: Rew\u015fa Rojhilata Kurdistan\u00ea metirs\u00eedare - Darka Maz\u00ee","isPartOf":{"@id":"https:\/\/darkamazi.info\/#website"},"primaryImageOfPage":{"@id":"https:\/\/darkamazi.info\/archives\/1033921#primaryimage"},"image":{"@id":"https:\/\/darkamazi.info\/archives\/1033921#primaryimage"},"thumbnailUrl":"https:\/\/darkamazi.info\/file\/2022\/11\/iran-un-2022.jpg","datePublished":"2022-11-27T08:40:53+00:00","breadcrumb":{"@id":"https:\/\/darkamazi.info\/archives\/1033921#breadcrumb"},"inLanguage":"en-US","potentialAction":[{"@type":"ReadAction","target":["https:\/\/darkamazi.info\/archives\/1033921"]}]},{"@type":"ImageObject","inLanguage":"en-US","@id":"https:\/\/darkamazi.info\/archives\/1033921#primaryimage","url":"https:\/\/darkamazi.info\/file\/2022\/11\/iran-un-2022.jpg","contentUrl":"https:\/\/darkamazi.info\/file\/2022\/11\/iran-un-2022.jpg","width":900,"height":497,"caption":"NY: Rew\u015fa Rojhilata Kurdistan\u00ea metirs\u00eedare"},{"@type":"BreadcrumbList","@id":"https:\/\/darkamazi.info\/archives\/1033921#breadcrumb","itemListElement":[{"@type":"ListItem","position":1,"name":"Home","item":"https:\/\/darkamazi.info\/"},{"@type":"ListItem","position":2,"name":"NY: Rew\u015fa Rojhilata Kurdistan\u00ea metirs\u00eedare"}]},{"@type":"WebSite","@id":"https:\/\/darkamazi.info\/#website","url":"https:\/\/darkamazi.info\/","name":"Darka Maz\u00ee","description":"P\u00eageha Zanyariy\u00ean Nebih\u00eest\u00ee","publisher":{"@id":"https:\/\/darkamazi.info\/#organization"},"potentialAction":[{"@type":"SearchAction","target":{"@type":"EntryPoint","urlTemplate":"https:\/\/darkamazi.info\/?s={search_term_string}"},"query-input":{"@type":"PropertyValueSpecification","valueRequired":true,"valueName":"search_term_string"}}],"inLanguage":"en-US"},{"@type":"Organization","@id":"https:\/\/darkamazi.info\/#organization","name":"Darka Maz\u00ee","url":"https:\/\/darkamazi.info\/","logo":{"@type":"ImageObject","inLanguage":"en-US","@id":"https:\/\/darkamazi.info\/#\/schema\/logo\/image\/","url":"https:\/\/darkamazi.info\/file\/2017\/12\/darka-mazi-logo.png","contentUrl":"https:\/\/darkamazi.info\/file\/2017\/12\/darka-mazi-logo.png","width":151,"height":75,"caption":"Darka Maz\u00ee"},"image":{"@id":"https:\/\/darkamazi.info\/#\/schema\/logo\/image\/"},"sameAs":["https:\/\/www.facebook.com\/DarMaziKurmanci","https:\/\/x.com\/DarkaMaziLatini","https:\/\/www.instagram.com\/darkamazi.kurmanci\/","https:\/\/www.youtube.com\/channel\/UCa5HkTdmI8U1qCUFuTw8B2g"]},{"@type":"Person","@id":"https:\/\/darkamazi.info\/#\/schema\/person\/5ad3e24553a0567993fa8ed4bd0a776c","name":"darka mazi","sameAs":["https:\/\/darkamazi.info\/"],"url":"https:\/\/darkamazi.info\/archives\/author\/kurdi"}]}},"_links":{"self":[{"href":"https:\/\/darkamazi.info\/funavuv\/wp\/v2\/posts\/1033921","targetHints":{"allow":["GET"]}}],"collection":[{"href":"https:\/\/darkamazi.info\/funavuv\/wp\/v2\/posts"}],"about":[{"href":"https:\/\/darkamazi.info\/funavuv\/wp\/v2\/types\/post"}],"author":[{"embeddable":true,"href":"https:\/\/darkamazi.info\/funavuv\/wp\/v2\/users\/2"}],"replies":[{"embeddable":true,"href":"https:\/\/darkamazi.info\/funavuv\/wp\/v2\/comments?post=1033921"}],"version-history":[{"count":0,"href":"https:\/\/darkamazi.info\/funavuv\/wp\/v2\/posts\/1033921\/revisions"}],"wp:featuredmedia":[{"embeddable":true,"href":"https:\/\/darkamazi.info\/funavuv\/wp\/v2\/media\/1033922"}],"wp:attachment":[{"href":"https:\/\/darkamazi.info\/funavuv\/wp\/v2\/media?parent=1033921"}],"wp:term":[{"taxonomy":"category","embeddable":true,"href":"https:\/\/darkamazi.info\/funavuv\/wp\/v2\/categories?post=1033921"},{"taxonomy":"post_tag","embeddable":true,"href":"https:\/\/darkamazi.info\/funavuv\/wp\/v2\/tags?post=1033921"}],"curies":[{"name":"wp","href":"https:\/\/api.w.org\/{rel}","templated":true}]}}