{"id":1033924,"date":"2022-11-27T15:13:07","date_gmt":"2022-11-27T12:13:07","guid":{"rendered":"https:\/\/darkamazi.info\/?p=1033924"},"modified":"2022-11-27T15:13:07","modified_gmt":"2022-11-27T12:13:07","slug":"tirkiye-u-pkke-amaren-ser-raghandin","status":"publish","type":"post","link":"https:\/\/darkamazi.info\/archives\/1033924","title":{"rendered":"Tirkiy\u00ea \u00fb PKK\u00ea amar\u00ean \u015fer raghandin"},"content":{"rendered":"<h3 style=\"text-align: justify\"><span style=\"font-family: 'arial black', sans-serif\">Wezareta bergiriy\u00ea ya Tirkiy\u00ea, \u00eero ragihand ku di \u00ear\u00ee\u015f\u00ean wan y\u00ean her\u00ee daw\u00ee de, 22 \u00e7ekdar\u00ean PKK\u00ea \u00fb YPG\u00ea li Rojava \u00fb Ba\u015f\u00fbr\u00ea Kurdistan\u00ea hatine armanc girtin.<\/span><\/h3>\n<h3 style=\"text-align: justify\"><span style=\"font-family: arial, helvetica, sans-serif\">Wezareta bergiriy\u00ea ya Tirkiy\u00ea, \u00eero roja yek\u015fem\u00ee 27\/11\/2022 b\u00eelan\u00e7oya \u015fer ragihand \u00fb e\u015fkere kir, 22 \u00e7ekdar\u00ean PKK\u00ea \u00fb YPG\u00ea hatine armanc girtin, 10 li Ba\u015f\u00fbr\u00ea Kurdistan\u00ea \u00fb 12 li Rojava Kurdistan\u00ea.<\/span><\/h3>\n<h3 style=\"text-align: justify\"><span style=\"font-family: arial, helvetica, sans-serif\">Ji h\u00eala xwe ve r\u00eaxistina PKK\u00ea duh roja \u015fem\u00ee 26\/11\/2022 di medyaya xwe de e\u015fker kirb\u00fb ku G\u00ear\u00eelay\u00ean wan 17 dag\u00eerker ceza kirine.<\/span><\/h3>\n<h3 style=\"text-align: justify\"><span style=\"font-family: arial, helvetica, sans-serif\">Her y\u00eak ji r\u00eaxistina PKK\u00ea \u00fb dewleta Tirk her li navbera \u00e7end rojan b\u00eelan\u00e7oya \u015fer radgih\u00eenin, her y\u00eak dib\u00eaje me ewqas ku\u015ftine, l\u00ea bel\u00ea herdu al\u00ee rast nab\u00eajin \u00fb v\u00ea weke \u015ferek\u00ee taybet li dij\u00ee hev dime\u015f\u00eenin \u00fb y\u00ea ku zirara rast\u00een a v\u00ee \u015fer\u00ee dide, gel\u00ea Ba\u015f\u00fbr\u00ea Kurdistan\u00ea ye.<\/span><\/h3>\n","protected":false},"excerpt":{"rendered":"<p>Wezareta bergiriy\u00ea ya Tirkiy\u00ea, \u00eero ragihand ku di \u00ear\u00ee\u015f\u00ean wan y\u00ean her\u00ee daw\u00ee de, 22 \u00e7ekdar\u00ean PKK\u00ea \u00fb YPG\u00ea li Rojava \u00fb Ba\u015f\u00fbr\u00ea Kurdistan\u00ea hatine armanc girtin. Wezareta bergiriy\u00ea ya Tirkiy\u00ea, \u00eero roja yek\u015fem\u00ee 27\/11\/2022 b\u00eelan\u00e7oya \u015fer ragihand \u00fb e\u015fkere kir, 22 \u00e7ekdar\u00ean PKK\u00ea \u00fb YPG\u00ea hatine armanc girtin, 10 li Ba\u015f\u00fbr\u00ea Kurdistan\u00ea \u00fb 12 [&hellip;]<\/p>\n","protected":false},"author":2,"featured_media":1033925,"comment_status":"closed","ping_status":"closed","sticky":false,"template":"","format":"standard","meta":{"footnotes":""},"categories":[29],"tags":[37],"class_list":["post-1033924","post","type-post","status-publish","format-standard","has-post-thumbnail","hentry","category-kurdistan","tag-sereke"],"blocksy_meta":[],"seo_head":"<!-- This site is optimized with the Yoast SEO plugin v27.5 - https:\/\/yoast.com\/product\/yoast-seo-wordpress\/ -->\n<title>Tirkiy\u00ea \u00fb PKK\u00ea amar\u00ean \u015fer raghandin - Darka Maz\u00ee<\/title>\n<meta name=\"robots\" content=\"index, follow, max-snippet:-1, max-image-preview:large, max-video-preview:-1\" \/>\n<link rel=\"canonical\" href=\"https:\/\/darkamazi.info\/archives\/1033924\" \/>\n<meta property=\"og:locale\" content=\"en_US\" \/>\n<meta property=\"og:type\" content=\"article\" \/>\n<meta property=\"og:title\" content=\"Tirkiy\u00ea \u00fb PKK\u00ea amar\u00ean \u015fer raghandin - Darka Maz\u00ee\" \/>\n<meta property=\"og:description\" content=\"Wezareta bergiriy\u00ea ya Tirkiy\u00ea, \u00eero ragihand ku di \u00ear\u00ee\u015f\u00ean wan y\u00ean her\u00ee daw\u00ee de, 22 \u00e7ekdar\u00ean PKK\u00ea \u00fb YPG\u00ea li Rojava \u00fb Ba\u015f\u00fbr\u00ea Kurdistan\u00ea hatine armanc girtin. Wezareta bergiriy\u00ea ya Tirkiy\u00ea, \u00eero roja yek\u015fem\u00ee 27\/11\/2022 b\u00eelan\u00e7oya \u015fer ragihand \u00fb e\u015fkere kir, 22 \u00e7ekdar\u00ean PKK\u00ea \u00fb YPG\u00ea hatine armanc girtin, 10 li Ba\u015f\u00fbr\u00ea Kurdistan\u00ea \u00fb 12 [&hellip;]\" \/>\n<meta property=\"og:url\" content=\"https:\/\/darkamazi.info\/archives\/1033924\" \/>\n<meta property=\"og:site_name\" content=\"Darka Maz\u00ee\" \/>\n<meta property=\"article:publisher\" content=\"https:\/\/www.facebook.com\/DarMaziKurmanci\" \/>\n<meta property=\"article:published_time\" content=\"2022-11-27T12:13:07+00:00\" \/>\n<meta property=\"og:image\" content=\"https:\/\/darkamazi.info\/file\/2022\/11\/pkk-vs-turkey-army-gerila-.jpg\" \/>\n\t<meta property=\"og:image:width\" content=\"900\" \/>\n\t<meta property=\"og:image:height\" content=\"497\" \/>\n\t<meta property=\"og:image:type\" content=\"image\/jpeg\" \/>\n<meta name=\"author\" content=\"darka mazi\" \/>\n<meta name=\"twitter:card\" content=\"summary_large_image\" \/>\n<meta name=\"twitter:creator\" content=\"@DarkaMaziLatini\" \/>\n<meta name=\"twitter:site\" content=\"@DarkaMaziLatini\" \/>\n<meta name=\"twitter:label1\" content=\"Written by\" \/>\n\t<meta name=\"twitter:data1\" content=\"darka mazi\" \/>\n\t<meta name=\"twitter:label2\" content=\"Est. reading time\" \/>\n\t<meta name=\"twitter:data2\" content=\"1 minute\" \/>\n<script type=\"application\/ld+json\" class=\"seo-schema-graph\">{\"@context\":\"https:\\\/\\\/schema.org\",\"@graph\":[{\"@type\":\"Article\",\"@id\":\"https:\\\/\\\/darkamazi.info\\\/archives\\\/1033924#article\",\"isPartOf\":{\"@id\":\"https:\\\/\\\/darkamazi.info\\\/archives\\\/1033924\"},\"author\":{\"name\":\"darka mazi\",\"@id\":\"https:\\\/\\\/darkamazi.info\\\/#\\\/schema\\\/person\\\/5ad3e24553a0567993fa8ed4bd0a776c\"},\"headline\":\"Tirkiy\u00ea \u00fb PKK\u00ea amar\u00ean \u015fer raghandin\",\"datePublished\":\"2022-11-27T12:13:07+00:00\",\"mainEntityOfPage\":{\"@id\":\"https:\\\/\\\/darkamazi.info\\\/archives\\\/1033924\"},\"wordCount\":151,\"publisher\":{\"@id\":\"https:\\\/\\\/darkamazi.info\\\/#organization\"},\"image\":{\"@id\":\"https:\\\/\\\/darkamazi.info\\\/archives\\\/1033924#primaryimage\"},\"thumbnailUrl\":\"https:\\\/\\\/darkamazi.info\\\/darka-content\\\/uploads\\\/2022\\\/11\\\/pkk-vs-turkey-army-gerila-.jpg\",\"keywords\":[\"sereke\"],\"articleSection\":[\"Kurdistan\"],\"inLanguage\":\"en-US\"},{\"@type\":\"WebPage\",\"@id\":\"https:\\\/\\\/darkamazi.info\\\/archives\\\/1033924\",\"url\":\"https:\\\/\\\/darkamazi.info\\\/archives\\\/1033924\",\"name\":\"Tirkiy\u00ea \u00fb PKK\u00ea amar\u00ean \u015fer raghandin - Darka Maz\u00ee\",\"isPartOf\":{\"@id\":\"https:\\\/\\\/darkamazi.info\\\/#website\"},\"primaryImageOfPage\":{\"@id\":\"https:\\\/\\\/darkamazi.info\\\/archives\\\/1033924#primaryimage\"},\"image\":{\"@id\":\"https:\\\/\\\/darkamazi.info\\\/archives\\\/1033924#primaryimage\"},\"thumbnailUrl\":\"https:\\\/\\\/darkamazi.info\\\/darka-content\\\/uploads\\\/2022\\\/11\\\/pkk-vs-turkey-army-gerila-.jpg\",\"datePublished\":\"2022-11-27T12:13:07+00:00\",\"breadcrumb\":{\"@id\":\"https:\\\/\\\/darkamazi.info\\\/archives\\\/1033924#breadcrumb\"},\"inLanguage\":\"en-US\",\"potentialAction\":[{\"@type\":\"ReadAction\",\"target\":[\"https:\\\/\\\/darkamazi.info\\\/archives\\\/1033924\"]}]},{\"@type\":\"ImageObject\",\"inLanguage\":\"en-US\",\"@id\":\"https:\\\/\\\/darkamazi.info\\\/archives\\\/1033924#primaryimage\",\"url\":\"https:\\\/\\\/darkamazi.info\\\/darka-content\\\/uploads\\\/2022\\\/11\\\/pkk-vs-turkey-army-gerila-.jpg\",\"contentUrl\":\"https:\\\/\\\/darkamazi.info\\\/darka-content\\\/uploads\\\/2022\\\/11\\\/pkk-vs-turkey-army-gerila-.jpg\",\"width\":900,\"height\":497,\"caption\":\"pkk-vs-turkey-army-gerila-\"},{\"@type\":\"BreadcrumbList\",\"@id\":\"https:\\\/\\\/darkamazi.info\\\/archives\\\/1033924#breadcrumb\",\"itemListElement\":[{\"@type\":\"ListItem\",\"position\":1,\"name\":\"Home\",\"item\":\"https:\\\/\\\/darkamazi.info\\\/\"},{\"@type\":\"ListItem\",\"position\":2,\"name\":\"Tirkiy\u00ea \u00fb PKK\u00ea amar\u00ean \u015fer raghandin\"}]},{\"@type\":\"WebSite\",\"@id\":\"https:\\\/\\\/darkamazi.info\\\/#website\",\"url\":\"https:\\\/\\\/darkamazi.info\\\/\",\"name\":\"Darka Maz\u00ee\",\"description\":\"P\u00eageha Zanyariy\u00ean Nebih\u00eest\u00ee\",\"publisher\":{\"@id\":\"https:\\\/\\\/darkamazi.info\\\/#organization\"},\"potentialAction\":[{\"@type\":\"SearchAction\",\"target\":{\"@type\":\"EntryPoint\",\"urlTemplate\":\"https:\\\/\\\/darkamazi.info\\\/?s={search_term_string}\"},\"query-input\":{\"@type\":\"PropertyValueSpecification\",\"valueRequired\":true,\"valueName\":\"search_term_string\"}}],\"inLanguage\":\"en-US\"},{\"@type\":\"Organization\",\"@id\":\"https:\\\/\\\/darkamazi.info\\\/#organization\",\"name\":\"Darka Maz\u00ee\",\"url\":\"https:\\\/\\\/darkamazi.info\\\/\",\"logo\":{\"@type\":\"ImageObject\",\"inLanguage\":\"en-US\",\"@id\":\"https:\\\/\\\/darkamazi.info\\\/#\\\/schema\\\/logo\\\/image\\\/\",\"url\":\"https:\\\/\\\/darkamazi.info\\\/darka-content\\\/uploads\\\/2017\\\/12\\\/darka-mazi-logo.png\",\"contentUrl\":\"https:\\\/\\\/darkamazi.info\\\/darka-content\\\/uploads\\\/2017\\\/12\\\/darka-mazi-logo.png\",\"width\":151,\"height\":75,\"caption\":\"Darka Maz\u00ee\"},\"image\":{\"@id\":\"https:\\\/\\\/darkamazi.info\\\/#\\\/schema\\\/logo\\\/image\\\/\"},\"sameAs\":[\"https:\\\/\\\/www.facebook.com\\\/DarMaziKurmanci\",\"https:\\\/\\\/x.com\\\/DarkaMaziLatini\",\"https:\\\/\\\/www.instagram.com\\\/darkamazi.kurmanci\\\/\",\"https:\\\/\\\/www.youtube.com\\\/channel\\\/UCa5HkTdmI8U1qCUFuTw8B2g\"]},{\"@type\":\"Person\",\"@id\":\"https:\\\/\\\/darkamazi.info\\\/#\\\/schema\\\/person\\\/5ad3e24553a0567993fa8ed4bd0a776c\",\"name\":\"darka mazi\",\"sameAs\":[\"https:\\\/\\\/darkamazi.info\\\/\"],\"url\":\"https:\\\/\\\/darkamazi.info\\\/archives\\\/author\\\/kurdi\"}]}<\/script>\n<!-- \/ Yoast SEO plugin. -->","seo_head_json":{"title":"Tirkiy\u00ea \u00fb PKK\u00ea amar\u00ean \u015fer raghandin - Darka Maz\u00ee","robots":{"index":"index","follow":"follow","max-snippet":"max-snippet:-1","max-image-preview":"max-image-preview:large","max-video-preview":"max-video-preview:-1"},"canonical":"https:\/\/darkamazi.info\/archives\/1033924","og_locale":"en_US","og_type":"article","og_title":"Tirkiy\u00ea \u00fb PKK\u00ea amar\u00ean \u015fer raghandin - Darka Maz\u00ee","og_description":"Wezareta bergiriy\u00ea ya Tirkiy\u00ea, \u00eero ragihand ku di \u00ear\u00ee\u015f\u00ean wan y\u00ean her\u00ee daw\u00ee de, 22 \u00e7ekdar\u00ean PKK\u00ea \u00fb YPG\u00ea li Rojava \u00fb Ba\u015f\u00fbr\u00ea Kurdistan\u00ea hatine armanc girtin. Wezareta bergiriy\u00ea ya Tirkiy\u00ea, \u00eero roja yek\u015fem\u00ee 27\/11\/2022 b\u00eelan\u00e7oya \u015fer ragihand \u00fb e\u015fkere kir, 22 \u00e7ekdar\u00ean PKK\u00ea \u00fb YPG\u00ea hatine armanc girtin, 10 li Ba\u015f\u00fbr\u00ea Kurdistan\u00ea \u00fb 12 [&hellip;]","og_url":"https:\/\/darkamazi.info\/archives\/1033924","og_site_name":"Darka Maz\u00ee","article_publisher":"https:\/\/www.facebook.com\/DarMaziKurmanci","article_published_time":"2022-11-27T12:13:07+00:00","og_image":[{"width":900,"height":497,"url":"https:\/\/darkamazi.info\/file\/2022\/11\/pkk-vs-turkey-army-gerila-.jpg","type":"image\/jpeg"}],"author":"darka mazi","twitter_card":"summary_large_image","twitter_creator":"@DarkaMaziLatini","twitter_site":"@DarkaMaziLatini","twitter_misc":{"Written by":"darka mazi","Est. reading time":"1 minute"},"schema":{"@context":"https:\/\/schema.org","@graph":[{"@type":"Article","@id":"https:\/\/darkamazi.info\/archives\/1033924#article","isPartOf":{"@id":"https:\/\/darkamazi.info\/archives\/1033924"},"author":{"name":"darka mazi","@id":"https:\/\/darkamazi.info\/#\/schema\/person\/5ad3e24553a0567993fa8ed4bd0a776c"},"headline":"Tirkiy\u00ea \u00fb PKK\u00ea amar\u00ean \u015fer raghandin","datePublished":"2022-11-27T12:13:07+00:00","mainEntityOfPage":{"@id":"https:\/\/darkamazi.info\/archives\/1033924"},"wordCount":151,"publisher":{"@id":"https:\/\/darkamazi.info\/#organization"},"image":{"@id":"https:\/\/darkamazi.info\/archives\/1033924#primaryimage"},"thumbnailUrl":"https:\/\/darkamazi.info\/file\/2022\/11\/pkk-vs-turkey-army-gerila-.jpg","keywords":["sereke"],"articleSection":["Kurdistan"],"inLanguage":"en-US"},{"@type":"WebPage","@id":"https:\/\/darkamazi.info\/archives\/1033924","url":"https:\/\/darkamazi.info\/archives\/1033924","name":"Tirkiy\u00ea \u00fb PKK\u00ea amar\u00ean \u015fer raghandin - Darka Maz\u00ee","isPartOf":{"@id":"https:\/\/darkamazi.info\/#website"},"primaryImageOfPage":{"@id":"https:\/\/darkamazi.info\/archives\/1033924#primaryimage"},"image":{"@id":"https:\/\/darkamazi.info\/archives\/1033924#primaryimage"},"thumbnailUrl":"https:\/\/darkamazi.info\/file\/2022\/11\/pkk-vs-turkey-army-gerila-.jpg","datePublished":"2022-11-27T12:13:07+00:00","breadcrumb":{"@id":"https:\/\/darkamazi.info\/archives\/1033924#breadcrumb"},"inLanguage":"en-US","potentialAction":[{"@type":"ReadAction","target":["https:\/\/darkamazi.info\/archives\/1033924"]}]},{"@type":"ImageObject","inLanguage":"en-US","@id":"https:\/\/darkamazi.info\/archives\/1033924#primaryimage","url":"https:\/\/darkamazi.info\/file\/2022\/11\/pkk-vs-turkey-army-gerila-.jpg","contentUrl":"https:\/\/darkamazi.info\/file\/2022\/11\/pkk-vs-turkey-army-gerila-.jpg","width":900,"height":497,"caption":"pkk-vs-turkey-army-gerila-"},{"@type":"BreadcrumbList","@id":"https:\/\/darkamazi.info\/archives\/1033924#breadcrumb","itemListElement":[{"@type":"ListItem","position":1,"name":"Home","item":"https:\/\/darkamazi.info\/"},{"@type":"ListItem","position":2,"name":"Tirkiy\u00ea \u00fb PKK\u00ea amar\u00ean \u015fer raghandin"}]},{"@type":"WebSite","@id":"https:\/\/darkamazi.info\/#website","url":"https:\/\/darkamazi.info\/","name":"Darka Maz\u00ee","description":"P\u00eageha Zanyariy\u00ean Nebih\u00eest\u00ee","publisher":{"@id":"https:\/\/darkamazi.info\/#organization"},"potentialAction":[{"@type":"SearchAction","target":{"@type":"EntryPoint","urlTemplate":"https:\/\/darkamazi.info\/?s={search_term_string}"},"query-input":{"@type":"PropertyValueSpecification","valueRequired":true,"valueName":"search_term_string"}}],"inLanguage":"en-US"},{"@type":"Organization","@id":"https:\/\/darkamazi.info\/#organization","name":"Darka Maz\u00ee","url":"https:\/\/darkamazi.info\/","logo":{"@type":"ImageObject","inLanguage":"en-US","@id":"https:\/\/darkamazi.info\/#\/schema\/logo\/image\/","url":"https:\/\/darkamazi.info\/file\/2017\/12\/darka-mazi-logo.png","contentUrl":"https:\/\/darkamazi.info\/file\/2017\/12\/darka-mazi-logo.png","width":151,"height":75,"caption":"Darka Maz\u00ee"},"image":{"@id":"https:\/\/darkamazi.info\/#\/schema\/logo\/image\/"},"sameAs":["https:\/\/www.facebook.com\/DarMaziKurmanci","https:\/\/x.com\/DarkaMaziLatini","https:\/\/www.instagram.com\/darkamazi.kurmanci\/","https:\/\/www.youtube.com\/channel\/UCa5HkTdmI8U1qCUFuTw8B2g"]},{"@type":"Person","@id":"https:\/\/darkamazi.info\/#\/schema\/person\/5ad3e24553a0567993fa8ed4bd0a776c","name":"darka mazi","sameAs":["https:\/\/darkamazi.info\/"],"url":"https:\/\/darkamazi.info\/archives\/author\/kurdi"}]}},"_links":{"self":[{"href":"https:\/\/darkamazi.info\/funavuv\/wp\/v2\/posts\/1033924","targetHints":{"allow":["GET"]}}],"collection":[{"href":"https:\/\/darkamazi.info\/funavuv\/wp\/v2\/posts"}],"about":[{"href":"https:\/\/darkamazi.info\/funavuv\/wp\/v2\/types\/post"}],"author":[{"embeddable":true,"href":"https:\/\/darkamazi.info\/funavuv\/wp\/v2\/users\/2"}],"replies":[{"embeddable":true,"href":"https:\/\/darkamazi.info\/funavuv\/wp\/v2\/comments?post=1033924"}],"version-history":[{"count":0,"href":"https:\/\/darkamazi.info\/funavuv\/wp\/v2\/posts\/1033924\/revisions"}],"wp:featuredmedia":[{"embeddable":true,"href":"https:\/\/darkamazi.info\/funavuv\/wp\/v2\/media\/1033925"}],"wp:attachment":[{"href":"https:\/\/darkamazi.info\/funavuv\/wp\/v2\/media?parent=1033924"}],"wp:term":[{"taxonomy":"category","embeddable":true,"href":"https:\/\/darkamazi.info\/funavuv\/wp\/v2\/categories?post=1033924"},{"taxonomy":"post_tag","embeddable":true,"href":"https:\/\/darkamazi.info\/funavuv\/wp\/v2\/tags?post=1033924"}],"curies":[{"name":"wp","href":"https:\/\/api.w.org\/{rel}","templated":true}]}}