{"id":1033939,"date":"2022-11-28T11:45:28","date_gmt":"2022-11-28T08:45:28","guid":{"rendered":"https:\/\/darkamazi.info\/?p=1033939"},"modified":"2022-11-28T11:45:28","modified_gmt":"2022-11-28T08:45:28","slug":"ji-pkke-disa-kustina-zaroken-kurdan-2","status":"publish","type":"post","link":"https:\/\/darkamazi.info\/archives\/1033939","title":{"rendered":"Ji PKK\u00ea d\u00eesa ku\u015ftina zarok\u00ean Kurdan"},"content":{"rendered":"<h3 style=\"text-align: justify\"><span style=\"font-family: 'arial black', sans-serif\">Partiya karker\u00ean Kurdistan\u00ea nasnameya 3 ciwan\u00ean din ragihand ku ew j\u00ee weke bi hezaran ciwan\u00ean din y\u00ean Kurdan di berxwedana xwe ya saxte de li Ba\u015f\u00fbr\u00ea Kurdistan\u00ea dane ku\u015ftin.<\/span><\/h3>\n<h3 style=\"text-align: justify\"><span style=\"font-family: arial, helvetica, sans-serif\">HPG\u00ea bask\u00ea le\u015fker\u00ee y\u00ea PKK\u00ea ji 23 v\u00ea meh\u00ea ve, nasnameya 3 \u00e7ekdar\u00ean xwe e\u015fkere kir, y\u00eak j\u00ea li 13 tebaxa \u00eesal 2022 li Xakurk\u00ea \u00fb y\u00ean din li 30 gulana sala rab\u00fbr\u00ee 2021 her li Ba\u015f\u00fbr\u00ea Kurdistan\u00ea bi dest\u00ea art\u00ea\u015fa dewleta Tirk dane ku\u015ftin.<\/span><\/h3>\n<h3 style=\"text-align: justify\"><span style=\"font-family: arial, helvetica, sans-serif\">HPG\u00ea mirina van s\u00ea ciwanan j\u00ee weku bi hezaran ciwan\u00ean din salek \u00fb \u015fe\u015f mehin ve\u015fart\u00ee hi\u015fitb\u00fb \u00fb ji n\u00fb ve hatiye \u00fb gotiye me heval\u00ean xwe wenda kirine \u00fb her wiha dib\u00eaje ew lay\u00eeq\u00ee Apo derketin!<\/span><\/h3>\n<h3 style=\"text-align: justify\"><span style=\"font-family: arial, helvetica, sans-serif\">R\u00eaxistina PKK\u00ea her roj w\u00eaney\u00ean kom\u00ean ciwan, zarok \u00fb ke\u00e7\u00ean Kurdan di medyaya xwe de parvedike y\u00ean ku di sal \u00fb meh\u00ean derbasb\u00fby\u00ee de hatine ku\u015ftin \u00fb pa\u015f derbasb\u00fbna demek dir\u00eaj ji n\u00fb ve t\u00ea \u00fb mirina wan \u00eef\u015fa dike.<\/span><\/h3>\n<h3 style=\"text-align: justify\"><span style=\"font-family: arial, helvetica, sans-serif\">T\u00ea texm\u00een kirin bi hezar ciwan\u00ean Kurdan mabin y\u00ean ku r\u00eaxistina PKK\u00ea heya roja me ya \u00eero mirina wan ve\u015fart\u00ee hi\u015ft\u00eeye.<\/span><\/h3>\n","protected":false},"excerpt":{"rendered":"<p>Partiya karker\u00ean Kurdistan\u00ea nasnameya 3 ciwan\u00ean din ragihand ku ew j\u00ee weke bi hezaran ciwan\u00ean din y\u00ean Kurdan di berxwedana xwe ya saxte de li Ba\u015f\u00fbr\u00ea Kurdistan\u00ea dane ku\u015ftin. HPG\u00ea bask\u00ea le\u015fker\u00ee y\u00ea PKK\u00ea ji 23 v\u00ea meh\u00ea ve, nasnameya 3 \u00e7ekdar\u00ean xwe e\u015fkere kir, y\u00eak j\u00ea li 13 tebaxa \u00eesal 2022 li Xakurk\u00ea \u00fb [&hellip;]<\/p>\n","protected":false},"author":2,"featured_media":1033940,"comment_status":"closed","ping_status":"closed","sticky":false,"template":"","format":"standard","meta":{"footnotes":""},"categories":[29],"tags":[37],"class_list":["post-1033939","post","type-post","status-publish","format-standard","has-post-thumbnail","hentry","category-kurdistan","tag-sereke"],"blocksy_meta":[],"seo_head":"<!-- This site is optimized with the Yoast SEO plugin v27.5 - https:\/\/yoast.com\/product\/yoast-seo-wordpress\/ -->\n<title>Ji PKK\u00ea d\u00eesa ku\u015ftina zarok\u00ean Kurdan - Darka Maz\u00ee<\/title>\n<meta name=\"robots\" content=\"index, follow, max-snippet:-1, max-image-preview:large, max-video-preview:-1\" \/>\n<link rel=\"canonical\" href=\"https:\/\/darkamazi.info\/archives\/1033939\" \/>\n<meta property=\"og:locale\" content=\"en_US\" \/>\n<meta property=\"og:type\" content=\"article\" \/>\n<meta property=\"og:title\" content=\"Ji PKK\u00ea d\u00eesa ku\u015ftina zarok\u00ean Kurdan - Darka Maz\u00ee\" \/>\n<meta property=\"og:description\" content=\"Partiya karker\u00ean Kurdistan\u00ea nasnameya 3 ciwan\u00ean din ragihand ku ew j\u00ee weke bi hezaran ciwan\u00ean din y\u00ean Kurdan di berxwedana xwe ya saxte de li Ba\u015f\u00fbr\u00ea Kurdistan\u00ea dane ku\u015ftin. HPG\u00ea bask\u00ea le\u015fker\u00ee y\u00ea PKK\u00ea ji 23 v\u00ea meh\u00ea ve, nasnameya 3 \u00e7ekdar\u00ean xwe e\u015fkere kir, y\u00eak j\u00ea li 13 tebaxa \u00eesal 2022 li Xakurk\u00ea \u00fb [&hellip;]\" \/>\n<meta property=\"og:url\" content=\"https:\/\/darkamazi.info\/archives\/1033939\" \/>\n<meta property=\"og:site_name\" content=\"Darka Maz\u00ee\" \/>\n<meta property=\"article:publisher\" content=\"https:\/\/www.facebook.com\/DarMaziKurmanci\" \/>\n<meta property=\"article:published_time\" content=\"2022-11-28T08:45:28+00:00\" \/>\n<meta property=\"og:image\" content=\"https:\/\/darkamazi.info\/file\/2022\/11\/pkk-zarok-kurdistan-kurd-kurdi.jpg\" \/>\n\t<meta property=\"og:image:width\" content=\"900\" \/>\n\t<meta property=\"og:image:height\" content=\"497\" \/>\n\t<meta property=\"og:image:type\" content=\"image\/jpeg\" \/>\n<meta name=\"author\" content=\"darka mazi\" \/>\n<meta name=\"twitter:card\" content=\"summary_large_image\" \/>\n<meta name=\"twitter:creator\" content=\"@DarkaMaziLatini\" \/>\n<meta name=\"twitter:site\" content=\"@DarkaMaziLatini\" \/>\n<meta name=\"twitter:label1\" content=\"Written by\" \/>\n\t<meta name=\"twitter:data1\" content=\"darka mazi\" \/>\n\t<meta name=\"twitter:label2\" content=\"Est. reading time\" \/>\n\t<meta name=\"twitter:data2\" content=\"1 minute\" \/>\n<script type=\"application\/ld+json\" class=\"seo-schema-graph\">{\"@context\":\"https:\\\/\\\/schema.org\",\"@graph\":[{\"@type\":\"Article\",\"@id\":\"https:\\\/\\\/darkamazi.info\\\/archives\\\/1033939#article\",\"isPartOf\":{\"@id\":\"https:\\\/\\\/darkamazi.info\\\/archives\\\/1033939\"},\"author\":{\"name\":\"darka mazi\",\"@id\":\"https:\\\/\\\/darkamazi.info\\\/#\\\/schema\\\/person\\\/5ad3e24553a0567993fa8ed4bd0a776c\"},\"headline\":\"Ji PKK\u00ea d\u00eesa ku\u015ftina zarok\u00ean Kurdan\",\"datePublished\":\"2022-11-28T08:45:28+00:00\",\"mainEntityOfPage\":{\"@id\":\"https:\\\/\\\/darkamazi.info\\\/archives\\\/1033939\"},\"wordCount\":205,\"publisher\":{\"@id\":\"https:\\\/\\\/darkamazi.info\\\/#organization\"},\"image\":{\"@id\":\"https:\\\/\\\/darkamazi.info\\\/archives\\\/1033939#primaryimage\"},\"thumbnailUrl\":\"https:\\\/\\\/darkamazi.info\\\/darka-content\\\/uploads\\\/2022\\\/11\\\/pkk-zarok-kurdistan-kurd-kurdi.jpg\",\"keywords\":[\"sereke\"],\"articleSection\":[\"Kurdistan\"],\"inLanguage\":\"en-US\"},{\"@type\":\"WebPage\",\"@id\":\"https:\\\/\\\/darkamazi.info\\\/archives\\\/1033939\",\"url\":\"https:\\\/\\\/darkamazi.info\\\/archives\\\/1033939\",\"name\":\"Ji PKK\u00ea d\u00eesa ku\u015ftina zarok\u00ean Kurdan - Darka Maz\u00ee\",\"isPartOf\":{\"@id\":\"https:\\\/\\\/darkamazi.info\\\/#website\"},\"primaryImageOfPage\":{\"@id\":\"https:\\\/\\\/darkamazi.info\\\/archives\\\/1033939#primaryimage\"},\"image\":{\"@id\":\"https:\\\/\\\/darkamazi.info\\\/archives\\\/1033939#primaryimage\"},\"thumbnailUrl\":\"https:\\\/\\\/darkamazi.info\\\/darka-content\\\/uploads\\\/2022\\\/11\\\/pkk-zarok-kurdistan-kurd-kurdi.jpg\",\"datePublished\":\"2022-11-28T08:45:28+00:00\",\"breadcrumb\":{\"@id\":\"https:\\\/\\\/darkamazi.info\\\/archives\\\/1033939#breadcrumb\"},\"inLanguage\":\"en-US\",\"potentialAction\":[{\"@type\":\"ReadAction\",\"target\":[\"https:\\\/\\\/darkamazi.info\\\/archives\\\/1033939\"]}]},{\"@type\":\"ImageObject\",\"inLanguage\":\"en-US\",\"@id\":\"https:\\\/\\\/darkamazi.info\\\/archives\\\/1033939#primaryimage\",\"url\":\"https:\\\/\\\/darkamazi.info\\\/darka-content\\\/uploads\\\/2022\\\/11\\\/pkk-zarok-kurdistan-kurd-kurdi.jpg\",\"contentUrl\":\"https:\\\/\\\/darkamazi.info\\\/darka-content\\\/uploads\\\/2022\\\/11\\\/pkk-zarok-kurdistan-kurd-kurdi.jpg\",\"width\":900,\"height\":497,\"caption\":\"pkk-zarok-kurdistan-kurd-kurdi\"},{\"@type\":\"BreadcrumbList\",\"@id\":\"https:\\\/\\\/darkamazi.info\\\/archives\\\/1033939#breadcrumb\",\"itemListElement\":[{\"@type\":\"ListItem\",\"position\":1,\"name\":\"Home\",\"item\":\"https:\\\/\\\/darkamazi.info\\\/\"},{\"@type\":\"ListItem\",\"position\":2,\"name\":\"Ji PKK\u00ea d\u00eesa ku\u015ftina zarok\u00ean Kurdan\"}]},{\"@type\":\"WebSite\",\"@id\":\"https:\\\/\\\/darkamazi.info\\\/#website\",\"url\":\"https:\\\/\\\/darkamazi.info\\\/\",\"name\":\"Darka Maz\u00ee\",\"description\":\"P\u00eageha Zanyariy\u00ean Nebih\u00eest\u00ee\",\"publisher\":{\"@id\":\"https:\\\/\\\/darkamazi.info\\\/#organization\"},\"potentialAction\":[{\"@type\":\"SearchAction\",\"target\":{\"@type\":\"EntryPoint\",\"urlTemplate\":\"https:\\\/\\\/darkamazi.info\\\/?s={search_term_string}\"},\"query-input\":{\"@type\":\"PropertyValueSpecification\",\"valueRequired\":true,\"valueName\":\"search_term_string\"}}],\"inLanguage\":\"en-US\"},{\"@type\":\"Organization\",\"@id\":\"https:\\\/\\\/darkamazi.info\\\/#organization\",\"name\":\"Darka Maz\u00ee\",\"url\":\"https:\\\/\\\/darkamazi.info\\\/\",\"logo\":{\"@type\":\"ImageObject\",\"inLanguage\":\"en-US\",\"@id\":\"https:\\\/\\\/darkamazi.info\\\/#\\\/schema\\\/logo\\\/image\\\/\",\"url\":\"https:\\\/\\\/darkamazi.info\\\/darka-content\\\/uploads\\\/2017\\\/12\\\/darka-mazi-logo.png\",\"contentUrl\":\"https:\\\/\\\/darkamazi.info\\\/darka-content\\\/uploads\\\/2017\\\/12\\\/darka-mazi-logo.png\",\"width\":151,\"height\":75,\"caption\":\"Darka Maz\u00ee\"},\"image\":{\"@id\":\"https:\\\/\\\/darkamazi.info\\\/#\\\/schema\\\/logo\\\/image\\\/\"},\"sameAs\":[\"https:\\\/\\\/www.facebook.com\\\/DarMaziKurmanci\",\"https:\\\/\\\/x.com\\\/DarkaMaziLatini\",\"https:\\\/\\\/www.instagram.com\\\/darkamazi.kurmanci\\\/\",\"https:\\\/\\\/www.youtube.com\\\/channel\\\/UCa5HkTdmI8U1qCUFuTw8B2g\"]},{\"@type\":\"Person\",\"@id\":\"https:\\\/\\\/darkamazi.info\\\/#\\\/schema\\\/person\\\/5ad3e24553a0567993fa8ed4bd0a776c\",\"name\":\"darka mazi\",\"sameAs\":[\"https:\\\/\\\/darkamazi.info\\\/\"],\"url\":\"https:\\\/\\\/darkamazi.info\\\/archives\\\/author\\\/kurdi\"}]}<\/script>\n<!-- \/ Yoast SEO plugin. -->","seo_head_json":{"title":"Ji PKK\u00ea d\u00eesa ku\u015ftina zarok\u00ean Kurdan - Darka Maz\u00ee","robots":{"index":"index","follow":"follow","max-snippet":"max-snippet:-1","max-image-preview":"max-image-preview:large","max-video-preview":"max-video-preview:-1"},"canonical":"https:\/\/darkamazi.info\/archives\/1033939","og_locale":"en_US","og_type":"article","og_title":"Ji PKK\u00ea d\u00eesa ku\u015ftina zarok\u00ean Kurdan - Darka Maz\u00ee","og_description":"Partiya karker\u00ean Kurdistan\u00ea nasnameya 3 ciwan\u00ean din ragihand ku ew j\u00ee weke bi hezaran ciwan\u00ean din y\u00ean Kurdan di berxwedana xwe ya saxte de li Ba\u015f\u00fbr\u00ea Kurdistan\u00ea dane ku\u015ftin. HPG\u00ea bask\u00ea le\u015fker\u00ee y\u00ea PKK\u00ea ji 23 v\u00ea meh\u00ea ve, nasnameya 3 \u00e7ekdar\u00ean xwe e\u015fkere kir, y\u00eak j\u00ea li 13 tebaxa \u00eesal 2022 li Xakurk\u00ea \u00fb [&hellip;]","og_url":"https:\/\/darkamazi.info\/archives\/1033939","og_site_name":"Darka Maz\u00ee","article_publisher":"https:\/\/www.facebook.com\/DarMaziKurmanci","article_published_time":"2022-11-28T08:45:28+00:00","og_image":[{"width":900,"height":497,"url":"https:\/\/darkamazi.info\/file\/2022\/11\/pkk-zarok-kurdistan-kurd-kurdi.jpg","type":"image\/jpeg"}],"author":"darka mazi","twitter_card":"summary_large_image","twitter_creator":"@DarkaMaziLatini","twitter_site":"@DarkaMaziLatini","twitter_misc":{"Written by":"darka mazi","Est. reading time":"1 minute"},"schema":{"@context":"https:\/\/schema.org","@graph":[{"@type":"Article","@id":"https:\/\/darkamazi.info\/archives\/1033939#article","isPartOf":{"@id":"https:\/\/darkamazi.info\/archives\/1033939"},"author":{"name":"darka mazi","@id":"https:\/\/darkamazi.info\/#\/schema\/person\/5ad3e24553a0567993fa8ed4bd0a776c"},"headline":"Ji PKK\u00ea d\u00eesa ku\u015ftina zarok\u00ean Kurdan","datePublished":"2022-11-28T08:45:28+00:00","mainEntityOfPage":{"@id":"https:\/\/darkamazi.info\/archives\/1033939"},"wordCount":205,"publisher":{"@id":"https:\/\/darkamazi.info\/#organization"},"image":{"@id":"https:\/\/darkamazi.info\/archives\/1033939#primaryimage"},"thumbnailUrl":"https:\/\/darkamazi.info\/file\/2022\/11\/pkk-zarok-kurdistan-kurd-kurdi.jpg","keywords":["sereke"],"articleSection":["Kurdistan"],"inLanguage":"en-US"},{"@type":"WebPage","@id":"https:\/\/darkamazi.info\/archives\/1033939","url":"https:\/\/darkamazi.info\/archives\/1033939","name":"Ji PKK\u00ea d\u00eesa ku\u015ftina zarok\u00ean Kurdan - Darka Maz\u00ee","isPartOf":{"@id":"https:\/\/darkamazi.info\/#website"},"primaryImageOfPage":{"@id":"https:\/\/darkamazi.info\/archives\/1033939#primaryimage"},"image":{"@id":"https:\/\/darkamazi.info\/archives\/1033939#primaryimage"},"thumbnailUrl":"https:\/\/darkamazi.info\/file\/2022\/11\/pkk-zarok-kurdistan-kurd-kurdi.jpg","datePublished":"2022-11-28T08:45:28+00:00","breadcrumb":{"@id":"https:\/\/darkamazi.info\/archives\/1033939#breadcrumb"},"inLanguage":"en-US","potentialAction":[{"@type":"ReadAction","target":["https:\/\/darkamazi.info\/archives\/1033939"]}]},{"@type":"ImageObject","inLanguage":"en-US","@id":"https:\/\/darkamazi.info\/archives\/1033939#primaryimage","url":"https:\/\/darkamazi.info\/file\/2022\/11\/pkk-zarok-kurdistan-kurd-kurdi.jpg","contentUrl":"https:\/\/darkamazi.info\/file\/2022\/11\/pkk-zarok-kurdistan-kurd-kurdi.jpg","width":900,"height":497,"caption":"pkk-zarok-kurdistan-kurd-kurdi"},{"@type":"BreadcrumbList","@id":"https:\/\/darkamazi.info\/archives\/1033939#breadcrumb","itemListElement":[{"@type":"ListItem","position":1,"name":"Home","item":"https:\/\/darkamazi.info\/"},{"@type":"ListItem","position":2,"name":"Ji PKK\u00ea d\u00eesa ku\u015ftina zarok\u00ean Kurdan"}]},{"@type":"WebSite","@id":"https:\/\/darkamazi.info\/#website","url":"https:\/\/darkamazi.info\/","name":"Darka Maz\u00ee","description":"P\u00eageha Zanyariy\u00ean Nebih\u00eest\u00ee","publisher":{"@id":"https:\/\/darkamazi.info\/#organization"},"potentialAction":[{"@type":"SearchAction","target":{"@type":"EntryPoint","urlTemplate":"https:\/\/darkamazi.info\/?s={search_term_string}"},"query-input":{"@type":"PropertyValueSpecification","valueRequired":true,"valueName":"search_term_string"}}],"inLanguage":"en-US"},{"@type":"Organization","@id":"https:\/\/darkamazi.info\/#organization","name":"Darka Maz\u00ee","url":"https:\/\/darkamazi.info\/","logo":{"@type":"ImageObject","inLanguage":"en-US","@id":"https:\/\/darkamazi.info\/#\/schema\/logo\/image\/","url":"https:\/\/darkamazi.info\/file\/2017\/12\/darka-mazi-logo.png","contentUrl":"https:\/\/darkamazi.info\/file\/2017\/12\/darka-mazi-logo.png","width":151,"height":75,"caption":"Darka Maz\u00ee"},"image":{"@id":"https:\/\/darkamazi.info\/#\/schema\/logo\/image\/"},"sameAs":["https:\/\/www.facebook.com\/DarMaziKurmanci","https:\/\/x.com\/DarkaMaziLatini","https:\/\/www.instagram.com\/darkamazi.kurmanci\/","https:\/\/www.youtube.com\/channel\/UCa5HkTdmI8U1qCUFuTw8B2g"]},{"@type":"Person","@id":"https:\/\/darkamazi.info\/#\/schema\/person\/5ad3e24553a0567993fa8ed4bd0a776c","name":"darka mazi","sameAs":["https:\/\/darkamazi.info\/"],"url":"https:\/\/darkamazi.info\/archives\/author\/kurdi"}]}},"_links":{"self":[{"href":"https:\/\/darkamazi.info\/funavuv\/wp\/v2\/posts\/1033939","targetHints":{"allow":["GET"]}}],"collection":[{"href":"https:\/\/darkamazi.info\/funavuv\/wp\/v2\/posts"}],"about":[{"href":"https:\/\/darkamazi.info\/funavuv\/wp\/v2\/types\/post"}],"author":[{"embeddable":true,"href":"https:\/\/darkamazi.info\/funavuv\/wp\/v2\/users\/2"}],"replies":[{"embeddable":true,"href":"https:\/\/darkamazi.info\/funavuv\/wp\/v2\/comments?post=1033939"}],"version-history":[{"count":0,"href":"https:\/\/darkamazi.info\/funavuv\/wp\/v2\/posts\/1033939\/revisions"}],"wp:featuredmedia":[{"embeddable":true,"href":"https:\/\/darkamazi.info\/funavuv\/wp\/v2\/media\/1033940"}],"wp:attachment":[{"href":"https:\/\/darkamazi.info\/funavuv\/wp\/v2\/media?parent=1033939"}],"wp:term":[{"taxonomy":"category","embeddable":true,"href":"https:\/\/darkamazi.info\/funavuv\/wp\/v2\/categories?post=1033939"},{"taxonomy":"post_tag","embeddable":true,"href":"https:\/\/darkamazi.info\/funavuv\/wp\/v2\/tags?post=1033939"}],"curies":[{"name":"wp","href":"https:\/\/api.w.org\/{rel}","templated":true}]}}