{"id":1033996,"date":"2022-11-30T16:49:58","date_gmt":"2022-11-30T13:49:58","guid":{"rendered":"https:\/\/darkamazi.info\/?p=1033996"},"modified":"2022-11-30T16:49:58","modified_gmt":"2022-11-30T13:49:58","slug":"daxwaza-pkke-ji-aliye-dadgeha-yekitiya-ewropaye-ve-hat-redkirin","status":"publish","type":"post","link":"https:\/\/darkamazi.info\/archives\/1033996","title":{"rendered":"Daxwaza PKK\u00ea ji aliy\u00ea Dadgeha Yek\u00eetiya Ewropay\u00ea ve hat redkirin"},"content":{"rendered":"<h3 style=\"text-align: justify\"><span style=\"font-family: 'arial black', sans-serif\">Dadgeha Yek\u00eetiya Ewropay\u00ea li Luksemburg\u00ea \u00eero biryara xwe ya li ser daxwazeke Partiya Karker\u00ean Kurdistan\u00ea (PKK) a\u015fkere kir \u00fb daxwaza PKK\u00ea red kir.<\/span><\/h3>\n<h3 style=\"text-align: justify\"><span style=\"font-family: arial, helvetica, sans-serif\">PKK\u00ea daxwaz kirib\u00fb ku nav\u00ea w\u00ea ji l\u00eesteya teror\u00ea b\u00ea derxistin, l\u00ea Dadgeha Yek\u00eetiya Ewropay\u00ea di civ\u00eena xwe ya \u00eero de ew daxwaza PKK\u00ea red kir.<\/span><\/h3>\n<h3 style=\"text-align: justify\"><span style=\"font-family: arial, helvetica, sans-serif\">Derbar\u00ea PKK\u00ea de bi gi\u015ft\u00ee 3 doz li ber D\u00eewana Edalet\u00ea ya Yek\u00eetiya Ewropay\u00ea hene.<\/span><\/h3>\n<h3 style=\"text-align: justify\"><span style=\"font-family: arial, helvetica, sans-serif\">Dadgeh\u00ea di navbera sal\u00ean 2014-2017an de l\u00eeste betal kir \u00fb Konseya Ewropay\u00ea j\u00ee li dij\u00ee biryar\u00ea neraz\u00eeb\u00fbn n\u00ee\u015fan da. Di navbera sal\u00ean 2018 \u00fb 2020an de PKK\u00ea j\u00ee li dij\u00ee l\u00eesteyan doz vekirib\u00fb \u00fb dadgeh\u00ea herdu dosya kirin yek.<\/span><\/h3>\n<h3 style=\"text-align: justify\"><span style=\"font-family: arial, helvetica, sans-serif\">Dani\u015f\u00eena ewil a dadgeh\u00ea di 31\u00ea Adar\u00ea de hat d\u00eetin \u00fb civ\u00eena duyem a dadgeh\u00ea di 22\u00ea Hez\u00eeran\u00ea de hat lidarxistin.<\/span><\/h3>\n<h3 style=\"text-align: justify\"><span style=\"font-family: arial, helvetica, sans-serif\">\u015ee\u015f mehan carek\u00ea l\u00eesteya teror\u00ea ya Yek\u00eetiya Ewropay\u00ea t\u00ea n\u00fbkirin \u00fb her car nav\u00ea PKK\u00ea bi heman hincet\u00ean ber\u00ea di l\u00eestey\u00ea de dim\u00eene.<\/span><\/h3>\n<h3 style=\"text-align: justify\"><span style=\"font-family: arial, helvetica, sans-serif\">Doza ku \u00eero hat d\u00eetin \u00fb bi daw\u00ee b\u00fb, t\u00eakildar\u00ee l\u00eestey\u00ean 2021 \u00fb 2022an e. Di r\u00fbni\u015ftina \u00eero de daxwaza derxistina PKK\u00ea ya ji l\u00eestey\u00ea hat redkirin.<\/span><\/h3>\n<h3 style=\"text-align: justify\"><span style=\"font-family: arial, helvetica, sans-serif\">Konseya Ewropay\u00ea di sala 2002an de PKK xistib\u00fb l\u00eesteya \u201cr\u00eaxistin\u00ean teror\u00ea\u201d.<\/span><\/h3>\n","protected":false},"excerpt":{"rendered":"<p>Dadgeha Yek\u00eetiya Ewropay\u00ea li Luksemburg\u00ea \u00eero biryara xwe ya li ser daxwazeke Partiya Karker\u00ean Kurdistan\u00ea (PKK) a\u015fkere kir \u00fb daxwaza PKK\u00ea red kir. PKK\u00ea daxwaz kirib\u00fb ku nav\u00ea w\u00ea ji l\u00eesteya teror\u00ea b\u00ea derxistin, l\u00ea Dadgeha Yek\u00eetiya Ewropay\u00ea di civ\u00eena xwe ya \u00eero de ew daxwaza PKK\u00ea red kir. Derbar\u00ea PKK\u00ea de bi gi\u015ft\u00ee 3 [&hellip;]<\/p>\n","protected":false},"author":2,"featured_media":1033997,"comment_status":"closed","ping_status":"closed","sticky":false,"template":"","format":"standard","meta":{"footnotes":""},"categories":[30],"tags":[37],"class_list":["post-1033996","post","type-post","status-publish","format-standard","has-post-thumbnail","hentry","category-cihan","tag-sereke"],"blocksy_meta":[],"seo_head":"<!-- This site is optimized with the Yoast SEO plugin v27.5 - https:\/\/yoast.com\/product\/yoast-seo-wordpress\/ -->\n<title>Daxwaza PKK\u00ea ji aliy\u00ea Dadgeha Yek\u00eetiya Ewropay\u00ea ve hat redkirin - Darka Maz\u00ee<\/title>\n<meta name=\"robots\" content=\"index, follow, max-snippet:-1, max-image-preview:large, max-video-preview:-1\" \/>\n<link rel=\"canonical\" href=\"https:\/\/darkamazi.info\/archives\/1033996\" \/>\n<meta property=\"og:locale\" content=\"en_US\" \/>\n<meta property=\"og:type\" content=\"article\" \/>\n<meta property=\"og:title\" content=\"Daxwaza PKK\u00ea ji aliy\u00ea Dadgeha Yek\u00eetiya Ewropay\u00ea ve hat redkirin - Darka Maz\u00ee\" \/>\n<meta property=\"og:description\" content=\"Dadgeha Yek\u00eetiya Ewropay\u00ea li Luksemburg\u00ea \u00eero biryara xwe ya li ser daxwazeke Partiya Karker\u00ean Kurdistan\u00ea (PKK) a\u015fkere kir \u00fb daxwaza PKK\u00ea red kir. PKK\u00ea daxwaz kirib\u00fb ku nav\u00ea w\u00ea ji l\u00eesteya teror\u00ea b\u00ea derxistin, l\u00ea Dadgeha Yek\u00eetiya Ewropay\u00ea di civ\u00eena xwe ya \u00eero de ew daxwaza PKK\u00ea red kir. Derbar\u00ea PKK\u00ea de bi gi\u015ft\u00ee 3 [&hellip;]\" \/>\n<meta property=\"og:url\" content=\"https:\/\/darkamazi.info\/archives\/1033996\" \/>\n<meta property=\"og:site_name\" content=\"Darka Maz\u00ee\" \/>\n<meta property=\"article:publisher\" content=\"https:\/\/www.facebook.com\/DarMaziKurmanci\" \/>\n<meta property=\"article:published_time\" content=\"2022-11-30T13:49:58+00:00\" \/>\n<meta property=\"og:image\" content=\"https:\/\/darkamazi.info\/file\/2022\/11\/coure-de-justice-des-communautes-europeennes-pkk-.jpg\" \/>\n\t<meta property=\"og:image:width\" content=\"900\" \/>\n\t<meta property=\"og:image:height\" content=\"497\" \/>\n\t<meta property=\"og:image:type\" content=\"image\/jpeg\" \/>\n<meta name=\"author\" content=\"darka mazi\" \/>\n<meta name=\"twitter:card\" content=\"summary_large_image\" \/>\n<meta name=\"twitter:creator\" content=\"@DarkaMaziLatini\" \/>\n<meta name=\"twitter:site\" content=\"@DarkaMaziLatini\" \/>\n<meta name=\"twitter:label1\" content=\"Written by\" \/>\n\t<meta name=\"twitter:data1\" content=\"darka mazi\" \/>\n\t<meta name=\"twitter:label2\" content=\"Est. reading time\" \/>\n\t<meta name=\"twitter:data2\" content=\"1 minute\" \/>\n<script type=\"application\/ld+json\" class=\"seo-schema-graph\">{\"@context\":\"https:\\\/\\\/schema.org\",\"@graph\":[{\"@type\":\"Article\",\"@id\":\"https:\\\/\\\/darkamazi.info\\\/archives\\\/1033996#article\",\"isPartOf\":{\"@id\":\"https:\\\/\\\/darkamazi.info\\\/archives\\\/1033996\"},\"author\":{\"name\":\"darka mazi\",\"@id\":\"https:\\\/\\\/darkamazi.info\\\/#\\\/schema\\\/person\\\/5ad3e24553a0567993fa8ed4bd0a776c\"},\"headline\":\"Daxwaza PKK\u00ea ji aliy\u00ea Dadgeha Yek\u00eetiya Ewropay\u00ea ve hat redkirin\",\"datePublished\":\"2022-11-30T13:49:58+00:00\",\"mainEntityOfPage\":{\"@id\":\"https:\\\/\\\/darkamazi.info\\\/archives\\\/1033996\"},\"wordCount\":220,\"publisher\":{\"@id\":\"https:\\\/\\\/darkamazi.info\\\/#organization\"},\"image\":{\"@id\":\"https:\\\/\\\/darkamazi.info\\\/archives\\\/1033996#primaryimage\"},\"thumbnailUrl\":\"https:\\\/\\\/darkamazi.info\\\/darka-content\\\/uploads\\\/2022\\\/11\\\/coure-de-justice-des-communautes-europeennes-pkk-.jpg\",\"keywords\":[\"sereke\"],\"articleSection\":[\"C\u00eehan\"],\"inLanguage\":\"en-US\"},{\"@type\":\"WebPage\",\"@id\":\"https:\\\/\\\/darkamazi.info\\\/archives\\\/1033996\",\"url\":\"https:\\\/\\\/darkamazi.info\\\/archives\\\/1033996\",\"name\":\"Daxwaza PKK\u00ea ji aliy\u00ea Dadgeha Yek\u00eetiya Ewropay\u00ea ve hat redkirin - Darka Maz\u00ee\",\"isPartOf\":{\"@id\":\"https:\\\/\\\/darkamazi.info\\\/#website\"},\"primaryImageOfPage\":{\"@id\":\"https:\\\/\\\/darkamazi.info\\\/archives\\\/1033996#primaryimage\"},\"image\":{\"@id\":\"https:\\\/\\\/darkamazi.info\\\/archives\\\/1033996#primaryimage\"},\"thumbnailUrl\":\"https:\\\/\\\/darkamazi.info\\\/darka-content\\\/uploads\\\/2022\\\/11\\\/coure-de-justice-des-communautes-europeennes-pkk-.jpg\",\"datePublished\":\"2022-11-30T13:49:58+00:00\",\"breadcrumb\":{\"@id\":\"https:\\\/\\\/darkamazi.info\\\/archives\\\/1033996#breadcrumb\"},\"inLanguage\":\"en-US\",\"potentialAction\":[{\"@type\":\"ReadAction\",\"target\":[\"https:\\\/\\\/darkamazi.info\\\/archives\\\/1033996\"]}]},{\"@type\":\"ImageObject\",\"inLanguage\":\"en-US\",\"@id\":\"https:\\\/\\\/darkamazi.info\\\/archives\\\/1033996#primaryimage\",\"url\":\"https:\\\/\\\/darkamazi.info\\\/darka-content\\\/uploads\\\/2022\\\/11\\\/coure-de-justice-des-communautes-europeennes-pkk-.jpg\",\"contentUrl\":\"https:\\\/\\\/darkamazi.info\\\/darka-content\\\/uploads\\\/2022\\\/11\\\/coure-de-justice-des-communautes-europeennes-pkk-.jpg\",\"width\":900,\"height\":497,\"caption\":\"coure de justice des communaut\u00e9s europeennes-pkk-\"},{\"@type\":\"BreadcrumbList\",\"@id\":\"https:\\\/\\\/darkamazi.info\\\/archives\\\/1033996#breadcrumb\",\"itemListElement\":[{\"@type\":\"ListItem\",\"position\":1,\"name\":\"Home\",\"item\":\"https:\\\/\\\/darkamazi.info\\\/\"},{\"@type\":\"ListItem\",\"position\":2,\"name\":\"Daxwaza PKK\u00ea ji aliy\u00ea Dadgeha Yek\u00eetiya Ewropay\u00ea ve hat redkirin\"}]},{\"@type\":\"WebSite\",\"@id\":\"https:\\\/\\\/darkamazi.info\\\/#website\",\"url\":\"https:\\\/\\\/darkamazi.info\\\/\",\"name\":\"Darka Maz\u00ee\",\"description\":\"P\u00eageha Zanyariy\u00ean Nebih\u00eest\u00ee\",\"publisher\":{\"@id\":\"https:\\\/\\\/darkamazi.info\\\/#organization\"},\"potentialAction\":[{\"@type\":\"SearchAction\",\"target\":{\"@type\":\"EntryPoint\",\"urlTemplate\":\"https:\\\/\\\/darkamazi.info\\\/?s={search_term_string}\"},\"query-input\":{\"@type\":\"PropertyValueSpecification\",\"valueRequired\":true,\"valueName\":\"search_term_string\"}}],\"inLanguage\":\"en-US\"},{\"@type\":\"Organization\",\"@id\":\"https:\\\/\\\/darkamazi.info\\\/#organization\",\"name\":\"Darka Maz\u00ee\",\"url\":\"https:\\\/\\\/darkamazi.info\\\/\",\"logo\":{\"@type\":\"ImageObject\",\"inLanguage\":\"en-US\",\"@id\":\"https:\\\/\\\/darkamazi.info\\\/#\\\/schema\\\/logo\\\/image\\\/\",\"url\":\"https:\\\/\\\/darkamazi.info\\\/darka-content\\\/uploads\\\/2017\\\/12\\\/darka-mazi-logo.png\",\"contentUrl\":\"https:\\\/\\\/darkamazi.info\\\/darka-content\\\/uploads\\\/2017\\\/12\\\/darka-mazi-logo.png\",\"width\":151,\"height\":75,\"caption\":\"Darka Maz\u00ee\"},\"image\":{\"@id\":\"https:\\\/\\\/darkamazi.info\\\/#\\\/schema\\\/logo\\\/image\\\/\"},\"sameAs\":[\"https:\\\/\\\/www.facebook.com\\\/DarMaziKurmanci\",\"https:\\\/\\\/x.com\\\/DarkaMaziLatini\",\"https:\\\/\\\/www.instagram.com\\\/darkamazi.kurmanci\\\/\",\"https:\\\/\\\/www.youtube.com\\\/channel\\\/UCa5HkTdmI8U1qCUFuTw8B2g\"]},{\"@type\":\"Person\",\"@id\":\"https:\\\/\\\/darkamazi.info\\\/#\\\/schema\\\/person\\\/5ad3e24553a0567993fa8ed4bd0a776c\",\"name\":\"darka mazi\",\"sameAs\":[\"https:\\\/\\\/darkamazi.info\\\/\"],\"url\":\"https:\\\/\\\/darkamazi.info\\\/archives\\\/author\\\/kurdi\"}]}<\/script>\n<!-- \/ Yoast SEO plugin. -->","seo_head_json":{"title":"Daxwaza PKK\u00ea ji aliy\u00ea Dadgeha Yek\u00eetiya Ewropay\u00ea ve hat redkirin - Darka Maz\u00ee","robots":{"index":"index","follow":"follow","max-snippet":"max-snippet:-1","max-image-preview":"max-image-preview:large","max-video-preview":"max-video-preview:-1"},"canonical":"https:\/\/darkamazi.info\/archives\/1033996","og_locale":"en_US","og_type":"article","og_title":"Daxwaza PKK\u00ea ji aliy\u00ea Dadgeha Yek\u00eetiya Ewropay\u00ea ve hat redkirin - Darka Maz\u00ee","og_description":"Dadgeha Yek\u00eetiya Ewropay\u00ea li Luksemburg\u00ea \u00eero biryara xwe ya li ser daxwazeke Partiya Karker\u00ean Kurdistan\u00ea (PKK) a\u015fkere kir \u00fb daxwaza PKK\u00ea red kir. PKK\u00ea daxwaz kirib\u00fb ku nav\u00ea w\u00ea ji l\u00eesteya teror\u00ea b\u00ea derxistin, l\u00ea Dadgeha Yek\u00eetiya Ewropay\u00ea di civ\u00eena xwe ya \u00eero de ew daxwaza PKK\u00ea red kir. Derbar\u00ea PKK\u00ea de bi gi\u015ft\u00ee 3 [&hellip;]","og_url":"https:\/\/darkamazi.info\/archives\/1033996","og_site_name":"Darka Maz\u00ee","article_publisher":"https:\/\/www.facebook.com\/DarMaziKurmanci","article_published_time":"2022-11-30T13:49:58+00:00","og_image":[{"width":900,"height":497,"url":"https:\/\/darkamazi.info\/file\/2022\/11\/coure-de-justice-des-communautes-europeennes-pkk-.jpg","type":"image\/jpeg"}],"author":"darka mazi","twitter_card":"summary_large_image","twitter_creator":"@DarkaMaziLatini","twitter_site":"@DarkaMaziLatini","twitter_misc":{"Written by":"darka mazi","Est. reading time":"1 minute"},"schema":{"@context":"https:\/\/schema.org","@graph":[{"@type":"Article","@id":"https:\/\/darkamazi.info\/archives\/1033996#article","isPartOf":{"@id":"https:\/\/darkamazi.info\/archives\/1033996"},"author":{"name":"darka mazi","@id":"https:\/\/darkamazi.info\/#\/schema\/person\/5ad3e24553a0567993fa8ed4bd0a776c"},"headline":"Daxwaza PKK\u00ea ji aliy\u00ea Dadgeha Yek\u00eetiya Ewropay\u00ea ve hat redkirin","datePublished":"2022-11-30T13:49:58+00:00","mainEntityOfPage":{"@id":"https:\/\/darkamazi.info\/archives\/1033996"},"wordCount":220,"publisher":{"@id":"https:\/\/darkamazi.info\/#organization"},"image":{"@id":"https:\/\/darkamazi.info\/archives\/1033996#primaryimage"},"thumbnailUrl":"https:\/\/darkamazi.info\/file\/2022\/11\/coure-de-justice-des-communautes-europeennes-pkk-.jpg","keywords":["sereke"],"articleSection":["C\u00eehan"],"inLanguage":"en-US"},{"@type":"WebPage","@id":"https:\/\/darkamazi.info\/archives\/1033996","url":"https:\/\/darkamazi.info\/archives\/1033996","name":"Daxwaza PKK\u00ea ji aliy\u00ea Dadgeha Yek\u00eetiya Ewropay\u00ea ve hat redkirin - Darka Maz\u00ee","isPartOf":{"@id":"https:\/\/darkamazi.info\/#website"},"primaryImageOfPage":{"@id":"https:\/\/darkamazi.info\/archives\/1033996#primaryimage"},"image":{"@id":"https:\/\/darkamazi.info\/archives\/1033996#primaryimage"},"thumbnailUrl":"https:\/\/darkamazi.info\/file\/2022\/11\/coure-de-justice-des-communautes-europeennes-pkk-.jpg","datePublished":"2022-11-30T13:49:58+00:00","breadcrumb":{"@id":"https:\/\/darkamazi.info\/archives\/1033996#breadcrumb"},"inLanguage":"en-US","potentialAction":[{"@type":"ReadAction","target":["https:\/\/darkamazi.info\/archives\/1033996"]}]},{"@type":"ImageObject","inLanguage":"en-US","@id":"https:\/\/darkamazi.info\/archives\/1033996#primaryimage","url":"https:\/\/darkamazi.info\/file\/2022\/11\/coure-de-justice-des-communautes-europeennes-pkk-.jpg","contentUrl":"https:\/\/darkamazi.info\/file\/2022\/11\/coure-de-justice-des-communautes-europeennes-pkk-.jpg","width":900,"height":497,"caption":"coure de justice des communaut\u00e9s europeennes-pkk-"},{"@type":"BreadcrumbList","@id":"https:\/\/darkamazi.info\/archives\/1033996#breadcrumb","itemListElement":[{"@type":"ListItem","position":1,"name":"Home","item":"https:\/\/darkamazi.info\/"},{"@type":"ListItem","position":2,"name":"Daxwaza PKK\u00ea ji aliy\u00ea Dadgeha Yek\u00eetiya Ewropay\u00ea ve hat redkirin"}]},{"@type":"WebSite","@id":"https:\/\/darkamazi.info\/#website","url":"https:\/\/darkamazi.info\/","name":"Darka Maz\u00ee","description":"P\u00eageha Zanyariy\u00ean Nebih\u00eest\u00ee","publisher":{"@id":"https:\/\/darkamazi.info\/#organization"},"potentialAction":[{"@type":"SearchAction","target":{"@type":"EntryPoint","urlTemplate":"https:\/\/darkamazi.info\/?s={search_term_string}"},"query-input":{"@type":"PropertyValueSpecification","valueRequired":true,"valueName":"search_term_string"}}],"inLanguage":"en-US"},{"@type":"Organization","@id":"https:\/\/darkamazi.info\/#organization","name":"Darka Maz\u00ee","url":"https:\/\/darkamazi.info\/","logo":{"@type":"ImageObject","inLanguage":"en-US","@id":"https:\/\/darkamazi.info\/#\/schema\/logo\/image\/","url":"https:\/\/darkamazi.info\/file\/2017\/12\/darka-mazi-logo.png","contentUrl":"https:\/\/darkamazi.info\/file\/2017\/12\/darka-mazi-logo.png","width":151,"height":75,"caption":"Darka Maz\u00ee"},"image":{"@id":"https:\/\/darkamazi.info\/#\/schema\/logo\/image\/"},"sameAs":["https:\/\/www.facebook.com\/DarMaziKurmanci","https:\/\/x.com\/DarkaMaziLatini","https:\/\/www.instagram.com\/darkamazi.kurmanci\/","https:\/\/www.youtube.com\/channel\/UCa5HkTdmI8U1qCUFuTw8B2g"]},{"@type":"Person","@id":"https:\/\/darkamazi.info\/#\/schema\/person\/5ad3e24553a0567993fa8ed4bd0a776c","name":"darka mazi","sameAs":["https:\/\/darkamazi.info\/"],"url":"https:\/\/darkamazi.info\/archives\/author\/kurdi"}]}},"_links":{"self":[{"href":"https:\/\/darkamazi.info\/funavuv\/wp\/v2\/posts\/1033996","targetHints":{"allow":["GET"]}}],"collection":[{"href":"https:\/\/darkamazi.info\/funavuv\/wp\/v2\/posts"}],"about":[{"href":"https:\/\/darkamazi.info\/funavuv\/wp\/v2\/types\/post"}],"author":[{"embeddable":true,"href":"https:\/\/darkamazi.info\/funavuv\/wp\/v2\/users\/2"}],"replies":[{"embeddable":true,"href":"https:\/\/darkamazi.info\/funavuv\/wp\/v2\/comments?post=1033996"}],"version-history":[{"count":0,"href":"https:\/\/darkamazi.info\/funavuv\/wp\/v2\/posts\/1033996\/revisions"}],"wp:featuredmedia":[{"embeddable":true,"href":"https:\/\/darkamazi.info\/funavuv\/wp\/v2\/media\/1033997"}],"wp:attachment":[{"href":"https:\/\/darkamazi.info\/funavuv\/wp\/v2\/media?parent=1033996"}],"wp:term":[{"taxonomy":"category","embeddable":true,"href":"https:\/\/darkamazi.info\/funavuv\/wp\/v2\/categories?post=1033996"},{"taxonomy":"post_tag","embeddable":true,"href":"https:\/\/darkamazi.info\/funavuv\/wp\/v2\/tags?post=1033996"}],"curies":[{"name":"wp","href":"https:\/\/api.w.org\/{rel}","templated":true}]}}