{"id":1034012,"date":"2022-12-01T12:31:47","date_gmt":"2022-12-01T09:31:47","guid":{"rendered":"https:\/\/darkamazi.info\/?p=1034012"},"modified":"2022-12-01T12:32:27","modified_gmt":"2022-12-01T09:32:27","slug":"bi-sedema-pkke-32-kes-hatin-desteserkirin","status":"publish","type":"post","link":"https:\/\/darkamazi.info\/archives\/1034012","title":{"rendered":"Bi sedema PKK\u00ea 32 kes hatin desteserkirin"},"content":{"rendered":"<h3 style=\"text-align: justify\"><span style=\"font-family: 'arial black', sans-serif\">Li 9 par\u00eazgeh\u00ean ku navenda w\u00ea M\u00eard\u00een b\u00fb operasyonek hat encamdan \u00fb bin hinceta PKK\u00ea 32 kes hatin desteserkirin. 23 kes\u00ean pi\u015ft\u00ee \u00eefadeya li R\u00eaveberiya Ewlehiy\u00ea hatin berdan, ji kes\u00ean bo dadgeh\u00ea hatin \u015fandin j\u00ee 5 kes hatin girtin.<\/span><\/h3>\n<h3 style=\"text-align: justify\"><span style=\"font-family: arial, helvetica, sans-serif\">R\u00eaveberiya Ewlekariya M\u00eardin\u00ea, di daxuyaniyek\u00ea de ragihand ku di \u00e7ar\u00e7oveya fermana Serdozgeriya Komar\u00ea de li M\u00eard\u00een, Stenbol, Edene, Antalya, Bursa, M\u00ears\u00een, Amed, \u015eirnex \u00fb N\u00eegdey\u00ea bi \u201cde\u015f\u00eefrekirina kiryar \u00fb \u00e7alakiy\u00ean PKK\u00ea\u201d operasyoneke hemwext hat lidarxistin.<\/span><\/h3>\n<h3 style=\"text-align: justify\"><span style=\"font-family: arial, helvetica, sans-serif\">Li gor daxuyaniy\u00ea di w\u00ea operasyin\u00ea de 32 kes bi hinc\u00eata PKK\u00ea hatin desteserkirin.<\/span><\/h3>\n<h3 style=\"text-align: justify\"><span style=\"font-family: arial, helvetica, sans-serif\">Di mal\u00ean kes\u00ean hatin desteserkirin de l\u00eager\u00een hat kirin.<\/span><\/h3>\n<h3 style=\"text-align: justify\"><span style=\"font-family: arial, helvetica, sans-serif\">Ji kes\u00ean hatin desteserkirin 23 kes pi\u015ft\u00ee \u00eefadeya li r\u00eaveberiya pol\u00eesan hatin berdan.<\/span><\/h3>\n<h3 style=\"text-align: justify\"><span style=\"font-family: arial, helvetica, sans-serif\">Ji 9 kes\u00ean ku bo dadgeh\u00ea hatin \u015fandin 5 kes hatin girtin \u00fb 4 kes j\u00ee bi \u015fert\u00ea kontrola edl\u00ee hatin berdan.<\/span><\/h3>\n","protected":false},"excerpt":{"rendered":"<p>Li 9 par\u00eazgeh\u00ean ku navenda w\u00ea M\u00eard\u00een b\u00fb operasyonek hat encamdan \u00fb bin hinceta PKK\u00ea 32 kes hatin desteserkirin. 23 kes\u00ean pi\u015ft\u00ee \u00eefadeya li R\u00eaveberiya Ewlehiy\u00ea hatin berdan, ji kes\u00ean bo dadgeh\u00ea hatin \u015fandin j\u00ee 5 kes hatin girtin. R\u00eaveberiya Ewlekariya M\u00eardin\u00ea, di daxuyaniyek\u00ea de ragihand ku di \u00e7ar\u00e7oveya fermana Serdozgeriya Komar\u00ea de li M\u00eard\u00een, [&hellip;]<\/p>\n","protected":false},"author":2,"featured_media":1034013,"comment_status":"closed","ping_status":"closed","sticky":false,"template":"","format":"standard","meta":{"footnotes":""},"categories":[29],"tags":[37],"class_list":["post-1034012","post","type-post","status-publish","format-standard","has-post-thumbnail","hentry","category-kurdistan","tag-sereke"],"blocksy_meta":[],"seo_head":"<!-- This site is optimized with the Yoast SEO plugin v27.5 - https:\/\/yoast.com\/product\/yoast-seo-wordpress\/ -->\n<title>Bi sedema PKK\u00ea 32 kes hatin desteserkirin - Darka Maz\u00ee<\/title>\n<meta name=\"robots\" content=\"index, follow, max-snippet:-1, max-image-preview:large, max-video-preview:-1\" \/>\n<link rel=\"canonical\" href=\"https:\/\/darkamazi.info\/archives\/1034012\" \/>\n<meta property=\"og:locale\" content=\"en_US\" \/>\n<meta property=\"og:type\" content=\"article\" \/>\n<meta property=\"og:title\" content=\"Bi sedema PKK\u00ea 32 kes hatin desteserkirin - Darka Maz\u00ee\" \/>\n<meta property=\"og:description\" content=\"Li 9 par\u00eazgeh\u00ean ku navenda w\u00ea M\u00eard\u00een b\u00fb operasyonek hat encamdan \u00fb bin hinceta PKK\u00ea 32 kes hatin desteserkirin. 23 kes\u00ean pi\u015ft\u00ee \u00eefadeya li R\u00eaveberiya Ewlehiy\u00ea hatin berdan, ji kes\u00ean bo dadgeh\u00ea hatin \u015fandin j\u00ee 5 kes hatin girtin. R\u00eaveberiya Ewlekariya M\u00eardin\u00ea, di daxuyaniyek\u00ea de ragihand ku di \u00e7ar\u00e7oveya fermana Serdozgeriya Komar\u00ea de li M\u00eard\u00een, [&hellip;]\" \/>\n<meta property=\"og:url\" content=\"https:\/\/darkamazi.info\/archives\/1034012\" \/>\n<meta property=\"og:site_name\" content=\"Darka Maz\u00ee\" \/>\n<meta property=\"article:publisher\" content=\"https:\/\/www.facebook.com\/DarMaziKurmanci\" \/>\n<meta property=\"article:published_time\" content=\"2022-12-01T09:31:47+00:00\" \/>\n<meta property=\"article:modified_time\" content=\"2022-12-01T09:32:27+00:00\" \/>\n<meta property=\"og:image\" content=\"https:\/\/darkamazi.info\/file\/2022\/12\/mardin-pkk-edene.jpg\" \/>\n\t<meta property=\"og:image:width\" content=\"800\" \/>\n\t<meta property=\"og:image:height\" content=\"400\" \/>\n\t<meta property=\"og:image:type\" content=\"image\/jpeg\" \/>\n<meta name=\"author\" content=\"darka mazi\" \/>\n<meta name=\"twitter:card\" content=\"summary_large_image\" \/>\n<meta name=\"twitter:creator\" content=\"@DarkaMaziLatini\" \/>\n<meta name=\"twitter:site\" content=\"@DarkaMaziLatini\" \/>\n<meta name=\"twitter:label1\" content=\"Written by\" \/>\n\t<meta name=\"twitter:data1\" content=\"darka mazi\" \/>\n\t<meta name=\"twitter:label2\" content=\"Est. reading time\" \/>\n\t<meta name=\"twitter:data2\" content=\"1 minute\" \/>\n<script type=\"application\/ld+json\" class=\"seo-schema-graph\">{\"@context\":\"https:\\\/\\\/schema.org\",\"@graph\":[{\"@type\":\"Article\",\"@id\":\"https:\\\/\\\/darkamazi.info\\\/archives\\\/1034012#article\",\"isPartOf\":{\"@id\":\"https:\\\/\\\/darkamazi.info\\\/archives\\\/1034012\"},\"author\":{\"name\":\"darka mazi\",\"@id\":\"https:\\\/\\\/darkamazi.info\\\/#\\\/schema\\\/person\\\/5ad3e24553a0567993fa8ed4bd0a776c\"},\"headline\":\"Bi sedema PKK\u00ea 32 kes hatin desteserkirin\",\"datePublished\":\"2022-12-01T09:31:47+00:00\",\"dateModified\":\"2022-12-01T09:32:27+00:00\",\"mainEntityOfPage\":{\"@id\":\"https:\\\/\\\/darkamazi.info\\\/archives\\\/1034012\"},\"wordCount\":153,\"publisher\":{\"@id\":\"https:\\\/\\\/darkamazi.info\\\/#organization\"},\"image\":{\"@id\":\"https:\\\/\\\/darkamazi.info\\\/archives\\\/1034012#primaryimage\"},\"thumbnailUrl\":\"https:\\\/\\\/darkamazi.info\\\/darka-content\\\/uploads\\\/2022\\\/12\\\/mardin-pkk-edene.jpg\",\"keywords\":[\"sereke\"],\"articleSection\":[\"Kurdistan\"],\"inLanguage\":\"en-US\"},{\"@type\":\"WebPage\",\"@id\":\"https:\\\/\\\/darkamazi.info\\\/archives\\\/1034012\",\"url\":\"https:\\\/\\\/darkamazi.info\\\/archives\\\/1034012\",\"name\":\"Bi sedema PKK\u00ea 32 kes hatin desteserkirin - Darka Maz\u00ee\",\"isPartOf\":{\"@id\":\"https:\\\/\\\/darkamazi.info\\\/#website\"},\"primaryImageOfPage\":{\"@id\":\"https:\\\/\\\/darkamazi.info\\\/archives\\\/1034012#primaryimage\"},\"image\":{\"@id\":\"https:\\\/\\\/darkamazi.info\\\/archives\\\/1034012#primaryimage\"},\"thumbnailUrl\":\"https:\\\/\\\/darkamazi.info\\\/darka-content\\\/uploads\\\/2022\\\/12\\\/mardin-pkk-edene.jpg\",\"datePublished\":\"2022-12-01T09:31:47+00:00\",\"dateModified\":\"2022-12-01T09:32:27+00:00\",\"breadcrumb\":{\"@id\":\"https:\\\/\\\/darkamazi.info\\\/archives\\\/1034012#breadcrumb\"},\"inLanguage\":\"en-US\",\"potentialAction\":[{\"@type\":\"ReadAction\",\"target\":[\"https:\\\/\\\/darkamazi.info\\\/archives\\\/1034012\"]}]},{\"@type\":\"ImageObject\",\"inLanguage\":\"en-US\",\"@id\":\"https:\\\/\\\/darkamazi.info\\\/archives\\\/1034012#primaryimage\",\"url\":\"https:\\\/\\\/darkamazi.info\\\/darka-content\\\/uploads\\\/2022\\\/12\\\/mardin-pkk-edene.jpg\",\"contentUrl\":\"https:\\\/\\\/darkamazi.info\\\/darka-content\\\/uploads\\\/2022\\\/12\\\/mardin-pkk-edene.jpg\",\"width\":800,\"height\":400,\"caption\":\"mardin-pkk-edene\"},{\"@type\":\"BreadcrumbList\",\"@id\":\"https:\\\/\\\/darkamazi.info\\\/archives\\\/1034012#breadcrumb\",\"itemListElement\":[{\"@type\":\"ListItem\",\"position\":1,\"name\":\"Home\",\"item\":\"https:\\\/\\\/darkamazi.info\\\/\"},{\"@type\":\"ListItem\",\"position\":2,\"name\":\"Bi sedema PKK\u00ea 32 kes hatin desteserkirin\"}]},{\"@type\":\"WebSite\",\"@id\":\"https:\\\/\\\/darkamazi.info\\\/#website\",\"url\":\"https:\\\/\\\/darkamazi.info\\\/\",\"name\":\"Darka Maz\u00ee\",\"description\":\"P\u00eageha Zanyariy\u00ean Nebih\u00eest\u00ee\",\"publisher\":{\"@id\":\"https:\\\/\\\/darkamazi.info\\\/#organization\"},\"potentialAction\":[{\"@type\":\"SearchAction\",\"target\":{\"@type\":\"EntryPoint\",\"urlTemplate\":\"https:\\\/\\\/darkamazi.info\\\/?s={search_term_string}\"},\"query-input\":{\"@type\":\"PropertyValueSpecification\",\"valueRequired\":true,\"valueName\":\"search_term_string\"}}],\"inLanguage\":\"en-US\"},{\"@type\":\"Organization\",\"@id\":\"https:\\\/\\\/darkamazi.info\\\/#organization\",\"name\":\"Darka Maz\u00ee\",\"url\":\"https:\\\/\\\/darkamazi.info\\\/\",\"logo\":{\"@type\":\"ImageObject\",\"inLanguage\":\"en-US\",\"@id\":\"https:\\\/\\\/darkamazi.info\\\/#\\\/schema\\\/logo\\\/image\\\/\",\"url\":\"https:\\\/\\\/darkamazi.info\\\/darka-content\\\/uploads\\\/2017\\\/12\\\/darka-mazi-logo.png\",\"contentUrl\":\"https:\\\/\\\/darkamazi.info\\\/darka-content\\\/uploads\\\/2017\\\/12\\\/darka-mazi-logo.png\",\"width\":151,\"height\":75,\"caption\":\"Darka Maz\u00ee\"},\"image\":{\"@id\":\"https:\\\/\\\/darkamazi.info\\\/#\\\/schema\\\/logo\\\/image\\\/\"},\"sameAs\":[\"https:\\\/\\\/www.facebook.com\\\/DarMaziKurmanci\",\"https:\\\/\\\/x.com\\\/DarkaMaziLatini\",\"https:\\\/\\\/www.instagram.com\\\/darkamazi.kurmanci\\\/\",\"https:\\\/\\\/www.youtube.com\\\/channel\\\/UCa5HkTdmI8U1qCUFuTw8B2g\"]},{\"@type\":\"Person\",\"@id\":\"https:\\\/\\\/darkamazi.info\\\/#\\\/schema\\\/person\\\/5ad3e24553a0567993fa8ed4bd0a776c\",\"name\":\"darka mazi\",\"sameAs\":[\"https:\\\/\\\/darkamazi.info\\\/\"],\"url\":\"https:\\\/\\\/darkamazi.info\\\/archives\\\/author\\\/kurdi\"}]}<\/script>\n<!-- \/ Yoast SEO plugin. -->","seo_head_json":{"title":"Bi sedema PKK\u00ea 32 kes hatin desteserkirin - Darka Maz\u00ee","robots":{"index":"index","follow":"follow","max-snippet":"max-snippet:-1","max-image-preview":"max-image-preview:large","max-video-preview":"max-video-preview:-1"},"canonical":"https:\/\/darkamazi.info\/archives\/1034012","og_locale":"en_US","og_type":"article","og_title":"Bi sedema PKK\u00ea 32 kes hatin desteserkirin - Darka Maz\u00ee","og_description":"Li 9 par\u00eazgeh\u00ean ku navenda w\u00ea M\u00eard\u00een b\u00fb operasyonek hat encamdan \u00fb bin hinceta PKK\u00ea 32 kes hatin desteserkirin. 23 kes\u00ean pi\u015ft\u00ee \u00eefadeya li R\u00eaveberiya Ewlehiy\u00ea hatin berdan, ji kes\u00ean bo dadgeh\u00ea hatin \u015fandin j\u00ee 5 kes hatin girtin. R\u00eaveberiya Ewlekariya M\u00eardin\u00ea, di daxuyaniyek\u00ea de ragihand ku di \u00e7ar\u00e7oveya fermana Serdozgeriya Komar\u00ea de li M\u00eard\u00een, [&hellip;]","og_url":"https:\/\/darkamazi.info\/archives\/1034012","og_site_name":"Darka Maz\u00ee","article_publisher":"https:\/\/www.facebook.com\/DarMaziKurmanci","article_published_time":"2022-12-01T09:31:47+00:00","article_modified_time":"2022-12-01T09:32:27+00:00","og_image":[{"width":800,"height":400,"url":"https:\/\/darkamazi.info\/file\/2022\/12\/mardin-pkk-edene.jpg","type":"image\/jpeg"}],"author":"darka mazi","twitter_card":"summary_large_image","twitter_creator":"@DarkaMaziLatini","twitter_site":"@DarkaMaziLatini","twitter_misc":{"Written by":"darka mazi","Est. reading time":"1 minute"},"schema":{"@context":"https:\/\/schema.org","@graph":[{"@type":"Article","@id":"https:\/\/darkamazi.info\/archives\/1034012#article","isPartOf":{"@id":"https:\/\/darkamazi.info\/archives\/1034012"},"author":{"name":"darka mazi","@id":"https:\/\/darkamazi.info\/#\/schema\/person\/5ad3e24553a0567993fa8ed4bd0a776c"},"headline":"Bi sedema PKK\u00ea 32 kes hatin desteserkirin","datePublished":"2022-12-01T09:31:47+00:00","dateModified":"2022-12-01T09:32:27+00:00","mainEntityOfPage":{"@id":"https:\/\/darkamazi.info\/archives\/1034012"},"wordCount":153,"publisher":{"@id":"https:\/\/darkamazi.info\/#organization"},"image":{"@id":"https:\/\/darkamazi.info\/archives\/1034012#primaryimage"},"thumbnailUrl":"https:\/\/darkamazi.info\/file\/2022\/12\/mardin-pkk-edene.jpg","keywords":["sereke"],"articleSection":["Kurdistan"],"inLanguage":"en-US"},{"@type":"WebPage","@id":"https:\/\/darkamazi.info\/archives\/1034012","url":"https:\/\/darkamazi.info\/archives\/1034012","name":"Bi sedema PKK\u00ea 32 kes hatin desteserkirin - Darka Maz\u00ee","isPartOf":{"@id":"https:\/\/darkamazi.info\/#website"},"primaryImageOfPage":{"@id":"https:\/\/darkamazi.info\/archives\/1034012#primaryimage"},"image":{"@id":"https:\/\/darkamazi.info\/archives\/1034012#primaryimage"},"thumbnailUrl":"https:\/\/darkamazi.info\/file\/2022\/12\/mardin-pkk-edene.jpg","datePublished":"2022-12-01T09:31:47+00:00","dateModified":"2022-12-01T09:32:27+00:00","breadcrumb":{"@id":"https:\/\/darkamazi.info\/archives\/1034012#breadcrumb"},"inLanguage":"en-US","potentialAction":[{"@type":"ReadAction","target":["https:\/\/darkamazi.info\/archives\/1034012"]}]},{"@type":"ImageObject","inLanguage":"en-US","@id":"https:\/\/darkamazi.info\/archives\/1034012#primaryimage","url":"https:\/\/darkamazi.info\/file\/2022\/12\/mardin-pkk-edene.jpg","contentUrl":"https:\/\/darkamazi.info\/file\/2022\/12\/mardin-pkk-edene.jpg","width":800,"height":400,"caption":"mardin-pkk-edene"},{"@type":"BreadcrumbList","@id":"https:\/\/darkamazi.info\/archives\/1034012#breadcrumb","itemListElement":[{"@type":"ListItem","position":1,"name":"Home","item":"https:\/\/darkamazi.info\/"},{"@type":"ListItem","position":2,"name":"Bi sedema PKK\u00ea 32 kes hatin desteserkirin"}]},{"@type":"WebSite","@id":"https:\/\/darkamazi.info\/#website","url":"https:\/\/darkamazi.info\/","name":"Darka Maz\u00ee","description":"P\u00eageha Zanyariy\u00ean Nebih\u00eest\u00ee","publisher":{"@id":"https:\/\/darkamazi.info\/#organization"},"potentialAction":[{"@type":"SearchAction","target":{"@type":"EntryPoint","urlTemplate":"https:\/\/darkamazi.info\/?s={search_term_string}"},"query-input":{"@type":"PropertyValueSpecification","valueRequired":true,"valueName":"search_term_string"}}],"inLanguage":"en-US"},{"@type":"Organization","@id":"https:\/\/darkamazi.info\/#organization","name":"Darka Maz\u00ee","url":"https:\/\/darkamazi.info\/","logo":{"@type":"ImageObject","inLanguage":"en-US","@id":"https:\/\/darkamazi.info\/#\/schema\/logo\/image\/","url":"https:\/\/darkamazi.info\/file\/2017\/12\/darka-mazi-logo.png","contentUrl":"https:\/\/darkamazi.info\/file\/2017\/12\/darka-mazi-logo.png","width":151,"height":75,"caption":"Darka Maz\u00ee"},"image":{"@id":"https:\/\/darkamazi.info\/#\/schema\/logo\/image\/"},"sameAs":["https:\/\/www.facebook.com\/DarMaziKurmanci","https:\/\/x.com\/DarkaMaziLatini","https:\/\/www.instagram.com\/darkamazi.kurmanci\/","https:\/\/www.youtube.com\/channel\/UCa5HkTdmI8U1qCUFuTw8B2g"]},{"@type":"Person","@id":"https:\/\/darkamazi.info\/#\/schema\/person\/5ad3e24553a0567993fa8ed4bd0a776c","name":"darka mazi","sameAs":["https:\/\/darkamazi.info\/"],"url":"https:\/\/darkamazi.info\/archives\/author\/kurdi"}]}},"_links":{"self":[{"href":"https:\/\/darkamazi.info\/funavuv\/wp\/v2\/posts\/1034012","targetHints":{"allow":["GET"]}}],"collection":[{"href":"https:\/\/darkamazi.info\/funavuv\/wp\/v2\/posts"}],"about":[{"href":"https:\/\/darkamazi.info\/funavuv\/wp\/v2\/types\/post"}],"author":[{"embeddable":true,"href":"https:\/\/darkamazi.info\/funavuv\/wp\/v2\/users\/2"}],"replies":[{"embeddable":true,"href":"https:\/\/darkamazi.info\/funavuv\/wp\/v2\/comments?post=1034012"}],"version-history":[{"count":0,"href":"https:\/\/darkamazi.info\/funavuv\/wp\/v2\/posts\/1034012\/revisions"}],"wp:featuredmedia":[{"embeddable":true,"href":"https:\/\/darkamazi.info\/funavuv\/wp\/v2\/media\/1034013"}],"wp:attachment":[{"href":"https:\/\/darkamazi.info\/funavuv\/wp\/v2\/media?parent=1034012"}],"wp:term":[{"taxonomy":"category","embeddable":true,"href":"https:\/\/darkamazi.info\/funavuv\/wp\/v2\/categories?post=1034012"},{"taxonomy":"post_tag","embeddable":true,"href":"https:\/\/darkamazi.info\/funavuv\/wp\/v2\/tags?post=1034012"}],"curies":[{"name":"wp","href":"https:\/\/api.w.org\/{rel}","templated":true}]}}