{"id":1034070,"date":"2023-01-23T21:00:26","date_gmt":"2023-01-23T18:00:26","guid":{"rendered":"https:\/\/darkamazi.info\/?p=1034070"},"modified":"2023-01-23T21:07:47","modified_gmt":"2023-01-23T18:07:47","slug":"metirsiya-tirkiye-li-ser-rojava-ya-irane-ji-li-ser-herema-kurdistane-strateji-u-careseri","status":"publish","type":"post","link":"https:\/\/darkamazi.info\/archives\/1034070","title":{"rendered":"Metirsiya Tirkiy\u00ea li ser Rojava, ya \u00ceran\u00ea j\u00ee li ser Her\u00eama Kurdistan\u00ea; stratej\u00ee \u00fb \u00e7areser\u00ee"},"content":{"rendered":"<div class=\"wpb-content-wrapper\"><p>[darkamazi_row][darkamazi_column][darkamazi_video link=&#8221;https:\/\/www.youtube.com\/watch?v=Fz6fjuyy8dY&#8221; align=&#8221;center&#8221;][darkamazi_column_text]<\/p>\n<h3 style=\"text-align: justify;\"><span style=\"font-family: 'arial black', sans-serif;\">Gef \u00fb \u00ear\u00ee\u015fa hemwext a Tirkiye \u00fb \u00ceran\u00ea ya ser her du par\u00e7ey\u00ean Kurdistan\u00ea rojeva sereke ya hem\u00fb kurdan bi xwe ve digire.<\/span><\/h3>\n<h3 style=\"text-align: justify;\"><span style=\"font-family: 'arial black', sans-serif;\">L\u00ea xuyaye ku kurdan h\u00ea j\u00ee nekar\u00eene bi awayek\u00ee stratej\u00eek \u00fb bi tevah\u00ee li meseley\u00ea bin\u00earin. Ev gotina ustay\u00ea \u015fer \u00ea navdar Sun Tzu t\u00eene b\u00eera me: &#8220;Stratejiya b\u00eay\u00ee takt\u00eekan riya her\u00ee h\u00ead\u00ee ye ji bo serkeftin\u00ea, Takt\u00eek\u00ean b\u00ea stratej\u00ee qerebalixa ber\u00eeya binkefin\u00ea ye.\u201d<\/span><\/h3>\n<h3 style=\"text-align: justify;\">Di v\u00ea p\u00eavajoy\u00ea de Kurd ne hewcey\u00ee hemaset\u00ea ne, ne hewcey\u00ee tehr\u00eek\u00ea ne, ne hewcey\u00ee gil\u00ee \u00fb gazinca ne \u00fb ne hewcey\u00ee \u00ear\u00ee\u015fkariya li ser hev du ne . Ya ku p\u00eaw\u00eestiya Kurdan p\u00ea hey\u00ee, afirandina stratejiyeke netewey\u00ee ye. Armanca v\u00ea stratejiy\u00ea div\u00ea ev be: \u201cSiyaseta qirkirin, \u00eenkarkirin \u00fb dagirkirina li ser Kurd \u00fb Kurdistan\u00ea d\u00ea \u00e7awe were t\u00eak birin\u201d Ji bil\u00ee bersiva v\u00ea pirs\u00ea div\u00ea \u00e7i rojev\u00ean Kurdan ne bin.<\/h3>\n<h3 style=\"text-align: justify;\">Bi rast\u00ee j\u00ee her kes\u00ea ku xwed\u00ee welatpar\u00eaz\u00ee \u00fb hest\u00ean netewey\u00ee ye, niha p\u00ea\u015fniyara yekr\u00eaziya kurdan dike. B\u00ea guman mirov nikare li benda wan derd\u00fbr\u00ean xwed\u00ee r\u00eak\u00ean din y\u00ean \u00e7areser\u00ee y\u00ea bisekine. L\u00ea div\u00ea li ser tespit \u00fb r\u00eay\u00ean \u00e7areseriy\u00ea konsensosek were ava kirin.<\/h3>\n<h3 style=\"text-align: center;\"><span style=\"font-family: 'arial black', sans-serif; color: #8c0a0a;\">\u00ceran \u00fb Tirkiye hem hevkar in \u00fb hem j\u00ee li hev nakokin<\/span><\/h3>\n<h3 style=\"text-align: justify;\">\u00c7apemeniya Kurd di \u00ear\u00ee\u015f\u00ean hey\u00ee de bal\u00ea diki\u015f\u00eene ser Rojava \u00fb di v\u00ee war\u00ee de \u00eari\u015fkar\u00eeya \u00ceran di r\u00eaza duyem\u00een de cih digire. L\u00ea bel\u00ea \u00ear\u00ee\u015f j\u00ee y\u00ean herdu h\u00eazan e. Dan\u00fbstandin\u00ean li ser v\u00ea mijar\u00ea ji l\u00fbtkeya s\u00eaal\u00ee ya \u00ceran-Tirkiye \u00fb wilatek din \u00ea zilh\u00eaz ku di meha T\u00eermeh\u00ea de li Tehran\u00ea p\u00eak hat\u00ee destn\u00ee\u015fan dike. Yekser pi\u015ft\u00ee v\u00ea l\u00fbtkey\u00ea \u00ear\u00ee\u015fa 20 \u00ea T\u00eermeh\u00ea ya li ser gund\u00ea Perex \u00ea Heften\u00een a gir\u00eaday\u00ee \u00eedareya serbixwe ya Zaxo p\u00eak hat, ev \u00e7ir\u00eeska \u00ee\u015fareta v\u00ea p\u00eavajoy\u00ea b\u00fb. H\u00fbn dikarin li ser l\u00eenka j\u00ear\u00een bigih\u00eejin niv\u00eesa ku me li ser v\u00ea mijar\u00ea we\u015fandi b\u00fb: https:\/\/darkamazi.info\/archives\/1031377<\/h3>\n<h3 style=\"text-align: justify;\">\u00a0\u00ceran \u00fb Tirkiyey\u00ea biryar dan ku h\u00eaz\u00ean rojavay\u00ee (Ewrop\u00ee) bi taybet\u00ee Emer\u00eeka ji her\u00eama Rojhilata nav\u00een b\u00ean derxistin. Wan hevpeyman\u00ee li ser \u00e7aren\u00fbsa Kurdan kir ku w\u00ea \u00e7i were ser\u00ea kurd\u00ean ku ev h\u00eaz\u00ean Rojavay\u00ee pi\u015ftgir\u00ee didin wan. H\u00een j\u00ee dan\u00fbstandin\u00ean h\u00eaz\u00ean Kolonyal\u00eest berdewamin.<\/h3>\n<h3 style=\"text-align: justify;\">Her du h\u00eaz\u00ean her\u00eam\u00ee Tirkiye \u00fb \u00ceran hevdu dicerib\u00eenin \u00fb li rew\u015fa reel dinerin. Ji aliyek\u00ea ve \u015fir\u00eek\u00ean dijberiya Kurdan \u00fb dijberiya heb\u00fbna Amer\u00eekay\u00ea ya li her\u00eam\u00ea dikin, ji aliy\u00ea din ve ev her du h\u00eaz li ser hev \u015fikdarin \u00fb dijberiy\u00ean d\u00eerok\u00ee \u00fb ontoloj\u00eek li hember hev hene. Dixwazin ji hev rol \u00fb par\u00ee bidizin.<\/h3>\n<h3 style=\"text-align: justify;\">Emer\u00eeka ji Afgan\u00eestan\u00ea ni\u015fkav de veki\u015fya \u00fb Ewrop\u00ee j\u00ee bi \u015fer\u00ea Ukraynay\u00ea ve matmay\u00ee mane, eniya li dij\u00ee Kurdistan\u00ea ya li her\u00eam\u00ea gelek ciret ket. Biryara van her du dewletan ewe ku Her\u00eama Kurdistan\u00ea, ku yekane destkeftiya ferm\u00ee ya kurdan e t\u00eak bibin. Nex\u015fey\u00ean kolonyal\u00eestan \u00ean di sala 20 an de hatin x\u00eazkirin r\u00ea li ber vej\u00eena Kurdan girti b\u00fb. V\u00ea car\u00ea j\u00ee dixwazin d\u00eesa kurdan ser hev parve bikin. H\u00eaz\u00ean kolonyal\u00eest \u00ean li Rojhilata Nav\u00een bi biryar in ku ji bo berdewamiya stat\u00fbkoy\u00ea s\u00eenor\u00ean xwe berfireh bikin. Ger hewce bike, ew \u00ea van planan bi cih b\u00eenin, her \u00e7end bi hev re nakok bin j\u00ee.<\/h3>\n<h3 style=\"text-align: center;\"><span style=\"color: #8c0a0a; font-family: 'arial black', sans-serif;\">Serdana Hakan F\u00eedan ya bo Iraq\u00ea, balafirxaneya Kerk\u00fbk\u00ea \u00fb deriy\u00ea s\u00eenor\u00ee y\u00ea Ovakoy\u00ea<\/span><\/h3>\n<h3 style=\"text-align: justify;\">Mirov we bifikire ku armanca Tirkiy\u00ea ten\u00ea Rojava ye w\u00ea \u015fa\u015f be. Tirkiye her \u00e7end li gor\u00ee armanc\u00ean xwe dest\u00fbra operasyoneke mezin li Rojava negirtibe j\u00ee, l\u00ea misoger du armanc\u00ean Tirkiy\u00ea y\u00ean sereke hene. Bi xetek\u00ea Koban\u00ee \u00fb Her\u00eama Ciz\u00eer\u00ea par\u00e7e dikin, Armanceke din a Tirkiyey\u00ea j\u00ee ew e ku bi vekirina xetek\u00ea ji ser\u00ea gund\u00ea Andiwer\u00ea y\u00ea D\u00earik\u00ea, xwe bigih\u00eene Tilefer, ango p\u00eakan\u00eena xeyala deriy\u00ea s\u00eenor \u00ea Ovakoy\u00ea. Ev t\u00ea w\u00ea wateya ku xwe bigeh\u00eene \u015eengal\u00ea. Ji ber v\u00ea yek\u00ea dewleta Tirk li xet\u00ean ceyran\u00ea \u00fb binesaziya gaz\u00ea ya gund\u00ean her\u00eama Ko\u00e7erat \u00fb Berav\u00ea dixe. Ev yek ji her\u00eam\u00ean ku operasyon l\u00ea t\u00ea kirin e. Ev nav\u00e7e ten\u00ea 30 km d\u00fbr\u00ee b\u00eer\u00ean petrol\u00ea y\u00ean Rim\u00ealan\u00ea ye. Her wiha h\u00eajay\u00ee gotin\u00ea ye ku li her\u00eam\u00ean ku ev xeta r\u00ea derbas dibe hin zev\u00eey\u00ean din y\u00ean petrole j\u00ee hene. Ger Li her\u00eam\u00ean din operasyon ney\u00ea kirin j\u00ee l\u00ea bel\u00ea Tirk dixwazin li vir kor\u00eedorek\u00ea veke. Ango, ew \u00ea li rast\u00ea n\u00ee\u015fan bide \u00fb li \u00e7ep\u00ea bixe. Kobaniy\u00ea nebe j\u00ee w\u00ea bixwazin xwe dir\u00eaj\u00ee \u015eingal\u00ea bikin. Armanca Tirkiy\u00ea ya sala 2023 an ev e. Ev t\u00ea wateya s\u00eenor\u00ean M\u00eesaqa mill\u00ee.<\/h3>\n<h3 style=\"text-align: justify;\">Bi v\u00ee away\u00ee d\u00ea hem Rojava \u00fb Ba\u015f\u00fbr ji hev b\u00ean veqetandin \u00fb hem r\u00eayeke rasterast bi Bexday\u00ea re b\u00ea vekirin. Serdana Hakan F\u00eedan a 13 \u00ea \u00celon\u00ea ya Bexday\u00ea \u00fb leza vekirina firokexaneya Kerk\u00fbk\u00ea ber\u00ee ku binesaziya w\u00ea temam bibe j\u00ee be\u015fek ji v\u00ea plan\u00ea ye.<\/h3>\n<h3 style=\"text-align: justify;\">Yan\u00ee em Kurd bi planeke wiha stratej\u00eek \u00fb demdir\u00eaj re r\u00fb bi r\u00fb ne. Bi veberh\u00eanana hilbijartin\u00ea ya AKP \u00ea \u00fb bi tengb\u00fbna w\u00ea ya di siyaseta hundir ve em nikarin gir\u00ea bidin. Ev plan berhema mejiy\u00ea k\u00fbr \u00ea dewleta Tirk e, ne ten\u00ea ya AKP \u00ea ye.<\/h3>\n<h3 style=\"text-align: center;\"><span style=\"color: #8c0a0a; font-family: 'arial black', sans-serif;\">Hesab\u00ean \u00ceran\u00ea<\/span><\/h3>\n<h3 style=\"text-align: justify;\">\u00ceran li hundir\u00ea Iraq\u00ea ji Tirkiy\u00ea bir\u00eaxistinkir\u00ee tir e. Yan\u00ee li \u015f\u00fbna ku rasterast wek Tirkiyey\u00ea tevbigerin, h\u00eaz\u00ean ku li ser nav\u00ea He\u015fd\u00ee \u015eeib\u00ee \u00fb Bexday\u00ea tevdigerin hene. Li her\u00eam\u00ean weke Kor-Mor dikare li ser nav\u00ea van h\u00eazan tevbigere. Mixabin hinek ji van h\u00eazan di nav kurdan j\u00ee y\u00ean weke YNK \u00fb PKK bi \u00ceran\u00ea re \u015fir\u00eekin. Em \u00ea li ser v\u00ea pa\u015f\u00ea bisekinin.<\/h3>\n<h3 style=\"text-align: justify;\">L\u00ea du armanc\u00ean \u00ceran\u00ea hene. Yan rasterast art\u00ea\u015fa Iraq\u00ea b\u00eenin ser s\u00eenor\u00ea di navbera xwe \u00fb Her\u00eama Kurdistan\u00ea de yan j\u00ee rasterast h\u00eaza xwe li wir bi c\u00eeh bike. Ji ber ku tevgera Tirkiy\u00ea li ser xeta Xaxurk\u00ea, \u015eek\u00eef \u00fb Lolan\u00ea, bi taybet\u00ee li ser xeta Bradost, \u00ceran\u00ea b\u00eazar dike. \u00c7apemeniya PKK \u00ea her \u00e7end\u00ee bi zaneb\u00fbn t\u00eagihi\u015ftineke \u015fa\u015f der bar\u00ea operasyon\u00ean Tirkiyey\u00ea y\u00ean li ser s\u00eenor de \u00e7\u00eakiribe j\u00ee, rast\u00ee ev e: \u201cTirkiye weke endam\u00ean NATO y\u00ea.\u00a0 NATO di kare maf\u00ea operasyon\u00ea li dij\u00ee \u00ceran\u00ea weke mertal bide Tirkiyey\u00ea. Ji ber ku \u00ceran v\u00ea rastiy\u00ea dizane, dixwaze gavan bav\u00eaje ku Tirkiye li ser v\u00ea xeta s\u00eenordar bike. Yan\u00ee ji bo bidaw\u00eekirina heb\u00fbna siyas\u00ee \u00fb \u00eedar\u00ee ya kurdan hevpar in, l\u00ea di mijara guhertina s\u00eenoran de j\u00ee nakok in.<\/h3>\n<h3 style=\"text-align: justify;\">Ev t\u00ea w\u00ea watey\u00ea ku \u00ceran w\u00ea operasyona Ba\u015f\u00fbr bi awayek\u00ee ku Tirkiy\u00ea asteng bike p\u00eak b\u00eene. Eger \u00ceran operasyonek\u00ea li ser Her\u00eama Kurdistan\u00ea bike, ne ji Sil\u00eamaniy\u00ea, li derdora deriy\u00ea s\u00eenor\u00ee y\u00ea Hac\u00ee Umran\u00ea w\u00ea bike. Ji xeta Kela\u015f\u00een, Helgurt, Berde Sor\u00ea heya Horn\u00ea. Ev t\u00ea wateya p\u00eangaveke ku Tirkiye ji xeta Xin\u00eare ya li ser xeta s\u00eenor\u00ea \u00ceran\u00ea p\u00ea\u015f ve ne\u00e7e. Li aliy\u00ea din d\u00ea r\u00fby\u00ea \u00c7iyay\u00ea \u015e\u00eax Nasir bigire \u00fb li pira Gelala tema\u015fe bike. Yan\u00ee w\u00ea ber bi xeta S\u00eedeka \u00fb Qend\u00eel ve bi\u00e7e. Ew \u00ea Qend\u00eel\u00ea bipar\u00eaze. Bi rast\u00ee j\u00ee l\u00fbtkey\u00ean Qend\u00eel\u00ea di sala 2011 an de bi peymana PKK \u00fb \u00ceran\u00ea radest\u00ee \u00ceran\u00ea hat kirin.<\/h3>\n<h3 style=\"text-align: center;\"><span style=\"color: #8c0a0a; font-family: 'arial black', sans-serif;\">Kurd nikarin xwe bi maijara \u00ceran \u00fb Tirkiy\u00ea ve bixap\u00eenin<\/span><\/h3>\n<h3 style=\"text-align: justify;\">Helbet ev dewlet\u00ean kolonyal\u00eest w\u00ea nikaribin vana bi carek\u00ea de \u00fb b\u00ea asteng p\u00eak b\u00eenin. D\u00ea ew h\u00eaz hebin ku p\u00ea\u015f\u00ee li wan bigirin. L\u00ea div\u00ea p\u00ea\u015f\u00ee Kurd bi xwe p\u00ea\u015f\u00ee liv \u00ea plan\u00ea bigirin. Div\u00ea t\u00eako\u015f\u00eeneke hiq\u00fbq\u00ee, d\u00eeplomat\u00eek an j\u00ee le\u015fker\u00ee hebe. L\u00ea beriya her ti\u015ft\u00ee div\u00ea eniya Kurd xwe ji n\u00fb ve biafir\u00eene.<\/h3>\n<h3 style=\"text-align: justify;\">Div\u00ea kurd xwe nexap\u00eenin ku \u00ceran ji Tirkiy\u00ea \u00e7\u00eatir e yan j\u00ee Tirkiye ji \u00ceran\u00ea \u00e7\u00eatir e. Man\u00eepulasyona PKK \u00ea ya di v\u00ea mijar\u00ea de xeter e. Tirkiye \u00fb \u00ceran li dij\u00ee Kurdan hevpar in. Gotina Mazl\u00fbm Abd\u00ee ya ku gotib\u00fb \u201c\u00ceran li dij\u00ee operasyona Tirkiy\u00ea ye\u201d xeletiyeke stratej\u00eek e \u00fb herwiha \u00eet\u00eerafkirina siyaseta PKK \u00ea ye. \u00ceran ne dost\u00ea Kurdan e. \u00ceran ne li dij\u00ee operasyona Tirkiy\u00ea ya li dij\u00ee kurdan e j\u00ee. \u00ceran k\u00eafxwe\u015f e ku Tirkiye zext\u00ea li h\u00eaz\u00ean Amer\u00eekay\u00ea y\u00ean li S\u00fbriy\u00ea dike \u00fb bi v\u00ee away\u00ee p\u00eaw\u00eestiya kurdan bi S\u00fbriy\u00ea \u00fb \u00ceran\u00ea \u00e7\u00eabi be. \u00ceran ten\u00ea ji ber z\u00eade belavb\u00fbna Tirkiy\u00ea li her\u00eam\u00ea de dilgiran e.<\/h3>\n<h3 style=\"text-align: justify;\">Di v\u00ea tabloy\u00ea de t\u00ea d\u00eetin ku sala 2023 an w\u00ea bibe \u015fahid\u00ea hewldan\u00ean eniya dij-Kurd ya xeniqandina Kurdistan\u00ea. W\u00ea dem\u00ea Kurd w\u00ea \u00e7i bikin? Helwesta PKK \u00ea w\u00ea bandoreke \u00e7awa li kurdan bike? Kurd li ser \u00e7i bingeh\u00ea dikarin bibin yek? T\u00eakiliy\u00ean Kurdan \u00ean stratej\u00eek w\u00ea k\u00ee bin? Ev pirse ne bend\u00ee bersiv\u00ea ne.<\/h3>\n<h3 style=\"text-align: justify;\">Sibe: Div\u00ea Kurd \u00e7i bikin?<\/h3>\n<p>[\/darkamazi_column_text][\/darkamazi_column][\/darkamazi_row]<\/p>\n<\/div>","protected":false},"excerpt":{"rendered":"<p>[darkamazi_row][darkamazi_column][darkamazi_video link=&#8221;https:\/\/www.youtube.com\/watch?v=Fz6fjuyy8dY&#8221; align=&#8221;center&#8221;][darkamazi_column_text] Gef \u00fb \u00ear\u00ee\u015fa hemwext a Tirkiye \u00fb \u00ceran\u00ea ya ser her du par\u00e7ey\u00ean Kurdistan\u00ea rojeva sereke ya hem\u00fb kurdan bi xwe ve digire. L\u00ea xuyaye ku kurdan h\u00ea j\u00ee nekar\u00eene bi awayek\u00ee stratej\u00eek \u00fb bi tevah\u00ee li meseley\u00ea bin\u00earin. Ev gotina ustay\u00ea \u015fer \u00ea navdar Sun Tzu t\u00eene b\u00eera me: &#8220;Stratejiya b\u00eay\u00ee [&hellip;]<\/p>\n","protected":false},"author":2,"featured_media":1034071,"comment_status":"closed","ping_status":"closed","sticky":false,"template":"epic_custom_post_template-1006382","format":"video","meta":{"footnotes":""},"categories":[68,65],"tags":[37],"class_list":["post-1034070","post","type-post","status-publish","format-video","has-post-thumbnail","hentry","category-analiz","category-vidiyo","tag-sereke","post_format-post-format-video"],"blocksy_meta":[],"seo_head":"<!-- This site is optimized with the Yoast SEO plugin v27.5 - https:\/\/yoast.com\/product\/yoast-seo-wordpress\/ -->\n<title>Metirsiya Tirkiy\u00ea li ser Rojava, ya \u00ceran\u00ea j\u00ee li ser Her\u00eama Kurdistan\u00ea; stratej\u00ee \u00fb \u00e7areser\u00ee - Darka Maz\u00ee<\/title>\n<meta name=\"robots\" content=\"index, follow, max-snippet:-1, max-image-preview:large, max-video-preview:-1\" \/>\n<link rel=\"canonical\" href=\"https:\/\/darkamazi.info\/archives\/1034070\" \/>\n<meta property=\"og:locale\" content=\"en_US\" \/>\n<meta property=\"og:type\" content=\"article\" \/>\n<meta property=\"og:title\" content=\"Metirsiya Tirkiy\u00ea li ser Rojava, ya \u00ceran\u00ea j\u00ee li ser Her\u00eama Kurdistan\u00ea; stratej\u00ee \u00fb \u00e7areser\u00ee - Darka Maz\u00ee\" \/>\n<meta property=\"og:description\" content=\"[darkamazi_row][darkamazi_column][darkamazi_video link=&#8221;https:\/\/www.youtube.com\/watch?v=Fz6fjuyy8dY&#8221; align=&#8221;center&#8221;][darkamazi_column_text] Gef \u00fb \u00ear\u00ee\u015fa hemwext a Tirkiye \u00fb \u00ceran\u00ea ya ser her du par\u00e7ey\u00ean Kurdistan\u00ea rojeva sereke ya hem\u00fb kurdan bi xwe ve digire. L\u00ea xuyaye ku kurdan h\u00ea j\u00ee nekar\u00eene bi awayek\u00ee stratej\u00eek \u00fb bi tevah\u00ee li meseley\u00ea bin\u00earin. Ev gotina ustay\u00ea \u015fer \u00ea navdar Sun Tzu t\u00eene b\u00eera me: &#8220;Stratejiya b\u00eay\u00ee [&hellip;]\" \/>\n<meta property=\"og:url\" content=\"https:\/\/darkamazi.info\/archives\/1034070\" \/>\n<meta property=\"og:site_name\" content=\"Darka Maz\u00ee\" \/>\n<meta property=\"article:publisher\" content=\"https:\/\/www.facebook.com\/DarMaziKurmanci\" \/>\n<meta property=\"article:published_time\" content=\"2023-01-23T18:00:26+00:00\" \/>\n<meta property=\"article:modified_time\" content=\"2023-01-23T18:07:47+00:00\" \/>\n<meta property=\"og:image\" content=\"https:\/\/darkamazi.info\/file\/2022\/12\/koban-pkk.jpg\" \/>\n\t<meta property=\"og:image:width\" content=\"900\" \/>\n\t<meta property=\"og:image:height\" content=\"497\" \/>\n\t<meta property=\"og:image:type\" content=\"image\/jpeg\" \/>\n<meta name=\"author\" content=\"darka mazi\" \/>\n<meta name=\"twitter:card\" content=\"summary_large_image\" \/>\n<meta name=\"twitter:creator\" content=\"@DarkaMaziLatini\" \/>\n<meta name=\"twitter:site\" content=\"@DarkaMaziLatini\" \/>\n<meta name=\"twitter:label1\" content=\"Written by\" \/>\n\t<meta name=\"twitter:data1\" content=\"darka mazi\" \/>\n\t<meta name=\"twitter:label2\" content=\"Est. reading time\" \/>\n\t<meta name=\"twitter:data2\" content=\"6 minutes\" \/>\n<script type=\"application\/ld+json\" class=\"seo-schema-graph\">{\"@context\":\"https:\\\/\\\/schema.org\",\"@graph\":[{\"@type\":\"Article\",\"@id\":\"https:\\\/\\\/darkamazi.info\\\/archives\\\/1034070#article\",\"isPartOf\":{\"@id\":\"https:\\\/\\\/darkamazi.info\\\/archives\\\/1034070\"},\"author\":{\"name\":\"darka mazi\",\"@id\":\"https:\\\/\\\/darkamazi.info\\\/#\\\/schema\\\/person\\\/5ad3e24553a0567993fa8ed4bd0a776c\"},\"headline\":\"Metirsiya Tirkiy\u00ea li ser Rojava, ya \u00ceran\u00ea j\u00ee li ser Her\u00eama Kurdistan\u00ea; stratej\u00ee \u00fb \u00e7areser\u00ee\",\"datePublished\":\"2023-01-23T18:00:26+00:00\",\"dateModified\":\"2023-01-23T18:07:47+00:00\",\"mainEntityOfPage\":{\"@id\":\"https:\\\/\\\/darkamazi.info\\\/archives\\\/1034070\"},\"wordCount\":1574,\"publisher\":{\"@id\":\"https:\\\/\\\/darkamazi.info\\\/#organization\"},\"image\":{\"@id\":\"https:\\\/\\\/darkamazi.info\\\/archives\\\/1034070#primaryimage\"},\"thumbnailUrl\":\"https:\\\/\\\/darkamazi.info\\\/darka-content\\\/uploads\\\/2022\\\/12\\\/koban-pkk.jpg\",\"keywords\":[\"sereke\"],\"articleSection\":[\"Anal\u00eez\",\"V\u00eed\u00eeyo\"],\"inLanguage\":\"en-US\"},{\"@type\":\"WebPage\",\"@id\":\"https:\\\/\\\/darkamazi.info\\\/archives\\\/1034070\",\"url\":\"https:\\\/\\\/darkamazi.info\\\/archives\\\/1034070\",\"name\":\"Metirsiya Tirkiy\u00ea li ser Rojava, ya \u00ceran\u00ea j\u00ee li ser Her\u00eama Kurdistan\u00ea; stratej\u00ee \u00fb \u00e7areser\u00ee - Darka Maz\u00ee\",\"isPartOf\":{\"@id\":\"https:\\\/\\\/darkamazi.info\\\/#website\"},\"primaryImageOfPage\":{\"@id\":\"https:\\\/\\\/darkamazi.info\\\/archives\\\/1034070#primaryimage\"},\"image\":{\"@id\":\"https:\\\/\\\/darkamazi.info\\\/archives\\\/1034070#primaryimage\"},\"thumbnailUrl\":\"https:\\\/\\\/darkamazi.info\\\/darka-content\\\/uploads\\\/2022\\\/12\\\/koban-pkk.jpg\",\"datePublished\":\"2023-01-23T18:00:26+00:00\",\"dateModified\":\"2023-01-23T18:07:47+00:00\",\"breadcrumb\":{\"@id\":\"https:\\\/\\\/darkamazi.info\\\/archives\\\/1034070#breadcrumb\"},\"inLanguage\":\"en-US\",\"potentialAction\":[{\"@type\":\"ReadAction\",\"target\":[\"https:\\\/\\\/darkamazi.info\\\/archives\\\/1034070\"]}]},{\"@type\":\"ImageObject\",\"inLanguage\":\"en-US\",\"@id\":\"https:\\\/\\\/darkamazi.info\\\/archives\\\/1034070#primaryimage\",\"url\":\"https:\\\/\\\/darkamazi.info\\\/darka-content\\\/uploads\\\/2022\\\/12\\\/koban-pkk.jpg\",\"contentUrl\":\"https:\\\/\\\/darkamazi.info\\\/darka-content\\\/uploads\\\/2022\\\/12\\\/koban-pkk.jpg\",\"width\":900,\"height\":497,\"caption\":\"Metirsiya Tirkiy\u00ea li ser Rojava, ya \u00ceran\u00ea j\u00ee li ser Her\u00eama Kurdistan\u00ea; stratej\u00ee \u00fb \u00e7areser\u00ee\"},{\"@type\":\"BreadcrumbList\",\"@id\":\"https:\\\/\\\/darkamazi.info\\\/archives\\\/1034070#breadcrumb\",\"itemListElement\":[{\"@type\":\"ListItem\",\"position\":1,\"name\":\"Home\",\"item\":\"https:\\\/\\\/darkamazi.info\\\/\"},{\"@type\":\"ListItem\",\"position\":2,\"name\":\"Metirsiya Tirkiy\u00ea li ser Rojava, ya \u00ceran\u00ea j\u00ee li ser Her\u00eama Kurdistan\u00ea; stratej\u00ee \u00fb \u00e7areser\u00ee\"}]},{\"@type\":\"WebSite\",\"@id\":\"https:\\\/\\\/darkamazi.info\\\/#website\",\"url\":\"https:\\\/\\\/darkamazi.info\\\/\",\"name\":\"Darka Maz\u00ee\",\"description\":\"P\u00eageha Zanyariy\u00ean Nebih\u00eest\u00ee\",\"publisher\":{\"@id\":\"https:\\\/\\\/darkamazi.info\\\/#organization\"},\"potentialAction\":[{\"@type\":\"SearchAction\",\"target\":{\"@type\":\"EntryPoint\",\"urlTemplate\":\"https:\\\/\\\/darkamazi.info\\\/?s={search_term_string}\"},\"query-input\":{\"@type\":\"PropertyValueSpecification\",\"valueRequired\":true,\"valueName\":\"search_term_string\"}}],\"inLanguage\":\"en-US\"},{\"@type\":\"Organization\",\"@id\":\"https:\\\/\\\/darkamazi.info\\\/#organization\",\"name\":\"Darka Maz\u00ee\",\"url\":\"https:\\\/\\\/darkamazi.info\\\/\",\"logo\":{\"@type\":\"ImageObject\",\"inLanguage\":\"en-US\",\"@id\":\"https:\\\/\\\/darkamazi.info\\\/#\\\/schema\\\/logo\\\/image\\\/\",\"url\":\"https:\\\/\\\/darkamazi.info\\\/darka-content\\\/uploads\\\/2017\\\/12\\\/darka-mazi-logo.png\",\"contentUrl\":\"https:\\\/\\\/darkamazi.info\\\/darka-content\\\/uploads\\\/2017\\\/12\\\/darka-mazi-logo.png\",\"width\":151,\"height\":75,\"caption\":\"Darka Maz\u00ee\"},\"image\":{\"@id\":\"https:\\\/\\\/darkamazi.info\\\/#\\\/schema\\\/logo\\\/image\\\/\"},\"sameAs\":[\"https:\\\/\\\/www.facebook.com\\\/DarMaziKurmanci\",\"https:\\\/\\\/x.com\\\/DarkaMaziLatini\",\"https:\\\/\\\/www.instagram.com\\\/darkamazi.kurmanci\\\/\",\"https:\\\/\\\/www.youtube.com\\\/channel\\\/UCa5HkTdmI8U1qCUFuTw8B2g\"]},{\"@type\":\"Person\",\"@id\":\"https:\\\/\\\/darkamazi.info\\\/#\\\/schema\\\/person\\\/5ad3e24553a0567993fa8ed4bd0a776c\",\"name\":\"darka mazi\",\"sameAs\":[\"https:\\\/\\\/darkamazi.info\\\/\"],\"url\":\"https:\\\/\\\/darkamazi.info\\\/archives\\\/author\\\/kurdi\"}]}<\/script>\n<!-- \/ Yoast SEO plugin. -->","seo_head_json":{"title":"Metirsiya Tirkiy\u00ea li ser Rojava, ya \u00ceran\u00ea j\u00ee li ser Her\u00eama Kurdistan\u00ea; stratej\u00ee \u00fb \u00e7areser\u00ee - Darka Maz\u00ee","robots":{"index":"index","follow":"follow","max-snippet":"max-snippet:-1","max-image-preview":"max-image-preview:large","max-video-preview":"max-video-preview:-1"},"canonical":"https:\/\/darkamazi.info\/archives\/1034070","og_locale":"en_US","og_type":"article","og_title":"Metirsiya Tirkiy\u00ea li ser Rojava, ya \u00ceran\u00ea j\u00ee li ser Her\u00eama Kurdistan\u00ea; stratej\u00ee \u00fb \u00e7areser\u00ee - Darka Maz\u00ee","og_description":"[darkamazi_row][darkamazi_column][darkamazi_video link=&#8221;https:\/\/www.youtube.com\/watch?v=Fz6fjuyy8dY&#8221; align=&#8221;center&#8221;][darkamazi_column_text] Gef \u00fb \u00ear\u00ee\u015fa hemwext a Tirkiye \u00fb \u00ceran\u00ea ya ser her du par\u00e7ey\u00ean Kurdistan\u00ea rojeva sereke ya hem\u00fb kurdan bi xwe ve digire. L\u00ea xuyaye ku kurdan h\u00ea j\u00ee nekar\u00eene bi awayek\u00ee stratej\u00eek \u00fb bi tevah\u00ee li meseley\u00ea bin\u00earin. Ev gotina ustay\u00ea \u015fer \u00ea navdar Sun Tzu t\u00eene b\u00eera me: &#8220;Stratejiya b\u00eay\u00ee [&hellip;]","og_url":"https:\/\/darkamazi.info\/archives\/1034070","og_site_name":"Darka Maz\u00ee","article_publisher":"https:\/\/www.facebook.com\/DarMaziKurmanci","article_published_time":"2023-01-23T18:00:26+00:00","article_modified_time":"2023-01-23T18:07:47+00:00","og_image":[{"width":900,"height":497,"url":"https:\/\/darkamazi.info\/file\/2022\/12\/koban-pkk.jpg","type":"image\/jpeg"}],"author":"darka mazi","twitter_card":"summary_large_image","twitter_creator":"@DarkaMaziLatini","twitter_site":"@DarkaMaziLatini","twitter_misc":{"Written by":"darka mazi","Est. reading time":"6 minutes"},"schema":{"@context":"https:\/\/schema.org","@graph":[{"@type":"Article","@id":"https:\/\/darkamazi.info\/archives\/1034070#article","isPartOf":{"@id":"https:\/\/darkamazi.info\/archives\/1034070"},"author":{"name":"darka mazi","@id":"https:\/\/darkamazi.info\/#\/schema\/person\/5ad3e24553a0567993fa8ed4bd0a776c"},"headline":"Metirsiya Tirkiy\u00ea li ser Rojava, ya \u00ceran\u00ea j\u00ee li ser Her\u00eama Kurdistan\u00ea; stratej\u00ee \u00fb \u00e7areser\u00ee","datePublished":"2023-01-23T18:00:26+00:00","dateModified":"2023-01-23T18:07:47+00:00","mainEntityOfPage":{"@id":"https:\/\/darkamazi.info\/archives\/1034070"},"wordCount":1574,"publisher":{"@id":"https:\/\/darkamazi.info\/#organization"},"image":{"@id":"https:\/\/darkamazi.info\/archives\/1034070#primaryimage"},"thumbnailUrl":"https:\/\/darkamazi.info\/file\/2022\/12\/koban-pkk.jpg","keywords":["sereke"],"articleSection":["Anal\u00eez","V\u00eed\u00eeyo"],"inLanguage":"en-US"},{"@type":"WebPage","@id":"https:\/\/darkamazi.info\/archives\/1034070","url":"https:\/\/darkamazi.info\/archives\/1034070","name":"Metirsiya Tirkiy\u00ea li ser Rojava, ya \u00ceran\u00ea j\u00ee li ser Her\u00eama Kurdistan\u00ea; stratej\u00ee \u00fb \u00e7areser\u00ee - Darka Maz\u00ee","isPartOf":{"@id":"https:\/\/darkamazi.info\/#website"},"primaryImageOfPage":{"@id":"https:\/\/darkamazi.info\/archives\/1034070#primaryimage"},"image":{"@id":"https:\/\/darkamazi.info\/archives\/1034070#primaryimage"},"thumbnailUrl":"https:\/\/darkamazi.info\/file\/2022\/12\/koban-pkk.jpg","datePublished":"2023-01-23T18:00:26+00:00","dateModified":"2023-01-23T18:07:47+00:00","breadcrumb":{"@id":"https:\/\/darkamazi.info\/archives\/1034070#breadcrumb"},"inLanguage":"en-US","potentialAction":[{"@type":"ReadAction","target":["https:\/\/darkamazi.info\/archives\/1034070"]}]},{"@type":"ImageObject","inLanguage":"en-US","@id":"https:\/\/darkamazi.info\/archives\/1034070#primaryimage","url":"https:\/\/darkamazi.info\/file\/2022\/12\/koban-pkk.jpg","contentUrl":"https:\/\/darkamazi.info\/file\/2022\/12\/koban-pkk.jpg","width":900,"height":497,"caption":"Metirsiya Tirkiy\u00ea li ser Rojava, ya \u00ceran\u00ea j\u00ee li ser Her\u00eama Kurdistan\u00ea; stratej\u00ee \u00fb \u00e7areser\u00ee"},{"@type":"BreadcrumbList","@id":"https:\/\/darkamazi.info\/archives\/1034070#breadcrumb","itemListElement":[{"@type":"ListItem","position":1,"name":"Home","item":"https:\/\/darkamazi.info\/"},{"@type":"ListItem","position":2,"name":"Metirsiya Tirkiy\u00ea li ser Rojava, ya \u00ceran\u00ea j\u00ee li ser Her\u00eama Kurdistan\u00ea; stratej\u00ee \u00fb \u00e7areser\u00ee"}]},{"@type":"WebSite","@id":"https:\/\/darkamazi.info\/#website","url":"https:\/\/darkamazi.info\/","name":"Darka Maz\u00ee","description":"P\u00eageha Zanyariy\u00ean Nebih\u00eest\u00ee","publisher":{"@id":"https:\/\/darkamazi.info\/#organization"},"potentialAction":[{"@type":"SearchAction","target":{"@type":"EntryPoint","urlTemplate":"https:\/\/darkamazi.info\/?s={search_term_string}"},"query-input":{"@type":"PropertyValueSpecification","valueRequired":true,"valueName":"search_term_string"}}],"inLanguage":"en-US"},{"@type":"Organization","@id":"https:\/\/darkamazi.info\/#organization","name":"Darka Maz\u00ee","url":"https:\/\/darkamazi.info\/","logo":{"@type":"ImageObject","inLanguage":"en-US","@id":"https:\/\/darkamazi.info\/#\/schema\/logo\/image\/","url":"https:\/\/darkamazi.info\/file\/2017\/12\/darka-mazi-logo.png","contentUrl":"https:\/\/darkamazi.info\/file\/2017\/12\/darka-mazi-logo.png","width":151,"height":75,"caption":"Darka Maz\u00ee"},"image":{"@id":"https:\/\/darkamazi.info\/#\/schema\/logo\/image\/"},"sameAs":["https:\/\/www.facebook.com\/DarMaziKurmanci","https:\/\/x.com\/DarkaMaziLatini","https:\/\/www.instagram.com\/darkamazi.kurmanci\/","https:\/\/www.youtube.com\/channel\/UCa5HkTdmI8U1qCUFuTw8B2g"]},{"@type":"Person","@id":"https:\/\/darkamazi.info\/#\/schema\/person\/5ad3e24553a0567993fa8ed4bd0a776c","name":"darka mazi","sameAs":["https:\/\/darkamazi.info\/"],"url":"https:\/\/darkamazi.info\/archives\/author\/kurdi"}]}},"_links":{"self":[{"href":"https:\/\/darkamazi.info\/funavuv\/wp\/v2\/posts\/1034070","targetHints":{"allow":["GET"]}}],"collection":[{"href":"https:\/\/darkamazi.info\/funavuv\/wp\/v2\/posts"}],"about":[{"href":"https:\/\/darkamazi.info\/funavuv\/wp\/v2\/types\/post"}],"author":[{"embeddable":true,"href":"https:\/\/darkamazi.info\/funavuv\/wp\/v2\/users\/2"}],"replies":[{"embeddable":true,"href":"https:\/\/darkamazi.info\/funavuv\/wp\/v2\/comments?post=1034070"}],"version-history":[{"count":0,"href":"https:\/\/darkamazi.info\/funavuv\/wp\/v2\/posts\/1034070\/revisions"}],"wp:featuredmedia":[{"embeddable":true,"href":"https:\/\/darkamazi.info\/funavuv\/wp\/v2\/media\/1034071"}],"wp:attachment":[{"href":"https:\/\/darkamazi.info\/funavuv\/wp\/v2\/media?parent=1034070"}],"wp:term":[{"taxonomy":"category","embeddable":true,"href":"https:\/\/darkamazi.info\/funavuv\/wp\/v2\/categories?post=1034070"},{"taxonomy":"post_tag","embeddable":true,"href":"https:\/\/darkamazi.info\/funavuv\/wp\/v2\/tags?post=1034070"}],"curies":[{"name":"wp","href":"https:\/\/api.w.org\/{rel}","templated":true}]}}