{"id":1034150,"date":"2022-12-10T10:43:33","date_gmt":"2022-12-10T07:43:33","guid":{"rendered":"https:\/\/darkamazi.info\/?p=1034150"},"modified":"2022-12-10T10:43:33","modified_gmt":"2022-12-10T07:43:33","slug":"pkk-ne-ji-me-buya-li-bakure-suriye-heremek-weke-herema-kurdistane-dihat-damezrandin","status":"publish","type":"post","link":"https:\/\/darkamazi.info\/archives\/1034150","title":{"rendered":"PKK: Ne ji me b\u00fbya li bakur\u00ea S\u00fbriy\u00ea her\u00eamek weke \u201cHer\u00eama Kurdistan\u00ea\u201d dihat damezrandin"},"content":{"rendered":"<h3 style=\"text-align: justify\"><span style=\"font-family: 'arial black', sans-serif\">Gelek cara dema behsa rew\u015f \u00fb armanc\u00ean PKK\u00ea li rojavay\u00ea Kurdistan\u00ea t\u00ea kirin , gelek kes naxwazin v\u00ea yeke t\u00ea bigihin. PKK\u00ea rojavay\u00ea Kurdistan\u00ea li bingeh\u00ea gotar \u00fb stratejiya serok\u00ea PKK\u00ea Ocalan ji hol\u00ea radike \u00fb hewldan\u00ean wan hem\u00fb ev e. Ber\u00ea xwe bidin\u00ea, Ocaln digota li Kurdistan li Suriye t\u00fbneye \u00fb Kurd\u00ean li Suriye hem\u00fb ji Tirkiye hatine \u00fb ev dever ne Kurdistane.<\/span><\/h3>\n<h3 style=\"text-align: justify\">Dema rejima Sur\u00ee bi plana li gel \u00ceran\u00ea \u00e7ekdar\u00ean PKK\u00ea an\u00een li rojavay\u00ea Kurdistan\u00ea cih kirin , cara yekem nav\u00ea Kurdistan\u00ea guhertin \u00fb kirin bakur\u00ea Suriye. Desthilata ku ava kirin nav\u00ea w\u00ea kirin Reveberiya Xweser. Herweha tene al\u00ean partiya xwe rakirin \u00fb Ala Kurdistan\u00ea qedexe kirin. L\u00ea dema kesek naxwaze v\u00ea yeke bibine ti\u015ft\u00ean ku bene gotin j\u00ee nam\u00eene.<\/h3>\n<h3 style=\"text-align: justify\">Gelek cara PKK bi xwe j\u00ee v\u00ea yeke bi zimanek ferm\u00ee dib\u00eaje,\u00a0 bere xwe bidin v\u00ea n\u00fb\u00e7ey\u00ea:<\/h3>\n<h3 style=\"text-align: justify\">\u201c Endama Kom\u00eeteya Navend\u00ee ya PKK\u00ea H\u00eal\u00een Um\u00eed e\u015fkere kir, wan r\u00ea li planeke Amer\u00eekay\u00ea girtiye, ku dixwest her\u00eamek weke Her\u00eama Kurdistan\u00ea li Rojavay\u00ea Kurdistan\u00ea damezr\u00eene.<\/h3>\n<h3 style=\"text-align: justify\">H\u00eal\u00een Um\u00eed be\u015fdar\u00ee bernameya taybet a Medya Haber a ser bi PKK\u00ea b\u00fb \u00fb ragihand: \u2018\u2019Eger PKK neb\u00fbya, Amer\u00eekay\u00ea d\u00ea s\u00fbd ji rew\u015fa Rojavay\u00ea Kurdistan\u00ea wergirtiba \u00fb her\u00eamek weke Her\u00eama Kurdistan\u00ea d\u00ea p\u00eak bianiya.\u2019\u2019<\/h3>\n<h3 style=\"text-align: justify\">Herwiha e\u015fkere kir li gor plana Amer\u00eekay\u00ea, ew her\u00eama li Rojavay\u00ea Kurdistan\u00ea dihate p\u00eakan\u00een j\u00ee, d\u00ea bi Her\u00eama Kurdistan\u00ea ve bihata gir\u00eadan, l\u00ea li gor gotin\u00ean w\u00ea, wan wek PKK\u00ea r\u00ea li w\u00ea plana Amer\u00eekay\u00ea girtiye.<\/h3>\n<h3 style=\"text-align: justify\">Di meha Adara 2011an de liv \u00fb tevgera \u00e7ekdar\u00ee ya xelk\u00ea S\u00fbriy\u00ea li dij\u00ee hik\u00fbmeta Be\u015far Esed dest p\u00ea kir \u00fb heta niha berdewam e.<\/h3>\n<h3 style=\"text-align: justify\">PKK li j\u00ear nav\u00ea Yek\u00eeney\u00ean Parastina Gel (YPG) \u00fb \u00e7end gr\u00fbp \u00fb r\u00eaxistin\u00ean din li Rojavay\u00ea Kurdistan\u00ea desthilata w\u00ea heye \u00fb h\u00eazeke sed hezar kes\u00ee li j\u00ear nav\u00ea H\u00eaz\u00ean S\u00fbriya Demokrat\u00eek (HSD) p\u00eak aniye.<\/h3>\n<h3 style=\"text-align: justify\">Amer\u00eeka \u00fb Hevpeymaniya Navdewlet\u00ee ya li dij\u00ee DAI\u015e\u00ea, wek aliy\u00ea sereke y\u00ea li S\u00fbriy\u00ea ji bo r\u00fbbir\u00fbb\u00fbna DAI\u015e\u00ea al\u00eekariya w\u00ea h\u00eaza Kurd\u00ee dikin, ev di demek\u00ea de ye ku ew h\u00eaz daxwaza dan\u00fbstandin\u00ea ji \u015eam\u00ea dike \u00fb dixwaze vegere ser \u015eam\u00ea \u00fb banga parastina s\u00eenor\u00ean S\u00fbriy\u00ea \u00fb berevan\u00eekirina yekpar\u00e7eyiya axa S\u00fbriy\u00ea dike.\u201c<\/h3>\n<h3 style=\"text-align: justify\">Gelo h\u00ead\u00ee cih\u00ea gotin\u00ea dim\u00eene? PKK li rojavay\u00ea Kurdistan\u00ea xiyanet\u00ea li milet\u00ea Kurd dike \u00fb xizmeta projey\u00ean dagirkera li ser Kurdistana Rojava dike. Heta Kurd div \u00ea derbar\u00ea de bi xwe bihesin \u00fb rastiy\u00ea bibinin, h\u00eajmara Kurda li rojavay\u00ea Kurdistan\u00ea ji ya Ereban k\u00eamtir dibe \u00fb h\u00ead\u00ee nav\u00ea Kurdistan\u00ea j\u00ee li ser v\u00ea ax\u00ea dibe xeyal \u00fb armanca PKK\u00ea \u00fb Ocalan cih dibe.<\/h3>\n<h3>ROJEVAKURD<\/h3>\n","protected":false},"excerpt":{"rendered":"<p>Gelek cara dema behsa rew\u015f \u00fb armanc\u00ean PKK\u00ea li rojavay\u00ea Kurdistan\u00ea t\u00ea kirin , gelek kes naxwazin v\u00ea yeke t\u00ea bigihin. PKK\u00ea rojavay\u00ea Kurdistan\u00ea li bingeh\u00ea gotar \u00fb stratejiya serok\u00ea PKK\u00ea Ocalan ji hol\u00ea radike \u00fb hewldan\u00ean wan hem\u00fb ev e. Ber\u00ea xwe bidin\u00ea, Ocaln digota li Kurdistan li Suriye t\u00fbneye \u00fb Kurd\u00ean li Suriye [&hellip;]<\/p>\n","protected":false},"author":2,"featured_media":1034151,"comment_status":"closed","ping_status":"closed","sticky":false,"template":"","format":"standard","meta":{"footnotes":""},"categories":[28],"tags":[37],"class_list":["post-1034150","post","type-post","status-publish","format-standard","has-post-thumbnail","hentry","category-nerin","tag-sereke"],"blocksy_meta":[],"seo_head":"<!-- This site is optimized with the Yoast SEO plugin v27.5 - https:\/\/yoast.com\/product\/yoast-seo-wordpress\/ -->\n<title>PKK: Ne ji me b\u00fbya li bakur\u00ea S\u00fbriy\u00ea her\u00eamek weke \u201cHer\u00eama Kurdistan\u00ea\u201d dihat damezrandin - Darka Maz\u00ee<\/title>\n<meta name=\"robots\" content=\"index, follow, max-snippet:-1, max-image-preview:large, max-video-preview:-1\" \/>\n<link rel=\"canonical\" href=\"https:\/\/darkamazi.info\/archives\/1034150\" \/>\n<meta property=\"og:locale\" content=\"en_US\" \/>\n<meta property=\"og:type\" content=\"article\" \/>\n<meta property=\"og:title\" content=\"PKK: Ne ji me b\u00fbya li bakur\u00ea S\u00fbriy\u00ea her\u00eamek weke \u201cHer\u00eama Kurdistan\u00ea\u201d dihat damezrandin - Darka Maz\u00ee\" \/>\n<meta property=\"og:description\" content=\"Gelek cara dema behsa rew\u015f \u00fb armanc\u00ean PKK\u00ea li rojavay\u00ea Kurdistan\u00ea t\u00ea kirin , gelek kes naxwazin v\u00ea yeke t\u00ea bigihin. PKK\u00ea rojavay\u00ea Kurdistan\u00ea li bingeh\u00ea gotar \u00fb stratejiya serok\u00ea PKK\u00ea Ocalan ji hol\u00ea radike \u00fb hewldan\u00ean wan hem\u00fb ev e. Ber\u00ea xwe bidin\u00ea, Ocaln digota li Kurdistan li Suriye t\u00fbneye \u00fb Kurd\u00ean li Suriye [&hellip;]\" \/>\n<meta property=\"og:url\" content=\"https:\/\/darkamazi.info\/archives\/1034150\" \/>\n<meta property=\"og:site_name\" content=\"Darka Maz\u00ee\" \/>\n<meta property=\"article:publisher\" content=\"https:\/\/www.facebook.com\/DarMaziKurmanci\" \/>\n<meta property=\"article:published_time\" content=\"2022-12-10T07:43:33+00:00\" \/>\n<meta property=\"og:image\" content=\"https:\/\/darkamazi.info\/file\/2022\/12\/helin-umit.jpg\" \/>\n\t<meta property=\"og:image:width\" content=\"900\" \/>\n\t<meta property=\"og:image:height\" content=\"497\" \/>\n\t<meta property=\"og:image:type\" content=\"image\/jpeg\" \/>\n<meta name=\"author\" content=\"darka mazi\" \/>\n<meta name=\"twitter:card\" content=\"summary_large_image\" \/>\n<meta name=\"twitter:creator\" content=\"@DarkaMaziLatini\" \/>\n<meta name=\"twitter:site\" content=\"@DarkaMaziLatini\" \/>\n<meta name=\"twitter:label1\" content=\"Written by\" \/>\n\t<meta name=\"twitter:data1\" content=\"darka mazi\" \/>\n\t<meta name=\"twitter:label2\" content=\"Est. reading time\" \/>\n\t<meta name=\"twitter:data2\" content=\"2 minutes\" \/>\n<script type=\"application\/ld+json\" class=\"seo-schema-graph\">{\"@context\":\"https:\\\/\\\/schema.org\",\"@graph\":[{\"@type\":\"Article\",\"@id\":\"https:\\\/\\\/darkamazi.info\\\/archives\\\/1034150#article\",\"isPartOf\":{\"@id\":\"https:\\\/\\\/darkamazi.info\\\/archives\\\/1034150\"},\"author\":{\"name\":\"darka mazi\",\"@id\":\"https:\\\/\\\/darkamazi.info\\\/#\\\/schema\\\/person\\\/5ad3e24553a0567993fa8ed4bd0a776c\"},\"headline\":\"PKK: Ne ji me b\u00fbya li bakur\u00ea S\u00fbriy\u00ea her\u00eamek weke \u201cHer\u00eama Kurdistan\u00ea\u201d dihat damezrandin\",\"datePublished\":\"2022-12-10T07:43:33+00:00\",\"mainEntityOfPage\":{\"@id\":\"https:\\\/\\\/darkamazi.info\\\/archives\\\/1034150\"},\"wordCount\":480,\"publisher\":{\"@id\":\"https:\\\/\\\/darkamazi.info\\\/#organization\"},\"image\":{\"@id\":\"https:\\\/\\\/darkamazi.info\\\/archives\\\/1034150#primaryimage\"},\"thumbnailUrl\":\"https:\\\/\\\/darkamazi.info\\\/darka-content\\\/uploads\\\/2022\\\/12\\\/helin-umit.jpg\",\"keywords\":[\"sereke\"],\"articleSection\":[\"Ner\u00een\"],\"inLanguage\":\"en-US\"},{\"@type\":\"WebPage\",\"@id\":\"https:\\\/\\\/darkamazi.info\\\/archives\\\/1034150\",\"url\":\"https:\\\/\\\/darkamazi.info\\\/archives\\\/1034150\",\"name\":\"PKK: Ne ji me b\u00fbya li bakur\u00ea S\u00fbriy\u00ea her\u00eamek weke \u201cHer\u00eama Kurdistan\u00ea\u201d dihat damezrandin - Darka Maz\u00ee\",\"isPartOf\":{\"@id\":\"https:\\\/\\\/darkamazi.info\\\/#website\"},\"primaryImageOfPage\":{\"@id\":\"https:\\\/\\\/darkamazi.info\\\/archives\\\/1034150#primaryimage\"},\"image\":{\"@id\":\"https:\\\/\\\/darkamazi.info\\\/archives\\\/1034150#primaryimage\"},\"thumbnailUrl\":\"https:\\\/\\\/darkamazi.info\\\/darka-content\\\/uploads\\\/2022\\\/12\\\/helin-umit.jpg\",\"datePublished\":\"2022-12-10T07:43:33+00:00\",\"breadcrumb\":{\"@id\":\"https:\\\/\\\/darkamazi.info\\\/archives\\\/1034150#breadcrumb\"},\"inLanguage\":\"en-US\",\"potentialAction\":[{\"@type\":\"ReadAction\",\"target\":[\"https:\\\/\\\/darkamazi.info\\\/archives\\\/1034150\"]}]},{\"@type\":\"ImageObject\",\"inLanguage\":\"en-US\",\"@id\":\"https:\\\/\\\/darkamazi.info\\\/archives\\\/1034150#primaryimage\",\"url\":\"https:\\\/\\\/darkamazi.info\\\/darka-content\\\/uploads\\\/2022\\\/12\\\/helin-umit.jpg\",\"contentUrl\":\"https:\\\/\\\/darkamazi.info\\\/darka-content\\\/uploads\\\/2022\\\/12\\\/helin-umit.jpg\",\"width\":900,\"height\":497,\"caption\":\"PKK: Ne ji me b\u00fbya li bakur\u00ea S\u00fbriy\u00ea her\u00eamek weke \u201cHer\u00eama Kurdistan\u00ea\u201d dihat damezrandin\"},{\"@type\":\"BreadcrumbList\",\"@id\":\"https:\\\/\\\/darkamazi.info\\\/archives\\\/1034150#breadcrumb\",\"itemListElement\":[{\"@type\":\"ListItem\",\"position\":1,\"name\":\"Home\",\"item\":\"https:\\\/\\\/darkamazi.info\\\/\"},{\"@type\":\"ListItem\",\"position\":2,\"name\":\"PKK: Ne ji me b\u00fbya li bakur\u00ea S\u00fbriy\u00ea her\u00eamek weke \u201cHer\u00eama Kurdistan\u00ea\u201d dihat damezrandin\"}]},{\"@type\":\"WebSite\",\"@id\":\"https:\\\/\\\/darkamazi.info\\\/#website\",\"url\":\"https:\\\/\\\/darkamazi.info\\\/\",\"name\":\"Darka Maz\u00ee\",\"description\":\"P\u00eageha Zanyariy\u00ean Nebih\u00eest\u00ee\",\"publisher\":{\"@id\":\"https:\\\/\\\/darkamazi.info\\\/#organization\"},\"potentialAction\":[{\"@type\":\"SearchAction\",\"target\":{\"@type\":\"EntryPoint\",\"urlTemplate\":\"https:\\\/\\\/darkamazi.info\\\/?s={search_term_string}\"},\"query-input\":{\"@type\":\"PropertyValueSpecification\",\"valueRequired\":true,\"valueName\":\"search_term_string\"}}],\"inLanguage\":\"en-US\"},{\"@type\":\"Organization\",\"@id\":\"https:\\\/\\\/darkamazi.info\\\/#organization\",\"name\":\"Darka Maz\u00ee\",\"url\":\"https:\\\/\\\/darkamazi.info\\\/\",\"logo\":{\"@type\":\"ImageObject\",\"inLanguage\":\"en-US\",\"@id\":\"https:\\\/\\\/darkamazi.info\\\/#\\\/schema\\\/logo\\\/image\\\/\",\"url\":\"https:\\\/\\\/darkamazi.info\\\/darka-content\\\/uploads\\\/2017\\\/12\\\/darka-mazi-logo.png\",\"contentUrl\":\"https:\\\/\\\/darkamazi.info\\\/darka-content\\\/uploads\\\/2017\\\/12\\\/darka-mazi-logo.png\",\"width\":151,\"height\":75,\"caption\":\"Darka Maz\u00ee\"},\"image\":{\"@id\":\"https:\\\/\\\/darkamazi.info\\\/#\\\/schema\\\/logo\\\/image\\\/\"},\"sameAs\":[\"https:\\\/\\\/www.facebook.com\\\/DarMaziKurmanci\",\"https:\\\/\\\/x.com\\\/DarkaMaziLatini\",\"https:\\\/\\\/www.instagram.com\\\/darkamazi.kurmanci\\\/\",\"https:\\\/\\\/www.youtube.com\\\/channel\\\/UCa5HkTdmI8U1qCUFuTw8B2g\"]},{\"@type\":\"Person\",\"@id\":\"https:\\\/\\\/darkamazi.info\\\/#\\\/schema\\\/person\\\/5ad3e24553a0567993fa8ed4bd0a776c\",\"name\":\"darka mazi\",\"sameAs\":[\"https:\\\/\\\/darkamazi.info\\\/\"],\"url\":\"https:\\\/\\\/darkamazi.info\\\/archives\\\/author\\\/kurdi\"}]}<\/script>\n<!-- \/ Yoast SEO plugin. -->","seo_head_json":{"title":"PKK: Ne ji me b\u00fbya li bakur\u00ea S\u00fbriy\u00ea her\u00eamek weke \u201cHer\u00eama Kurdistan\u00ea\u201d dihat damezrandin - Darka Maz\u00ee","robots":{"index":"index","follow":"follow","max-snippet":"max-snippet:-1","max-image-preview":"max-image-preview:large","max-video-preview":"max-video-preview:-1"},"canonical":"https:\/\/darkamazi.info\/archives\/1034150","og_locale":"en_US","og_type":"article","og_title":"PKK: Ne ji me b\u00fbya li bakur\u00ea S\u00fbriy\u00ea her\u00eamek weke \u201cHer\u00eama Kurdistan\u00ea\u201d dihat damezrandin - Darka Maz\u00ee","og_description":"Gelek cara dema behsa rew\u015f \u00fb armanc\u00ean PKK\u00ea li rojavay\u00ea Kurdistan\u00ea t\u00ea kirin , gelek kes naxwazin v\u00ea yeke t\u00ea bigihin. PKK\u00ea rojavay\u00ea Kurdistan\u00ea li bingeh\u00ea gotar \u00fb stratejiya serok\u00ea PKK\u00ea Ocalan ji hol\u00ea radike \u00fb hewldan\u00ean wan hem\u00fb ev e. Ber\u00ea xwe bidin\u00ea, Ocaln digota li Kurdistan li Suriye t\u00fbneye \u00fb Kurd\u00ean li Suriye [&hellip;]","og_url":"https:\/\/darkamazi.info\/archives\/1034150","og_site_name":"Darka Maz\u00ee","article_publisher":"https:\/\/www.facebook.com\/DarMaziKurmanci","article_published_time":"2022-12-10T07:43:33+00:00","og_image":[{"width":900,"height":497,"url":"https:\/\/darkamazi.info\/file\/2022\/12\/helin-umit.jpg","type":"image\/jpeg"}],"author":"darka mazi","twitter_card":"summary_large_image","twitter_creator":"@DarkaMaziLatini","twitter_site":"@DarkaMaziLatini","twitter_misc":{"Written by":"darka mazi","Est. reading time":"2 minutes"},"schema":{"@context":"https:\/\/schema.org","@graph":[{"@type":"Article","@id":"https:\/\/darkamazi.info\/archives\/1034150#article","isPartOf":{"@id":"https:\/\/darkamazi.info\/archives\/1034150"},"author":{"name":"darka mazi","@id":"https:\/\/darkamazi.info\/#\/schema\/person\/5ad3e24553a0567993fa8ed4bd0a776c"},"headline":"PKK: Ne ji me b\u00fbya li bakur\u00ea S\u00fbriy\u00ea her\u00eamek weke \u201cHer\u00eama Kurdistan\u00ea\u201d dihat damezrandin","datePublished":"2022-12-10T07:43:33+00:00","mainEntityOfPage":{"@id":"https:\/\/darkamazi.info\/archives\/1034150"},"wordCount":480,"publisher":{"@id":"https:\/\/darkamazi.info\/#organization"},"image":{"@id":"https:\/\/darkamazi.info\/archives\/1034150#primaryimage"},"thumbnailUrl":"https:\/\/darkamazi.info\/file\/2022\/12\/helin-umit.jpg","keywords":["sereke"],"articleSection":["Ner\u00een"],"inLanguage":"en-US"},{"@type":"WebPage","@id":"https:\/\/darkamazi.info\/archives\/1034150","url":"https:\/\/darkamazi.info\/archives\/1034150","name":"PKK: Ne ji me b\u00fbya li bakur\u00ea S\u00fbriy\u00ea her\u00eamek weke \u201cHer\u00eama Kurdistan\u00ea\u201d dihat damezrandin - Darka Maz\u00ee","isPartOf":{"@id":"https:\/\/darkamazi.info\/#website"},"primaryImageOfPage":{"@id":"https:\/\/darkamazi.info\/archives\/1034150#primaryimage"},"image":{"@id":"https:\/\/darkamazi.info\/archives\/1034150#primaryimage"},"thumbnailUrl":"https:\/\/darkamazi.info\/file\/2022\/12\/helin-umit.jpg","datePublished":"2022-12-10T07:43:33+00:00","breadcrumb":{"@id":"https:\/\/darkamazi.info\/archives\/1034150#breadcrumb"},"inLanguage":"en-US","potentialAction":[{"@type":"ReadAction","target":["https:\/\/darkamazi.info\/archives\/1034150"]}]},{"@type":"ImageObject","inLanguage":"en-US","@id":"https:\/\/darkamazi.info\/archives\/1034150#primaryimage","url":"https:\/\/darkamazi.info\/file\/2022\/12\/helin-umit.jpg","contentUrl":"https:\/\/darkamazi.info\/file\/2022\/12\/helin-umit.jpg","width":900,"height":497,"caption":"PKK: Ne ji me b\u00fbya li bakur\u00ea S\u00fbriy\u00ea her\u00eamek weke \u201cHer\u00eama Kurdistan\u00ea\u201d dihat damezrandin"},{"@type":"BreadcrumbList","@id":"https:\/\/darkamazi.info\/archives\/1034150#breadcrumb","itemListElement":[{"@type":"ListItem","position":1,"name":"Home","item":"https:\/\/darkamazi.info\/"},{"@type":"ListItem","position":2,"name":"PKK: Ne ji me b\u00fbya li bakur\u00ea S\u00fbriy\u00ea her\u00eamek weke \u201cHer\u00eama Kurdistan\u00ea\u201d dihat damezrandin"}]},{"@type":"WebSite","@id":"https:\/\/darkamazi.info\/#website","url":"https:\/\/darkamazi.info\/","name":"Darka Maz\u00ee","description":"P\u00eageha Zanyariy\u00ean Nebih\u00eest\u00ee","publisher":{"@id":"https:\/\/darkamazi.info\/#organization"},"potentialAction":[{"@type":"SearchAction","target":{"@type":"EntryPoint","urlTemplate":"https:\/\/darkamazi.info\/?s={search_term_string}"},"query-input":{"@type":"PropertyValueSpecification","valueRequired":true,"valueName":"search_term_string"}}],"inLanguage":"en-US"},{"@type":"Organization","@id":"https:\/\/darkamazi.info\/#organization","name":"Darka Maz\u00ee","url":"https:\/\/darkamazi.info\/","logo":{"@type":"ImageObject","inLanguage":"en-US","@id":"https:\/\/darkamazi.info\/#\/schema\/logo\/image\/","url":"https:\/\/darkamazi.info\/file\/2017\/12\/darka-mazi-logo.png","contentUrl":"https:\/\/darkamazi.info\/file\/2017\/12\/darka-mazi-logo.png","width":151,"height":75,"caption":"Darka Maz\u00ee"},"image":{"@id":"https:\/\/darkamazi.info\/#\/schema\/logo\/image\/"},"sameAs":["https:\/\/www.facebook.com\/DarMaziKurmanci","https:\/\/x.com\/DarkaMaziLatini","https:\/\/www.instagram.com\/darkamazi.kurmanci\/","https:\/\/www.youtube.com\/channel\/UCa5HkTdmI8U1qCUFuTw8B2g"]},{"@type":"Person","@id":"https:\/\/darkamazi.info\/#\/schema\/person\/5ad3e24553a0567993fa8ed4bd0a776c","name":"darka mazi","sameAs":["https:\/\/darkamazi.info\/"],"url":"https:\/\/darkamazi.info\/archives\/author\/kurdi"}]}},"_links":{"self":[{"href":"https:\/\/darkamazi.info\/funavuv\/wp\/v2\/posts\/1034150","targetHints":{"allow":["GET"]}}],"collection":[{"href":"https:\/\/darkamazi.info\/funavuv\/wp\/v2\/posts"}],"about":[{"href":"https:\/\/darkamazi.info\/funavuv\/wp\/v2\/types\/post"}],"author":[{"embeddable":true,"href":"https:\/\/darkamazi.info\/funavuv\/wp\/v2\/users\/2"}],"replies":[{"embeddable":true,"href":"https:\/\/darkamazi.info\/funavuv\/wp\/v2\/comments?post=1034150"}],"version-history":[{"count":0,"href":"https:\/\/darkamazi.info\/funavuv\/wp\/v2\/posts\/1034150\/revisions"}],"wp:featuredmedia":[{"embeddable":true,"href":"https:\/\/darkamazi.info\/funavuv\/wp\/v2\/media\/1034151"}],"wp:attachment":[{"href":"https:\/\/darkamazi.info\/funavuv\/wp\/v2\/media?parent=1034150"}],"wp:term":[{"taxonomy":"category","embeddable":true,"href":"https:\/\/darkamazi.info\/funavuv\/wp\/v2\/categories?post=1034150"},{"taxonomy":"post_tag","embeddable":true,"href":"https:\/\/darkamazi.info\/funavuv\/wp\/v2\/tags?post=1034150"}],"curies":[{"name":"wp","href":"https:\/\/api.w.org\/{rel}","templated":true}]}}