{"id":1034189,"date":"2022-12-12T13:16:14","date_gmt":"2022-12-12T10:16:14","guid":{"rendered":"https:\/\/darkamazi.info\/?p=1034189"},"modified":"2022-12-12T13:16:14","modified_gmt":"2022-12-12T10:16:14","slug":"ji-ber-gulebarana-hezen-cekdar-en-irane-2-sivanen-kurd-cane-xwe-ji-dest-dan","status":"publish","type":"post","link":"https:\/\/darkamazi.info\/archives\/1034189","title":{"rendered":"Ji ber gulebarana h\u00eaz\u00ean \u00e7ekdar \u00ean \u00ceran\u00ea 2 \u015fivan\u00ean Kurd can\u00ea xwe ji dest dan"},"content":{"rendered":"<h3 style=\"text-align: justify\"><span style=\"font-family: 'arial black', sans-serif\">H\u00eaz\u00ean \u00e7ekdar \u00ean \u00ceran\u00ea li nav\u00e7ey\u00ean s\u00eenor\u00ee gule 2 \u015fivan\u00ean Kurd re\u015fandin \u00fb dema \u015fivan direviyan ji \u00e7iya ketin \u00fb can\u00ea xwe ji dest dan.<\/span><\/h3>\n<h3 style=\"text-align: justify\">Li gor\u00ee zanyariy\u00ean peyamn\u00ear\u00ea K24\u00ea, pasewan\u00ean \u00ceran\u00ea li devera Raper\u00een li zozan\u00ean Gor T\u00eesoy y\u00ean li ser s\u00eenor\u00ea \u00ceran \u00fb Kurdistan\u00ea gule li her du \u015fivan\u00ean Kurd re\u015fandin \u00fb dema wan xwastiya birevin \u00fb xwe rizgar bikin, ji \u00e7iya ketin \u00fb can\u00ea xwe ji dest dan.<\/h3>\n<h3 style=\"text-align: justify\">Peyamn\u00ear\u00ea me da zan\u00een, ew her du \u015fivan Serbaz \u00fb Kamran Bira\u00eem bira ne \u00fb xelk\u00ea gund\u00ea B\u00eapalan \u00ea li nav\u00e7eya Sengeser in.<\/h3>\n<h3 style=\"text-align: justify\">Qaymeqam\u00ea Qezaya Sengeser Nehro Ebdullah ji K24\u00ea re ragihand, ew \u015fivan dema ji gulebarana pasdar\u00ean \u00ceran\u00ea direviyan, ji \u00e7iya ketin \u00fb can\u00ea xwe ji dest dan.<\/h3>\n<h3 style=\"text-align: justify\">Nehro Ebdullah diyar kir j\u00ee, \u015f\u00eaniy\u00ea her\u00eam\u00ea \u00fb xizm\u00ean wan her du \u015fivanan ji bo an\u00eena term\u00ean wan, \u00e7\u00fbne ser s\u00eenor.<\/h3>\n","protected":false},"excerpt":{"rendered":"<p>H\u00eaz\u00ean \u00e7ekdar \u00ean \u00ceran\u00ea li nav\u00e7ey\u00ean s\u00eenor\u00ee gule 2 \u015fivan\u00ean Kurd re\u015fandin \u00fb dema \u015fivan direviyan ji \u00e7iya ketin \u00fb can\u00ea xwe ji dest dan. Li gor\u00ee zanyariy\u00ean peyamn\u00ear\u00ea K24\u00ea, pasewan\u00ean \u00ceran\u00ea li devera Raper\u00een li zozan\u00ean Gor T\u00eesoy y\u00ean li ser s\u00eenor\u00ea \u00ceran \u00fb Kurdistan\u00ea gule li her du \u015fivan\u00ean Kurd re\u015fandin \u00fb dema [&hellip;]<\/p>\n","protected":false},"author":2,"featured_media":1034190,"comment_status":"closed","ping_status":"closed","sticky":false,"template":"","format":"standard","meta":{"footnotes":""},"categories":[29],"tags":[37],"class_list":["post-1034189","post","type-post","status-publish","format-standard","has-post-thumbnail","hentry","category-kurdistan","tag-sereke"],"blocksy_meta":[],"seo_head":"<!-- This site is optimized with the Yoast SEO plugin v27.5 - https:\/\/yoast.com\/product\/yoast-seo-wordpress\/ -->\n<title>Ji ber gulebarana h\u00eaz\u00ean \u00e7ekdar \u00ean \u00ceran\u00ea 2 \u015fivan\u00ean Kurd can\u00ea xwe ji dest dan - Darka Maz\u00ee<\/title>\n<meta name=\"robots\" content=\"index, follow, max-snippet:-1, max-image-preview:large, max-video-preview:-1\" \/>\n<link rel=\"canonical\" href=\"https:\/\/darkamazi.info\/archives\/1034189\" \/>\n<meta property=\"og:locale\" content=\"en_US\" \/>\n<meta property=\"og:type\" content=\"article\" \/>\n<meta property=\"og:title\" content=\"Ji ber gulebarana h\u00eaz\u00ean \u00e7ekdar \u00ean \u00ceran\u00ea 2 \u015fivan\u00ean Kurd can\u00ea xwe ji dest dan - Darka Maz\u00ee\" \/>\n<meta property=\"og:description\" content=\"H\u00eaz\u00ean \u00e7ekdar \u00ean \u00ceran\u00ea li nav\u00e7ey\u00ean s\u00eenor\u00ee gule 2 \u015fivan\u00ean Kurd re\u015fandin \u00fb dema \u015fivan direviyan ji \u00e7iya ketin \u00fb can\u00ea xwe ji dest dan. Li gor\u00ee zanyariy\u00ean peyamn\u00ear\u00ea K24\u00ea, pasewan\u00ean \u00ceran\u00ea li devera Raper\u00een li zozan\u00ean Gor T\u00eesoy y\u00ean li ser s\u00eenor\u00ea \u00ceran \u00fb Kurdistan\u00ea gule li her du \u015fivan\u00ean Kurd re\u015fandin \u00fb dema [&hellip;]\" \/>\n<meta property=\"og:url\" content=\"https:\/\/darkamazi.info\/archives\/1034189\" \/>\n<meta property=\"og:site_name\" content=\"Darka Maz\u00ee\" \/>\n<meta property=\"article:publisher\" content=\"https:\/\/www.facebook.com\/DarMaziKurmanci\" \/>\n<meta property=\"article:published_time\" content=\"2022-12-12T10:16:14+00:00\" \/>\n<meta property=\"og:image\" content=\"https:\/\/darkamazi.info\/file\/2022\/12\/\u062f\u0648-\u0634\u06a4\u0627\u0646-\u0626\u06cc\u0631\u0627\u0646.jpg\" \/>\n\t<meta property=\"og:image:width\" content=\"781\" \/>\n\t<meta property=\"og:image:height\" content=\"439\" \/>\n\t<meta property=\"og:image:type\" content=\"image\/jpeg\" \/>\n<meta name=\"author\" content=\"darka mazi\" \/>\n<meta name=\"twitter:card\" content=\"summary_large_image\" \/>\n<meta name=\"twitter:creator\" content=\"@DarkaMaziLatini\" \/>\n<meta name=\"twitter:site\" content=\"@DarkaMaziLatini\" \/>\n<meta name=\"twitter:label1\" content=\"Written by\" \/>\n\t<meta name=\"twitter:data1\" content=\"darka mazi\" \/>\n\t<meta name=\"twitter:label2\" content=\"Est. reading time\" \/>\n\t<meta name=\"twitter:data2\" content=\"1 minute\" \/>\n<script type=\"application\/ld+json\" class=\"seo-schema-graph\">{\"@context\":\"https:\\\/\\\/schema.org\",\"@graph\":[{\"@type\":\"Article\",\"@id\":\"https:\\\/\\\/darkamazi.info\\\/archives\\\/1034189#article\",\"isPartOf\":{\"@id\":\"https:\\\/\\\/darkamazi.info\\\/archives\\\/1034189\"},\"author\":{\"name\":\"darka mazi\",\"@id\":\"https:\\\/\\\/darkamazi.info\\\/#\\\/schema\\\/person\\\/5ad3e24553a0567993fa8ed4bd0a776c\"},\"headline\":\"Ji ber gulebarana h\u00eaz\u00ean \u00e7ekdar \u00ean \u00ceran\u00ea 2 \u015fivan\u00ean Kurd can\u00ea xwe ji dest dan\",\"datePublished\":\"2022-12-12T10:16:14+00:00\",\"mainEntityOfPage\":{\"@id\":\"https:\\\/\\\/darkamazi.info\\\/archives\\\/1034189\"},\"wordCount\":174,\"publisher\":{\"@id\":\"https:\\\/\\\/darkamazi.info\\\/#organization\"},\"image\":{\"@id\":\"https:\\\/\\\/darkamazi.info\\\/archives\\\/1034189#primaryimage\"},\"thumbnailUrl\":\"https:\\\/\\\/darkamazi.info\\\/darka-content\\\/uploads\\\/2022\\\/12\\\/\u062f\u0648-\u0634\u06a4\u0627\u0646-\u0626\u06cc\u0631\u0627\u0646.jpg\",\"keywords\":[\"sereke\"],\"articleSection\":[\"Kurdistan\"],\"inLanguage\":\"en-US\"},{\"@type\":\"WebPage\",\"@id\":\"https:\\\/\\\/darkamazi.info\\\/archives\\\/1034189\",\"url\":\"https:\\\/\\\/darkamazi.info\\\/archives\\\/1034189\",\"name\":\"Ji ber gulebarana h\u00eaz\u00ean \u00e7ekdar \u00ean \u00ceran\u00ea 2 \u015fivan\u00ean Kurd can\u00ea xwe ji dest dan - Darka Maz\u00ee\",\"isPartOf\":{\"@id\":\"https:\\\/\\\/darkamazi.info\\\/#website\"},\"primaryImageOfPage\":{\"@id\":\"https:\\\/\\\/darkamazi.info\\\/archives\\\/1034189#primaryimage\"},\"image\":{\"@id\":\"https:\\\/\\\/darkamazi.info\\\/archives\\\/1034189#primaryimage\"},\"thumbnailUrl\":\"https:\\\/\\\/darkamazi.info\\\/darka-content\\\/uploads\\\/2022\\\/12\\\/\u062f\u0648-\u0634\u06a4\u0627\u0646-\u0626\u06cc\u0631\u0627\u0646.jpg\",\"datePublished\":\"2022-12-12T10:16:14+00:00\",\"breadcrumb\":{\"@id\":\"https:\\\/\\\/darkamazi.info\\\/archives\\\/1034189#breadcrumb\"},\"inLanguage\":\"en-US\",\"potentialAction\":[{\"@type\":\"ReadAction\",\"target\":[\"https:\\\/\\\/darkamazi.info\\\/archives\\\/1034189\"]}]},{\"@type\":\"ImageObject\",\"inLanguage\":\"en-US\",\"@id\":\"https:\\\/\\\/darkamazi.info\\\/archives\\\/1034189#primaryimage\",\"url\":\"https:\\\/\\\/darkamazi.info\\\/darka-content\\\/uploads\\\/2022\\\/12\\\/\u062f\u0648-\u0634\u06a4\u0627\u0646-\u0626\u06cc\u0631\u0627\u0646.jpg\",\"contentUrl\":\"https:\\\/\\\/darkamazi.info\\\/darka-content\\\/uploads\\\/2022\\\/12\\\/\u062f\u0648-\u0634\u06a4\u0627\u0646-\u0626\u06cc\u0631\u0627\u0646.jpg\",\"width\":781,\"height\":439,\"caption\":\"Ji ber gulebarana h\u00eaz\u00ean \u00e7ekdar \u00ean \u00ceran\u00ea 2 \u015fivan\u00ean Kurd can\u00ea xwe ji dest dan\"},{\"@type\":\"BreadcrumbList\",\"@id\":\"https:\\\/\\\/darkamazi.info\\\/archives\\\/1034189#breadcrumb\",\"itemListElement\":[{\"@type\":\"ListItem\",\"position\":1,\"name\":\"Home\",\"item\":\"https:\\\/\\\/darkamazi.info\\\/\"},{\"@type\":\"ListItem\",\"position\":2,\"name\":\"Ji ber gulebarana h\u00eaz\u00ean \u00e7ekdar \u00ean \u00ceran\u00ea 2 \u015fivan\u00ean Kurd can\u00ea xwe ji dest dan\"}]},{\"@type\":\"WebSite\",\"@id\":\"https:\\\/\\\/darkamazi.info\\\/#website\",\"url\":\"https:\\\/\\\/darkamazi.info\\\/\",\"name\":\"Darka Maz\u00ee\",\"description\":\"P\u00eageha Zanyariy\u00ean Nebih\u00eest\u00ee\",\"publisher\":{\"@id\":\"https:\\\/\\\/darkamazi.info\\\/#organization\"},\"potentialAction\":[{\"@type\":\"SearchAction\",\"target\":{\"@type\":\"EntryPoint\",\"urlTemplate\":\"https:\\\/\\\/darkamazi.info\\\/?s={search_term_string}\"},\"query-input\":{\"@type\":\"PropertyValueSpecification\",\"valueRequired\":true,\"valueName\":\"search_term_string\"}}],\"inLanguage\":\"en-US\"},{\"@type\":\"Organization\",\"@id\":\"https:\\\/\\\/darkamazi.info\\\/#organization\",\"name\":\"Darka Maz\u00ee\",\"url\":\"https:\\\/\\\/darkamazi.info\\\/\",\"logo\":{\"@type\":\"ImageObject\",\"inLanguage\":\"en-US\",\"@id\":\"https:\\\/\\\/darkamazi.info\\\/#\\\/schema\\\/logo\\\/image\\\/\",\"url\":\"https:\\\/\\\/darkamazi.info\\\/darka-content\\\/uploads\\\/2017\\\/12\\\/darka-mazi-logo.png\",\"contentUrl\":\"https:\\\/\\\/darkamazi.info\\\/darka-content\\\/uploads\\\/2017\\\/12\\\/darka-mazi-logo.png\",\"width\":151,\"height\":75,\"caption\":\"Darka Maz\u00ee\"},\"image\":{\"@id\":\"https:\\\/\\\/darkamazi.info\\\/#\\\/schema\\\/logo\\\/image\\\/\"},\"sameAs\":[\"https:\\\/\\\/www.facebook.com\\\/DarMaziKurmanci\",\"https:\\\/\\\/x.com\\\/DarkaMaziLatini\",\"https:\\\/\\\/www.instagram.com\\\/darkamazi.kurmanci\\\/\",\"https:\\\/\\\/www.youtube.com\\\/channel\\\/UCa5HkTdmI8U1qCUFuTw8B2g\"]},{\"@type\":\"Person\",\"@id\":\"https:\\\/\\\/darkamazi.info\\\/#\\\/schema\\\/person\\\/5ad3e24553a0567993fa8ed4bd0a776c\",\"name\":\"darka mazi\",\"sameAs\":[\"https:\\\/\\\/darkamazi.info\\\/\"],\"url\":\"https:\\\/\\\/darkamazi.info\\\/archives\\\/author\\\/kurdi\"}]}<\/script>\n<!-- \/ Yoast SEO plugin. -->","seo_head_json":{"title":"Ji ber gulebarana h\u00eaz\u00ean \u00e7ekdar \u00ean \u00ceran\u00ea 2 \u015fivan\u00ean Kurd can\u00ea xwe ji dest dan - Darka Maz\u00ee","robots":{"index":"index","follow":"follow","max-snippet":"max-snippet:-1","max-image-preview":"max-image-preview:large","max-video-preview":"max-video-preview:-1"},"canonical":"https:\/\/darkamazi.info\/archives\/1034189","og_locale":"en_US","og_type":"article","og_title":"Ji ber gulebarana h\u00eaz\u00ean \u00e7ekdar \u00ean \u00ceran\u00ea 2 \u015fivan\u00ean Kurd can\u00ea xwe ji dest dan - Darka Maz\u00ee","og_description":"H\u00eaz\u00ean \u00e7ekdar \u00ean \u00ceran\u00ea li nav\u00e7ey\u00ean s\u00eenor\u00ee gule 2 \u015fivan\u00ean Kurd re\u015fandin \u00fb dema \u015fivan direviyan ji \u00e7iya ketin \u00fb can\u00ea xwe ji dest dan. Li gor\u00ee zanyariy\u00ean peyamn\u00ear\u00ea K24\u00ea, pasewan\u00ean \u00ceran\u00ea li devera Raper\u00een li zozan\u00ean Gor T\u00eesoy y\u00ean li ser s\u00eenor\u00ea \u00ceran \u00fb Kurdistan\u00ea gule li her du \u015fivan\u00ean Kurd re\u015fandin \u00fb dema [&hellip;]","og_url":"https:\/\/darkamazi.info\/archives\/1034189","og_site_name":"Darka Maz\u00ee","article_publisher":"https:\/\/www.facebook.com\/DarMaziKurmanci","article_published_time":"2022-12-12T10:16:14+00:00","og_image":[{"width":781,"height":439,"url":"https:\/\/darkamazi.info\/file\/2022\/12\/\u062f\u0648-\u0634\u06a4\u0627\u0646-\u0626\u06cc\u0631\u0627\u0646.jpg","type":"image\/jpeg"}],"author":"darka mazi","twitter_card":"summary_large_image","twitter_creator":"@DarkaMaziLatini","twitter_site":"@DarkaMaziLatini","twitter_misc":{"Written by":"darka mazi","Est. reading time":"1 minute"},"schema":{"@context":"https:\/\/schema.org","@graph":[{"@type":"Article","@id":"https:\/\/darkamazi.info\/archives\/1034189#article","isPartOf":{"@id":"https:\/\/darkamazi.info\/archives\/1034189"},"author":{"name":"darka mazi","@id":"https:\/\/darkamazi.info\/#\/schema\/person\/5ad3e24553a0567993fa8ed4bd0a776c"},"headline":"Ji ber gulebarana h\u00eaz\u00ean \u00e7ekdar \u00ean \u00ceran\u00ea 2 \u015fivan\u00ean Kurd can\u00ea xwe ji dest dan","datePublished":"2022-12-12T10:16:14+00:00","mainEntityOfPage":{"@id":"https:\/\/darkamazi.info\/archives\/1034189"},"wordCount":174,"publisher":{"@id":"https:\/\/darkamazi.info\/#organization"},"image":{"@id":"https:\/\/darkamazi.info\/archives\/1034189#primaryimage"},"thumbnailUrl":"https:\/\/darkamazi.info\/file\/2022\/12\/\u062f\u0648-\u0634\u06a4\u0627\u0646-\u0626\u06cc\u0631\u0627\u0646.jpg","keywords":["sereke"],"articleSection":["Kurdistan"],"inLanguage":"en-US"},{"@type":"WebPage","@id":"https:\/\/darkamazi.info\/archives\/1034189","url":"https:\/\/darkamazi.info\/archives\/1034189","name":"Ji ber gulebarana h\u00eaz\u00ean \u00e7ekdar \u00ean \u00ceran\u00ea 2 \u015fivan\u00ean Kurd can\u00ea xwe ji dest dan - Darka Maz\u00ee","isPartOf":{"@id":"https:\/\/darkamazi.info\/#website"},"primaryImageOfPage":{"@id":"https:\/\/darkamazi.info\/archives\/1034189#primaryimage"},"image":{"@id":"https:\/\/darkamazi.info\/archives\/1034189#primaryimage"},"thumbnailUrl":"https:\/\/darkamazi.info\/file\/2022\/12\/\u062f\u0648-\u0634\u06a4\u0627\u0646-\u0626\u06cc\u0631\u0627\u0646.jpg","datePublished":"2022-12-12T10:16:14+00:00","breadcrumb":{"@id":"https:\/\/darkamazi.info\/archives\/1034189#breadcrumb"},"inLanguage":"en-US","potentialAction":[{"@type":"ReadAction","target":["https:\/\/darkamazi.info\/archives\/1034189"]}]},{"@type":"ImageObject","inLanguage":"en-US","@id":"https:\/\/darkamazi.info\/archives\/1034189#primaryimage","url":"https:\/\/darkamazi.info\/file\/2022\/12\/\u062f\u0648-\u0634\u06a4\u0627\u0646-\u0626\u06cc\u0631\u0627\u0646.jpg","contentUrl":"https:\/\/darkamazi.info\/file\/2022\/12\/\u062f\u0648-\u0634\u06a4\u0627\u0646-\u0626\u06cc\u0631\u0627\u0646.jpg","width":781,"height":439,"caption":"Ji ber gulebarana h\u00eaz\u00ean \u00e7ekdar \u00ean \u00ceran\u00ea 2 \u015fivan\u00ean Kurd can\u00ea xwe ji dest dan"},{"@type":"BreadcrumbList","@id":"https:\/\/darkamazi.info\/archives\/1034189#breadcrumb","itemListElement":[{"@type":"ListItem","position":1,"name":"Home","item":"https:\/\/darkamazi.info\/"},{"@type":"ListItem","position":2,"name":"Ji ber gulebarana h\u00eaz\u00ean \u00e7ekdar \u00ean \u00ceran\u00ea 2 \u015fivan\u00ean Kurd can\u00ea xwe ji dest dan"}]},{"@type":"WebSite","@id":"https:\/\/darkamazi.info\/#website","url":"https:\/\/darkamazi.info\/","name":"Darka Maz\u00ee","description":"P\u00eageha Zanyariy\u00ean Nebih\u00eest\u00ee","publisher":{"@id":"https:\/\/darkamazi.info\/#organization"},"potentialAction":[{"@type":"SearchAction","target":{"@type":"EntryPoint","urlTemplate":"https:\/\/darkamazi.info\/?s={search_term_string}"},"query-input":{"@type":"PropertyValueSpecification","valueRequired":true,"valueName":"search_term_string"}}],"inLanguage":"en-US"},{"@type":"Organization","@id":"https:\/\/darkamazi.info\/#organization","name":"Darka Maz\u00ee","url":"https:\/\/darkamazi.info\/","logo":{"@type":"ImageObject","inLanguage":"en-US","@id":"https:\/\/darkamazi.info\/#\/schema\/logo\/image\/","url":"https:\/\/darkamazi.info\/file\/2017\/12\/darka-mazi-logo.png","contentUrl":"https:\/\/darkamazi.info\/file\/2017\/12\/darka-mazi-logo.png","width":151,"height":75,"caption":"Darka Maz\u00ee"},"image":{"@id":"https:\/\/darkamazi.info\/#\/schema\/logo\/image\/"},"sameAs":["https:\/\/www.facebook.com\/DarMaziKurmanci","https:\/\/x.com\/DarkaMaziLatini","https:\/\/www.instagram.com\/darkamazi.kurmanci\/","https:\/\/www.youtube.com\/channel\/UCa5HkTdmI8U1qCUFuTw8B2g"]},{"@type":"Person","@id":"https:\/\/darkamazi.info\/#\/schema\/person\/5ad3e24553a0567993fa8ed4bd0a776c","name":"darka mazi","sameAs":["https:\/\/darkamazi.info\/"],"url":"https:\/\/darkamazi.info\/archives\/author\/kurdi"}]}},"_links":{"self":[{"href":"https:\/\/darkamazi.info\/funavuv\/wp\/v2\/posts\/1034189","targetHints":{"allow":["GET"]}}],"collection":[{"href":"https:\/\/darkamazi.info\/funavuv\/wp\/v2\/posts"}],"about":[{"href":"https:\/\/darkamazi.info\/funavuv\/wp\/v2\/types\/post"}],"author":[{"embeddable":true,"href":"https:\/\/darkamazi.info\/funavuv\/wp\/v2\/users\/2"}],"replies":[{"embeddable":true,"href":"https:\/\/darkamazi.info\/funavuv\/wp\/v2\/comments?post=1034189"}],"version-history":[{"count":0,"href":"https:\/\/darkamazi.info\/funavuv\/wp\/v2\/posts\/1034189\/revisions"}],"wp:featuredmedia":[{"embeddable":true,"href":"https:\/\/darkamazi.info\/funavuv\/wp\/v2\/media\/1034190"}],"wp:attachment":[{"href":"https:\/\/darkamazi.info\/funavuv\/wp\/v2\/media?parent=1034189"}],"wp:term":[{"taxonomy":"category","embeddable":true,"href":"https:\/\/darkamazi.info\/funavuv\/wp\/v2\/categories?post=1034189"},{"taxonomy":"post_tag","embeddable":true,"href":"https:\/\/darkamazi.info\/funavuv\/wp\/v2\/tags?post=1034189"}],"curies":[{"name":"wp","href":"https:\/\/api.w.org\/{rel}","templated":true}]}}