{"id":1034227,"date":"2022-12-14T20:51:28","date_gmt":"2022-12-14T17:51:28","guid":{"rendered":"https:\/\/darkamazi.info\/?p=1034227"},"modified":"2022-12-14T20:51:28","modified_gmt":"2022-12-14T17:51:28","slug":"rayedaren-ajansa-navdewleti-ya-enerjiya-atomi-serdana-tehrane-dikin","status":"publish","type":"post","link":"https:\/\/darkamazi.info\/archives\/1034227","title":{"rendered":"Rayedar\u00ean Ajansa Navdewlet\u00ee ya Enerjiya Atom\u00ee serdana Tehran\u00ea dikin"},"content":{"rendered":"<h3 style=\"text-align: justify\"><span style=\"font-family: 'arial black', sans-serif\">Serok\u00ea R\u00eaxistina Enerjiya Atom\u00ee ya \u00ceran\u00ea Mihemed \u00ceslam\u00ee ragihand, di roj\u00ean b\u00ea de rayedar\u00ean Ajansa Navdewlet\u00ee ya Enerjiya Atom\u00ee d\u00ea serdana Tehran\u00ea bikin.<\/span><\/h3>\n<h3 style=\"text-align: justify\">Mihemed \u00ceslam\u00ee di \u00e7ar\u00e7oveya civ\u00eena Enc\u00fbmena Wez\u00eeran a \u00ceran\u00ea de ji rojnamevanan re ragihand, rayedar\u00ean Ajansa Navdewlet\u00ee ya Enerjiya Atom\u00ee d\u00ea di roj\u00ean b\u00ea de serdana Tehran\u00ea bikin.<\/h3>\n<h3 style=\"text-align: justify\">\u00ceslam\u00ee diyar kir ku p\u00eawendiy\u00ean wan \u00ean ligel ajans\u00ea berdewam e \u00fb h\u00eaviya xwe an\u00ee ziman ku rayedar\u00ean ajans\u00ea di v\u00ea serdana xwe de ber bi arasteya \u00e7areserkirina k\u00ea\u015feyan, gavan biav\u00eajin.<\/h3>\n<h3 style=\"text-align: justify\">Ajansa Navdewlet\u00ee ya Enerjiya Atom\u00ee meha bor\u00ee, ji ber bersivnedana \u00ceran\u00ea ya li ser pirsyar\u00ean ajans\u00ea y\u00ean derbar\u00ea d\u00eetina \u015f\u00fbnwar\u00ea urany\u00fbm\u00ea li s\u00ea baregeh\u00ean ranegihand\u00ee y\u00ean \u00ceran\u00ea, biryarnameyek li dij\u00ee Komara \u00ceslam\u00ee ya \u00ceran\u00ea ragihandib\u00fb, li hember v\u00ea yek\u00ea, \u00ceran\u00ea asata p\u00eatandina urany\u00fbm\u00ea, %60 z\u00eade kirib\u00fb.<\/h3>\n","protected":false},"excerpt":{"rendered":"<p>Serok\u00ea R\u00eaxistina Enerjiya Atom\u00ee ya \u00ceran\u00ea Mihemed \u00ceslam\u00ee ragihand, di roj\u00ean b\u00ea de rayedar\u00ean Ajansa Navdewlet\u00ee ya Enerjiya Atom\u00ee d\u00ea serdana Tehran\u00ea bikin. Mihemed \u00ceslam\u00ee di \u00e7ar\u00e7oveya civ\u00eena Enc\u00fbmena Wez\u00eeran a \u00ceran\u00ea de ji rojnamevanan re ragihand, rayedar\u00ean Ajansa Navdewlet\u00ee ya Enerjiya Atom\u00ee d\u00ea di roj\u00ean b\u00ea de serdana Tehran\u00ea bikin. \u00ceslam\u00ee diyar kir ku [&hellip;]<\/p>\n","protected":false},"author":2,"featured_media":1034228,"comment_status":"closed","ping_status":"closed","sticky":false,"template":"","format":"standard","meta":{"footnotes":""},"categories":[31],"tags":[37],"class_list":["post-1034227","post","type-post","status-publish","format-standard","has-post-thumbnail","hentry","category-rojhelata-navin","tag-sereke"],"blocksy_meta":[],"seo_head":"<!-- This site is optimized with the Yoast SEO plugin v27.5 - https:\/\/yoast.com\/product\/yoast-seo-wordpress\/ -->\n<title>Rayedar\u00ean Ajansa Navdewlet\u00ee ya Enerjiya Atom\u00ee serdana Tehran\u00ea dikin - Darka Maz\u00ee<\/title>\n<meta name=\"robots\" content=\"index, follow, max-snippet:-1, max-image-preview:large, max-video-preview:-1\" \/>\n<link rel=\"canonical\" href=\"https:\/\/darkamazi.info\/archives\/1034227\" \/>\n<meta property=\"og:locale\" content=\"en_US\" \/>\n<meta property=\"og:type\" content=\"article\" \/>\n<meta property=\"og:title\" content=\"Rayedar\u00ean Ajansa Navdewlet\u00ee ya Enerjiya Atom\u00ee serdana Tehran\u00ea dikin - Darka Maz\u00ee\" \/>\n<meta property=\"og:description\" content=\"Serok\u00ea R\u00eaxistina Enerjiya Atom\u00ee ya \u00ceran\u00ea Mihemed \u00ceslam\u00ee ragihand, di roj\u00ean b\u00ea de rayedar\u00ean Ajansa Navdewlet\u00ee ya Enerjiya Atom\u00ee d\u00ea serdana Tehran\u00ea bikin. Mihemed \u00ceslam\u00ee di \u00e7ar\u00e7oveya civ\u00eena Enc\u00fbmena Wez\u00eeran a \u00ceran\u00ea de ji rojnamevanan re ragihand, rayedar\u00ean Ajansa Navdewlet\u00ee ya Enerjiya Atom\u00ee d\u00ea di roj\u00ean b\u00ea de serdana Tehran\u00ea bikin. \u00ceslam\u00ee diyar kir ku [&hellip;]\" \/>\n<meta property=\"og:url\" content=\"https:\/\/darkamazi.info\/archives\/1034227\" \/>\n<meta property=\"og:site_name\" content=\"Darka Maz\u00ee\" \/>\n<meta property=\"article:publisher\" content=\"https:\/\/www.facebook.com\/DarMaziKurmanci\" \/>\n<meta property=\"article:published_time\" content=\"2022-12-14T17:51:28+00:00\" \/>\n<meta property=\"og:image\" content=\"https:\/\/darkamazi.info\/file\/2022\/12\/ajansa-atomi.jpg\" \/>\n\t<meta property=\"og:image:width\" content=\"900\" \/>\n\t<meta property=\"og:image:height\" content=\"497\" \/>\n\t<meta property=\"og:image:type\" content=\"image\/jpeg\" \/>\n<meta name=\"author\" content=\"darka mazi\" \/>\n<meta name=\"twitter:card\" content=\"summary_large_image\" \/>\n<meta name=\"twitter:creator\" content=\"@DarkaMaziLatini\" \/>\n<meta name=\"twitter:site\" content=\"@DarkaMaziLatini\" \/>\n<meta name=\"twitter:label1\" content=\"Written by\" \/>\n\t<meta name=\"twitter:data1\" content=\"darka mazi\" \/>\n\t<meta name=\"twitter:label2\" content=\"Est. reading time\" \/>\n\t<meta name=\"twitter:data2\" content=\"1 minute\" \/>\n<script type=\"application\/ld+json\" class=\"seo-schema-graph\">{\"@context\":\"https:\\\/\\\/schema.org\",\"@graph\":[{\"@type\":\"Article\",\"@id\":\"https:\\\/\\\/darkamazi.info\\\/archives\\\/1034227#article\",\"isPartOf\":{\"@id\":\"https:\\\/\\\/darkamazi.info\\\/archives\\\/1034227\"},\"author\":{\"name\":\"darka mazi\",\"@id\":\"https:\\\/\\\/darkamazi.info\\\/#\\\/schema\\\/person\\\/5ad3e24553a0567993fa8ed4bd0a776c\"},\"headline\":\"Rayedar\u00ean Ajansa Navdewlet\u00ee ya Enerjiya Atom\u00ee serdana Tehran\u00ea dikin\",\"datePublished\":\"2022-12-14T17:51:28+00:00\",\"mainEntityOfPage\":{\"@id\":\"https:\\\/\\\/darkamazi.info\\\/archives\\\/1034227\"},\"wordCount\":160,\"publisher\":{\"@id\":\"https:\\\/\\\/darkamazi.info\\\/#organization\"},\"image\":{\"@id\":\"https:\\\/\\\/darkamazi.info\\\/archives\\\/1034227#primaryimage\"},\"thumbnailUrl\":\"https:\\\/\\\/darkamazi.info\\\/darka-content\\\/uploads\\\/2022\\\/12\\\/ajansa-atomi.jpg\",\"keywords\":[\"sereke\"],\"articleSection\":[\"Rojhelata nav\u00een\"],\"inLanguage\":\"en-US\"},{\"@type\":\"WebPage\",\"@id\":\"https:\\\/\\\/darkamazi.info\\\/archives\\\/1034227\",\"url\":\"https:\\\/\\\/darkamazi.info\\\/archives\\\/1034227\",\"name\":\"Rayedar\u00ean Ajansa Navdewlet\u00ee ya Enerjiya Atom\u00ee serdana Tehran\u00ea dikin - Darka Maz\u00ee\",\"isPartOf\":{\"@id\":\"https:\\\/\\\/darkamazi.info\\\/#website\"},\"primaryImageOfPage\":{\"@id\":\"https:\\\/\\\/darkamazi.info\\\/archives\\\/1034227#primaryimage\"},\"image\":{\"@id\":\"https:\\\/\\\/darkamazi.info\\\/archives\\\/1034227#primaryimage\"},\"thumbnailUrl\":\"https:\\\/\\\/darkamazi.info\\\/darka-content\\\/uploads\\\/2022\\\/12\\\/ajansa-atomi.jpg\",\"datePublished\":\"2022-12-14T17:51:28+00:00\",\"breadcrumb\":{\"@id\":\"https:\\\/\\\/darkamazi.info\\\/archives\\\/1034227#breadcrumb\"},\"inLanguage\":\"en-US\",\"potentialAction\":[{\"@type\":\"ReadAction\",\"target\":[\"https:\\\/\\\/darkamazi.info\\\/archives\\\/1034227\"]}]},{\"@type\":\"ImageObject\",\"inLanguage\":\"en-US\",\"@id\":\"https:\\\/\\\/darkamazi.info\\\/archives\\\/1034227#primaryimage\",\"url\":\"https:\\\/\\\/darkamazi.info\\\/darka-content\\\/uploads\\\/2022\\\/12\\\/ajansa-atomi.jpg\",\"contentUrl\":\"https:\\\/\\\/darkamazi.info\\\/darka-content\\\/uploads\\\/2022\\\/12\\\/ajansa-atomi.jpg\",\"width\":900,\"height\":497,\"caption\":\"Rayedar\u00ean Ajansa Navdewlet\u00ee ya Enerjiya Atom\u00ee serdana Tehran\u00ea dikin\"},{\"@type\":\"BreadcrumbList\",\"@id\":\"https:\\\/\\\/darkamazi.info\\\/archives\\\/1034227#breadcrumb\",\"itemListElement\":[{\"@type\":\"ListItem\",\"position\":1,\"name\":\"Home\",\"item\":\"https:\\\/\\\/darkamazi.info\\\/\"},{\"@type\":\"ListItem\",\"position\":2,\"name\":\"Rayedar\u00ean Ajansa Navdewlet\u00ee ya Enerjiya Atom\u00ee serdana Tehran\u00ea dikin\"}]},{\"@type\":\"WebSite\",\"@id\":\"https:\\\/\\\/darkamazi.info\\\/#website\",\"url\":\"https:\\\/\\\/darkamazi.info\\\/\",\"name\":\"Darka Maz\u00ee\",\"description\":\"P\u00eageha Zanyariy\u00ean Nebih\u00eest\u00ee\",\"publisher\":{\"@id\":\"https:\\\/\\\/darkamazi.info\\\/#organization\"},\"potentialAction\":[{\"@type\":\"SearchAction\",\"target\":{\"@type\":\"EntryPoint\",\"urlTemplate\":\"https:\\\/\\\/darkamazi.info\\\/?s={search_term_string}\"},\"query-input\":{\"@type\":\"PropertyValueSpecification\",\"valueRequired\":true,\"valueName\":\"search_term_string\"}}],\"inLanguage\":\"en-US\"},{\"@type\":\"Organization\",\"@id\":\"https:\\\/\\\/darkamazi.info\\\/#organization\",\"name\":\"Darka Maz\u00ee\",\"url\":\"https:\\\/\\\/darkamazi.info\\\/\",\"logo\":{\"@type\":\"ImageObject\",\"inLanguage\":\"en-US\",\"@id\":\"https:\\\/\\\/darkamazi.info\\\/#\\\/schema\\\/logo\\\/image\\\/\",\"url\":\"https:\\\/\\\/darkamazi.info\\\/darka-content\\\/uploads\\\/2017\\\/12\\\/darka-mazi-logo.png\",\"contentUrl\":\"https:\\\/\\\/darkamazi.info\\\/darka-content\\\/uploads\\\/2017\\\/12\\\/darka-mazi-logo.png\",\"width\":151,\"height\":75,\"caption\":\"Darka Maz\u00ee\"},\"image\":{\"@id\":\"https:\\\/\\\/darkamazi.info\\\/#\\\/schema\\\/logo\\\/image\\\/\"},\"sameAs\":[\"https:\\\/\\\/www.facebook.com\\\/DarMaziKurmanci\",\"https:\\\/\\\/x.com\\\/DarkaMaziLatini\",\"https:\\\/\\\/www.instagram.com\\\/darkamazi.kurmanci\\\/\",\"https:\\\/\\\/www.youtube.com\\\/channel\\\/UCa5HkTdmI8U1qCUFuTw8B2g\"]},{\"@type\":\"Person\",\"@id\":\"https:\\\/\\\/darkamazi.info\\\/#\\\/schema\\\/person\\\/5ad3e24553a0567993fa8ed4bd0a776c\",\"name\":\"darka mazi\",\"sameAs\":[\"https:\\\/\\\/darkamazi.info\\\/\"],\"url\":\"https:\\\/\\\/darkamazi.info\\\/archives\\\/author\\\/kurdi\"}]}<\/script>\n<!-- \/ Yoast SEO plugin. -->","seo_head_json":{"title":"Rayedar\u00ean Ajansa Navdewlet\u00ee ya Enerjiya Atom\u00ee serdana Tehran\u00ea dikin - Darka Maz\u00ee","robots":{"index":"index","follow":"follow","max-snippet":"max-snippet:-1","max-image-preview":"max-image-preview:large","max-video-preview":"max-video-preview:-1"},"canonical":"https:\/\/darkamazi.info\/archives\/1034227","og_locale":"en_US","og_type":"article","og_title":"Rayedar\u00ean Ajansa Navdewlet\u00ee ya Enerjiya Atom\u00ee serdana Tehran\u00ea dikin - Darka Maz\u00ee","og_description":"Serok\u00ea R\u00eaxistina Enerjiya Atom\u00ee ya \u00ceran\u00ea Mihemed \u00ceslam\u00ee ragihand, di roj\u00ean b\u00ea de rayedar\u00ean Ajansa Navdewlet\u00ee ya Enerjiya Atom\u00ee d\u00ea serdana Tehran\u00ea bikin. Mihemed \u00ceslam\u00ee di \u00e7ar\u00e7oveya civ\u00eena Enc\u00fbmena Wez\u00eeran a \u00ceran\u00ea de ji rojnamevanan re ragihand, rayedar\u00ean Ajansa Navdewlet\u00ee ya Enerjiya Atom\u00ee d\u00ea di roj\u00ean b\u00ea de serdana Tehran\u00ea bikin. \u00ceslam\u00ee diyar kir ku [&hellip;]","og_url":"https:\/\/darkamazi.info\/archives\/1034227","og_site_name":"Darka Maz\u00ee","article_publisher":"https:\/\/www.facebook.com\/DarMaziKurmanci","article_published_time":"2022-12-14T17:51:28+00:00","og_image":[{"width":900,"height":497,"url":"https:\/\/darkamazi.info\/file\/2022\/12\/ajansa-atomi.jpg","type":"image\/jpeg"}],"author":"darka mazi","twitter_card":"summary_large_image","twitter_creator":"@DarkaMaziLatini","twitter_site":"@DarkaMaziLatini","twitter_misc":{"Written by":"darka mazi","Est. reading time":"1 minute"},"schema":{"@context":"https:\/\/schema.org","@graph":[{"@type":"Article","@id":"https:\/\/darkamazi.info\/archives\/1034227#article","isPartOf":{"@id":"https:\/\/darkamazi.info\/archives\/1034227"},"author":{"name":"darka mazi","@id":"https:\/\/darkamazi.info\/#\/schema\/person\/5ad3e24553a0567993fa8ed4bd0a776c"},"headline":"Rayedar\u00ean Ajansa Navdewlet\u00ee ya Enerjiya Atom\u00ee serdana Tehran\u00ea dikin","datePublished":"2022-12-14T17:51:28+00:00","mainEntityOfPage":{"@id":"https:\/\/darkamazi.info\/archives\/1034227"},"wordCount":160,"publisher":{"@id":"https:\/\/darkamazi.info\/#organization"},"image":{"@id":"https:\/\/darkamazi.info\/archives\/1034227#primaryimage"},"thumbnailUrl":"https:\/\/darkamazi.info\/file\/2022\/12\/ajansa-atomi.jpg","keywords":["sereke"],"articleSection":["Rojhelata nav\u00een"],"inLanguage":"en-US"},{"@type":"WebPage","@id":"https:\/\/darkamazi.info\/archives\/1034227","url":"https:\/\/darkamazi.info\/archives\/1034227","name":"Rayedar\u00ean Ajansa Navdewlet\u00ee ya Enerjiya Atom\u00ee serdana Tehran\u00ea dikin - Darka Maz\u00ee","isPartOf":{"@id":"https:\/\/darkamazi.info\/#website"},"primaryImageOfPage":{"@id":"https:\/\/darkamazi.info\/archives\/1034227#primaryimage"},"image":{"@id":"https:\/\/darkamazi.info\/archives\/1034227#primaryimage"},"thumbnailUrl":"https:\/\/darkamazi.info\/file\/2022\/12\/ajansa-atomi.jpg","datePublished":"2022-12-14T17:51:28+00:00","breadcrumb":{"@id":"https:\/\/darkamazi.info\/archives\/1034227#breadcrumb"},"inLanguage":"en-US","potentialAction":[{"@type":"ReadAction","target":["https:\/\/darkamazi.info\/archives\/1034227"]}]},{"@type":"ImageObject","inLanguage":"en-US","@id":"https:\/\/darkamazi.info\/archives\/1034227#primaryimage","url":"https:\/\/darkamazi.info\/file\/2022\/12\/ajansa-atomi.jpg","contentUrl":"https:\/\/darkamazi.info\/file\/2022\/12\/ajansa-atomi.jpg","width":900,"height":497,"caption":"Rayedar\u00ean Ajansa Navdewlet\u00ee ya Enerjiya Atom\u00ee serdana Tehran\u00ea dikin"},{"@type":"BreadcrumbList","@id":"https:\/\/darkamazi.info\/archives\/1034227#breadcrumb","itemListElement":[{"@type":"ListItem","position":1,"name":"Home","item":"https:\/\/darkamazi.info\/"},{"@type":"ListItem","position":2,"name":"Rayedar\u00ean Ajansa Navdewlet\u00ee ya Enerjiya Atom\u00ee serdana Tehran\u00ea dikin"}]},{"@type":"WebSite","@id":"https:\/\/darkamazi.info\/#website","url":"https:\/\/darkamazi.info\/","name":"Darka Maz\u00ee","description":"P\u00eageha Zanyariy\u00ean Nebih\u00eest\u00ee","publisher":{"@id":"https:\/\/darkamazi.info\/#organization"},"potentialAction":[{"@type":"SearchAction","target":{"@type":"EntryPoint","urlTemplate":"https:\/\/darkamazi.info\/?s={search_term_string}"},"query-input":{"@type":"PropertyValueSpecification","valueRequired":true,"valueName":"search_term_string"}}],"inLanguage":"en-US"},{"@type":"Organization","@id":"https:\/\/darkamazi.info\/#organization","name":"Darka Maz\u00ee","url":"https:\/\/darkamazi.info\/","logo":{"@type":"ImageObject","inLanguage":"en-US","@id":"https:\/\/darkamazi.info\/#\/schema\/logo\/image\/","url":"https:\/\/darkamazi.info\/file\/2017\/12\/darka-mazi-logo.png","contentUrl":"https:\/\/darkamazi.info\/file\/2017\/12\/darka-mazi-logo.png","width":151,"height":75,"caption":"Darka Maz\u00ee"},"image":{"@id":"https:\/\/darkamazi.info\/#\/schema\/logo\/image\/"},"sameAs":["https:\/\/www.facebook.com\/DarMaziKurmanci","https:\/\/x.com\/DarkaMaziLatini","https:\/\/www.instagram.com\/darkamazi.kurmanci\/","https:\/\/www.youtube.com\/channel\/UCa5HkTdmI8U1qCUFuTw8B2g"]},{"@type":"Person","@id":"https:\/\/darkamazi.info\/#\/schema\/person\/5ad3e24553a0567993fa8ed4bd0a776c","name":"darka mazi","sameAs":["https:\/\/darkamazi.info\/"],"url":"https:\/\/darkamazi.info\/archives\/author\/kurdi"}]}},"_links":{"self":[{"href":"https:\/\/darkamazi.info\/funavuv\/wp\/v2\/posts\/1034227","targetHints":{"allow":["GET"]}}],"collection":[{"href":"https:\/\/darkamazi.info\/funavuv\/wp\/v2\/posts"}],"about":[{"href":"https:\/\/darkamazi.info\/funavuv\/wp\/v2\/types\/post"}],"author":[{"embeddable":true,"href":"https:\/\/darkamazi.info\/funavuv\/wp\/v2\/users\/2"}],"replies":[{"embeddable":true,"href":"https:\/\/darkamazi.info\/funavuv\/wp\/v2\/comments?post=1034227"}],"version-history":[{"count":0,"href":"https:\/\/darkamazi.info\/funavuv\/wp\/v2\/posts\/1034227\/revisions"}],"wp:featuredmedia":[{"embeddable":true,"href":"https:\/\/darkamazi.info\/funavuv\/wp\/v2\/media\/1034228"}],"wp:attachment":[{"href":"https:\/\/darkamazi.info\/funavuv\/wp\/v2\/media?parent=1034227"}],"wp:term":[{"taxonomy":"category","embeddable":true,"href":"https:\/\/darkamazi.info\/funavuv\/wp\/v2\/categories?post=1034227"},{"taxonomy":"post_tag","embeddable":true,"href":"https:\/\/darkamazi.info\/funavuv\/wp\/v2\/tags?post=1034227"}],"curies":[{"name":"wp","href":"https:\/\/api.w.org\/{rel}","templated":true}]}}