{"id":1034235,"date":"2022-12-15T16:50:04","date_gmt":"2022-12-15T13:50:04","guid":{"rendered":"https:\/\/darkamazi.info\/?p=1034235"},"modified":"2022-12-15T16:50:04","modified_gmt":"2022-12-15T13:50:04","slug":"pesmerge-ciyaye-qerecox-operasyoneke-leskeri-encam-da","status":"publish","type":"post","link":"https:\/\/darkamazi.info\/archives\/1034235","title":{"rendered":"P\u00ea\u015fmerge \u00c7iyay\u00ea Qere\u00e7ox operasyoneke le\u015fker\u00ee encam da"},"content":{"rendered":"<h3 style=\"text-align: justify\"><span style=\"font-family: 'arial black', sans-serif\">H\u00eaz\u00ean P\u00ea\u015fmergey\u00ean Kurdistan\u00ea li \u00e7iyay\u00ea Qere\u00e7ox a nav\u00e7eya Mexm\u00fbr\u00ea li dij\u00ee DAI\u015e\u00ea operasyoneke le\u015fker\u00ee li dar xist.<\/span><\/h3>\n<h3 style=\"text-align: justify\">Ragihandina Wezareta P\u00ea\u015fmerge ragihandriye\u00a0 roja 14\u00ea Kan\u00fbna 2022\u00ea, l\u00eewaya 18 a Wezareta P\u00ea\u015fmerge li quntara \u00c7iyay\u00ea Qere\u00e7ox operasyoneke serbaz\u00ee li dij\u00ee teror\u00eest\u00ean DAI\u015e\u00ea encam daye.<\/h3>\n<h3 style=\"text-align: justify\">Herwiha operasyona li gund\u00ean li quntar\u00ean \u00c7iyay\u00ea Qere\u00e7ox hat lidarxistin, armanca operasyon\u00ea paqijkirina her\u00eam\u00ea ji teror\u00eest\u00ean DAI\u015e\u00ea b\u00fbye b\u00fb.<\/h3>\n<h3 style=\"text-align: justify\">Di v\u00ea derbar\u00ea de L\u00eewa Ziryan \u00cesma\u00eel Xel\u00eefe Fermandar\u00ea L\u00eewaya 18 a Piyade ragehand ku, pi\u015ft\u00ee operasyon\u00ea j\u00ee d\u00ea operasyon\u00ean bi v\u00ee reng\u00ee berdewam bin, P\u00ea\u015fmerge hertim hi\u015fyare li hember her liv \u00fb tevgera teror\u00eestan DAI\u015e\u00ea.<\/h3>\n<h3 style=\"text-align: justify\">Her\u00e7end h\u00eaz\u00ean Iraq\u00ea li her\u00eam\u00ea hene j\u00ee teror\u00eest\u00ean DAI\u015e\u00ea li ber s\u00eebera wan dest bi tevger\u00ea kiriye. L\u00eabel\u00ea ji bo r\u00ealibigertina DAI\u015e\u00ea h\u00eaz\u00ean P\u00ea\u015fmerge li her\u00eam\u00ea operasyon\u00ean le\u015fker\u00ee p\u00eak t\u00eenin.<\/h3>\n","protected":false},"excerpt":{"rendered":"<p>H\u00eaz\u00ean P\u00ea\u015fmergey\u00ean Kurdistan\u00ea li \u00e7iyay\u00ea Qere\u00e7ox a nav\u00e7eya Mexm\u00fbr\u00ea li dij\u00ee DAI\u015e\u00ea operasyoneke le\u015fker\u00ee li dar xist. Ragihandina Wezareta P\u00ea\u015fmerge ragihandriye\u00a0 roja 14\u00ea Kan\u00fbna 2022\u00ea, l\u00eewaya 18 a Wezareta P\u00ea\u015fmerge li quntara \u00c7iyay\u00ea Qere\u00e7ox operasyoneke serbaz\u00ee li dij\u00ee teror\u00eest\u00ean DAI\u015e\u00ea encam daye. Herwiha operasyona li gund\u00ean li quntar\u00ean \u00c7iyay\u00ea Qere\u00e7ox hat lidarxistin, armanca operasyon\u00ea paqijkirina [&hellip;]<\/p>\n","protected":false},"author":2,"featured_media":1034236,"comment_status":"closed","ping_status":"closed","sticky":false,"template":"","format":"standard","meta":{"footnotes":""},"categories":[29],"tags":[37],"class_list":["post-1034235","post","type-post","status-publish","format-standard","has-post-thumbnail","hentry","category-kurdistan","tag-sereke"],"blocksy_meta":[],"seo_head":"<!-- This site is optimized with the Yoast SEO plugin v27.5 - https:\/\/yoast.com\/product\/yoast-seo-wordpress\/ -->\n<title>P\u00ea\u015fmerge \u00c7iyay\u00ea Qere\u00e7ox operasyoneke le\u015fker\u00ee encam da - Darka Maz\u00ee<\/title>\n<meta name=\"robots\" content=\"index, follow, max-snippet:-1, max-image-preview:large, max-video-preview:-1\" \/>\n<link rel=\"canonical\" href=\"https:\/\/darkamazi.info\/archives\/1034235\" \/>\n<meta property=\"og:locale\" content=\"en_US\" \/>\n<meta property=\"og:type\" content=\"article\" \/>\n<meta property=\"og:title\" content=\"P\u00ea\u015fmerge \u00c7iyay\u00ea Qere\u00e7ox operasyoneke le\u015fker\u00ee encam da - Darka Maz\u00ee\" \/>\n<meta property=\"og:description\" content=\"H\u00eaz\u00ean P\u00ea\u015fmergey\u00ean Kurdistan\u00ea li \u00e7iyay\u00ea Qere\u00e7ox a nav\u00e7eya Mexm\u00fbr\u00ea li dij\u00ee DAI\u015e\u00ea operasyoneke le\u015fker\u00ee li dar xist. Ragihandina Wezareta P\u00ea\u015fmerge ragihandriye\u00a0 roja 14\u00ea Kan\u00fbna 2022\u00ea, l\u00eewaya 18 a Wezareta P\u00ea\u015fmerge li quntara \u00c7iyay\u00ea Qere\u00e7ox operasyoneke serbaz\u00ee li dij\u00ee teror\u00eest\u00ean DAI\u015e\u00ea encam daye. Herwiha operasyona li gund\u00ean li quntar\u00ean \u00c7iyay\u00ea Qere\u00e7ox hat lidarxistin, armanca operasyon\u00ea paqijkirina [&hellip;]\" \/>\n<meta property=\"og:url\" content=\"https:\/\/darkamazi.info\/archives\/1034235\" \/>\n<meta property=\"og:site_name\" content=\"Darka Maz\u00ee\" \/>\n<meta property=\"article:publisher\" content=\"https:\/\/www.facebook.com\/DarMaziKurmanci\" \/>\n<meta property=\"article:published_time\" content=\"2022-12-15T13:50:04+00:00\" \/>\n<meta property=\"og:image\" content=\"https:\/\/darkamazi.info\/file\/2022\/12\/kurdistan-militare.jpg\" \/>\n\t<meta property=\"og:image:width\" content=\"900\" \/>\n\t<meta property=\"og:image:height\" content=\"497\" \/>\n\t<meta property=\"og:image:type\" content=\"image\/jpeg\" \/>\n<meta name=\"author\" content=\"darka mazi\" \/>\n<meta name=\"twitter:card\" content=\"summary_large_image\" \/>\n<meta name=\"twitter:creator\" content=\"@DarkaMaziLatini\" \/>\n<meta name=\"twitter:site\" content=\"@DarkaMaziLatini\" \/>\n<meta name=\"twitter:label1\" content=\"Written by\" \/>\n\t<meta name=\"twitter:data1\" content=\"darka mazi\" \/>\n\t<meta name=\"twitter:label2\" content=\"Est. reading time\" \/>\n\t<meta name=\"twitter:data2\" content=\"1 minute\" \/>\n<script type=\"application\/ld+json\" class=\"seo-schema-graph\">{\"@context\":\"https:\\\/\\\/schema.org\",\"@graph\":[{\"@type\":\"Article\",\"@id\":\"https:\\\/\\\/darkamazi.info\\\/archives\\\/1034235#article\",\"isPartOf\":{\"@id\":\"https:\\\/\\\/darkamazi.info\\\/archives\\\/1034235\"},\"author\":{\"name\":\"darka mazi\",\"@id\":\"https:\\\/\\\/darkamazi.info\\\/#\\\/schema\\\/person\\\/5ad3e24553a0567993fa8ed4bd0a776c\"},\"headline\":\"P\u00ea\u015fmerge \u00c7iyay\u00ea Qere\u00e7ox operasyoneke le\u015fker\u00ee encam da\",\"datePublished\":\"2022-12-15T13:50:04+00:00\",\"mainEntityOfPage\":{\"@id\":\"https:\\\/\\\/darkamazi.info\\\/archives\\\/1034235\"},\"wordCount\":180,\"publisher\":{\"@id\":\"https:\\\/\\\/darkamazi.info\\\/#organization\"},\"image\":{\"@id\":\"https:\\\/\\\/darkamazi.info\\\/archives\\\/1034235#primaryimage\"},\"thumbnailUrl\":\"https:\\\/\\\/darkamazi.info\\\/darka-content\\\/uploads\\\/2022\\\/12\\\/kurdistan-militare.jpg\",\"keywords\":[\"sereke\"],\"articleSection\":[\"Kurdistan\"],\"inLanguage\":\"en-US\"},{\"@type\":\"WebPage\",\"@id\":\"https:\\\/\\\/darkamazi.info\\\/archives\\\/1034235\",\"url\":\"https:\\\/\\\/darkamazi.info\\\/archives\\\/1034235\",\"name\":\"P\u00ea\u015fmerge \u00c7iyay\u00ea Qere\u00e7ox operasyoneke le\u015fker\u00ee encam da - Darka Maz\u00ee\",\"isPartOf\":{\"@id\":\"https:\\\/\\\/darkamazi.info\\\/#website\"},\"primaryImageOfPage\":{\"@id\":\"https:\\\/\\\/darkamazi.info\\\/archives\\\/1034235#primaryimage\"},\"image\":{\"@id\":\"https:\\\/\\\/darkamazi.info\\\/archives\\\/1034235#primaryimage\"},\"thumbnailUrl\":\"https:\\\/\\\/darkamazi.info\\\/darka-content\\\/uploads\\\/2022\\\/12\\\/kurdistan-militare.jpg\",\"datePublished\":\"2022-12-15T13:50:04+00:00\",\"breadcrumb\":{\"@id\":\"https:\\\/\\\/darkamazi.info\\\/archives\\\/1034235#breadcrumb\"},\"inLanguage\":\"en-US\",\"potentialAction\":[{\"@type\":\"ReadAction\",\"target\":[\"https:\\\/\\\/darkamazi.info\\\/archives\\\/1034235\"]}]},{\"@type\":\"ImageObject\",\"inLanguage\":\"en-US\",\"@id\":\"https:\\\/\\\/darkamazi.info\\\/archives\\\/1034235#primaryimage\",\"url\":\"https:\\\/\\\/darkamazi.info\\\/darka-content\\\/uploads\\\/2022\\\/12\\\/kurdistan-militare.jpg\",\"contentUrl\":\"https:\\\/\\\/darkamazi.info\\\/darka-content\\\/uploads\\\/2022\\\/12\\\/kurdistan-militare.jpg\",\"width\":900,\"height\":497,\"caption\":\"P\u00ea\u015fmerge \u00c7iyay\u00ea Qere\u00e7ox operasyoneke le\u015fker\u00ee encam da\"},{\"@type\":\"BreadcrumbList\",\"@id\":\"https:\\\/\\\/darkamazi.info\\\/archives\\\/1034235#breadcrumb\",\"itemListElement\":[{\"@type\":\"ListItem\",\"position\":1,\"name\":\"Home\",\"item\":\"https:\\\/\\\/darkamazi.info\\\/\"},{\"@type\":\"ListItem\",\"position\":2,\"name\":\"P\u00ea\u015fmerge \u00c7iyay\u00ea Qere\u00e7ox operasyoneke le\u015fker\u00ee encam da\"}]},{\"@type\":\"WebSite\",\"@id\":\"https:\\\/\\\/darkamazi.info\\\/#website\",\"url\":\"https:\\\/\\\/darkamazi.info\\\/\",\"name\":\"Darka Maz\u00ee\",\"description\":\"P\u00eageha Zanyariy\u00ean Nebih\u00eest\u00ee\",\"publisher\":{\"@id\":\"https:\\\/\\\/darkamazi.info\\\/#organization\"},\"potentialAction\":[{\"@type\":\"SearchAction\",\"target\":{\"@type\":\"EntryPoint\",\"urlTemplate\":\"https:\\\/\\\/darkamazi.info\\\/?s={search_term_string}\"},\"query-input\":{\"@type\":\"PropertyValueSpecification\",\"valueRequired\":true,\"valueName\":\"search_term_string\"}}],\"inLanguage\":\"en-US\"},{\"@type\":\"Organization\",\"@id\":\"https:\\\/\\\/darkamazi.info\\\/#organization\",\"name\":\"Darka Maz\u00ee\",\"url\":\"https:\\\/\\\/darkamazi.info\\\/\",\"logo\":{\"@type\":\"ImageObject\",\"inLanguage\":\"en-US\",\"@id\":\"https:\\\/\\\/darkamazi.info\\\/#\\\/schema\\\/logo\\\/image\\\/\",\"url\":\"https:\\\/\\\/darkamazi.info\\\/darka-content\\\/uploads\\\/2017\\\/12\\\/darka-mazi-logo.png\",\"contentUrl\":\"https:\\\/\\\/darkamazi.info\\\/darka-content\\\/uploads\\\/2017\\\/12\\\/darka-mazi-logo.png\",\"width\":151,\"height\":75,\"caption\":\"Darka Maz\u00ee\"},\"image\":{\"@id\":\"https:\\\/\\\/darkamazi.info\\\/#\\\/schema\\\/logo\\\/image\\\/\"},\"sameAs\":[\"https:\\\/\\\/www.facebook.com\\\/DarMaziKurmanci\",\"https:\\\/\\\/x.com\\\/DarkaMaziLatini\",\"https:\\\/\\\/www.instagram.com\\\/darkamazi.kurmanci\\\/\",\"https:\\\/\\\/www.youtube.com\\\/channel\\\/UCa5HkTdmI8U1qCUFuTw8B2g\"]},{\"@type\":\"Person\",\"@id\":\"https:\\\/\\\/darkamazi.info\\\/#\\\/schema\\\/person\\\/5ad3e24553a0567993fa8ed4bd0a776c\",\"name\":\"darka mazi\",\"sameAs\":[\"https:\\\/\\\/darkamazi.info\\\/\"],\"url\":\"https:\\\/\\\/darkamazi.info\\\/archives\\\/author\\\/kurdi\"}]}<\/script>\n<!-- \/ Yoast SEO plugin. -->","seo_head_json":{"title":"P\u00ea\u015fmerge \u00c7iyay\u00ea Qere\u00e7ox operasyoneke le\u015fker\u00ee encam da - Darka Maz\u00ee","robots":{"index":"index","follow":"follow","max-snippet":"max-snippet:-1","max-image-preview":"max-image-preview:large","max-video-preview":"max-video-preview:-1"},"canonical":"https:\/\/darkamazi.info\/archives\/1034235","og_locale":"en_US","og_type":"article","og_title":"P\u00ea\u015fmerge \u00c7iyay\u00ea Qere\u00e7ox operasyoneke le\u015fker\u00ee encam da - Darka Maz\u00ee","og_description":"H\u00eaz\u00ean P\u00ea\u015fmergey\u00ean Kurdistan\u00ea li \u00e7iyay\u00ea Qere\u00e7ox a nav\u00e7eya Mexm\u00fbr\u00ea li dij\u00ee DAI\u015e\u00ea operasyoneke le\u015fker\u00ee li dar xist. Ragihandina Wezareta P\u00ea\u015fmerge ragihandriye\u00a0 roja 14\u00ea Kan\u00fbna 2022\u00ea, l\u00eewaya 18 a Wezareta P\u00ea\u015fmerge li quntara \u00c7iyay\u00ea Qere\u00e7ox operasyoneke serbaz\u00ee li dij\u00ee teror\u00eest\u00ean DAI\u015e\u00ea encam daye. Herwiha operasyona li gund\u00ean li quntar\u00ean \u00c7iyay\u00ea Qere\u00e7ox hat lidarxistin, armanca operasyon\u00ea paqijkirina [&hellip;]","og_url":"https:\/\/darkamazi.info\/archives\/1034235","og_site_name":"Darka Maz\u00ee","article_publisher":"https:\/\/www.facebook.com\/DarMaziKurmanci","article_published_time":"2022-12-15T13:50:04+00:00","og_image":[{"width":900,"height":497,"url":"https:\/\/darkamazi.info\/file\/2022\/12\/kurdistan-militare.jpg","type":"image\/jpeg"}],"author":"darka mazi","twitter_card":"summary_large_image","twitter_creator":"@DarkaMaziLatini","twitter_site":"@DarkaMaziLatini","twitter_misc":{"Written by":"darka mazi","Est. reading time":"1 minute"},"schema":{"@context":"https:\/\/schema.org","@graph":[{"@type":"Article","@id":"https:\/\/darkamazi.info\/archives\/1034235#article","isPartOf":{"@id":"https:\/\/darkamazi.info\/archives\/1034235"},"author":{"name":"darka mazi","@id":"https:\/\/darkamazi.info\/#\/schema\/person\/5ad3e24553a0567993fa8ed4bd0a776c"},"headline":"P\u00ea\u015fmerge \u00c7iyay\u00ea Qere\u00e7ox operasyoneke le\u015fker\u00ee encam da","datePublished":"2022-12-15T13:50:04+00:00","mainEntityOfPage":{"@id":"https:\/\/darkamazi.info\/archives\/1034235"},"wordCount":180,"publisher":{"@id":"https:\/\/darkamazi.info\/#organization"},"image":{"@id":"https:\/\/darkamazi.info\/archives\/1034235#primaryimage"},"thumbnailUrl":"https:\/\/darkamazi.info\/file\/2022\/12\/kurdistan-militare.jpg","keywords":["sereke"],"articleSection":["Kurdistan"],"inLanguage":"en-US"},{"@type":"WebPage","@id":"https:\/\/darkamazi.info\/archives\/1034235","url":"https:\/\/darkamazi.info\/archives\/1034235","name":"P\u00ea\u015fmerge \u00c7iyay\u00ea Qere\u00e7ox operasyoneke le\u015fker\u00ee encam da - Darka Maz\u00ee","isPartOf":{"@id":"https:\/\/darkamazi.info\/#website"},"primaryImageOfPage":{"@id":"https:\/\/darkamazi.info\/archives\/1034235#primaryimage"},"image":{"@id":"https:\/\/darkamazi.info\/archives\/1034235#primaryimage"},"thumbnailUrl":"https:\/\/darkamazi.info\/file\/2022\/12\/kurdistan-militare.jpg","datePublished":"2022-12-15T13:50:04+00:00","breadcrumb":{"@id":"https:\/\/darkamazi.info\/archives\/1034235#breadcrumb"},"inLanguage":"en-US","potentialAction":[{"@type":"ReadAction","target":["https:\/\/darkamazi.info\/archives\/1034235"]}]},{"@type":"ImageObject","inLanguage":"en-US","@id":"https:\/\/darkamazi.info\/archives\/1034235#primaryimage","url":"https:\/\/darkamazi.info\/file\/2022\/12\/kurdistan-militare.jpg","contentUrl":"https:\/\/darkamazi.info\/file\/2022\/12\/kurdistan-militare.jpg","width":900,"height":497,"caption":"P\u00ea\u015fmerge \u00c7iyay\u00ea Qere\u00e7ox operasyoneke le\u015fker\u00ee encam da"},{"@type":"BreadcrumbList","@id":"https:\/\/darkamazi.info\/archives\/1034235#breadcrumb","itemListElement":[{"@type":"ListItem","position":1,"name":"Home","item":"https:\/\/darkamazi.info\/"},{"@type":"ListItem","position":2,"name":"P\u00ea\u015fmerge \u00c7iyay\u00ea Qere\u00e7ox operasyoneke le\u015fker\u00ee encam da"}]},{"@type":"WebSite","@id":"https:\/\/darkamazi.info\/#website","url":"https:\/\/darkamazi.info\/","name":"Darka Maz\u00ee","description":"P\u00eageha Zanyariy\u00ean Nebih\u00eest\u00ee","publisher":{"@id":"https:\/\/darkamazi.info\/#organization"},"potentialAction":[{"@type":"SearchAction","target":{"@type":"EntryPoint","urlTemplate":"https:\/\/darkamazi.info\/?s={search_term_string}"},"query-input":{"@type":"PropertyValueSpecification","valueRequired":true,"valueName":"search_term_string"}}],"inLanguage":"en-US"},{"@type":"Organization","@id":"https:\/\/darkamazi.info\/#organization","name":"Darka Maz\u00ee","url":"https:\/\/darkamazi.info\/","logo":{"@type":"ImageObject","inLanguage":"en-US","@id":"https:\/\/darkamazi.info\/#\/schema\/logo\/image\/","url":"https:\/\/darkamazi.info\/file\/2017\/12\/darka-mazi-logo.png","contentUrl":"https:\/\/darkamazi.info\/file\/2017\/12\/darka-mazi-logo.png","width":151,"height":75,"caption":"Darka Maz\u00ee"},"image":{"@id":"https:\/\/darkamazi.info\/#\/schema\/logo\/image\/"},"sameAs":["https:\/\/www.facebook.com\/DarMaziKurmanci","https:\/\/x.com\/DarkaMaziLatini","https:\/\/www.instagram.com\/darkamazi.kurmanci\/","https:\/\/www.youtube.com\/channel\/UCa5HkTdmI8U1qCUFuTw8B2g"]},{"@type":"Person","@id":"https:\/\/darkamazi.info\/#\/schema\/person\/5ad3e24553a0567993fa8ed4bd0a776c","name":"darka mazi","sameAs":["https:\/\/darkamazi.info\/"],"url":"https:\/\/darkamazi.info\/archives\/author\/kurdi"}]}},"_links":{"self":[{"href":"https:\/\/darkamazi.info\/funavuv\/wp\/v2\/posts\/1034235","targetHints":{"allow":["GET"]}}],"collection":[{"href":"https:\/\/darkamazi.info\/funavuv\/wp\/v2\/posts"}],"about":[{"href":"https:\/\/darkamazi.info\/funavuv\/wp\/v2\/types\/post"}],"author":[{"embeddable":true,"href":"https:\/\/darkamazi.info\/funavuv\/wp\/v2\/users\/2"}],"replies":[{"embeddable":true,"href":"https:\/\/darkamazi.info\/funavuv\/wp\/v2\/comments?post=1034235"}],"version-history":[{"count":0,"href":"https:\/\/darkamazi.info\/funavuv\/wp\/v2\/posts\/1034235\/revisions"}],"wp:featuredmedia":[{"embeddable":true,"href":"https:\/\/darkamazi.info\/funavuv\/wp\/v2\/media\/1034236"}],"wp:attachment":[{"href":"https:\/\/darkamazi.info\/funavuv\/wp\/v2\/media?parent=1034235"}],"wp:term":[{"taxonomy":"category","embeddable":true,"href":"https:\/\/darkamazi.info\/funavuv\/wp\/v2\/categories?post=1034235"},{"taxonomy":"post_tag","embeddable":true,"href":"https:\/\/darkamazi.info\/funavuv\/wp\/v2\/tags?post=1034235"}],"curies":[{"name":"wp","href":"https:\/\/api.w.org\/{rel}","templated":true}]}}