{"id":1034264,"date":"2022-12-17T19:09:52","date_gmt":"2022-12-17T16:09:52","guid":{"rendered":"https:\/\/darkamazi.info\/?p=1034264"},"modified":"2022-12-17T19:10:33","modified_gmt":"2022-12-17T16:10:33","slug":"tu-sika-me-je-tuneye-ku-alaya-kurdistane-de-miheqeq-li-ser-asimanen-kurdistana-azad-da-libabibe","status":"publish","type":"post","link":"https:\/\/darkamazi.info\/archives\/1034264","title":{"rendered":"Tu \u015fika me j\u00ea tuneye ku Alaya Kurdistan\u00ea d\u00ea miheqeq li ser as\u00eeman\u00ean Kurdistana azad da libabibe"},"content":{"rendered":"<h3 style=\"text-align: justify\"><span style=\"font-family: 'arial black', sans-serif\">Serok\u00ea Gi\u015ft\u00ee y\u00ea PAK\u00ea Mustafa \u00d6z\u00e7elik bi peyama ku we\u015fand Roja Ala Kurdistan\u00ea li hem\u00fb welatiyan p\u00eeroz kir.<\/span><\/h3>\n<h3 style=\"text-align: justify\">Mustafa \u00d6z\u00e7elik bi peyama ku we\u015fand Roja Ala Kurdistan\u00ea p\u00eeroz kir.<\/h3>\n<h3 style=\"text-align: justify\">&#8220;Tu \u015fika me j\u00ea tuneye ku Alaya Kurdistan\u00ea d\u00ea miheqeq li ser as\u00eeman\u00ean Kurdistana azad da libabibe.<\/h3>\n<h3 style=\"text-align: justify\">Ji bo Alaya Kurdistan\u00ea li ser as\u00eeman\u00ean her \u00e7ar par\u00e7ey\u00ean Kurdistan\u00ea j\u00ee wek alaya azad\u00ee \u00fb serfiraz\u00eey\u00ea libabibe, bi milyonan Kurd \u00fb Kurdistan\u00ee \u015feh\u00eed ketine, xebit\u00eene, t\u00eako\u015fane. Tu \u015fika me j\u00ea tuneye ku ew xw\u00een \u00fb keda gel\u00ea me d\u00ea miheqeq bigih\u00eaje armanca xwe \u00fb Alaya Kurdistan\u00ea d\u00ea li ser as\u00eeman\u00ean her \u00e7ar par\u00e7ey\u00ean Kurdistan\u00ea j\u00ee, wek alaya azad\u00ee \u00fb serfiraz\u00eey\u00ea libabibe.<\/h3>\n<h3 style=\"text-align: justify\">Bi \u015f\u00eeara &#8216;\u2019Azad\u00ee ji bo Kurdistan\u00ea, Azad\u00ee li Kurdistan\u00ea&#8217;\u2019, ez Roja Alaya Kurdistan\u00ea li hem\u00fb gel\u00ean Kurdistan\u00ea p\u00eeroz dikim.<\/h3>\n<h3 style=\"text-align: justify\"><span style=\"font-family: 'arial black', sans-serif\">17.12.2022<\/span><\/h3>\n<h3 style=\"text-align: justify\"><span style=\"font-family: 'arial black', sans-serif\">Mustafa Oz\u00e7el\u00eek<\/span><\/h3>\n<h3 style=\"text-align: justify\"><span style=\"font-family: 'arial black', sans-serif\">Serok\u00ea Gi\u015ft\u00ee y\u00ea PAK\u00ea(Part\u00eeya Azad\u00eeya Kurdistan\u00ea)<\/span><\/h3>\n","protected":false},"excerpt":{"rendered":"<p>Serok\u00ea Gi\u015ft\u00ee y\u00ea PAK\u00ea Mustafa \u00d6z\u00e7elik bi peyama ku we\u015fand Roja Ala Kurdistan\u00ea li hem\u00fb welatiyan p\u00eeroz kir. Mustafa \u00d6z\u00e7elik bi peyama ku we\u015fand Roja Ala Kurdistan\u00ea p\u00eeroz kir. &#8220;Tu \u015fika me j\u00ea tuneye ku Alaya Kurdistan\u00ea d\u00ea miheqeq li ser as\u00eeman\u00ean Kurdistana azad da libabibe. Ji bo Alaya Kurdistan\u00ea li ser as\u00eeman\u00ean her \u00e7ar [&hellip;]<\/p>\n","protected":false},"author":2,"featured_media":1034265,"comment_status":"closed","ping_status":"closed","sticky":false,"template":"","format":"standard","meta":{"footnotes":""},"categories":[29],"tags":[],"class_list":["post-1034264","post","type-post","status-publish","format-standard","has-post-thumbnail","hentry","category-kurdistan"],"blocksy_meta":[],"seo_head":"<!-- This site is optimized with the Yoast SEO plugin v27.5 - https:\/\/yoast.com\/product\/yoast-seo-wordpress\/ -->\n<title>Tu \u015fika me j\u00ea tuneye ku Alaya Kurdistan\u00ea d\u00ea miheqeq li ser as\u00eeman\u00ean Kurdistana azad da libabibe - Darka Maz\u00ee<\/title>\n<meta name=\"robots\" content=\"index, follow, max-snippet:-1, max-image-preview:large, max-video-preview:-1\" \/>\n<link rel=\"canonical\" href=\"https:\/\/darkamazi.info\/archives\/1034264\" \/>\n<meta property=\"og:locale\" content=\"en_US\" \/>\n<meta property=\"og:type\" content=\"article\" \/>\n<meta property=\"og:title\" content=\"Tu \u015fika me j\u00ea tuneye ku Alaya Kurdistan\u00ea d\u00ea miheqeq li ser as\u00eeman\u00ean Kurdistana azad da libabibe - Darka Maz\u00ee\" \/>\n<meta property=\"og:description\" content=\"Serok\u00ea Gi\u015ft\u00ee y\u00ea PAK\u00ea Mustafa \u00d6z\u00e7elik bi peyama ku we\u015fand Roja Ala Kurdistan\u00ea li hem\u00fb welatiyan p\u00eeroz kir. Mustafa \u00d6z\u00e7elik bi peyama ku we\u015fand Roja Ala Kurdistan\u00ea p\u00eeroz kir. &#8220;Tu \u015fika me j\u00ea tuneye ku Alaya Kurdistan\u00ea d\u00ea miheqeq li ser as\u00eeman\u00ean Kurdistana azad da libabibe. Ji bo Alaya Kurdistan\u00ea li ser as\u00eeman\u00ean her \u00e7ar [&hellip;]\" \/>\n<meta property=\"og:url\" content=\"https:\/\/darkamazi.info\/archives\/1034264\" \/>\n<meta property=\"og:site_name\" content=\"Darka Maz\u00ee\" \/>\n<meta property=\"article:publisher\" content=\"https:\/\/www.facebook.com\/DarMaziKurmanci\" \/>\n<meta property=\"article:published_time\" content=\"2022-12-17T16:09:52+00:00\" \/>\n<meta property=\"article:modified_time\" content=\"2022-12-17T16:10:33+00:00\" \/>\n<meta property=\"og:image\" content=\"https:\/\/darkamazi.info\/file\/2022\/12\/Mustafa-Ozcelik.jpg\" \/>\n\t<meta property=\"og:image:width\" content=\"900\" \/>\n\t<meta property=\"og:image:height\" content=\"497\" \/>\n\t<meta property=\"og:image:type\" content=\"image\/jpeg\" \/>\n<meta name=\"author\" content=\"darka mazi\" \/>\n<meta name=\"twitter:card\" content=\"summary_large_image\" \/>\n<meta name=\"twitter:creator\" content=\"@DarkaMaziLatini\" \/>\n<meta name=\"twitter:site\" content=\"@DarkaMaziLatini\" \/>\n<meta name=\"twitter:label1\" content=\"Written by\" \/>\n\t<meta name=\"twitter:data1\" content=\"darka mazi\" \/>\n\t<meta name=\"twitter:label2\" content=\"Est. reading time\" \/>\n\t<meta name=\"twitter:data2\" content=\"1 minute\" \/>\n<script type=\"application\/ld+json\" class=\"seo-schema-graph\">{\"@context\":\"https:\\\/\\\/schema.org\",\"@graph\":[{\"@type\":\"Article\",\"@id\":\"https:\\\/\\\/darkamazi.info\\\/archives\\\/1034264#article\",\"isPartOf\":{\"@id\":\"https:\\\/\\\/darkamazi.info\\\/archives\\\/1034264\"},\"author\":{\"name\":\"darka mazi\",\"@id\":\"https:\\\/\\\/darkamazi.info\\\/#\\\/schema\\\/person\\\/5ad3e24553a0567993fa8ed4bd0a776c\"},\"headline\":\"Tu \u015fika me j\u00ea tuneye ku Alaya Kurdistan\u00ea d\u00ea miheqeq li ser as\u00eeman\u00ean Kurdistana azad da libabibe\",\"datePublished\":\"2022-12-17T16:09:52+00:00\",\"dateModified\":\"2022-12-17T16:10:33+00:00\",\"mainEntityOfPage\":{\"@id\":\"https:\\\/\\\/darkamazi.info\\\/archives\\\/1034264\"},\"wordCount\":182,\"publisher\":{\"@id\":\"https:\\\/\\\/darkamazi.info\\\/#organization\"},\"image\":{\"@id\":\"https:\\\/\\\/darkamazi.info\\\/archives\\\/1034264#primaryimage\"},\"thumbnailUrl\":\"https:\\\/\\\/darkamazi.info\\\/darka-content\\\/uploads\\\/2022\\\/12\\\/Mustafa-Ozcelik.jpg\",\"articleSection\":[\"Kurdistan\"],\"inLanguage\":\"en-US\"},{\"@type\":\"WebPage\",\"@id\":\"https:\\\/\\\/darkamazi.info\\\/archives\\\/1034264\",\"url\":\"https:\\\/\\\/darkamazi.info\\\/archives\\\/1034264\",\"name\":\"Tu \u015fika me j\u00ea tuneye ku Alaya Kurdistan\u00ea d\u00ea miheqeq li ser as\u00eeman\u00ean Kurdistana azad da libabibe - Darka Maz\u00ee\",\"isPartOf\":{\"@id\":\"https:\\\/\\\/darkamazi.info\\\/#website\"},\"primaryImageOfPage\":{\"@id\":\"https:\\\/\\\/darkamazi.info\\\/archives\\\/1034264#primaryimage\"},\"image\":{\"@id\":\"https:\\\/\\\/darkamazi.info\\\/archives\\\/1034264#primaryimage\"},\"thumbnailUrl\":\"https:\\\/\\\/darkamazi.info\\\/darka-content\\\/uploads\\\/2022\\\/12\\\/Mustafa-Ozcelik.jpg\",\"datePublished\":\"2022-12-17T16:09:52+00:00\",\"dateModified\":\"2022-12-17T16:10:33+00:00\",\"breadcrumb\":{\"@id\":\"https:\\\/\\\/darkamazi.info\\\/archives\\\/1034264#breadcrumb\"},\"inLanguage\":\"en-US\",\"potentialAction\":[{\"@type\":\"ReadAction\",\"target\":[\"https:\\\/\\\/darkamazi.info\\\/archives\\\/1034264\"]}]},{\"@type\":\"ImageObject\",\"inLanguage\":\"en-US\",\"@id\":\"https:\\\/\\\/darkamazi.info\\\/archives\\\/1034264#primaryimage\",\"url\":\"https:\\\/\\\/darkamazi.info\\\/darka-content\\\/uploads\\\/2022\\\/12\\\/Mustafa-Ozcelik.jpg\",\"contentUrl\":\"https:\\\/\\\/darkamazi.info\\\/darka-content\\\/uploads\\\/2022\\\/12\\\/Mustafa-Ozcelik.jpg\",\"width\":900,\"height\":497,\"caption\":\"Tu \u015fika me j\u00ea tuneye ku Alaya Kurdistan\u00ea d\u00ea miheqeq li ser as\u00eeman\u00ean Kurdistana azad da libabibe\"},{\"@type\":\"BreadcrumbList\",\"@id\":\"https:\\\/\\\/darkamazi.info\\\/archives\\\/1034264#breadcrumb\",\"itemListElement\":[{\"@type\":\"ListItem\",\"position\":1,\"name\":\"Home\",\"item\":\"https:\\\/\\\/darkamazi.info\\\/\"},{\"@type\":\"ListItem\",\"position\":2,\"name\":\"Tu \u015fika me j\u00ea tuneye ku Alaya Kurdistan\u00ea d\u00ea miheqeq li ser as\u00eeman\u00ean Kurdistana azad da libabibe\"}]},{\"@type\":\"WebSite\",\"@id\":\"https:\\\/\\\/darkamazi.info\\\/#website\",\"url\":\"https:\\\/\\\/darkamazi.info\\\/\",\"name\":\"Darka Maz\u00ee\",\"description\":\"P\u00eageha Zanyariy\u00ean Nebih\u00eest\u00ee\",\"publisher\":{\"@id\":\"https:\\\/\\\/darkamazi.info\\\/#organization\"},\"potentialAction\":[{\"@type\":\"SearchAction\",\"target\":{\"@type\":\"EntryPoint\",\"urlTemplate\":\"https:\\\/\\\/darkamazi.info\\\/?s={search_term_string}\"},\"query-input\":{\"@type\":\"PropertyValueSpecification\",\"valueRequired\":true,\"valueName\":\"search_term_string\"}}],\"inLanguage\":\"en-US\"},{\"@type\":\"Organization\",\"@id\":\"https:\\\/\\\/darkamazi.info\\\/#organization\",\"name\":\"Darka Maz\u00ee\",\"url\":\"https:\\\/\\\/darkamazi.info\\\/\",\"logo\":{\"@type\":\"ImageObject\",\"inLanguage\":\"en-US\",\"@id\":\"https:\\\/\\\/darkamazi.info\\\/#\\\/schema\\\/logo\\\/image\\\/\",\"url\":\"https:\\\/\\\/darkamazi.info\\\/darka-content\\\/uploads\\\/2017\\\/12\\\/darka-mazi-logo.png\",\"contentUrl\":\"https:\\\/\\\/darkamazi.info\\\/darka-content\\\/uploads\\\/2017\\\/12\\\/darka-mazi-logo.png\",\"width\":151,\"height\":75,\"caption\":\"Darka Maz\u00ee\"},\"image\":{\"@id\":\"https:\\\/\\\/darkamazi.info\\\/#\\\/schema\\\/logo\\\/image\\\/\"},\"sameAs\":[\"https:\\\/\\\/www.facebook.com\\\/DarMaziKurmanci\",\"https:\\\/\\\/x.com\\\/DarkaMaziLatini\",\"https:\\\/\\\/www.instagram.com\\\/darkamazi.kurmanci\\\/\",\"https:\\\/\\\/www.youtube.com\\\/channel\\\/UCa5HkTdmI8U1qCUFuTw8B2g\"]},{\"@type\":\"Person\",\"@id\":\"https:\\\/\\\/darkamazi.info\\\/#\\\/schema\\\/person\\\/5ad3e24553a0567993fa8ed4bd0a776c\",\"name\":\"darka mazi\",\"sameAs\":[\"https:\\\/\\\/darkamazi.info\\\/\"],\"url\":\"https:\\\/\\\/darkamazi.info\\\/archives\\\/author\\\/kurdi\"}]}<\/script>\n<!-- \/ Yoast SEO plugin. -->","seo_head_json":{"title":"Tu \u015fika me j\u00ea tuneye ku Alaya Kurdistan\u00ea d\u00ea miheqeq li ser as\u00eeman\u00ean Kurdistana azad da libabibe - Darka Maz\u00ee","robots":{"index":"index","follow":"follow","max-snippet":"max-snippet:-1","max-image-preview":"max-image-preview:large","max-video-preview":"max-video-preview:-1"},"canonical":"https:\/\/darkamazi.info\/archives\/1034264","og_locale":"en_US","og_type":"article","og_title":"Tu \u015fika me j\u00ea tuneye ku Alaya Kurdistan\u00ea d\u00ea miheqeq li ser as\u00eeman\u00ean Kurdistana azad da libabibe - Darka Maz\u00ee","og_description":"Serok\u00ea Gi\u015ft\u00ee y\u00ea PAK\u00ea Mustafa \u00d6z\u00e7elik bi peyama ku we\u015fand Roja Ala Kurdistan\u00ea li hem\u00fb welatiyan p\u00eeroz kir. Mustafa \u00d6z\u00e7elik bi peyama ku we\u015fand Roja Ala Kurdistan\u00ea p\u00eeroz kir. &#8220;Tu \u015fika me j\u00ea tuneye ku Alaya Kurdistan\u00ea d\u00ea miheqeq li ser as\u00eeman\u00ean Kurdistana azad da libabibe. Ji bo Alaya Kurdistan\u00ea li ser as\u00eeman\u00ean her \u00e7ar [&hellip;]","og_url":"https:\/\/darkamazi.info\/archives\/1034264","og_site_name":"Darka Maz\u00ee","article_publisher":"https:\/\/www.facebook.com\/DarMaziKurmanci","article_published_time":"2022-12-17T16:09:52+00:00","article_modified_time":"2022-12-17T16:10:33+00:00","og_image":[{"width":900,"height":497,"url":"https:\/\/darkamazi.info\/file\/2022\/12\/Mustafa-Ozcelik.jpg","type":"image\/jpeg"}],"author":"darka mazi","twitter_card":"summary_large_image","twitter_creator":"@DarkaMaziLatini","twitter_site":"@DarkaMaziLatini","twitter_misc":{"Written by":"darka mazi","Est. reading time":"1 minute"},"schema":{"@context":"https:\/\/schema.org","@graph":[{"@type":"Article","@id":"https:\/\/darkamazi.info\/archives\/1034264#article","isPartOf":{"@id":"https:\/\/darkamazi.info\/archives\/1034264"},"author":{"name":"darka mazi","@id":"https:\/\/darkamazi.info\/#\/schema\/person\/5ad3e24553a0567993fa8ed4bd0a776c"},"headline":"Tu \u015fika me j\u00ea tuneye ku Alaya Kurdistan\u00ea d\u00ea miheqeq li ser as\u00eeman\u00ean Kurdistana azad da libabibe","datePublished":"2022-12-17T16:09:52+00:00","dateModified":"2022-12-17T16:10:33+00:00","mainEntityOfPage":{"@id":"https:\/\/darkamazi.info\/archives\/1034264"},"wordCount":182,"publisher":{"@id":"https:\/\/darkamazi.info\/#organization"},"image":{"@id":"https:\/\/darkamazi.info\/archives\/1034264#primaryimage"},"thumbnailUrl":"https:\/\/darkamazi.info\/file\/2022\/12\/Mustafa-Ozcelik.jpg","articleSection":["Kurdistan"],"inLanguage":"en-US"},{"@type":"WebPage","@id":"https:\/\/darkamazi.info\/archives\/1034264","url":"https:\/\/darkamazi.info\/archives\/1034264","name":"Tu \u015fika me j\u00ea tuneye ku Alaya Kurdistan\u00ea d\u00ea miheqeq li ser as\u00eeman\u00ean Kurdistana azad da libabibe - Darka Maz\u00ee","isPartOf":{"@id":"https:\/\/darkamazi.info\/#website"},"primaryImageOfPage":{"@id":"https:\/\/darkamazi.info\/archives\/1034264#primaryimage"},"image":{"@id":"https:\/\/darkamazi.info\/archives\/1034264#primaryimage"},"thumbnailUrl":"https:\/\/darkamazi.info\/file\/2022\/12\/Mustafa-Ozcelik.jpg","datePublished":"2022-12-17T16:09:52+00:00","dateModified":"2022-12-17T16:10:33+00:00","breadcrumb":{"@id":"https:\/\/darkamazi.info\/archives\/1034264#breadcrumb"},"inLanguage":"en-US","potentialAction":[{"@type":"ReadAction","target":["https:\/\/darkamazi.info\/archives\/1034264"]}]},{"@type":"ImageObject","inLanguage":"en-US","@id":"https:\/\/darkamazi.info\/archives\/1034264#primaryimage","url":"https:\/\/darkamazi.info\/file\/2022\/12\/Mustafa-Ozcelik.jpg","contentUrl":"https:\/\/darkamazi.info\/file\/2022\/12\/Mustafa-Ozcelik.jpg","width":900,"height":497,"caption":"Tu \u015fika me j\u00ea tuneye ku Alaya Kurdistan\u00ea d\u00ea miheqeq li ser as\u00eeman\u00ean Kurdistana azad da libabibe"},{"@type":"BreadcrumbList","@id":"https:\/\/darkamazi.info\/archives\/1034264#breadcrumb","itemListElement":[{"@type":"ListItem","position":1,"name":"Home","item":"https:\/\/darkamazi.info\/"},{"@type":"ListItem","position":2,"name":"Tu \u015fika me j\u00ea tuneye ku Alaya Kurdistan\u00ea d\u00ea miheqeq li ser as\u00eeman\u00ean Kurdistana azad da libabibe"}]},{"@type":"WebSite","@id":"https:\/\/darkamazi.info\/#website","url":"https:\/\/darkamazi.info\/","name":"Darka Maz\u00ee","description":"P\u00eageha Zanyariy\u00ean Nebih\u00eest\u00ee","publisher":{"@id":"https:\/\/darkamazi.info\/#organization"},"potentialAction":[{"@type":"SearchAction","target":{"@type":"EntryPoint","urlTemplate":"https:\/\/darkamazi.info\/?s={search_term_string}"},"query-input":{"@type":"PropertyValueSpecification","valueRequired":true,"valueName":"search_term_string"}}],"inLanguage":"en-US"},{"@type":"Organization","@id":"https:\/\/darkamazi.info\/#organization","name":"Darka Maz\u00ee","url":"https:\/\/darkamazi.info\/","logo":{"@type":"ImageObject","inLanguage":"en-US","@id":"https:\/\/darkamazi.info\/#\/schema\/logo\/image\/","url":"https:\/\/darkamazi.info\/file\/2017\/12\/darka-mazi-logo.png","contentUrl":"https:\/\/darkamazi.info\/file\/2017\/12\/darka-mazi-logo.png","width":151,"height":75,"caption":"Darka Maz\u00ee"},"image":{"@id":"https:\/\/darkamazi.info\/#\/schema\/logo\/image\/"},"sameAs":["https:\/\/www.facebook.com\/DarMaziKurmanci","https:\/\/x.com\/DarkaMaziLatini","https:\/\/www.instagram.com\/darkamazi.kurmanci\/","https:\/\/www.youtube.com\/channel\/UCa5HkTdmI8U1qCUFuTw8B2g"]},{"@type":"Person","@id":"https:\/\/darkamazi.info\/#\/schema\/person\/5ad3e24553a0567993fa8ed4bd0a776c","name":"darka mazi","sameAs":["https:\/\/darkamazi.info\/"],"url":"https:\/\/darkamazi.info\/archives\/author\/kurdi"}]}},"_links":{"self":[{"href":"https:\/\/darkamazi.info\/funavuv\/wp\/v2\/posts\/1034264","targetHints":{"allow":["GET"]}}],"collection":[{"href":"https:\/\/darkamazi.info\/funavuv\/wp\/v2\/posts"}],"about":[{"href":"https:\/\/darkamazi.info\/funavuv\/wp\/v2\/types\/post"}],"author":[{"embeddable":true,"href":"https:\/\/darkamazi.info\/funavuv\/wp\/v2\/users\/2"}],"replies":[{"embeddable":true,"href":"https:\/\/darkamazi.info\/funavuv\/wp\/v2\/comments?post=1034264"}],"version-history":[{"count":0,"href":"https:\/\/darkamazi.info\/funavuv\/wp\/v2\/posts\/1034264\/revisions"}],"wp:featuredmedia":[{"embeddable":true,"href":"https:\/\/darkamazi.info\/funavuv\/wp\/v2\/media\/1034265"}],"wp:attachment":[{"href":"https:\/\/darkamazi.info\/funavuv\/wp\/v2\/media?parent=1034264"}],"wp:term":[{"taxonomy":"category","embeddable":true,"href":"https:\/\/darkamazi.info\/funavuv\/wp\/v2\/categories?post=1034264"},{"taxonomy":"post_tag","embeddable":true,"href":"https:\/\/darkamazi.info\/funavuv\/wp\/v2\/tags?post=1034264"}],"curies":[{"name":"wp","href":"https:\/\/api.w.org\/{rel}","templated":true}]}}