{"id":1034302,"date":"2022-12-20T10:20:13","date_gmt":"2022-12-20T07:20:13","guid":{"rendered":"https:\/\/darkamazi.info\/?p=1034302"},"modified":"2022-12-20T10:20:13","modified_gmt":"2022-12-20T07:20:13","slug":"pkke-arin-di-7-saliye-de-revand-u-di-14-saliya-we-de-kust","status":"publish","type":"post","link":"https:\/\/darkamazi.info\/archives\/1034302","title":{"rendered":"PKK\u00ea Ar\u00een di 7 saliy\u00ea de revand \u00fb di 14 saliya w\u00ea de ku\u015ft"},"content":{"rendered":"<h3 style=\"text-align: justify\"><span style=\"font-family: 'arial black', sans-serif\">R\u00eaxistina PKK\u00ea nasnameya komeke din a ciwanan e\u015fkere kir ku 10 rojan ber\u00ea li \u00e7iyay\u00ea Met\u00een\u00ee dane ku\u015ftin, y\u00eak j\u00ea ke\u00e7eke bi nav\u00ea Ar\u00een ku h\u00eajan di temena zarokt\u00eeya xwe de ye.<\/span><\/h3>\n<h3 style=\"text-align: justify\"><span style=\"font-family: arial, helvetica, sans-serif\">HPG\u00ea bask\u00ea le\u015fker\u00ee y\u00ea PKK\u00ea duh roja du\u015fem\u00ee nasnameya 3 \u00e7ekdar\u00ean xwe e\u015fkere kir ku li l 10 kan\u00fbna \u00eesal 2022 li \u00e7iyay\u00ea Met\u00eenay\u00ea ketine ber \u00ear\u00ee\u015f\u00ean dewleta Tirk \u00fb jiyana xwe ji dest dane, y\u00eak j\u00ea ke\u00e7eke Rojava Kurdistan\u00ea ye ku r\u00eaxistin\u00ea li sala 2013\u00ea revandb\u00fb.<\/span><\/h3>\n<h3 style=\"text-align: justify\"><span style=\"font-family: arial, helvetica, sans-serif\">Ar\u00een weke di w\u00eaney de diyar h\u00eajan di temena zaroktiy\u00ea de ye, hema b\u00eaje 15 yan 16 sal\u00ee ye, di v\u00eedyoyeke w\u00ea de ku ajansa PKK\u00ea ANF \u00ea parvekir\u00ee ye, Ar\u00een bi dev\u00ea xwe dib\u00eaje ez li sala 2013\u00ea tevl\u00ee b\u00fb, wate PKK\u00ea ew di 7 saliya w\u00ea de revandb\u00fb.<\/span><\/h3>\n<h3 style=\"text-align: justify\"><span style=\"font-family: arial, helvetica, sans-serif\">PKKe ji boy \u00e7\u00eakirina \u015fervanan pi\u015ftbestin\u00ea li ser revandina zarok\u00ean Kurdan ji her \u00e7ar per\u00e7ey\u00ean Kurdistan\u00ea dike, Ar\u00een y\u00eak ji wan zarokan b\u00fb y\u00ean ku PKK\u00ea ew ji boy ku\u015ftin\u00ea revand\u00ee, PKKe zarok\u00ean Kurdan weke sotemen\u00eeya \u015fer\u00ea xwe y\u00ea saxte bi kar t\u00eene, wan di rev\u00eene \u00fb ber\u00ea wan dide mirin\u00ea, pi\u015ftre t\u00ea \u00fb bi r\u00fbqay\u00eem\u00ee dib\u00eaje ew h\u00eajay\u00ee Apo derketin!!.<\/span><\/h3>\n","protected":false},"excerpt":{"rendered":"<p>R\u00eaxistina PKK\u00ea nasnameya komeke din a ciwanan e\u015fkere kir ku 10 rojan ber\u00ea li \u00e7iyay\u00ea Met\u00een\u00ee dane ku\u015ftin, y\u00eak j\u00ea ke\u00e7eke bi nav\u00ea Ar\u00een ku h\u00eajan di temena zarokt\u00eeya xwe de ye. HPG\u00ea bask\u00ea le\u015fker\u00ee y\u00ea PKK\u00ea duh roja du\u015fem\u00ee nasnameya 3 \u00e7ekdar\u00ean xwe e\u015fkere kir ku li l 10 kan\u00fbna \u00eesal 2022 li \u00e7iyay\u00ea [&hellip;]<\/p>\n","protected":false},"author":2,"featured_media":1034303,"comment_status":"closed","ping_status":"closed","sticky":false,"template":"","format":"standard","meta":{"footnotes":""},"categories":[29],"tags":[37],"class_list":["post-1034302","post","type-post","status-publish","format-standard","has-post-thumbnail","hentry","category-kurdistan","tag-sereke"],"blocksy_meta":[],"seo_head":"<!-- This site is optimized with the Yoast SEO plugin v27.5 - https:\/\/yoast.com\/product\/yoast-seo-wordpress\/ -->\n<title>PKK\u00ea Ar\u00een di 7 saliy\u00ea de revand \u00fb di 14 saliya w\u00ea de ku\u015ft - Darka Maz\u00ee<\/title>\n<meta name=\"robots\" content=\"index, follow, max-snippet:-1, max-image-preview:large, max-video-preview:-1\" \/>\n<link rel=\"canonical\" href=\"https:\/\/darkamazi.info\/archives\/1034302\" \/>\n<meta property=\"og:locale\" content=\"en_US\" \/>\n<meta property=\"og:type\" content=\"article\" \/>\n<meta property=\"og:title\" content=\"PKK\u00ea Ar\u00een di 7 saliy\u00ea de revand \u00fb di 14 saliya w\u00ea de ku\u015ft - Darka Maz\u00ee\" \/>\n<meta property=\"og:description\" content=\"R\u00eaxistina PKK\u00ea nasnameya komeke din a ciwanan e\u015fkere kir ku 10 rojan ber\u00ea li \u00e7iyay\u00ea Met\u00een\u00ee dane ku\u015ftin, y\u00eak j\u00ea ke\u00e7eke bi nav\u00ea Ar\u00een ku h\u00eajan di temena zarokt\u00eeya xwe de ye. HPG\u00ea bask\u00ea le\u015fker\u00ee y\u00ea PKK\u00ea duh roja du\u015fem\u00ee nasnameya 3 \u00e7ekdar\u00ean xwe e\u015fkere kir ku li l 10 kan\u00fbna \u00eesal 2022 li \u00e7iyay\u00ea [&hellip;]\" \/>\n<meta property=\"og:url\" content=\"https:\/\/darkamazi.info\/archives\/1034302\" \/>\n<meta property=\"og:site_name\" content=\"Darka Maz\u00ee\" \/>\n<meta property=\"article:publisher\" content=\"https:\/\/www.facebook.com\/DarMaziKurmanci\" \/>\n<meta property=\"article:published_time\" content=\"2022-12-20T07:20:13+00:00\" \/>\n<meta property=\"og:image\" content=\"https:\/\/darkamazi.info\/file\/2022\/12\/Pkk-hpg-koban-zarok-kurd-1.jpg\" \/>\n\t<meta property=\"og:image:width\" content=\"900\" \/>\n\t<meta property=\"og:image:height\" content=\"497\" \/>\n\t<meta property=\"og:image:type\" content=\"image\/jpeg\" \/>\n<meta name=\"author\" content=\"darka mazi\" \/>\n<meta name=\"twitter:card\" content=\"summary_large_image\" \/>\n<meta name=\"twitter:creator\" content=\"@DarkaMaziLatini\" \/>\n<meta name=\"twitter:site\" content=\"@DarkaMaziLatini\" \/>\n<meta name=\"twitter:label1\" content=\"Written by\" \/>\n\t<meta name=\"twitter:data1\" content=\"darka mazi\" \/>\n\t<meta name=\"twitter:label2\" content=\"Est. reading time\" \/>\n\t<meta name=\"twitter:data2\" content=\"1 minute\" \/>\n<script type=\"application\/ld+json\" class=\"seo-schema-graph\">{\"@context\":\"https:\\\/\\\/schema.org\",\"@graph\":[{\"@type\":\"Article\",\"@id\":\"https:\\\/\\\/darkamazi.info\\\/archives\\\/1034302#article\",\"isPartOf\":{\"@id\":\"https:\\\/\\\/darkamazi.info\\\/archives\\\/1034302\"},\"author\":{\"name\":\"darka mazi\",\"@id\":\"https:\\\/\\\/darkamazi.info\\\/#\\\/schema\\\/person\\\/5ad3e24553a0567993fa8ed4bd0a776c\"},\"headline\":\"PKK\u00ea Ar\u00een di 7 saliy\u00ea de revand \u00fb di 14 saliya w\u00ea de ku\u015ft\",\"datePublished\":\"2022-12-20T07:20:13+00:00\",\"mainEntityOfPage\":{\"@id\":\"https:\\\/\\\/darkamazi.info\\\/archives\\\/1034302\"},\"wordCount\":233,\"publisher\":{\"@id\":\"https:\\\/\\\/darkamazi.info\\\/#organization\"},\"image\":{\"@id\":\"https:\\\/\\\/darkamazi.info\\\/archives\\\/1034302#primaryimage\"},\"thumbnailUrl\":\"https:\\\/\\\/darkamazi.info\\\/darka-content\\\/uploads\\\/2022\\\/12\\\/Pkk-hpg-koban-zarok-kurd-1.jpg\",\"keywords\":[\"sereke\"],\"articleSection\":[\"Kurdistan\"],\"inLanguage\":\"en-US\"},{\"@type\":\"WebPage\",\"@id\":\"https:\\\/\\\/darkamazi.info\\\/archives\\\/1034302\",\"url\":\"https:\\\/\\\/darkamazi.info\\\/archives\\\/1034302\",\"name\":\"PKK\u00ea Ar\u00een di 7 saliy\u00ea de revand \u00fb di 14 saliya w\u00ea de ku\u015ft - Darka Maz\u00ee\",\"isPartOf\":{\"@id\":\"https:\\\/\\\/darkamazi.info\\\/#website\"},\"primaryImageOfPage\":{\"@id\":\"https:\\\/\\\/darkamazi.info\\\/archives\\\/1034302#primaryimage\"},\"image\":{\"@id\":\"https:\\\/\\\/darkamazi.info\\\/archives\\\/1034302#primaryimage\"},\"thumbnailUrl\":\"https:\\\/\\\/darkamazi.info\\\/darka-content\\\/uploads\\\/2022\\\/12\\\/Pkk-hpg-koban-zarok-kurd-1.jpg\",\"datePublished\":\"2022-12-20T07:20:13+00:00\",\"breadcrumb\":{\"@id\":\"https:\\\/\\\/darkamazi.info\\\/archives\\\/1034302#breadcrumb\"},\"inLanguage\":\"en-US\",\"potentialAction\":[{\"@type\":\"ReadAction\",\"target\":[\"https:\\\/\\\/darkamazi.info\\\/archives\\\/1034302\"]}]},{\"@type\":\"ImageObject\",\"inLanguage\":\"en-US\",\"@id\":\"https:\\\/\\\/darkamazi.info\\\/archives\\\/1034302#primaryimage\",\"url\":\"https:\\\/\\\/darkamazi.info\\\/darka-content\\\/uploads\\\/2022\\\/12\\\/Pkk-hpg-koban-zarok-kurd-1.jpg\",\"contentUrl\":\"https:\\\/\\\/darkamazi.info\\\/darka-content\\\/uploads\\\/2022\\\/12\\\/Pkk-hpg-koban-zarok-kurd-1.jpg\",\"width\":900,\"height\":497,\"caption\":\"Pkk-hpg-koban-zarok-kurd (1)\"},{\"@type\":\"BreadcrumbList\",\"@id\":\"https:\\\/\\\/darkamazi.info\\\/archives\\\/1034302#breadcrumb\",\"itemListElement\":[{\"@type\":\"ListItem\",\"position\":1,\"name\":\"Home\",\"item\":\"https:\\\/\\\/darkamazi.info\\\/\"},{\"@type\":\"ListItem\",\"position\":2,\"name\":\"PKK\u00ea Ar\u00een di 7 saliy\u00ea de revand \u00fb di 14 saliya w\u00ea de ku\u015ft\"}]},{\"@type\":\"WebSite\",\"@id\":\"https:\\\/\\\/darkamazi.info\\\/#website\",\"url\":\"https:\\\/\\\/darkamazi.info\\\/\",\"name\":\"Darka Maz\u00ee\",\"description\":\"P\u00eageha Zanyariy\u00ean Nebih\u00eest\u00ee\",\"publisher\":{\"@id\":\"https:\\\/\\\/darkamazi.info\\\/#organization\"},\"potentialAction\":[{\"@type\":\"SearchAction\",\"target\":{\"@type\":\"EntryPoint\",\"urlTemplate\":\"https:\\\/\\\/darkamazi.info\\\/?s={search_term_string}\"},\"query-input\":{\"@type\":\"PropertyValueSpecification\",\"valueRequired\":true,\"valueName\":\"search_term_string\"}}],\"inLanguage\":\"en-US\"},{\"@type\":\"Organization\",\"@id\":\"https:\\\/\\\/darkamazi.info\\\/#organization\",\"name\":\"Darka Maz\u00ee\",\"url\":\"https:\\\/\\\/darkamazi.info\\\/\",\"logo\":{\"@type\":\"ImageObject\",\"inLanguage\":\"en-US\",\"@id\":\"https:\\\/\\\/darkamazi.info\\\/#\\\/schema\\\/logo\\\/image\\\/\",\"url\":\"https:\\\/\\\/darkamazi.info\\\/darka-content\\\/uploads\\\/2017\\\/12\\\/darka-mazi-logo.png\",\"contentUrl\":\"https:\\\/\\\/darkamazi.info\\\/darka-content\\\/uploads\\\/2017\\\/12\\\/darka-mazi-logo.png\",\"width\":151,\"height\":75,\"caption\":\"Darka Maz\u00ee\"},\"image\":{\"@id\":\"https:\\\/\\\/darkamazi.info\\\/#\\\/schema\\\/logo\\\/image\\\/\"},\"sameAs\":[\"https:\\\/\\\/www.facebook.com\\\/DarMaziKurmanci\",\"https:\\\/\\\/x.com\\\/DarkaMaziLatini\",\"https:\\\/\\\/www.instagram.com\\\/darkamazi.kurmanci\\\/\",\"https:\\\/\\\/www.youtube.com\\\/channel\\\/UCa5HkTdmI8U1qCUFuTw8B2g\"]},{\"@type\":\"Person\",\"@id\":\"https:\\\/\\\/darkamazi.info\\\/#\\\/schema\\\/person\\\/5ad3e24553a0567993fa8ed4bd0a776c\",\"name\":\"darka mazi\",\"sameAs\":[\"https:\\\/\\\/darkamazi.info\\\/\"],\"url\":\"https:\\\/\\\/darkamazi.info\\\/archives\\\/author\\\/kurdi\"}]}<\/script>\n<!-- \/ Yoast SEO plugin. -->","seo_head_json":{"title":"PKK\u00ea Ar\u00een di 7 saliy\u00ea de revand \u00fb di 14 saliya w\u00ea de ku\u015ft - Darka Maz\u00ee","robots":{"index":"index","follow":"follow","max-snippet":"max-snippet:-1","max-image-preview":"max-image-preview:large","max-video-preview":"max-video-preview:-1"},"canonical":"https:\/\/darkamazi.info\/archives\/1034302","og_locale":"en_US","og_type":"article","og_title":"PKK\u00ea Ar\u00een di 7 saliy\u00ea de revand \u00fb di 14 saliya w\u00ea de ku\u015ft - Darka Maz\u00ee","og_description":"R\u00eaxistina PKK\u00ea nasnameya komeke din a ciwanan e\u015fkere kir ku 10 rojan ber\u00ea li \u00e7iyay\u00ea Met\u00een\u00ee dane ku\u015ftin, y\u00eak j\u00ea ke\u00e7eke bi nav\u00ea Ar\u00een ku h\u00eajan di temena zarokt\u00eeya xwe de ye. HPG\u00ea bask\u00ea le\u015fker\u00ee y\u00ea PKK\u00ea duh roja du\u015fem\u00ee nasnameya 3 \u00e7ekdar\u00ean xwe e\u015fkere kir ku li l 10 kan\u00fbna \u00eesal 2022 li \u00e7iyay\u00ea [&hellip;]","og_url":"https:\/\/darkamazi.info\/archives\/1034302","og_site_name":"Darka Maz\u00ee","article_publisher":"https:\/\/www.facebook.com\/DarMaziKurmanci","article_published_time":"2022-12-20T07:20:13+00:00","og_image":[{"width":900,"height":497,"url":"https:\/\/darkamazi.info\/file\/2022\/12\/Pkk-hpg-koban-zarok-kurd-1.jpg","type":"image\/jpeg"}],"author":"darka mazi","twitter_card":"summary_large_image","twitter_creator":"@DarkaMaziLatini","twitter_site":"@DarkaMaziLatini","twitter_misc":{"Written by":"darka mazi","Est. reading time":"1 minute"},"schema":{"@context":"https:\/\/schema.org","@graph":[{"@type":"Article","@id":"https:\/\/darkamazi.info\/archives\/1034302#article","isPartOf":{"@id":"https:\/\/darkamazi.info\/archives\/1034302"},"author":{"name":"darka mazi","@id":"https:\/\/darkamazi.info\/#\/schema\/person\/5ad3e24553a0567993fa8ed4bd0a776c"},"headline":"PKK\u00ea Ar\u00een di 7 saliy\u00ea de revand \u00fb di 14 saliya w\u00ea de ku\u015ft","datePublished":"2022-12-20T07:20:13+00:00","mainEntityOfPage":{"@id":"https:\/\/darkamazi.info\/archives\/1034302"},"wordCount":233,"publisher":{"@id":"https:\/\/darkamazi.info\/#organization"},"image":{"@id":"https:\/\/darkamazi.info\/archives\/1034302#primaryimage"},"thumbnailUrl":"https:\/\/darkamazi.info\/file\/2022\/12\/Pkk-hpg-koban-zarok-kurd-1.jpg","keywords":["sereke"],"articleSection":["Kurdistan"],"inLanguage":"en-US"},{"@type":"WebPage","@id":"https:\/\/darkamazi.info\/archives\/1034302","url":"https:\/\/darkamazi.info\/archives\/1034302","name":"PKK\u00ea Ar\u00een di 7 saliy\u00ea de revand \u00fb di 14 saliya w\u00ea de ku\u015ft - Darka Maz\u00ee","isPartOf":{"@id":"https:\/\/darkamazi.info\/#website"},"primaryImageOfPage":{"@id":"https:\/\/darkamazi.info\/archives\/1034302#primaryimage"},"image":{"@id":"https:\/\/darkamazi.info\/archives\/1034302#primaryimage"},"thumbnailUrl":"https:\/\/darkamazi.info\/file\/2022\/12\/Pkk-hpg-koban-zarok-kurd-1.jpg","datePublished":"2022-12-20T07:20:13+00:00","breadcrumb":{"@id":"https:\/\/darkamazi.info\/archives\/1034302#breadcrumb"},"inLanguage":"en-US","potentialAction":[{"@type":"ReadAction","target":["https:\/\/darkamazi.info\/archives\/1034302"]}]},{"@type":"ImageObject","inLanguage":"en-US","@id":"https:\/\/darkamazi.info\/archives\/1034302#primaryimage","url":"https:\/\/darkamazi.info\/file\/2022\/12\/Pkk-hpg-koban-zarok-kurd-1.jpg","contentUrl":"https:\/\/darkamazi.info\/file\/2022\/12\/Pkk-hpg-koban-zarok-kurd-1.jpg","width":900,"height":497,"caption":"Pkk-hpg-koban-zarok-kurd (1)"},{"@type":"BreadcrumbList","@id":"https:\/\/darkamazi.info\/archives\/1034302#breadcrumb","itemListElement":[{"@type":"ListItem","position":1,"name":"Home","item":"https:\/\/darkamazi.info\/"},{"@type":"ListItem","position":2,"name":"PKK\u00ea Ar\u00een di 7 saliy\u00ea de revand \u00fb di 14 saliya w\u00ea de ku\u015ft"}]},{"@type":"WebSite","@id":"https:\/\/darkamazi.info\/#website","url":"https:\/\/darkamazi.info\/","name":"Darka Maz\u00ee","description":"P\u00eageha Zanyariy\u00ean Nebih\u00eest\u00ee","publisher":{"@id":"https:\/\/darkamazi.info\/#organization"},"potentialAction":[{"@type":"SearchAction","target":{"@type":"EntryPoint","urlTemplate":"https:\/\/darkamazi.info\/?s={search_term_string}"},"query-input":{"@type":"PropertyValueSpecification","valueRequired":true,"valueName":"search_term_string"}}],"inLanguage":"en-US"},{"@type":"Organization","@id":"https:\/\/darkamazi.info\/#organization","name":"Darka Maz\u00ee","url":"https:\/\/darkamazi.info\/","logo":{"@type":"ImageObject","inLanguage":"en-US","@id":"https:\/\/darkamazi.info\/#\/schema\/logo\/image\/","url":"https:\/\/darkamazi.info\/file\/2017\/12\/darka-mazi-logo.png","contentUrl":"https:\/\/darkamazi.info\/file\/2017\/12\/darka-mazi-logo.png","width":151,"height":75,"caption":"Darka Maz\u00ee"},"image":{"@id":"https:\/\/darkamazi.info\/#\/schema\/logo\/image\/"},"sameAs":["https:\/\/www.facebook.com\/DarMaziKurmanci","https:\/\/x.com\/DarkaMaziLatini","https:\/\/www.instagram.com\/darkamazi.kurmanci\/","https:\/\/www.youtube.com\/channel\/UCa5HkTdmI8U1qCUFuTw8B2g"]},{"@type":"Person","@id":"https:\/\/darkamazi.info\/#\/schema\/person\/5ad3e24553a0567993fa8ed4bd0a776c","name":"darka mazi","sameAs":["https:\/\/darkamazi.info\/"],"url":"https:\/\/darkamazi.info\/archives\/author\/kurdi"}]}},"_links":{"self":[{"href":"https:\/\/darkamazi.info\/funavuv\/wp\/v2\/posts\/1034302","targetHints":{"allow":["GET"]}}],"collection":[{"href":"https:\/\/darkamazi.info\/funavuv\/wp\/v2\/posts"}],"about":[{"href":"https:\/\/darkamazi.info\/funavuv\/wp\/v2\/types\/post"}],"author":[{"embeddable":true,"href":"https:\/\/darkamazi.info\/funavuv\/wp\/v2\/users\/2"}],"replies":[{"embeddable":true,"href":"https:\/\/darkamazi.info\/funavuv\/wp\/v2\/comments?post=1034302"}],"version-history":[{"count":0,"href":"https:\/\/darkamazi.info\/funavuv\/wp\/v2\/posts\/1034302\/revisions"}],"wp:featuredmedia":[{"embeddable":true,"href":"https:\/\/darkamazi.info\/funavuv\/wp\/v2\/media\/1034303"}],"wp:attachment":[{"href":"https:\/\/darkamazi.info\/funavuv\/wp\/v2\/media?parent=1034302"}],"wp:term":[{"taxonomy":"category","embeddable":true,"href":"https:\/\/darkamazi.info\/funavuv\/wp\/v2\/categories?post=1034302"},{"taxonomy":"post_tag","embeddable":true,"href":"https:\/\/darkamazi.info\/funavuv\/wp\/v2\/tags?post=1034302"}],"curies":[{"name":"wp","href":"https:\/\/api.w.org\/{rel}","templated":true}]}}