{"id":1034309,"date":"2022-12-20T14:14:51","date_gmt":"2022-12-20T11:14:51","guid":{"rendered":"https:\/\/darkamazi.info\/?p=1034309"},"modified":"2022-12-20T14:14:51","modified_gmt":"2022-12-20T11:14:51","slug":"fermandareka-pkke-hat-kustin","status":"publish","type":"post","link":"https:\/\/darkamazi.info\/archives\/1034309","title":{"rendered":"Fermandareka PKK\u00ea hat ku\u015ftin"},"content":{"rendered":"<h3 style=\"text-align: justify\"><span style=\"font-family: 'arial black', sans-serif\">R\u00eaxistina PKK\u00ea \u00eero ji dest day\u00eena fermandareke xwe ragihand ku li \u00e7iyay\u00ean Amed\u00ea ya Bakur\u00ea Kurdistan\u00ea ket\u00eeye ber \u00ear\u00ee\u015f\u00ean dewleta Tirk.<\/span><\/h3>\n<h3 style=\"text-align: justify\"><span style=\"font-family: arial, helvetica, sans-serif\">Ajansa ANF\u00ea ya PKK\u00ea \u00eero roja s\u00ea\u015fem\u00ee 20\\12\\2022 belav kir ku fermandareka YJA-STAR \u00ea ya bi nav\u00ea D\u00ear\u00een Wan jiyana xwe ji dest da ye, pi\u015ft\u00ee ku li \u00e7iyay\u00ean Amed\u00ea ya Bakur\u00ea Kurdistan\u00ea ket\u00eeye ber \u00ear\u00ee\u015feke dewleta Tirk.<\/span><\/h3>\n<h3 style=\"text-align: justify\"><span style=\"font-family: arial, helvetica, sans-serif\">D\u00ear\u00een Wan dema 11 salan weke fermandara YJA-STAR \u00ea li s\u00eenor\u00ea Amed\u00ea xizmeta r\u00eaxistin\u00ea kir\u00ee ye, herweha ber\u00ea j\u00ee \u00e7ekdareke pijak\u00ea bask\u00ea pekek\u00ea y\u00ea rojihlata kurdistan\u00ea b\u00fb.<\/span><\/h3>\n<h3 style=\"text-align: justify\"><span style=\"font-family: arial, helvetica, sans-serif\">R\u00eaxistina PKK\u00ea ragihandiye ku ew\u00ea li \u00e7iyay\u00ean Amed\u00ea di \u00ear\u00ee\u015feke dewleta Tirk de jiyana xwe ji dest daye \u00fb \u00ee\u015faret nekir kan\u00ea li ti demek\u00ea ew mir\u00ee ye.<\/span><\/h3>\n","protected":false},"excerpt":{"rendered":"<p>R\u00eaxistina PKK\u00ea \u00eero ji dest day\u00eena fermandareke xwe ragihand ku li \u00e7iyay\u00ean Amed\u00ea ya Bakur\u00ea Kurdistan\u00ea ket\u00eeye ber \u00ear\u00ee\u015f\u00ean dewleta Tirk. Ajansa ANF\u00ea ya PKK\u00ea \u00eero roja s\u00ea\u015fem\u00ee 20\\12\\2022 belav kir ku fermandareka YJA-STAR \u00ea ya bi nav\u00ea D\u00ear\u00een Wan jiyana xwe ji dest da ye, pi\u015ft\u00ee ku li \u00e7iyay\u00ean Amed\u00ea ya Bakur\u00ea Kurdistan\u00ea ket\u00eeye [&hellip;]<\/p>\n","protected":false},"author":2,"featured_media":1034310,"comment_status":"closed","ping_status":"closed","sticky":false,"template":"","format":"standard","meta":{"footnotes":""},"categories":[29],"tags":[37],"class_list":["post-1034309","post","type-post","status-publish","format-standard","has-post-thumbnail","hentry","category-kurdistan","tag-sereke"],"blocksy_meta":[],"seo_head":"<!-- This site is optimized with the Yoast SEO plugin v27.5 - https:\/\/yoast.com\/product\/yoast-seo-wordpress\/ -->\n<title>Fermandareka PKK\u00ea hat ku\u015ftin - Darka Maz\u00ee<\/title>\n<meta name=\"robots\" content=\"index, follow, max-snippet:-1, max-image-preview:large, max-video-preview:-1\" \/>\n<link rel=\"canonical\" href=\"https:\/\/darkamazi.info\/archives\/1034309\" \/>\n<meta property=\"og:locale\" content=\"en_US\" \/>\n<meta property=\"og:type\" content=\"article\" \/>\n<meta property=\"og:title\" content=\"Fermandareka PKK\u00ea hat ku\u015ftin - Darka Maz\u00ee\" \/>\n<meta property=\"og:description\" content=\"R\u00eaxistina PKK\u00ea \u00eero ji dest day\u00eena fermandareke xwe ragihand ku li \u00e7iyay\u00ean Amed\u00ea ya Bakur\u00ea Kurdistan\u00ea ket\u00eeye ber \u00ear\u00ee\u015f\u00ean dewleta Tirk. Ajansa ANF\u00ea ya PKK\u00ea \u00eero roja s\u00ea\u015fem\u00ee 20122022 belav kir ku fermandareka YJA-STAR \u00ea ya bi nav\u00ea D\u00ear\u00een Wan jiyana xwe ji dest da ye, pi\u015ft\u00ee ku li \u00e7iyay\u00ean Amed\u00ea ya Bakur\u00ea Kurdistan\u00ea ket\u00eeye [&hellip;]\" \/>\n<meta property=\"og:url\" content=\"https:\/\/darkamazi.info\/archives\/1034309\" \/>\n<meta property=\"og:site_name\" content=\"Darka Maz\u00ee\" \/>\n<meta property=\"article:publisher\" content=\"https:\/\/www.facebook.com\/DarMaziKurmanci\" \/>\n<meta property=\"article:published_time\" content=\"2022-12-20T11:14:51+00:00\" \/>\n<meta property=\"og:image\" content=\"https:\/\/darkamazi.info\/file\/2022\/12\/derin-wan-pkk.jpg\" \/>\n\t<meta property=\"og:image:width\" content=\"900\" \/>\n\t<meta property=\"og:image:height\" content=\"497\" \/>\n\t<meta property=\"og:image:type\" content=\"image\/jpeg\" \/>\n<meta name=\"author\" content=\"darka mazi\" \/>\n<meta name=\"twitter:card\" content=\"summary_large_image\" \/>\n<meta name=\"twitter:creator\" content=\"@DarkaMaziLatini\" \/>\n<meta name=\"twitter:site\" content=\"@DarkaMaziLatini\" \/>\n<meta name=\"twitter:label1\" content=\"Written by\" \/>\n\t<meta name=\"twitter:data1\" content=\"darka mazi\" \/>\n\t<meta name=\"twitter:label2\" content=\"Est. reading time\" \/>\n\t<meta name=\"twitter:data2\" content=\"1 minute\" \/>\n<script type=\"application\/ld+json\" class=\"seo-schema-graph\">{\"@context\":\"https:\\\/\\\/schema.org\",\"@graph\":[{\"@type\":\"Article\",\"@id\":\"https:\\\/\\\/darkamazi.info\\\/archives\\\/1034309#article\",\"isPartOf\":{\"@id\":\"https:\\\/\\\/darkamazi.info\\\/archives\\\/1034309\"},\"author\":{\"name\":\"darka mazi\",\"@id\":\"https:\\\/\\\/darkamazi.info\\\/#\\\/schema\\\/person\\\/5ad3e24553a0567993fa8ed4bd0a776c\"},\"headline\":\"Fermandareka PKK\u00ea hat ku\u015ftin\",\"datePublished\":\"2022-12-20T11:14:51+00:00\",\"mainEntityOfPage\":{\"@id\":\"https:\\\/\\\/darkamazi.info\\\/archives\\\/1034309\"},\"wordCount\":133,\"publisher\":{\"@id\":\"https:\\\/\\\/darkamazi.info\\\/#organization\"},\"image\":{\"@id\":\"https:\\\/\\\/darkamazi.info\\\/archives\\\/1034309#primaryimage\"},\"thumbnailUrl\":\"https:\\\/\\\/darkamazi.info\\\/darka-content\\\/uploads\\\/2022\\\/12\\\/derin-wan-pkk.jpg\",\"keywords\":[\"sereke\"],\"articleSection\":[\"Kurdistan\"],\"inLanguage\":\"en-US\"},{\"@type\":\"WebPage\",\"@id\":\"https:\\\/\\\/darkamazi.info\\\/archives\\\/1034309\",\"url\":\"https:\\\/\\\/darkamazi.info\\\/archives\\\/1034309\",\"name\":\"Fermandareka PKK\u00ea hat ku\u015ftin - Darka Maz\u00ee\",\"isPartOf\":{\"@id\":\"https:\\\/\\\/darkamazi.info\\\/#website\"},\"primaryImageOfPage\":{\"@id\":\"https:\\\/\\\/darkamazi.info\\\/archives\\\/1034309#primaryimage\"},\"image\":{\"@id\":\"https:\\\/\\\/darkamazi.info\\\/archives\\\/1034309#primaryimage\"},\"thumbnailUrl\":\"https:\\\/\\\/darkamazi.info\\\/darka-content\\\/uploads\\\/2022\\\/12\\\/derin-wan-pkk.jpg\",\"datePublished\":\"2022-12-20T11:14:51+00:00\",\"breadcrumb\":{\"@id\":\"https:\\\/\\\/darkamazi.info\\\/archives\\\/1034309#breadcrumb\"},\"inLanguage\":\"en-US\",\"potentialAction\":[{\"@type\":\"ReadAction\",\"target\":[\"https:\\\/\\\/darkamazi.info\\\/archives\\\/1034309\"]}]},{\"@type\":\"ImageObject\",\"inLanguage\":\"en-US\",\"@id\":\"https:\\\/\\\/darkamazi.info\\\/archives\\\/1034309#primaryimage\",\"url\":\"https:\\\/\\\/darkamazi.info\\\/darka-content\\\/uploads\\\/2022\\\/12\\\/derin-wan-pkk.jpg\",\"contentUrl\":\"https:\\\/\\\/darkamazi.info\\\/darka-content\\\/uploads\\\/2022\\\/12\\\/derin-wan-pkk.jpg\",\"width\":900,\"height\":497,\"caption\":\"d\u00ear\u00een-wan-pkk\"},{\"@type\":\"BreadcrumbList\",\"@id\":\"https:\\\/\\\/darkamazi.info\\\/archives\\\/1034309#breadcrumb\",\"itemListElement\":[{\"@type\":\"ListItem\",\"position\":1,\"name\":\"Home\",\"item\":\"https:\\\/\\\/darkamazi.info\\\/\"},{\"@type\":\"ListItem\",\"position\":2,\"name\":\"Fermandareka PKK\u00ea hat ku\u015ftin\"}]},{\"@type\":\"WebSite\",\"@id\":\"https:\\\/\\\/darkamazi.info\\\/#website\",\"url\":\"https:\\\/\\\/darkamazi.info\\\/\",\"name\":\"Darka Maz\u00ee\",\"description\":\"P\u00eageha Zanyariy\u00ean Nebih\u00eest\u00ee\",\"publisher\":{\"@id\":\"https:\\\/\\\/darkamazi.info\\\/#organization\"},\"potentialAction\":[{\"@type\":\"SearchAction\",\"target\":{\"@type\":\"EntryPoint\",\"urlTemplate\":\"https:\\\/\\\/darkamazi.info\\\/?s={search_term_string}\"},\"query-input\":{\"@type\":\"PropertyValueSpecification\",\"valueRequired\":true,\"valueName\":\"search_term_string\"}}],\"inLanguage\":\"en-US\"},{\"@type\":\"Organization\",\"@id\":\"https:\\\/\\\/darkamazi.info\\\/#organization\",\"name\":\"Darka Maz\u00ee\",\"url\":\"https:\\\/\\\/darkamazi.info\\\/\",\"logo\":{\"@type\":\"ImageObject\",\"inLanguage\":\"en-US\",\"@id\":\"https:\\\/\\\/darkamazi.info\\\/#\\\/schema\\\/logo\\\/image\\\/\",\"url\":\"https:\\\/\\\/darkamazi.info\\\/darka-content\\\/uploads\\\/2017\\\/12\\\/darka-mazi-logo.png\",\"contentUrl\":\"https:\\\/\\\/darkamazi.info\\\/darka-content\\\/uploads\\\/2017\\\/12\\\/darka-mazi-logo.png\",\"width\":151,\"height\":75,\"caption\":\"Darka Maz\u00ee\"},\"image\":{\"@id\":\"https:\\\/\\\/darkamazi.info\\\/#\\\/schema\\\/logo\\\/image\\\/\"},\"sameAs\":[\"https:\\\/\\\/www.facebook.com\\\/DarMaziKurmanci\",\"https:\\\/\\\/x.com\\\/DarkaMaziLatini\",\"https:\\\/\\\/www.instagram.com\\\/darkamazi.kurmanci\\\/\",\"https:\\\/\\\/www.youtube.com\\\/channel\\\/UCa5HkTdmI8U1qCUFuTw8B2g\"]},{\"@type\":\"Person\",\"@id\":\"https:\\\/\\\/darkamazi.info\\\/#\\\/schema\\\/person\\\/5ad3e24553a0567993fa8ed4bd0a776c\",\"name\":\"darka mazi\",\"sameAs\":[\"https:\\\/\\\/darkamazi.info\\\/\"],\"url\":\"https:\\\/\\\/darkamazi.info\\\/archives\\\/author\\\/kurdi\"}]}<\/script>\n<!-- \/ Yoast SEO plugin. -->","seo_head_json":{"title":"Fermandareka PKK\u00ea hat ku\u015ftin - Darka Maz\u00ee","robots":{"index":"index","follow":"follow","max-snippet":"max-snippet:-1","max-image-preview":"max-image-preview:large","max-video-preview":"max-video-preview:-1"},"canonical":"https:\/\/darkamazi.info\/archives\/1034309","og_locale":"en_US","og_type":"article","og_title":"Fermandareka PKK\u00ea hat ku\u015ftin - Darka Maz\u00ee","og_description":"R\u00eaxistina PKK\u00ea \u00eero ji dest day\u00eena fermandareke xwe ragihand ku li \u00e7iyay\u00ean Amed\u00ea ya Bakur\u00ea Kurdistan\u00ea ket\u00eeye ber \u00ear\u00ee\u015f\u00ean dewleta Tirk. Ajansa ANF\u00ea ya PKK\u00ea \u00eero roja s\u00ea\u015fem\u00ee 20122022 belav kir ku fermandareka YJA-STAR \u00ea ya bi nav\u00ea D\u00ear\u00een Wan jiyana xwe ji dest da ye, pi\u015ft\u00ee ku li \u00e7iyay\u00ean Amed\u00ea ya Bakur\u00ea Kurdistan\u00ea ket\u00eeye [&hellip;]","og_url":"https:\/\/darkamazi.info\/archives\/1034309","og_site_name":"Darka Maz\u00ee","article_publisher":"https:\/\/www.facebook.com\/DarMaziKurmanci","article_published_time":"2022-12-20T11:14:51+00:00","og_image":[{"width":900,"height":497,"url":"https:\/\/darkamazi.info\/file\/2022\/12\/derin-wan-pkk.jpg","type":"image\/jpeg"}],"author":"darka mazi","twitter_card":"summary_large_image","twitter_creator":"@DarkaMaziLatini","twitter_site":"@DarkaMaziLatini","twitter_misc":{"Written by":"darka mazi","Est. reading time":"1 minute"},"schema":{"@context":"https:\/\/schema.org","@graph":[{"@type":"Article","@id":"https:\/\/darkamazi.info\/archives\/1034309#article","isPartOf":{"@id":"https:\/\/darkamazi.info\/archives\/1034309"},"author":{"name":"darka mazi","@id":"https:\/\/darkamazi.info\/#\/schema\/person\/5ad3e24553a0567993fa8ed4bd0a776c"},"headline":"Fermandareka PKK\u00ea hat ku\u015ftin","datePublished":"2022-12-20T11:14:51+00:00","mainEntityOfPage":{"@id":"https:\/\/darkamazi.info\/archives\/1034309"},"wordCount":133,"publisher":{"@id":"https:\/\/darkamazi.info\/#organization"},"image":{"@id":"https:\/\/darkamazi.info\/archives\/1034309#primaryimage"},"thumbnailUrl":"https:\/\/darkamazi.info\/file\/2022\/12\/derin-wan-pkk.jpg","keywords":["sereke"],"articleSection":["Kurdistan"],"inLanguage":"en-US"},{"@type":"WebPage","@id":"https:\/\/darkamazi.info\/archives\/1034309","url":"https:\/\/darkamazi.info\/archives\/1034309","name":"Fermandareka PKK\u00ea hat ku\u015ftin - Darka Maz\u00ee","isPartOf":{"@id":"https:\/\/darkamazi.info\/#website"},"primaryImageOfPage":{"@id":"https:\/\/darkamazi.info\/archives\/1034309#primaryimage"},"image":{"@id":"https:\/\/darkamazi.info\/archives\/1034309#primaryimage"},"thumbnailUrl":"https:\/\/darkamazi.info\/file\/2022\/12\/derin-wan-pkk.jpg","datePublished":"2022-12-20T11:14:51+00:00","breadcrumb":{"@id":"https:\/\/darkamazi.info\/archives\/1034309#breadcrumb"},"inLanguage":"en-US","potentialAction":[{"@type":"ReadAction","target":["https:\/\/darkamazi.info\/archives\/1034309"]}]},{"@type":"ImageObject","inLanguage":"en-US","@id":"https:\/\/darkamazi.info\/archives\/1034309#primaryimage","url":"https:\/\/darkamazi.info\/file\/2022\/12\/derin-wan-pkk.jpg","contentUrl":"https:\/\/darkamazi.info\/file\/2022\/12\/derin-wan-pkk.jpg","width":900,"height":497,"caption":"d\u00ear\u00een-wan-pkk"},{"@type":"BreadcrumbList","@id":"https:\/\/darkamazi.info\/archives\/1034309#breadcrumb","itemListElement":[{"@type":"ListItem","position":1,"name":"Home","item":"https:\/\/darkamazi.info\/"},{"@type":"ListItem","position":2,"name":"Fermandareka PKK\u00ea hat ku\u015ftin"}]},{"@type":"WebSite","@id":"https:\/\/darkamazi.info\/#website","url":"https:\/\/darkamazi.info\/","name":"Darka Maz\u00ee","description":"P\u00eageha Zanyariy\u00ean Nebih\u00eest\u00ee","publisher":{"@id":"https:\/\/darkamazi.info\/#organization"},"potentialAction":[{"@type":"SearchAction","target":{"@type":"EntryPoint","urlTemplate":"https:\/\/darkamazi.info\/?s={search_term_string}"},"query-input":{"@type":"PropertyValueSpecification","valueRequired":true,"valueName":"search_term_string"}}],"inLanguage":"en-US"},{"@type":"Organization","@id":"https:\/\/darkamazi.info\/#organization","name":"Darka Maz\u00ee","url":"https:\/\/darkamazi.info\/","logo":{"@type":"ImageObject","inLanguage":"en-US","@id":"https:\/\/darkamazi.info\/#\/schema\/logo\/image\/","url":"https:\/\/darkamazi.info\/file\/2017\/12\/darka-mazi-logo.png","contentUrl":"https:\/\/darkamazi.info\/file\/2017\/12\/darka-mazi-logo.png","width":151,"height":75,"caption":"Darka Maz\u00ee"},"image":{"@id":"https:\/\/darkamazi.info\/#\/schema\/logo\/image\/"},"sameAs":["https:\/\/www.facebook.com\/DarMaziKurmanci","https:\/\/x.com\/DarkaMaziLatini","https:\/\/www.instagram.com\/darkamazi.kurmanci\/","https:\/\/www.youtube.com\/channel\/UCa5HkTdmI8U1qCUFuTw8B2g"]},{"@type":"Person","@id":"https:\/\/darkamazi.info\/#\/schema\/person\/5ad3e24553a0567993fa8ed4bd0a776c","name":"darka mazi","sameAs":["https:\/\/darkamazi.info\/"],"url":"https:\/\/darkamazi.info\/archives\/author\/kurdi"}]}},"_links":{"self":[{"href":"https:\/\/darkamazi.info\/funavuv\/wp\/v2\/posts\/1034309","targetHints":{"allow":["GET"]}}],"collection":[{"href":"https:\/\/darkamazi.info\/funavuv\/wp\/v2\/posts"}],"about":[{"href":"https:\/\/darkamazi.info\/funavuv\/wp\/v2\/types\/post"}],"author":[{"embeddable":true,"href":"https:\/\/darkamazi.info\/funavuv\/wp\/v2\/users\/2"}],"replies":[{"embeddable":true,"href":"https:\/\/darkamazi.info\/funavuv\/wp\/v2\/comments?post=1034309"}],"version-history":[{"count":0,"href":"https:\/\/darkamazi.info\/funavuv\/wp\/v2\/posts\/1034309\/revisions"}],"wp:featuredmedia":[{"embeddable":true,"href":"https:\/\/darkamazi.info\/funavuv\/wp\/v2\/media\/1034310"}],"wp:attachment":[{"href":"https:\/\/darkamazi.info\/funavuv\/wp\/v2\/media?parent=1034309"}],"wp:term":[{"taxonomy":"category","embeddable":true,"href":"https:\/\/darkamazi.info\/funavuv\/wp\/v2\/categories?post=1034309"},{"taxonomy":"post_tag","embeddable":true,"href":"https:\/\/darkamazi.info\/funavuv\/wp\/v2\/tags?post=1034309"}],"curies":[{"name":"wp","href":"https:\/\/api.w.org\/{rel}","templated":true}]}}