{"id":1034323,"date":"2022-12-20T15:26:23","date_gmt":"2022-12-20T12:26:23","guid":{"rendered":"https:\/\/darkamazi.info\/?p=1034323"},"modified":"2022-12-20T15:26:23","modified_gmt":"2022-12-20T12:26:23","slug":"pak-psk-u-hereketa-azadi-erisa-li-ser-ala-kurdistane-sermezar-dikin","status":"publish","type":"post","link":"https:\/\/darkamazi.info\/archives\/1034323","title":{"rendered":"PAK, PSK \u00fb Hereketa Azad\u00ee \u00ear\u00ee\u015fa li ser Ala Kurdistan\u00ea \u015fermezar dikin"},"content":{"rendered":"<h3 style=\"text-align: justify\"><span style=\"font-family: 'arial black', sans-serif\">Hereketa Azad\u00ee, Part\u00eeya\u00a0 Azad\u00eeya Kurdistan\u00ea (PAK) \u00fb Part\u00eeya\u00a0 Sosyal\u00eest a Kurdistan\u00ea (PSK) \u00ear\u00ee\u015fa li ser Ala Kurdistan\u00ea bi daxuyaniyek\u00ea \u015fermezar kirin \u00fb gotin: \u201cEm\u00ea ser\u00ea xwe li himber\u00ee tu \u00ear\u00ee\u015fan netew\u00eenin; Alaya Kurdistan\u00ea nirxa me ya netewey\u00ee ye.\u201d<\/span><\/h3>\n<h3 style=\"text-align: justify\">Li bajar\u00ea Diyarbekir\u00ea y\u00ea Bakur\u00ea Kurdistan\u00ea duh\u00ee Du\u015fem\u00ea 19\u00ea Berfanbara 2022yan li h\u00eaz\u00ean asay\u00ee\u015f\u00ea av\u00eatin ser avahiy\u00ean Partiya Azadiya Kurdistan\u00ea (PAK), Partiya Sosyal\u00eest a Kurdistan\u00ea (PSK) \u00fb Hereketa Azad\u00ee \u00fb alay\u00ean Kurdistan\u00ea y\u00ean li avahiy\u00ean wan an\u00een xwar\u00ea.<\/h3>\n<h3 style=\"text-align: justify\">Di v\u00ea derbar\u00ea de PAK, PSK \u00fb Hereketa Azad\u00ee \u00eero li Diyarbekir di konferanseke rojnamevan\u00ee de daxuyaniyeke hevbe\u015f xwendin \u00fb ev kiryar \u015fermezar kirin \u00fb gotin: \u201cEm v\u00ea biryara Serdozger\u00ea Cimh\u00fbr\u00eeyet\u00ea y\u00ea Amed\u00ea \u00fb helwesta pol\u00ees\u00ean Emn\u00eeyeta Amed\u00ea ya li ser Hereketa Azad\u00ee, PAK \u00fb PSKy\u00ea j\u00ee, \u00ear\u00ee\u015f\u00ean ber\u00ea j\u00ee, wek \u00ear\u00ee\u015f\u00ean li himber\u00ee nirxa netewey\u00ee, ni\u015ftiman\u00ee ya gel\u00ea Kurdistan\u00ea, \u00ear\u00ee\u015feke li himber azad\u00eeya xwe \u00eefadekirin\u00ea \u00fb azad\u00eeya xebata r\u00eaxistin\u00ee dib\u00eenin.\u201d<\/h3>\n<h3 style=\"text-align: justify\"><span style=\"font-family: 'arial black', sans-serif\">Daxuyaniya PAK, PSK \u00fb Hereketa Azad\u00ee:<\/span><\/h3>\n<h3 style=\"text-align: justify\">Em\u00ea ser\u00ea xwe li himber\u00ee tu \u00ear\u00ee\u015fan netew\u00eenin; Alaya Kurdistan\u00ea nirxa me ya netewey\u00ee ye<\/h3>\n<h3 style=\"text-align: justify\">Li ser daxwaza Serdozger\u00ea Cimh\u00fbr\u00eeyet\u00ea y\u00ea Amed\u00ea\u00a0 \u00fb bi \u00eezna Dadgeha Sulh \u00fb Cezay\u00ea ya Yekem a Amed\u00ea , pol\u00ees\u00ean Emn\u00eeyeta Amed\u00ea, roja 19.12.2022y\u00ea av\u00eatin ser Te\u015fk\u00eelat\u00ean Amed\u00ea y\u00ean Hereketa Azad\u00ee, PAK \u00fb PSKy\u00ea.<\/h3>\n<h3 style=\"text-align: justify\">Wek\u00ee t\u00ea zan\u00een bi minasebeta Roja Alaya Kurdistan\u00ea Hereketa Azad\u00ee, PAK \u00fb PSKy\u00ea li Te\u015fk\u00eelat\u00ean xwe y\u00ean Amed\u00ea Alaya Kurdistan\u00ea hilda b\u00fbn.\u00db wek n\u00fb\u00e7e di hinek malperan da w\u00eaney\u00ean hildana Alaya Kurdistan\u00ea ya Hereketa Azad\u00ee, PAK \u00fb PSKy\u00ea hatib\u00fbn belav kirin.<\/h3>\n<h3 style=\"text-align: justify\">Hinek kes\u00ean n\u00eejadperest, di sosyal medyay\u00ea da van w\u00eaneyan kirib\u00fbn sebeb\u00ea \u00ear\u00ee\u015fa li dij\u00ee Alaya Kurdistan\u00ea \u00fb Hereketa Azad\u00ee, PAK \u00fb PSKy\u00ea j\u00ee wek hedef n\u00ee\u015fan dab\u00fbn.<\/h3>\n<h3 style=\"text-align: justify\">Serdozger\u00ea Cimh\u00fbr\u00eeyet\u00ea y\u00ea Amed\u00ea\u00a0 n\u00eev\u00ees\u00ean van n\u00eejadperestan y\u00ean li ser sosyal medyay\u00ea wek \u015f\u00eekayet qeb\u00fbl kir\u00eeye \u00fb bi \u00eezna Dadgeha Sulh \u00fb Cezay\u00ea ya Yekem a Amed\u00ea \u00eezna liger\u00een\u00ea wergirt\u00eeye.<\/h3>\n<h3 style=\"text-align: justify\">Pol\u00ees\u00ean ku av\u00eatine ser avah\u00eey\u00ean\u00a0 Hereketa Azad\u00ee, PAK \u00fb PSKy\u00ea ew belgeya \u00eezn\u00ea n\u00ee\u015fan\u00ee r\u00eavebir\u00ean hers\u00ea part\u00ee \u00fb hereketan dane \u00fb dest bi l\u00eager\u00eena nav avah\u00eey\u00ean hers\u00ea part\u00ee \u00fb hereketan kirine \u00fb gotine \u2018\u2019Ji ber ku we Alaya Kurdistan\u00ea li ser tabelaya te\u015fk\u00eelata xwe hildaye, Serdozger\u00ea Cimh\u00fbr\u00eeyet\u00ea y\u00ea Amed\u00ea \u00eezna l\u00eager\u00eena nav avah\u00eey\u00ea daye me. Em ji bo v\u00ea sedem\u00ea hatine\u2019\u2019. Di dema l\u00eagr\u00een\u00ea da par\u00eazeran part\u00eey\u00ean me j\u00ee li avah\u00eey\u00ean me amade b\u00fbn.<\/h3>\n<h3 style=\"text-align: justify\">Her\u00e7iqas, sedema van l\u00eager\u00eenan wek Alaya Kurdistan\u00ea hatibe n\u00ee\u015fandan j\u00ee, pol\u00eesan, li ser emr\u00ea serdozger\u00ee, dest dan\u00eene ser hem\u00fb komp\u00eetur, dokuman\u00ean ferm\u00ee, dosya, pirt\u00fbk, kovar, af\u00ee\u015f \u00fb alay\u00ean Kurdistan\u00ea \u00fb birine Emn\u00eeyeta D\u00eeyarbekir\u00ea.<\/h3>\n<h3 style=\"text-align: justify\">Pol\u00ees\u00ean Emn\u00eeyeta Amed\u00ea C\u00eehgir\u00ea Serok\u00ea Gi\u015ft\u00ee y\u00ea PAK\u00ea N\u00fbr\u00fbllah T\u00eem\u00fbr, Sekreter\u00ea Gi\u015ft\u00ee\u00a0 y\u00ea Hereketa Azad\u00ee Met\u00een P\u00eeran\u00ee j\u00ee ji bo \u00eefadey\u00ea bi xwe ra birin Emn\u00eeyeta D\u00eeyarbekir\u00ea. Pi\u015ft\u00ee ku \u00eefadeya wan ji al\u00eey\u00ea Serdozger\u00ea Cimh\u00fbr\u00eeyet\u00ea y\u00ea Amed\u00ea ve hate girtin, N\u00fbr\u00fbllah T\u00eem\u00fbr di eyn\u00ee\u00a0 \u015fev\u00ea da, Metin Pirani ji di sip\u00eadeya roja 20.12.2022y\u00ea da\u00a0 hate\u00a0 berdan.<\/h3>\n<h3 style=\"text-align: justify\">Helbete ku \u00ear\u00ee\u015f \u00fb qedexey\u00ean li ser Alaya Kurdistan\u00ea ne cara yekem e ku p\u00eak t\u00ean. Li Bakur\u00ea Kurdistan\u00ea \u00fb li Tirk\u00eeyey\u00ea gelek caran Alaya Kurdistan\u00ea r\u00fb bi r\u00fby\u00ee \u00ear\u00ee\u015f \u00fb qedexeyan b\u00fbne. Roja 17\u00ea \u00c7ileya P\u00ea\u015f\u00een ji ber ku Alaya Kurdistan\u00ea hildane, berpirs\u00ean CNKy\u00ea J\u00eeyan T\u00eem\u00fbrta\u015f \u00fb \u015eerzan Kili\u00e7aslan j\u00ee li Amed\u00ea hatine desteser kirin \u00fb h\u00eena j\u00ee nehatine berdan. Em v\u00ea biryara Serdozger\u00ea Cimh\u00fbr\u00eeyet\u00ea y\u00ea Amed\u00ea \u00fb helwesta pol\u00ees\u00ean Emn\u00eeyeta Amed\u00ea ya li ser Hereketa Azad\u00ee, PAK \u00fb PSKy\u00ea j\u00ee, \u00ear\u00ee\u015f\u00ean ber\u00ea j\u00ee, wek \u00ear\u00ee\u015f\u00ean li himber\u00ee nirxa netewey\u00ee, ni\u015ftiman\u00ee ya gel\u00ea Kurdistan\u00ea , \u00ear\u00ee\u015feke li himber azad\u00eeya xwe \u00eefade kirin\u00ea \u00fb azad\u00eeya xebata r\u00eaxistin\u00ee dib\u00eenin. Em van \u00ear\u00ee\u015fan, van biryaran \u015fermezar dikin.<\/h3>\n<h3 style=\"text-align: justify\">Alaya Kurdistan\u00ea nirxeke her\u00ee mezin a netewey\u00ee, ni\u015ftiman\u00ee ya hem\u00fb Kurd \u00fb\u00a0 Kurdistan\u00eey\u00ean c\u00eehan\u00ea ye. Tu kes nikare v\u00ea nirx\u00ea netewey\u00ee qedexe bike. Em tu qedexey\u00ean li ser Alaya Kurdistan\u00ea qeb\u00fbl nakin, em\u00ea li himber\u00ee tu \u00ear\u00ee\u015fan ser\u00ea xwe netew\u00eenin.<\/h3>\n<h3 style=\"text-align: justify\">Em, qedexe, b\u00ear\u00eaz\u00ee \u00fb \u00ear\u00ee\u015f\u00ean\u00a0 Dewleta Tirk\u00eeyey\u00ea \u00fb y\u00ean n\u00eejadperestan y\u00ean li ser Alaya Kurdistan\u00ea, \u015fermezar dikin.<\/h3>\n<h3 style=\"text-align: justify\">Alaya Kurdistan\u00ea herweha alaya ferm\u00ee ya Her\u00eama Federe ya Ba\u015f\u00fbr\u00ea Kurdistan\u00ea ye j\u00ee. Alaya Kurdistan\u00ea li gor\u00ee Qan\u00fbna Bingeh\u00een a Federe ya Iraq\u00ea j\u00ee , alayeke ferm\u00ee ye ku hem\u00fb dewlet\u00ean c\u00eehan\u00ea j\u00ee qeb\u00fbl kirine.<\/h3>\n<h3 style=\"text-align: justify\">Gelek caran Serokkomar \u00fb wez\u00eer\u00ean Dewleta Tirk\u00eeyey\u00ea, li gel Alaya Tirk\u00eeyey\u00ea, bi Alaya Kurdistan\u00ea\u00a0 j\u00ee hevd\u00eetin\u00ean ferm\u00ee li gel Rayadar\u00ean Her\u00eama Kurdistan\u00ea\u00a0 kirine.<\/h3>\n<h3 style=\"text-align: justify\">Pol\u00ees\u00ean Amed\u00ea gotin em\u00a0 ji bo Alaya Kurdistan\u00ea hatine li nava avah\u00eey\u00ean\u00a0 te\u015fk\u00eelat\u00ean hers\u00ea part\u00ee \u00fb hereketan bigerin ; l\u00ea\u00a0 di encam\u00ea da, li gel alay\u00ean Kurdistan\u00ea dest dan\u00eene ser hem\u00fb komp\u00eetur, dokument\u00ean ferm\u00ee, kovar \u00fb af\u00ee\u015f\u00ean \u00fb e\u015fyay\u00ean din y\u00ean li hers\u00ea avah\u00eeyan. Ev j\u00ee binp\u00eakirina maf\u00ea azad\u00eeya raman\u00ee \u00fb azad\u00eeya xebata r\u00eaxistin\u00ee ye.<\/h3>\n<h3 style=\"text-align: justify\">Bel\u00ea, Alaya Kurdistan\u00ea nirxa me ya neetwey\u00ee ye \u00fb em\u00ea her \u00fb her hildin.<\/h3>\n<h3 style=\"text-align: justify\">Em\u00ea ser\u00ea xwe li himber\u00ee tu \u00ear\u00ee\u015fan netew\u00eenin.<\/h3>\n","protected":false},"excerpt":{"rendered":"<p>Hereketa Azad\u00ee, Part\u00eeya\u00a0 Azad\u00eeya Kurdistan\u00ea (PAK) \u00fb Part\u00eeya\u00a0 Sosyal\u00eest a Kurdistan\u00ea (PSK) \u00ear\u00ee\u015fa li ser Ala Kurdistan\u00ea bi daxuyaniyek\u00ea \u015fermezar kirin \u00fb gotin: \u201cEm\u00ea ser\u00ea xwe li himber\u00ee tu \u00ear\u00ee\u015fan netew\u00eenin; Alaya Kurdistan\u00ea nirxa me ya netewey\u00ee ye.\u201d Li bajar\u00ea Diyarbekir\u00ea y\u00ea Bakur\u00ea Kurdistan\u00ea duh\u00ee Du\u015fem\u00ea 19\u00ea Berfanbara 2022yan li h\u00eaz\u00ean asay\u00ee\u015f\u00ea av\u00eatin ser avahiy\u00ean [&hellip;]<\/p>\n","protected":false},"author":2,"featured_media":1034324,"comment_status":"closed","ping_status":"closed","sticky":false,"template":"","format":"standard","meta":{"footnotes":""},"categories":[29],"tags":[37],"class_list":["post-1034323","post","type-post","status-publish","format-standard","has-post-thumbnail","hentry","category-kurdistan","tag-sereke"],"blocksy_meta":[],"seo_head":"<!-- This site is optimized with the Yoast SEO plugin v27.5 - https:\/\/yoast.com\/product\/yoast-seo-wordpress\/ -->\n<title>PAK, PSK \u00fb Hereketa Azad\u00ee \u00ear\u00ee\u015fa li ser Ala Kurdistan\u00ea \u015fermezar dikin - Darka Maz\u00ee<\/title>\n<meta name=\"robots\" content=\"index, follow, max-snippet:-1, max-image-preview:large, max-video-preview:-1\" \/>\n<link rel=\"canonical\" href=\"https:\/\/darkamazi.info\/archives\/1034323\" \/>\n<meta property=\"og:locale\" content=\"en_US\" \/>\n<meta property=\"og:type\" content=\"article\" \/>\n<meta property=\"og:title\" content=\"PAK, PSK \u00fb Hereketa Azad\u00ee \u00ear\u00ee\u015fa li ser Ala Kurdistan\u00ea \u015fermezar dikin - Darka Maz\u00ee\" \/>\n<meta property=\"og:description\" content=\"Hereketa Azad\u00ee, Part\u00eeya\u00a0 Azad\u00eeya Kurdistan\u00ea (PAK) \u00fb Part\u00eeya\u00a0 Sosyal\u00eest a Kurdistan\u00ea (PSK) \u00ear\u00ee\u015fa li ser Ala Kurdistan\u00ea bi daxuyaniyek\u00ea \u015fermezar kirin \u00fb gotin: \u201cEm\u00ea ser\u00ea xwe li himber\u00ee tu \u00ear\u00ee\u015fan netew\u00eenin; Alaya Kurdistan\u00ea nirxa me ya netewey\u00ee ye.\u201d Li bajar\u00ea Diyarbekir\u00ea y\u00ea Bakur\u00ea Kurdistan\u00ea duh\u00ee Du\u015fem\u00ea 19\u00ea Berfanbara 2022yan li h\u00eaz\u00ean asay\u00ee\u015f\u00ea av\u00eatin ser avahiy\u00ean [&hellip;]\" \/>\n<meta property=\"og:url\" content=\"https:\/\/darkamazi.info\/archives\/1034323\" \/>\n<meta property=\"og:site_name\" content=\"Darka Maz\u00ee\" \/>\n<meta property=\"article:publisher\" content=\"https:\/\/www.facebook.com\/DarMaziKurmanci\" \/>\n<meta property=\"article:published_time\" content=\"2022-12-20T12:26:23+00:00\" \/>\n<meta property=\"og:image\" content=\"https:\/\/darkamazi.info\/file\/2022\/12\/PSK-PAK-HEREKETA-AZADIYE.jpg\" \/>\n\t<meta property=\"og:image:width\" content=\"900\" \/>\n\t<meta property=\"og:image:height\" content=\"497\" \/>\n\t<meta property=\"og:image:type\" content=\"image\/jpeg\" \/>\n<meta name=\"author\" content=\"darka mazi\" \/>\n<meta name=\"twitter:card\" content=\"summary_large_image\" \/>\n<meta name=\"twitter:creator\" content=\"@DarkaMaziLatini\" \/>\n<meta name=\"twitter:site\" content=\"@DarkaMaziLatini\" \/>\n<meta name=\"twitter:label1\" content=\"Written by\" \/>\n\t<meta name=\"twitter:data1\" content=\"darka mazi\" \/>\n\t<meta name=\"twitter:label2\" content=\"Est. reading time\" \/>\n\t<meta name=\"twitter:data2\" content=\"4 minutes\" \/>\n<script type=\"application\/ld+json\" class=\"seo-schema-graph\">{\"@context\":\"https:\\\/\\\/schema.org\",\"@graph\":[{\"@type\":\"Article\",\"@id\":\"https:\\\/\\\/darkamazi.info\\\/archives\\\/1034323#article\",\"isPartOf\":{\"@id\":\"https:\\\/\\\/darkamazi.info\\\/archives\\\/1034323\"},\"author\":{\"name\":\"darka mazi\",\"@id\":\"https:\\\/\\\/darkamazi.info\\\/#\\\/schema\\\/person\\\/5ad3e24553a0567993fa8ed4bd0a776c\"},\"headline\":\"PAK, PSK \u00fb Hereketa Azad\u00ee \u00ear\u00ee\u015fa li ser Ala Kurdistan\u00ea \u015fermezar dikin\",\"datePublished\":\"2022-12-20T12:26:23+00:00\",\"mainEntityOfPage\":{\"@id\":\"https:\\\/\\\/darkamazi.info\\\/archives\\\/1034323\"},\"wordCount\":942,\"publisher\":{\"@id\":\"https:\\\/\\\/darkamazi.info\\\/#organization\"},\"image\":{\"@id\":\"https:\\\/\\\/darkamazi.info\\\/archives\\\/1034323#primaryimage\"},\"thumbnailUrl\":\"https:\\\/\\\/darkamazi.info\\\/darka-content\\\/uploads\\\/2022\\\/12\\\/PSK-PAK-HEREKETA-AZADIYE.jpg\",\"keywords\":[\"sereke\"],\"articleSection\":[\"Kurdistan\"],\"inLanguage\":\"en-US\"},{\"@type\":\"WebPage\",\"@id\":\"https:\\\/\\\/darkamazi.info\\\/archives\\\/1034323\",\"url\":\"https:\\\/\\\/darkamazi.info\\\/archives\\\/1034323\",\"name\":\"PAK, PSK \u00fb Hereketa Azad\u00ee \u00ear\u00ee\u015fa li ser Ala Kurdistan\u00ea \u015fermezar dikin - Darka Maz\u00ee\",\"isPartOf\":{\"@id\":\"https:\\\/\\\/darkamazi.info\\\/#website\"},\"primaryImageOfPage\":{\"@id\":\"https:\\\/\\\/darkamazi.info\\\/archives\\\/1034323#primaryimage\"},\"image\":{\"@id\":\"https:\\\/\\\/darkamazi.info\\\/archives\\\/1034323#primaryimage\"},\"thumbnailUrl\":\"https:\\\/\\\/darkamazi.info\\\/darka-content\\\/uploads\\\/2022\\\/12\\\/PSK-PAK-HEREKETA-AZADIYE.jpg\",\"datePublished\":\"2022-12-20T12:26:23+00:00\",\"breadcrumb\":{\"@id\":\"https:\\\/\\\/darkamazi.info\\\/archives\\\/1034323#breadcrumb\"},\"inLanguage\":\"en-US\",\"potentialAction\":[{\"@type\":\"ReadAction\",\"target\":[\"https:\\\/\\\/darkamazi.info\\\/archives\\\/1034323\"]}]},{\"@type\":\"ImageObject\",\"inLanguage\":\"en-US\",\"@id\":\"https:\\\/\\\/darkamazi.info\\\/archives\\\/1034323#primaryimage\",\"url\":\"https:\\\/\\\/darkamazi.info\\\/darka-content\\\/uploads\\\/2022\\\/12\\\/PSK-PAK-HEREKETA-AZADIYE.jpg\",\"contentUrl\":\"https:\\\/\\\/darkamazi.info\\\/darka-content\\\/uploads\\\/2022\\\/12\\\/PSK-PAK-HEREKETA-AZADIYE.jpg\",\"width\":900,\"height\":497,\"caption\":\"PAK, PSK \u00fb Hereketa Azad\u00ee \u00ear\u00ee\u015fa li ser Ala Kurdistan\u00ea \u015fermezar dikin\"},{\"@type\":\"BreadcrumbList\",\"@id\":\"https:\\\/\\\/darkamazi.info\\\/archives\\\/1034323#breadcrumb\",\"itemListElement\":[{\"@type\":\"ListItem\",\"position\":1,\"name\":\"Home\",\"item\":\"https:\\\/\\\/darkamazi.info\\\/\"},{\"@type\":\"ListItem\",\"position\":2,\"name\":\"PAK, PSK \u00fb Hereketa Azad\u00ee \u00ear\u00ee\u015fa li ser Ala Kurdistan\u00ea \u015fermezar dikin\"}]},{\"@type\":\"WebSite\",\"@id\":\"https:\\\/\\\/darkamazi.info\\\/#website\",\"url\":\"https:\\\/\\\/darkamazi.info\\\/\",\"name\":\"Darka Maz\u00ee\",\"description\":\"P\u00eageha Zanyariy\u00ean Nebih\u00eest\u00ee\",\"publisher\":{\"@id\":\"https:\\\/\\\/darkamazi.info\\\/#organization\"},\"potentialAction\":[{\"@type\":\"SearchAction\",\"target\":{\"@type\":\"EntryPoint\",\"urlTemplate\":\"https:\\\/\\\/darkamazi.info\\\/?s={search_term_string}\"},\"query-input\":{\"@type\":\"PropertyValueSpecification\",\"valueRequired\":true,\"valueName\":\"search_term_string\"}}],\"inLanguage\":\"en-US\"},{\"@type\":\"Organization\",\"@id\":\"https:\\\/\\\/darkamazi.info\\\/#organization\",\"name\":\"Darka Maz\u00ee\",\"url\":\"https:\\\/\\\/darkamazi.info\\\/\",\"logo\":{\"@type\":\"ImageObject\",\"inLanguage\":\"en-US\",\"@id\":\"https:\\\/\\\/darkamazi.info\\\/#\\\/schema\\\/logo\\\/image\\\/\",\"url\":\"https:\\\/\\\/darkamazi.info\\\/darka-content\\\/uploads\\\/2017\\\/12\\\/darka-mazi-logo.png\",\"contentUrl\":\"https:\\\/\\\/darkamazi.info\\\/darka-content\\\/uploads\\\/2017\\\/12\\\/darka-mazi-logo.png\",\"width\":151,\"height\":75,\"caption\":\"Darka Maz\u00ee\"},\"image\":{\"@id\":\"https:\\\/\\\/darkamazi.info\\\/#\\\/schema\\\/logo\\\/image\\\/\"},\"sameAs\":[\"https:\\\/\\\/www.facebook.com\\\/DarMaziKurmanci\",\"https:\\\/\\\/x.com\\\/DarkaMaziLatini\",\"https:\\\/\\\/www.instagram.com\\\/darkamazi.kurmanci\\\/\",\"https:\\\/\\\/www.youtube.com\\\/channel\\\/UCa5HkTdmI8U1qCUFuTw8B2g\"]},{\"@type\":\"Person\",\"@id\":\"https:\\\/\\\/darkamazi.info\\\/#\\\/schema\\\/person\\\/5ad3e24553a0567993fa8ed4bd0a776c\",\"name\":\"darka mazi\",\"sameAs\":[\"https:\\\/\\\/darkamazi.info\\\/\"],\"url\":\"https:\\\/\\\/darkamazi.info\\\/archives\\\/author\\\/kurdi\"}]}<\/script>\n<!-- \/ Yoast SEO plugin. -->","seo_head_json":{"title":"PAK, PSK \u00fb Hereketa Azad\u00ee \u00ear\u00ee\u015fa li ser Ala Kurdistan\u00ea \u015fermezar dikin - Darka Maz\u00ee","robots":{"index":"index","follow":"follow","max-snippet":"max-snippet:-1","max-image-preview":"max-image-preview:large","max-video-preview":"max-video-preview:-1"},"canonical":"https:\/\/darkamazi.info\/archives\/1034323","og_locale":"en_US","og_type":"article","og_title":"PAK, PSK \u00fb Hereketa Azad\u00ee \u00ear\u00ee\u015fa li ser Ala Kurdistan\u00ea \u015fermezar dikin - Darka Maz\u00ee","og_description":"Hereketa Azad\u00ee, Part\u00eeya\u00a0 Azad\u00eeya Kurdistan\u00ea (PAK) \u00fb Part\u00eeya\u00a0 Sosyal\u00eest a Kurdistan\u00ea (PSK) \u00ear\u00ee\u015fa li ser Ala Kurdistan\u00ea bi daxuyaniyek\u00ea \u015fermezar kirin \u00fb gotin: \u201cEm\u00ea ser\u00ea xwe li himber\u00ee tu \u00ear\u00ee\u015fan netew\u00eenin; Alaya Kurdistan\u00ea nirxa me ya netewey\u00ee ye.\u201d Li bajar\u00ea Diyarbekir\u00ea y\u00ea Bakur\u00ea Kurdistan\u00ea duh\u00ee Du\u015fem\u00ea 19\u00ea Berfanbara 2022yan li h\u00eaz\u00ean asay\u00ee\u015f\u00ea av\u00eatin ser avahiy\u00ean [&hellip;]","og_url":"https:\/\/darkamazi.info\/archives\/1034323","og_site_name":"Darka Maz\u00ee","article_publisher":"https:\/\/www.facebook.com\/DarMaziKurmanci","article_published_time":"2022-12-20T12:26:23+00:00","og_image":[{"width":900,"height":497,"url":"https:\/\/darkamazi.info\/file\/2022\/12\/PSK-PAK-HEREKETA-AZADIYE.jpg","type":"image\/jpeg"}],"author":"darka mazi","twitter_card":"summary_large_image","twitter_creator":"@DarkaMaziLatini","twitter_site":"@DarkaMaziLatini","twitter_misc":{"Written by":"darka mazi","Est. reading time":"4 minutes"},"schema":{"@context":"https:\/\/schema.org","@graph":[{"@type":"Article","@id":"https:\/\/darkamazi.info\/archives\/1034323#article","isPartOf":{"@id":"https:\/\/darkamazi.info\/archives\/1034323"},"author":{"name":"darka mazi","@id":"https:\/\/darkamazi.info\/#\/schema\/person\/5ad3e24553a0567993fa8ed4bd0a776c"},"headline":"PAK, PSK \u00fb Hereketa Azad\u00ee \u00ear\u00ee\u015fa li ser Ala Kurdistan\u00ea \u015fermezar dikin","datePublished":"2022-12-20T12:26:23+00:00","mainEntityOfPage":{"@id":"https:\/\/darkamazi.info\/archives\/1034323"},"wordCount":942,"publisher":{"@id":"https:\/\/darkamazi.info\/#organization"},"image":{"@id":"https:\/\/darkamazi.info\/archives\/1034323#primaryimage"},"thumbnailUrl":"https:\/\/darkamazi.info\/file\/2022\/12\/PSK-PAK-HEREKETA-AZADIYE.jpg","keywords":["sereke"],"articleSection":["Kurdistan"],"inLanguage":"en-US"},{"@type":"WebPage","@id":"https:\/\/darkamazi.info\/archives\/1034323","url":"https:\/\/darkamazi.info\/archives\/1034323","name":"PAK, PSK \u00fb Hereketa Azad\u00ee \u00ear\u00ee\u015fa li ser Ala Kurdistan\u00ea \u015fermezar dikin - Darka Maz\u00ee","isPartOf":{"@id":"https:\/\/darkamazi.info\/#website"},"primaryImageOfPage":{"@id":"https:\/\/darkamazi.info\/archives\/1034323#primaryimage"},"image":{"@id":"https:\/\/darkamazi.info\/archives\/1034323#primaryimage"},"thumbnailUrl":"https:\/\/darkamazi.info\/file\/2022\/12\/PSK-PAK-HEREKETA-AZADIYE.jpg","datePublished":"2022-12-20T12:26:23+00:00","breadcrumb":{"@id":"https:\/\/darkamazi.info\/archives\/1034323#breadcrumb"},"inLanguage":"en-US","potentialAction":[{"@type":"ReadAction","target":["https:\/\/darkamazi.info\/archives\/1034323"]}]},{"@type":"ImageObject","inLanguage":"en-US","@id":"https:\/\/darkamazi.info\/archives\/1034323#primaryimage","url":"https:\/\/darkamazi.info\/file\/2022\/12\/PSK-PAK-HEREKETA-AZADIYE.jpg","contentUrl":"https:\/\/darkamazi.info\/file\/2022\/12\/PSK-PAK-HEREKETA-AZADIYE.jpg","width":900,"height":497,"caption":"PAK, PSK \u00fb Hereketa Azad\u00ee \u00ear\u00ee\u015fa li ser Ala Kurdistan\u00ea \u015fermezar dikin"},{"@type":"BreadcrumbList","@id":"https:\/\/darkamazi.info\/archives\/1034323#breadcrumb","itemListElement":[{"@type":"ListItem","position":1,"name":"Home","item":"https:\/\/darkamazi.info\/"},{"@type":"ListItem","position":2,"name":"PAK, PSK \u00fb Hereketa Azad\u00ee \u00ear\u00ee\u015fa li ser Ala Kurdistan\u00ea \u015fermezar dikin"}]},{"@type":"WebSite","@id":"https:\/\/darkamazi.info\/#website","url":"https:\/\/darkamazi.info\/","name":"Darka Maz\u00ee","description":"P\u00eageha Zanyariy\u00ean Nebih\u00eest\u00ee","publisher":{"@id":"https:\/\/darkamazi.info\/#organization"},"potentialAction":[{"@type":"SearchAction","target":{"@type":"EntryPoint","urlTemplate":"https:\/\/darkamazi.info\/?s={search_term_string}"},"query-input":{"@type":"PropertyValueSpecification","valueRequired":true,"valueName":"search_term_string"}}],"inLanguage":"en-US"},{"@type":"Organization","@id":"https:\/\/darkamazi.info\/#organization","name":"Darka Maz\u00ee","url":"https:\/\/darkamazi.info\/","logo":{"@type":"ImageObject","inLanguage":"en-US","@id":"https:\/\/darkamazi.info\/#\/schema\/logo\/image\/","url":"https:\/\/darkamazi.info\/file\/2017\/12\/darka-mazi-logo.png","contentUrl":"https:\/\/darkamazi.info\/file\/2017\/12\/darka-mazi-logo.png","width":151,"height":75,"caption":"Darka Maz\u00ee"},"image":{"@id":"https:\/\/darkamazi.info\/#\/schema\/logo\/image\/"},"sameAs":["https:\/\/www.facebook.com\/DarMaziKurmanci","https:\/\/x.com\/DarkaMaziLatini","https:\/\/www.instagram.com\/darkamazi.kurmanci\/","https:\/\/www.youtube.com\/channel\/UCa5HkTdmI8U1qCUFuTw8B2g"]},{"@type":"Person","@id":"https:\/\/darkamazi.info\/#\/schema\/person\/5ad3e24553a0567993fa8ed4bd0a776c","name":"darka mazi","sameAs":["https:\/\/darkamazi.info\/"],"url":"https:\/\/darkamazi.info\/archives\/author\/kurdi"}]}},"_links":{"self":[{"href":"https:\/\/darkamazi.info\/funavuv\/wp\/v2\/posts\/1034323","targetHints":{"allow":["GET"]}}],"collection":[{"href":"https:\/\/darkamazi.info\/funavuv\/wp\/v2\/posts"}],"about":[{"href":"https:\/\/darkamazi.info\/funavuv\/wp\/v2\/types\/post"}],"author":[{"embeddable":true,"href":"https:\/\/darkamazi.info\/funavuv\/wp\/v2\/users\/2"}],"replies":[{"embeddable":true,"href":"https:\/\/darkamazi.info\/funavuv\/wp\/v2\/comments?post=1034323"}],"version-history":[{"count":0,"href":"https:\/\/darkamazi.info\/funavuv\/wp\/v2\/posts\/1034323\/revisions"}],"wp:featuredmedia":[{"embeddable":true,"href":"https:\/\/darkamazi.info\/funavuv\/wp\/v2\/media\/1034324"}],"wp:attachment":[{"href":"https:\/\/darkamazi.info\/funavuv\/wp\/v2\/media?parent=1034323"}],"wp:term":[{"taxonomy":"category","embeddable":true,"href":"https:\/\/darkamazi.info\/funavuv\/wp\/v2\/categories?post=1034323"},{"taxonomy":"post_tag","embeddable":true,"href":"https:\/\/darkamazi.info\/funavuv\/wp\/v2\/tags?post=1034323"}],"curies":[{"name":"wp","href":"https:\/\/api.w.org\/{rel}","templated":true}]}}