{"id":1034343,"date":"2022-12-20T21:13:31","date_gmt":"2022-12-20T18:13:31","guid":{"rendered":"https:\/\/darkamazi.info\/?p=1034343"},"modified":"2022-12-20T21:13:31","modified_gmt":"2022-12-20T18:13:31","slug":"pengava-fesadiya-pkk-e-ya-nu-pdk-e-erisa-perexe-daye-kirin","status":"publish","type":"post","link":"https:\/\/darkamazi.info\/archives\/1034343","title":{"rendered":"P\u00eangava fesadiya PKK \u00ea ya n\u00fb: PDK \u00ea \u00ear\u00ee\u015fa Perex\u00ea daye kirin"},"content":{"rendered":"<h3 style=\"text-align: justify\"><span style=\"font-family: 'arial black', sans-serif\">Medya ya PKK \u00ea di van du heftey\u00ean daw\u00ee de p\u00eangavek\u00ee man\u00eepulasyon\u00ea ya n\u00fb daye destp\u00ea kirin. Armanca v\u00ea p\u00eangav\u00ea ew e ku t\u00eagihi\u015ftinek\u00ee wiha; \u201cPDK \u00fb Tirkiye bi hev re li dij\u00ee hik\u00fbmeta n\u00fb ya Iraq\u00ea planan dikin\u201d \u00e7\u00eabike.<\/span><\/h3>\n<h3 style=\"text-align: justify\">Her\u00ee daw\u00ee xebatkar\u00ea HPG B\u00eem \u00ea Kurtay Serhat niv\u00eesek bi nav\u00ea \u201cKomkujiya Perex, PDK \u00fb plana esas\u00ee\u201d hat we\u015fandin. Di niv\u00ees\u00ea de de senaryoyek p\u00eakenok hat amadekirin ku \u00ear\u00ee\u015fa Perex rast\u00ee plan \u00fb zan\u00eena PDK \u00ea p\u00eak hatiye. Medyaya PKK \u00ea ji bo v\u00ea \u015fanoya xwe bi gel bide bawer kirin hinek derew\u00ean bi zengil j\u00ee p\u00eava kirin e.<\/h3>\n<h3 style=\"text-align: justify\">Yekem\u00een agahiya derew a niv\u00eesa Kurtay wiha ye; Ne tesaduf e ku medyay\u00ean ser bi PDK \u00ea \u00fb bi taybet\u00ee Mesr\u00fbr Barzan\u00ee di dema komkujiy\u00ea de \u00fb beriya w\u00ea j\u00ee li wir bin, wesayit\u00ean we\u015fana zind\u00ee j\u00ee li wir amade b\u00fbn\u201d Bi rast\u00ee j\u00ee rew\u015fek wisa tuneb\u00fb. Medyaya Ereb \u00fb Kurd bi hevdem\u00ee yekem agah\u00ee parve kirin ku li Perex\u00ea siv\u00eel hatine gulebarankirin. Y\u00ean ku agah\u00ee belav kir\u00een j\u00ee ge\u015ft\u00eeyar\u00ean di w\u00ea b\u00fbyer\u00eada b\u00fbn. Di nava medyaya civak\u00ee de demildest belav b\u00fbn. B\u00fbyer her kes\u00fbkar\u00ean qurban\u00eeyan belav kir. Y\u00ean li wir rast\u00ee \u00eari\u015fa Tirkan hat\u00ee di tor\u00ean komalayet\u00ee de video \u00fb w\u00ean\u00ean v\u00ea b\u00fbyera xemg\u00een parve kirin.<\/h3>\n<h3 style=\"text-align: justify\">Ya duyem\u00een Kurtay Serhad Got: \u201cPDK \u00ea dewleta Tirk agahdar kir ku siv\u00eel hene \u00fb kord\u00eenat dan. L\u00ea PDK \u00ea nizanib\u00fb ku Ereb li wir hene. Dema ku qurban\u00ee Ereb b\u00fbn plana PDK \u00ea j\u00ee p\u00fb\u00e7 b\u00fb.&#8221; Bi gelemper\u00ee,\u00a0 seyrangeha Perex rojane p\u00ea\u015fwaz\u00ee bi hezaran ge\u015ft\u00eeyar\u00ean Ereb dike. Bi otobus\u00ean mezin li seryrangeh\u00ean ba\u015f\u00fbr digerin. Piraniya wan Ereb in. Herwiha hem\u00fb otomb\u00eel\u00ean derbas\u00ee seyrangehan dibin ji xala kontrol\u00ea ya h\u00eaz\u00ean P\u00ea\u015fmerge \u00fb asayi\u015f\u00ea re derbas dibin. Yan\u00ee ne mimk\u00fbn e ku nasnameya w\u00ee cemawer\u00ea \u00e7\u00fbne wir ney\u00ean zan\u00een.<\/h3>\n<h3 style=\"text-align: justify\">H\u00eajay\u00ee gotin\u00ea ye j\u00ee ku pi\u015ft\u00ee r\u00fbdana b\u00fbyer\u00ea, wez\u00eer\u00ea derve y\u00ea hik\u00fbmeta Iraq\u00ea F\u00fbad Hus\u00ean (r\u00eaveberek\u00ee payabilind y\u00ea PDK \u00ea ye) be\u015fdar\u00ee Tv b\u00fb \u00fb bi e\u015fkere gotiye. \u201c\u00car\u00ee\u015f ji aliy\u00ea dewleta Tirk ve hatiye kirin, ne mimk\u00fbn e ku art\u00ea\u015fa tirk nizanibin ku ew siv\u00eel in.\u201d Bi v\u00ee away\u00ee Tirkiye \u015fermezar kir.<\/h3>\n<h3 style=\"text-align: justify\">Her wiha di war\u00ea manew\u00ee \u00fb daray\u00ee de ya ku her\u00ee z\u00eade zirar d\u00eet ji \u00ear\u00ee\u015fa Perex, Hik\u00fbmeta Her\u00eama Kurdistan\u00ea b\u00fb. H\u00fbn dikarin li anal\u00eeza ku DarkaMazi ber\u00ea li ser v\u00ea mijar\u00ea we\u015fandiye bin\u00eare:<a href=\"https:\/\/darkamazi.info\/archives\/1031377\"> https:\/\/darkamazi.info\/archives\/1031377<\/a><\/h3>\n<h3 style=\"text-align: justify\">PKK dixwaze hik\u00fbmeta n\u00fb provoke bike<\/h3>\n<h3 style=\"text-align: justify\">Kurtay Serhad keseke ku her\u00ee daw\u00ee li ser nav\u00ea HPG \u00ea di medyaya PKK \u00ea de cih girtiye \u00fb agah\u00ee dide \u00fb \u015f\u00eeroveyan dike. Yan\u00ee mijara gotin\u00ean w\u00ee ji al\u00eey\u00ea Mirad Qarayilan ve t\u00ean d\u00eeyarkirin. \u00c7apemeniya PKK \u00ea ji yek navend\u00ea t\u00ea me\u015fandin. Ango kesek nikare ji ber xwe ve ti\u015ftek\u00ee biniv\u00eese \u00fb belav bike. Her \u00e7end niv\u00ees li ser nav\u00ea Kurtay be j\u00ee n\u00eeyet \u00fb plana PKK ya ku dixwaze bi v\u00ea derew\u00ea t\u00eagehek\u00ee dij\u00ee Kurdistan\u00ea li cem r\u00eaveberiya Bexday\u00ea ya n\u00fb de \u00e7\u00ea bike e\u015fkere ye.<\/h3>\n<h3 style=\"text-align: justify\">Kurtay Serhad bi kurt\u00ee di niv\u00eesa xwe de hewl dide \u00fb dib\u00eaje, \u201c\u00car\u00ee\u015fa Perex\u00ea bi hevkariya dewleta Tirk \u00fb PDK \u00ea hatib\u00fb plankirin \u00fb Kazim\u00ee serokwez\u00eer\u00ea Iraq\u00ea y\u00ea w\u00ea dem\u00ea j\u00ee hevkar\u00ea w\u00ea b\u00fb. Kazim\u00ee ji bo ku Ereb bertek nedin li ser b\u00fbyer\u00ea girt. Li \u015f\u00fbna ku Sadir bertek\u00ean gel ber bi Tirkiyey\u00ea ve bibe, gel li dij\u00ee Mecl\u00ees\u00ea seferber kir.&#8221;<\/h3>\n<h3 style=\"text-align: justify\">Wek t\u00ea zan\u00een PKK dilgiran e ji w\u00ea yek\u00ea ku PDK \u00ea di avakirina hik\u00fbmeta n\u00fb \u00fb hilbijartin\u00ean serokomariya Iraq\u00ea de roleke bibandor l\u00eest. Her wiha PKK ji p\u00eakan\u00eena r\u00eakeftina PDK \u00ea ya li gel p\u00eakhatey\u00ean hik\u00fbmeta n\u00fb nerehet e. Ji bo v\u00ea j\u00ee hewl dide hin derdor\u00ean \u015e\u00eee y\u00ean li Bexday\u00ea ku t\u00eakiliy\u00ean wan y\u00ean demdir\u00eaj bi wan re hene provoke bike \u00fb nakokiy\u00ean n\u00fb di hik\u00fbmet\u00ea de \u00e7\u00eabike.<\/h3>\n<h3 style=\"text-align: justify\">PKK p\u00ea nerehete ku pasewan\u00ean s\u00eenor\u00ee y\u00ean ser bi Iraq\u00ea ve li xal\u00ean s\u00eenor hatine bi c\u00eeh kirin<\/h3>\n<h3 style=\"text-align: justify\">Ew bi taybet\u00ee ji r\u00eakeftin\u00ean v\u00ea dawiy\u00ea y\u00ean di navbera hik\u00fbmet\u00ean Bexda \u00fb Hewl\u00ear\u00ea de ji bo parastina s\u00eenor\u00ean li gel Iraq \u00fb \u00ceran\u00ea nerehet e.<\/h3>\n<h3 style=\"text-align: justify\">Di 12\u00ea Kan\u00fbn\u00ea de \u015fandeke Enc\u00fbmena Asayi\u015fa Ni\u015ftiman\u00ee ya Iraq\u00ea \u00e7\u00fbb\u00fb Hewl\u00ear\u00ea. Li ser c\u00eebic\u00eekirina biryara parastina s\u00eenor\u00ean Iraq\u00ea ji \u00eari\u015f\u00ean Tirk\u00eey\u00ea \u00fb \u00ceran\u00ea got\u00fbb\u00eaj kir. Di hevd\u00eetin\u00ea de li ser dan\u00eena par\u00eazvan\u00ean s\u00eenor li 26 xal\u00ean s\u00eenor lihevkirinek hat kirin. Ev peyman bi \u015fert\u00ea ku h\u00eaz\u00ean p\u00ea\u015fmerge pi\u015ftgir\u00eeya h\u00eaz\u00ean z\u00earevan\u00ean s\u00eenor bikin, hat er\u00eakirin. Ev biryar rast\u00ee berteka Pkk \u00ea hat. \u00c7apemeniya PKK \u00ea n\u00fb\u00e7ey\u00ean weke ev biryar p\u00eak nay\u00ea, belav kirin.<\/h3>\n<h3 style=\"text-align: justify\">Ji ber ku peymana parastina s\u00eenor peymanek e ku d\u00ea plan\u00ean cuda \u00fb hevpar \u00ean PKK \u00fb heta dewleta Tirk t\u00eak bibe. Ji ber ku bicihkirina h\u00eazan di wan xal\u00ean diyarkir\u00ee de t\u00ea w\u00ea watey\u00ea ku PKK nikare weke ku dixwaze aloz\u00eeyan derbixe \u00fb Pkk bilez ji bo p\u00ea\u015f\u00eegirtina li v\u00ea yek\u00ea ket nava liv \u00fb tevger\u00ea.<\/h3>\n<h3 style=\"text-align: justify\">PKK \u00ea ber\u00ea xwe zivirand Bexda<\/h3>\n<h3 style=\"text-align: justify\">PKK \u00ea ji bo xwe bigih\u00eene rojnamevan, rew\u015fenb\u00eer \u00fb siyasetmedar\u00ean derdora Haydar Abad\u00ee \u00fb N\u00fbr\u00ee Malik\u00ee ku bi wan re t\u00eakiliy\u00ean demdir\u00eaj heb\u00fbn \u00fb bi \u00ceran\u00ea re peyman \u00e7\u00eakirib\u00fb, dest bi p\u00eangaveke n\u00fb kir. Bi \u015fandina hin kadro \u00fb endam\u00ean medyay\u00ea y\u00ean Ereb\u00ee dizanin bo Bexday\u00ea hewl dide bi van kesan re t\u00eakil\u00ee deyne. Bi v\u00ee away\u00ee dixwaze hik\u00fbmeta n\u00fb \u00fb hevkar\u00ean w\u00ea li dij\u00ee PDK \u00ea provoke bike. Bi taybet\u00ee j\u00ee bi gotin\u00ean \u201cPDK, Sadr, Kazim\u00ee \u00fb Tirkiye li dij\u00ee we \u015fir\u00eek\u00ean hev b\u00fbn\u201d bi v\u00ee \u015f\u00eawaz\u00ee dixwaze nakokiy\u00ean ber\u00ea hey\u00ee k\u00fbrtir bike.<\/h3>\n","protected":false},"excerpt":{"rendered":"<p>Medya ya PKK \u00ea di van du heftey\u00ean daw\u00ee de p\u00eangavek\u00ee man\u00eepulasyon\u00ea ya n\u00fb daye destp\u00ea kirin. Armanca v\u00ea p\u00eangav\u00ea ew e ku t\u00eagihi\u015ftinek\u00ee wiha; \u201cPDK \u00fb Tirkiye bi hev re li dij\u00ee hik\u00fbmeta n\u00fb ya Iraq\u00ea planan dikin\u201d \u00e7\u00eabike. Her\u00ee daw\u00ee xebatkar\u00ea HPG B\u00eem \u00ea Kurtay Serhat niv\u00eesek bi nav\u00ea \u201cKomkujiya Perex, PDK \u00fb [&hellip;]<\/p>\n","protected":false},"author":2,"featured_media":1034344,"comment_status":"closed","ping_status":"closed","sticky":false,"template":"","format":"standard","meta":{"footnotes":""},"categories":[68],"tags":[37],"class_list":["post-1034343","post","type-post","status-publish","format-standard","has-post-thumbnail","hentry","category-analiz","tag-sereke"],"blocksy_meta":[],"seo_head":"<!-- This site is optimized with the Yoast SEO plugin v27.5 - https:\/\/yoast.com\/product\/yoast-seo-wordpress\/ -->\n<title>P\u00eangava fesadiya PKK \u00ea ya n\u00fb: PDK \u00ea \u00ear\u00ee\u015fa Perex\u00ea daye kirin - Darka Maz\u00ee<\/title>\n<meta name=\"robots\" content=\"index, follow, max-snippet:-1, max-image-preview:large, max-video-preview:-1\" \/>\n<link rel=\"canonical\" href=\"https:\/\/darkamazi.info\/archives\/1034343\" \/>\n<meta property=\"og:locale\" content=\"en_US\" \/>\n<meta property=\"og:type\" content=\"article\" \/>\n<meta property=\"og:title\" content=\"P\u00eangava fesadiya PKK \u00ea ya n\u00fb: PDK \u00ea \u00ear\u00ee\u015fa Perex\u00ea daye kirin - Darka Maz\u00ee\" \/>\n<meta property=\"og:description\" content=\"Medya ya PKK \u00ea di van du heftey\u00ean daw\u00ee de p\u00eangavek\u00ee man\u00eepulasyon\u00ea ya n\u00fb daye destp\u00ea kirin. Armanca v\u00ea p\u00eangav\u00ea ew e ku t\u00eagihi\u015ftinek\u00ee wiha; \u201cPDK \u00fb Tirkiye bi hev re li dij\u00ee hik\u00fbmeta n\u00fb ya Iraq\u00ea planan dikin\u201d \u00e7\u00eabike. Her\u00ee daw\u00ee xebatkar\u00ea HPG B\u00eem \u00ea Kurtay Serhat niv\u00eesek bi nav\u00ea \u201cKomkujiya Perex, PDK \u00fb [&hellip;]\" \/>\n<meta property=\"og:url\" content=\"https:\/\/darkamazi.info\/archives\/1034343\" \/>\n<meta property=\"og:site_name\" content=\"Darka Maz\u00ee\" \/>\n<meta property=\"article:publisher\" content=\"https:\/\/www.facebook.com\/DarMaziKurmanci\" \/>\n<meta property=\"article:published_time\" content=\"2022-12-20T18:13:31+00:00\" \/>\n<meta property=\"og:image\" content=\"https:\/\/darkamazi.info\/file\/2022\/12\/perex.jpg\" \/>\n\t<meta property=\"og:image:width\" content=\"900\" \/>\n\t<meta property=\"og:image:height\" content=\"500\" \/>\n\t<meta property=\"og:image:type\" content=\"image\/jpeg\" \/>\n<meta name=\"author\" content=\"darka mazi\" \/>\n<meta name=\"twitter:card\" content=\"summary_large_image\" \/>\n<meta name=\"twitter:creator\" content=\"@DarkaMaziLatini\" \/>\n<meta name=\"twitter:site\" content=\"@DarkaMaziLatini\" \/>\n<meta name=\"twitter:label1\" content=\"Written by\" \/>\n\t<meta name=\"twitter:data1\" content=\"darka mazi\" \/>\n\t<meta name=\"twitter:label2\" content=\"Est. reading time\" \/>\n\t<meta name=\"twitter:data2\" content=\"4 minutes\" \/>\n<script type=\"application\/ld+json\" class=\"seo-schema-graph\">{\"@context\":\"https:\\\/\\\/schema.org\",\"@graph\":[{\"@type\":\"Article\",\"@id\":\"https:\\\/\\\/darkamazi.info\\\/archives\\\/1034343#article\",\"isPartOf\":{\"@id\":\"https:\\\/\\\/darkamazi.info\\\/archives\\\/1034343\"},\"author\":{\"name\":\"darka mazi\",\"@id\":\"https:\\\/\\\/darkamazi.info\\\/#\\\/schema\\\/person\\\/5ad3e24553a0567993fa8ed4bd0a776c\"},\"headline\":\"P\u00eangava fesadiya PKK \u00ea ya n\u00fb: PDK \u00ea \u00ear\u00ee\u015fa Perex\u00ea daye kirin\",\"datePublished\":\"2022-12-20T18:13:31+00:00\",\"mainEntityOfPage\":{\"@id\":\"https:\\\/\\\/darkamazi.info\\\/archives\\\/1034343\"},\"wordCount\":1043,\"publisher\":{\"@id\":\"https:\\\/\\\/darkamazi.info\\\/#organization\"},\"image\":{\"@id\":\"https:\\\/\\\/darkamazi.info\\\/archives\\\/1034343#primaryimage\"},\"thumbnailUrl\":\"https:\\\/\\\/darkamazi.info\\\/darka-content\\\/uploads\\\/2022\\\/12\\\/perex.jpg\",\"keywords\":[\"sereke\"],\"articleSection\":[\"Anal\u00eez\"],\"inLanguage\":\"en-US\"},{\"@type\":\"WebPage\",\"@id\":\"https:\\\/\\\/darkamazi.info\\\/archives\\\/1034343\",\"url\":\"https:\\\/\\\/darkamazi.info\\\/archives\\\/1034343\",\"name\":\"P\u00eangava fesadiya PKK \u00ea ya n\u00fb: PDK \u00ea \u00ear\u00ee\u015fa Perex\u00ea daye kirin - Darka Maz\u00ee\",\"isPartOf\":{\"@id\":\"https:\\\/\\\/darkamazi.info\\\/#website\"},\"primaryImageOfPage\":{\"@id\":\"https:\\\/\\\/darkamazi.info\\\/archives\\\/1034343#primaryimage\"},\"image\":{\"@id\":\"https:\\\/\\\/darkamazi.info\\\/archives\\\/1034343#primaryimage\"},\"thumbnailUrl\":\"https:\\\/\\\/darkamazi.info\\\/darka-content\\\/uploads\\\/2022\\\/12\\\/perex.jpg\",\"datePublished\":\"2022-12-20T18:13:31+00:00\",\"breadcrumb\":{\"@id\":\"https:\\\/\\\/darkamazi.info\\\/archives\\\/1034343#breadcrumb\"},\"inLanguage\":\"en-US\",\"potentialAction\":[{\"@type\":\"ReadAction\",\"target\":[\"https:\\\/\\\/darkamazi.info\\\/archives\\\/1034343\"]}]},{\"@type\":\"ImageObject\",\"inLanguage\":\"en-US\",\"@id\":\"https:\\\/\\\/darkamazi.info\\\/archives\\\/1034343#primaryimage\",\"url\":\"https:\\\/\\\/darkamazi.info\\\/darka-content\\\/uploads\\\/2022\\\/12\\\/perex.jpg\",\"contentUrl\":\"https:\\\/\\\/darkamazi.info\\\/darka-content\\\/uploads\\\/2022\\\/12\\\/perex.jpg\",\"width\":900,\"height\":500,\"caption\":\"P\u00eangava fesadiya PKK \u00ea ya n\u00fb: PDK \u00ea \u00ear\u00ee\u015fa Perex\u00ea daye kirin\"},{\"@type\":\"BreadcrumbList\",\"@id\":\"https:\\\/\\\/darkamazi.info\\\/archives\\\/1034343#breadcrumb\",\"itemListElement\":[{\"@type\":\"ListItem\",\"position\":1,\"name\":\"Home\",\"item\":\"https:\\\/\\\/darkamazi.info\\\/\"},{\"@type\":\"ListItem\",\"position\":2,\"name\":\"P\u00eangava fesadiya PKK \u00ea ya n\u00fb: PDK \u00ea \u00ear\u00ee\u015fa Perex\u00ea daye kirin\"}]},{\"@type\":\"WebSite\",\"@id\":\"https:\\\/\\\/darkamazi.info\\\/#website\",\"url\":\"https:\\\/\\\/darkamazi.info\\\/\",\"name\":\"Darka Maz\u00ee\",\"description\":\"P\u00eageha Zanyariy\u00ean Nebih\u00eest\u00ee\",\"publisher\":{\"@id\":\"https:\\\/\\\/darkamazi.info\\\/#organization\"},\"potentialAction\":[{\"@type\":\"SearchAction\",\"target\":{\"@type\":\"EntryPoint\",\"urlTemplate\":\"https:\\\/\\\/darkamazi.info\\\/?s={search_term_string}\"},\"query-input\":{\"@type\":\"PropertyValueSpecification\",\"valueRequired\":true,\"valueName\":\"search_term_string\"}}],\"inLanguage\":\"en-US\"},{\"@type\":\"Organization\",\"@id\":\"https:\\\/\\\/darkamazi.info\\\/#organization\",\"name\":\"Darka Maz\u00ee\",\"url\":\"https:\\\/\\\/darkamazi.info\\\/\",\"logo\":{\"@type\":\"ImageObject\",\"inLanguage\":\"en-US\",\"@id\":\"https:\\\/\\\/darkamazi.info\\\/#\\\/schema\\\/logo\\\/image\\\/\",\"url\":\"https:\\\/\\\/darkamazi.info\\\/darka-content\\\/uploads\\\/2017\\\/12\\\/darka-mazi-logo.png\",\"contentUrl\":\"https:\\\/\\\/darkamazi.info\\\/darka-content\\\/uploads\\\/2017\\\/12\\\/darka-mazi-logo.png\",\"width\":151,\"height\":75,\"caption\":\"Darka Maz\u00ee\"},\"image\":{\"@id\":\"https:\\\/\\\/darkamazi.info\\\/#\\\/schema\\\/logo\\\/image\\\/\"},\"sameAs\":[\"https:\\\/\\\/www.facebook.com\\\/DarMaziKurmanci\",\"https:\\\/\\\/x.com\\\/DarkaMaziLatini\",\"https:\\\/\\\/www.instagram.com\\\/darkamazi.kurmanci\\\/\",\"https:\\\/\\\/www.youtube.com\\\/channel\\\/UCa5HkTdmI8U1qCUFuTw8B2g\"]},{\"@type\":\"Person\",\"@id\":\"https:\\\/\\\/darkamazi.info\\\/#\\\/schema\\\/person\\\/5ad3e24553a0567993fa8ed4bd0a776c\",\"name\":\"darka mazi\",\"sameAs\":[\"https:\\\/\\\/darkamazi.info\\\/\"],\"url\":\"https:\\\/\\\/darkamazi.info\\\/archives\\\/author\\\/kurdi\"}]}<\/script>\n<!-- \/ Yoast SEO plugin. -->","seo_head_json":{"title":"P\u00eangava fesadiya PKK \u00ea ya n\u00fb: PDK \u00ea \u00ear\u00ee\u015fa Perex\u00ea daye kirin - Darka Maz\u00ee","robots":{"index":"index","follow":"follow","max-snippet":"max-snippet:-1","max-image-preview":"max-image-preview:large","max-video-preview":"max-video-preview:-1"},"canonical":"https:\/\/darkamazi.info\/archives\/1034343","og_locale":"en_US","og_type":"article","og_title":"P\u00eangava fesadiya PKK \u00ea ya n\u00fb: PDK \u00ea \u00ear\u00ee\u015fa Perex\u00ea daye kirin - Darka Maz\u00ee","og_description":"Medya ya PKK \u00ea di van du heftey\u00ean daw\u00ee de p\u00eangavek\u00ee man\u00eepulasyon\u00ea ya n\u00fb daye destp\u00ea kirin. Armanca v\u00ea p\u00eangav\u00ea ew e ku t\u00eagihi\u015ftinek\u00ee wiha; \u201cPDK \u00fb Tirkiye bi hev re li dij\u00ee hik\u00fbmeta n\u00fb ya Iraq\u00ea planan dikin\u201d \u00e7\u00eabike. Her\u00ee daw\u00ee xebatkar\u00ea HPG B\u00eem \u00ea Kurtay Serhat niv\u00eesek bi nav\u00ea \u201cKomkujiya Perex, PDK \u00fb [&hellip;]","og_url":"https:\/\/darkamazi.info\/archives\/1034343","og_site_name":"Darka Maz\u00ee","article_publisher":"https:\/\/www.facebook.com\/DarMaziKurmanci","article_published_time":"2022-12-20T18:13:31+00:00","og_image":[{"width":900,"height":500,"url":"https:\/\/darkamazi.info\/file\/2022\/12\/perex.jpg","type":"image\/jpeg"}],"author":"darka mazi","twitter_card":"summary_large_image","twitter_creator":"@DarkaMaziLatini","twitter_site":"@DarkaMaziLatini","twitter_misc":{"Written by":"darka mazi","Est. reading time":"4 minutes"},"schema":{"@context":"https:\/\/schema.org","@graph":[{"@type":"Article","@id":"https:\/\/darkamazi.info\/archives\/1034343#article","isPartOf":{"@id":"https:\/\/darkamazi.info\/archives\/1034343"},"author":{"name":"darka mazi","@id":"https:\/\/darkamazi.info\/#\/schema\/person\/5ad3e24553a0567993fa8ed4bd0a776c"},"headline":"P\u00eangava fesadiya PKK \u00ea ya n\u00fb: PDK \u00ea \u00ear\u00ee\u015fa Perex\u00ea daye kirin","datePublished":"2022-12-20T18:13:31+00:00","mainEntityOfPage":{"@id":"https:\/\/darkamazi.info\/archives\/1034343"},"wordCount":1043,"publisher":{"@id":"https:\/\/darkamazi.info\/#organization"},"image":{"@id":"https:\/\/darkamazi.info\/archives\/1034343#primaryimage"},"thumbnailUrl":"https:\/\/darkamazi.info\/file\/2022\/12\/perex.jpg","keywords":["sereke"],"articleSection":["Anal\u00eez"],"inLanguage":"en-US"},{"@type":"WebPage","@id":"https:\/\/darkamazi.info\/archives\/1034343","url":"https:\/\/darkamazi.info\/archives\/1034343","name":"P\u00eangava fesadiya PKK \u00ea ya n\u00fb: PDK \u00ea \u00ear\u00ee\u015fa Perex\u00ea daye kirin - Darka Maz\u00ee","isPartOf":{"@id":"https:\/\/darkamazi.info\/#website"},"primaryImageOfPage":{"@id":"https:\/\/darkamazi.info\/archives\/1034343#primaryimage"},"image":{"@id":"https:\/\/darkamazi.info\/archives\/1034343#primaryimage"},"thumbnailUrl":"https:\/\/darkamazi.info\/file\/2022\/12\/perex.jpg","datePublished":"2022-12-20T18:13:31+00:00","breadcrumb":{"@id":"https:\/\/darkamazi.info\/archives\/1034343#breadcrumb"},"inLanguage":"en-US","potentialAction":[{"@type":"ReadAction","target":["https:\/\/darkamazi.info\/archives\/1034343"]}]},{"@type":"ImageObject","inLanguage":"en-US","@id":"https:\/\/darkamazi.info\/archives\/1034343#primaryimage","url":"https:\/\/darkamazi.info\/file\/2022\/12\/perex.jpg","contentUrl":"https:\/\/darkamazi.info\/file\/2022\/12\/perex.jpg","width":900,"height":500,"caption":"P\u00eangava fesadiya PKK \u00ea ya n\u00fb: PDK \u00ea \u00ear\u00ee\u015fa Perex\u00ea daye kirin"},{"@type":"BreadcrumbList","@id":"https:\/\/darkamazi.info\/archives\/1034343#breadcrumb","itemListElement":[{"@type":"ListItem","position":1,"name":"Home","item":"https:\/\/darkamazi.info\/"},{"@type":"ListItem","position":2,"name":"P\u00eangava fesadiya PKK \u00ea ya n\u00fb: PDK \u00ea \u00ear\u00ee\u015fa Perex\u00ea daye kirin"}]},{"@type":"WebSite","@id":"https:\/\/darkamazi.info\/#website","url":"https:\/\/darkamazi.info\/","name":"Darka Maz\u00ee","description":"P\u00eageha Zanyariy\u00ean Nebih\u00eest\u00ee","publisher":{"@id":"https:\/\/darkamazi.info\/#organization"},"potentialAction":[{"@type":"SearchAction","target":{"@type":"EntryPoint","urlTemplate":"https:\/\/darkamazi.info\/?s={search_term_string}"},"query-input":{"@type":"PropertyValueSpecification","valueRequired":true,"valueName":"search_term_string"}}],"inLanguage":"en-US"},{"@type":"Organization","@id":"https:\/\/darkamazi.info\/#organization","name":"Darka Maz\u00ee","url":"https:\/\/darkamazi.info\/","logo":{"@type":"ImageObject","inLanguage":"en-US","@id":"https:\/\/darkamazi.info\/#\/schema\/logo\/image\/","url":"https:\/\/darkamazi.info\/file\/2017\/12\/darka-mazi-logo.png","contentUrl":"https:\/\/darkamazi.info\/file\/2017\/12\/darka-mazi-logo.png","width":151,"height":75,"caption":"Darka Maz\u00ee"},"image":{"@id":"https:\/\/darkamazi.info\/#\/schema\/logo\/image\/"},"sameAs":["https:\/\/www.facebook.com\/DarMaziKurmanci","https:\/\/x.com\/DarkaMaziLatini","https:\/\/www.instagram.com\/darkamazi.kurmanci\/","https:\/\/www.youtube.com\/channel\/UCa5HkTdmI8U1qCUFuTw8B2g"]},{"@type":"Person","@id":"https:\/\/darkamazi.info\/#\/schema\/person\/5ad3e24553a0567993fa8ed4bd0a776c","name":"darka mazi","sameAs":["https:\/\/darkamazi.info\/"],"url":"https:\/\/darkamazi.info\/archives\/author\/kurdi"}]}},"_links":{"self":[{"href":"https:\/\/darkamazi.info\/funavuv\/wp\/v2\/posts\/1034343","targetHints":{"allow":["GET"]}}],"collection":[{"href":"https:\/\/darkamazi.info\/funavuv\/wp\/v2\/posts"}],"about":[{"href":"https:\/\/darkamazi.info\/funavuv\/wp\/v2\/types\/post"}],"author":[{"embeddable":true,"href":"https:\/\/darkamazi.info\/funavuv\/wp\/v2\/users\/2"}],"replies":[{"embeddable":true,"href":"https:\/\/darkamazi.info\/funavuv\/wp\/v2\/comments?post=1034343"}],"version-history":[{"count":0,"href":"https:\/\/darkamazi.info\/funavuv\/wp\/v2\/posts\/1034343\/revisions"}],"wp:featuredmedia":[{"embeddable":true,"href":"https:\/\/darkamazi.info\/funavuv\/wp\/v2\/media\/1034344"}],"wp:attachment":[{"href":"https:\/\/darkamazi.info\/funavuv\/wp\/v2\/media?parent=1034343"}],"wp:term":[{"taxonomy":"category","embeddable":true,"href":"https:\/\/darkamazi.info\/funavuv\/wp\/v2\/categories?post=1034343"},{"taxonomy":"post_tag","embeddable":true,"href":"https:\/\/darkamazi.info\/funavuv\/wp\/v2\/tags?post=1034343"}],"curies":[{"name":"wp","href":"https:\/\/api.w.org\/{rel}","templated":true}]}}