{"id":1034349,"date":"2022-12-21T13:32:50","date_gmt":"2022-12-21T10:32:50","guid":{"rendered":"https:\/\/darkamazi.info\/?p=1034349"},"modified":"2022-12-21T13:32:50","modified_gmt":"2022-12-21T10:32:50","slug":"hsde-u-tirkiye-26-zarok-li-2022-kustine","status":"publish","type":"post","link":"https:\/\/darkamazi.info\/archives\/1034349","title":{"rendered":"HSD\u00ea \u00fb Tirkiy\u00ea 26 zarok li 2022 ku\u015ftine"},"content":{"rendered":"<h3 style=\"text-align: justify\"><span style=\"font-family: 'arial black', sans-serif\">Rwangeha S\u00fbr\u00ee ya maf\u00een mirovan b\u00eelan\u00e7oya zirar\u00ean can\u00ee y\u00ean zarokan y\u00ean \u00eesal 2022 parvekirin \u00fb li gor\u00ee w\u00ea 310 zarok\u00ean S\u00fbr\u00ee b\u00fbne qurban\u00ee \u00fb jiyana xwe ji dest dane.<\/span><\/h3>\n<h3 style=\"text-align: justify\"><span style=\"font-family: arial, helvetica, sans-serif\">Rwangeha S\u00fbr\u00ee ya maf\u00ean mirovan \u00eero roja \u00e7ar\u015fem\u00ee 21\\12\\2022 b\u00eelan\u00e7oya zirar\u00ean can\u00ee y\u00ean zarokan y\u00ean \u00eesal 2022 li seranser\u00ee S\u00fbry\u00ea belav kirin \u00fb li gor\u00ee w\u00ea 310 zarok\u00ean S\u00fbr\u00ee di \u015fer \u00fb pev\u00e7\u00fbn \u00fb aloz\u00eeyan de jiyana xwe ji dest da ne.<\/span><\/h3>\n<h3 style=\"text-align: justify\"><span style=\"font-family: arial, helvetica, sans-serif\">Dest n\u00ee\u015fan kir, ji v\u00ea hejmar\u00ea 13 zarok di \u00ear\u00ee\u015f\u00ean dewleta Tirkiy\u00ea de hatine ku\u015ftin \u00fb her wiha 13 zarok j\u00ee ji h\u00eala h\u00eaz\u00ean S\u00fbryeya Demokrat\u00eek HSD\u00ea ve hatine ku\u015ftin.<\/span><\/h3>\n<h3 style=\"text-align: justify\"><span style=\"font-family: arial, helvetica, sans-serif\">Rwangeha S\u00fbr\u00ee her wiha got\u00eeye ku p\u00ea\u015ferojeke nediyar \u00e7aver\u00eaya zarok\u00ean S\u00fbry\u00ea dike li piran\u00eeya nav\u00e7ey\u00ean \u015fer j\u00ee zarok ji xwendin \u00fb perwerdehiy\u00ea b\u00ea parin.<\/span><\/h3>\n","protected":false},"excerpt":{"rendered":"<p>Rwangeha S\u00fbr\u00ee ya maf\u00een mirovan b\u00eelan\u00e7oya zirar\u00ean can\u00ee y\u00ean zarokan y\u00ean \u00eesal 2022 parvekirin \u00fb li gor\u00ee w\u00ea 310 zarok\u00ean S\u00fbr\u00ee b\u00fbne qurban\u00ee \u00fb jiyana xwe ji dest dane. Rwangeha S\u00fbr\u00ee ya maf\u00ean mirovan \u00eero roja \u00e7ar\u015fem\u00ee 21\\12\\2022 b\u00eelan\u00e7oya zirar\u00ean can\u00ee y\u00ean zarokan y\u00ean \u00eesal 2022 li seranser\u00ee S\u00fbry\u00ea belav kirin \u00fb li gor\u00ee w\u00ea [&hellip;]<\/p>\n","protected":false},"author":2,"featured_media":1034350,"comment_status":"closed","ping_status":"closed","sticky":false,"template":"","format":"standard","meta":{"footnotes":""},"categories":[31],"tags":[37],"class_list":["post-1034349","post","type-post","status-publish","format-standard","has-post-thumbnail","hentry","category-rojhelata-navin","tag-sereke"],"blocksy_meta":[],"seo_head":"<!-- This site is optimized with the Yoast SEO plugin v27.5 - https:\/\/yoast.com\/product\/yoast-seo-wordpress\/ -->\n<title>HSD\u00ea \u00fb Tirkiy\u00ea 26 zarok li 2022 ku\u015ftine - Darka Maz\u00ee<\/title>\n<meta name=\"robots\" content=\"index, follow, max-snippet:-1, max-image-preview:large, max-video-preview:-1\" \/>\n<link rel=\"canonical\" href=\"https:\/\/darkamazi.info\/archives\/1034349\" \/>\n<meta property=\"og:locale\" content=\"en_US\" \/>\n<meta property=\"og:type\" content=\"article\" \/>\n<meta property=\"og:title\" content=\"HSD\u00ea \u00fb Tirkiy\u00ea 26 zarok li 2022 ku\u015ftine - Darka Maz\u00ee\" \/>\n<meta property=\"og:description\" content=\"Rwangeha S\u00fbr\u00ee ya maf\u00een mirovan b\u00eelan\u00e7oya zirar\u00ean can\u00ee y\u00ean zarokan y\u00ean \u00eesal 2022 parvekirin \u00fb li gor\u00ee w\u00ea 310 zarok\u00ean S\u00fbr\u00ee b\u00fbne qurban\u00ee \u00fb jiyana xwe ji dest dane. Rwangeha S\u00fbr\u00ee ya maf\u00ean mirovan \u00eero roja \u00e7ar\u015fem\u00ee 21122022 b\u00eelan\u00e7oya zirar\u00ean can\u00ee y\u00ean zarokan y\u00ean \u00eesal 2022 li seranser\u00ee S\u00fbry\u00ea belav kirin \u00fb li gor\u00ee w\u00ea [&hellip;]\" \/>\n<meta property=\"og:url\" content=\"https:\/\/darkamazi.info\/archives\/1034349\" \/>\n<meta property=\"og:site_name\" content=\"Darka Maz\u00ee\" \/>\n<meta property=\"article:publisher\" content=\"https:\/\/www.facebook.com\/DarMaziKurmanci\" \/>\n<meta property=\"article:published_time\" content=\"2022-12-21T10:32:50+00:00\" \/>\n<meta property=\"og:image\" content=\"https:\/\/darkamazi.info\/file\/2022\/12\/syria-child-2022-sohr.jpg\" \/>\n\t<meta property=\"og:image:width\" content=\"864\" \/>\n\t<meta property=\"og:image:height\" content=\"486\" \/>\n\t<meta property=\"og:image:type\" content=\"image\/jpeg\" \/>\n<meta name=\"author\" content=\"darka mazi\" \/>\n<meta name=\"twitter:card\" content=\"summary_large_image\" \/>\n<meta name=\"twitter:creator\" content=\"@DarkaMaziLatini\" \/>\n<meta name=\"twitter:site\" content=\"@DarkaMaziLatini\" \/>\n<meta name=\"twitter:label1\" content=\"Written by\" \/>\n\t<meta name=\"twitter:data1\" content=\"darka mazi\" \/>\n\t<meta name=\"twitter:label2\" content=\"Est. reading time\" \/>\n\t<meta name=\"twitter:data2\" content=\"1 minute\" \/>\n<script type=\"application\/ld+json\" class=\"seo-schema-graph\">{\"@context\":\"https:\\\/\\\/schema.org\",\"@graph\":[{\"@type\":\"Article\",\"@id\":\"https:\\\/\\\/darkamazi.info\\\/archives\\\/1034349#article\",\"isPartOf\":{\"@id\":\"https:\\\/\\\/darkamazi.info\\\/archives\\\/1034349\"},\"author\":{\"name\":\"darka mazi\",\"@id\":\"https:\\\/\\\/darkamazi.info\\\/#\\\/schema\\\/person\\\/5ad3e24553a0567993fa8ed4bd0a776c\"},\"headline\":\"HSD\u00ea \u00fb Tirkiy\u00ea 26 zarok li 2022 ku\u015ftine\",\"datePublished\":\"2022-12-21T10:32:50+00:00\",\"mainEntityOfPage\":{\"@id\":\"https:\\\/\\\/darkamazi.info\\\/archives\\\/1034349\"},\"wordCount\":158,\"publisher\":{\"@id\":\"https:\\\/\\\/darkamazi.info\\\/#organization\"},\"image\":{\"@id\":\"https:\\\/\\\/darkamazi.info\\\/archives\\\/1034349#primaryimage\"},\"thumbnailUrl\":\"https:\\\/\\\/darkamazi.info\\\/darka-content\\\/uploads\\\/2022\\\/12\\\/syria-child-2022-sohr.jpg\",\"keywords\":[\"sereke\"],\"articleSection\":[\"Rojhelata nav\u00een\"],\"inLanguage\":\"en-US\"},{\"@type\":\"WebPage\",\"@id\":\"https:\\\/\\\/darkamazi.info\\\/archives\\\/1034349\",\"url\":\"https:\\\/\\\/darkamazi.info\\\/archives\\\/1034349\",\"name\":\"HSD\u00ea \u00fb Tirkiy\u00ea 26 zarok li 2022 ku\u015ftine - Darka Maz\u00ee\",\"isPartOf\":{\"@id\":\"https:\\\/\\\/darkamazi.info\\\/#website\"},\"primaryImageOfPage\":{\"@id\":\"https:\\\/\\\/darkamazi.info\\\/archives\\\/1034349#primaryimage\"},\"image\":{\"@id\":\"https:\\\/\\\/darkamazi.info\\\/archives\\\/1034349#primaryimage\"},\"thumbnailUrl\":\"https:\\\/\\\/darkamazi.info\\\/darka-content\\\/uploads\\\/2022\\\/12\\\/syria-child-2022-sohr.jpg\",\"datePublished\":\"2022-12-21T10:32:50+00:00\",\"breadcrumb\":{\"@id\":\"https:\\\/\\\/darkamazi.info\\\/archives\\\/1034349#breadcrumb\"},\"inLanguage\":\"en-US\",\"potentialAction\":[{\"@type\":\"ReadAction\",\"target\":[\"https:\\\/\\\/darkamazi.info\\\/archives\\\/1034349\"]}]},{\"@type\":\"ImageObject\",\"inLanguage\":\"en-US\",\"@id\":\"https:\\\/\\\/darkamazi.info\\\/archives\\\/1034349#primaryimage\",\"url\":\"https:\\\/\\\/darkamazi.info\\\/darka-content\\\/uploads\\\/2022\\\/12\\\/syria-child-2022-sohr.jpg\",\"contentUrl\":\"https:\\\/\\\/darkamazi.info\\\/darka-content\\\/uploads\\\/2022\\\/12\\\/syria-child-2022-sohr.jpg\",\"width\":864,\"height\":486,\"caption\":\"syria-child-2022-sohr\"},{\"@type\":\"BreadcrumbList\",\"@id\":\"https:\\\/\\\/darkamazi.info\\\/archives\\\/1034349#breadcrumb\",\"itemListElement\":[{\"@type\":\"ListItem\",\"position\":1,\"name\":\"Home\",\"item\":\"https:\\\/\\\/darkamazi.info\\\/\"},{\"@type\":\"ListItem\",\"position\":2,\"name\":\"HSD\u00ea \u00fb Tirkiy\u00ea 26 zarok li 2022 ku\u015ftine\"}]},{\"@type\":\"WebSite\",\"@id\":\"https:\\\/\\\/darkamazi.info\\\/#website\",\"url\":\"https:\\\/\\\/darkamazi.info\\\/\",\"name\":\"Darka Maz\u00ee\",\"description\":\"P\u00eageha Zanyariy\u00ean Nebih\u00eest\u00ee\",\"publisher\":{\"@id\":\"https:\\\/\\\/darkamazi.info\\\/#organization\"},\"potentialAction\":[{\"@type\":\"SearchAction\",\"target\":{\"@type\":\"EntryPoint\",\"urlTemplate\":\"https:\\\/\\\/darkamazi.info\\\/?s={search_term_string}\"},\"query-input\":{\"@type\":\"PropertyValueSpecification\",\"valueRequired\":true,\"valueName\":\"search_term_string\"}}],\"inLanguage\":\"en-US\"},{\"@type\":\"Organization\",\"@id\":\"https:\\\/\\\/darkamazi.info\\\/#organization\",\"name\":\"Darka Maz\u00ee\",\"url\":\"https:\\\/\\\/darkamazi.info\\\/\",\"logo\":{\"@type\":\"ImageObject\",\"inLanguage\":\"en-US\",\"@id\":\"https:\\\/\\\/darkamazi.info\\\/#\\\/schema\\\/logo\\\/image\\\/\",\"url\":\"https:\\\/\\\/darkamazi.info\\\/darka-content\\\/uploads\\\/2017\\\/12\\\/darka-mazi-logo.png\",\"contentUrl\":\"https:\\\/\\\/darkamazi.info\\\/darka-content\\\/uploads\\\/2017\\\/12\\\/darka-mazi-logo.png\",\"width\":151,\"height\":75,\"caption\":\"Darka Maz\u00ee\"},\"image\":{\"@id\":\"https:\\\/\\\/darkamazi.info\\\/#\\\/schema\\\/logo\\\/image\\\/\"},\"sameAs\":[\"https:\\\/\\\/www.facebook.com\\\/DarMaziKurmanci\",\"https:\\\/\\\/x.com\\\/DarkaMaziLatini\",\"https:\\\/\\\/www.instagram.com\\\/darkamazi.kurmanci\\\/\",\"https:\\\/\\\/www.youtube.com\\\/channel\\\/UCa5HkTdmI8U1qCUFuTw8B2g\"]},{\"@type\":\"Person\",\"@id\":\"https:\\\/\\\/darkamazi.info\\\/#\\\/schema\\\/person\\\/5ad3e24553a0567993fa8ed4bd0a776c\",\"name\":\"darka mazi\",\"sameAs\":[\"https:\\\/\\\/darkamazi.info\\\/\"],\"url\":\"https:\\\/\\\/darkamazi.info\\\/archives\\\/author\\\/kurdi\"}]}<\/script>\n<!-- \/ Yoast SEO plugin. -->","seo_head_json":{"title":"HSD\u00ea \u00fb Tirkiy\u00ea 26 zarok li 2022 ku\u015ftine - Darka Maz\u00ee","robots":{"index":"index","follow":"follow","max-snippet":"max-snippet:-1","max-image-preview":"max-image-preview:large","max-video-preview":"max-video-preview:-1"},"canonical":"https:\/\/darkamazi.info\/archives\/1034349","og_locale":"en_US","og_type":"article","og_title":"HSD\u00ea \u00fb Tirkiy\u00ea 26 zarok li 2022 ku\u015ftine - Darka Maz\u00ee","og_description":"Rwangeha S\u00fbr\u00ee ya maf\u00een mirovan b\u00eelan\u00e7oya zirar\u00ean can\u00ee y\u00ean zarokan y\u00ean \u00eesal 2022 parvekirin \u00fb li gor\u00ee w\u00ea 310 zarok\u00ean S\u00fbr\u00ee b\u00fbne qurban\u00ee \u00fb jiyana xwe ji dest dane. Rwangeha S\u00fbr\u00ee ya maf\u00ean mirovan \u00eero roja \u00e7ar\u015fem\u00ee 21122022 b\u00eelan\u00e7oya zirar\u00ean can\u00ee y\u00ean zarokan y\u00ean \u00eesal 2022 li seranser\u00ee S\u00fbry\u00ea belav kirin \u00fb li gor\u00ee w\u00ea [&hellip;]","og_url":"https:\/\/darkamazi.info\/archives\/1034349","og_site_name":"Darka Maz\u00ee","article_publisher":"https:\/\/www.facebook.com\/DarMaziKurmanci","article_published_time":"2022-12-21T10:32:50+00:00","og_image":[{"width":864,"height":486,"url":"https:\/\/darkamazi.info\/file\/2022\/12\/syria-child-2022-sohr.jpg","type":"image\/jpeg"}],"author":"darka mazi","twitter_card":"summary_large_image","twitter_creator":"@DarkaMaziLatini","twitter_site":"@DarkaMaziLatini","twitter_misc":{"Written by":"darka mazi","Est. reading time":"1 minute"},"schema":{"@context":"https:\/\/schema.org","@graph":[{"@type":"Article","@id":"https:\/\/darkamazi.info\/archives\/1034349#article","isPartOf":{"@id":"https:\/\/darkamazi.info\/archives\/1034349"},"author":{"name":"darka mazi","@id":"https:\/\/darkamazi.info\/#\/schema\/person\/5ad3e24553a0567993fa8ed4bd0a776c"},"headline":"HSD\u00ea \u00fb Tirkiy\u00ea 26 zarok li 2022 ku\u015ftine","datePublished":"2022-12-21T10:32:50+00:00","mainEntityOfPage":{"@id":"https:\/\/darkamazi.info\/archives\/1034349"},"wordCount":158,"publisher":{"@id":"https:\/\/darkamazi.info\/#organization"},"image":{"@id":"https:\/\/darkamazi.info\/archives\/1034349#primaryimage"},"thumbnailUrl":"https:\/\/darkamazi.info\/file\/2022\/12\/syria-child-2022-sohr.jpg","keywords":["sereke"],"articleSection":["Rojhelata nav\u00een"],"inLanguage":"en-US"},{"@type":"WebPage","@id":"https:\/\/darkamazi.info\/archives\/1034349","url":"https:\/\/darkamazi.info\/archives\/1034349","name":"HSD\u00ea \u00fb Tirkiy\u00ea 26 zarok li 2022 ku\u015ftine - Darka Maz\u00ee","isPartOf":{"@id":"https:\/\/darkamazi.info\/#website"},"primaryImageOfPage":{"@id":"https:\/\/darkamazi.info\/archives\/1034349#primaryimage"},"image":{"@id":"https:\/\/darkamazi.info\/archives\/1034349#primaryimage"},"thumbnailUrl":"https:\/\/darkamazi.info\/file\/2022\/12\/syria-child-2022-sohr.jpg","datePublished":"2022-12-21T10:32:50+00:00","breadcrumb":{"@id":"https:\/\/darkamazi.info\/archives\/1034349#breadcrumb"},"inLanguage":"en-US","potentialAction":[{"@type":"ReadAction","target":["https:\/\/darkamazi.info\/archives\/1034349"]}]},{"@type":"ImageObject","inLanguage":"en-US","@id":"https:\/\/darkamazi.info\/archives\/1034349#primaryimage","url":"https:\/\/darkamazi.info\/file\/2022\/12\/syria-child-2022-sohr.jpg","contentUrl":"https:\/\/darkamazi.info\/file\/2022\/12\/syria-child-2022-sohr.jpg","width":864,"height":486,"caption":"syria-child-2022-sohr"},{"@type":"BreadcrumbList","@id":"https:\/\/darkamazi.info\/archives\/1034349#breadcrumb","itemListElement":[{"@type":"ListItem","position":1,"name":"Home","item":"https:\/\/darkamazi.info\/"},{"@type":"ListItem","position":2,"name":"HSD\u00ea \u00fb Tirkiy\u00ea 26 zarok li 2022 ku\u015ftine"}]},{"@type":"WebSite","@id":"https:\/\/darkamazi.info\/#website","url":"https:\/\/darkamazi.info\/","name":"Darka Maz\u00ee","description":"P\u00eageha Zanyariy\u00ean Nebih\u00eest\u00ee","publisher":{"@id":"https:\/\/darkamazi.info\/#organization"},"potentialAction":[{"@type":"SearchAction","target":{"@type":"EntryPoint","urlTemplate":"https:\/\/darkamazi.info\/?s={search_term_string}"},"query-input":{"@type":"PropertyValueSpecification","valueRequired":true,"valueName":"search_term_string"}}],"inLanguage":"en-US"},{"@type":"Organization","@id":"https:\/\/darkamazi.info\/#organization","name":"Darka Maz\u00ee","url":"https:\/\/darkamazi.info\/","logo":{"@type":"ImageObject","inLanguage":"en-US","@id":"https:\/\/darkamazi.info\/#\/schema\/logo\/image\/","url":"https:\/\/darkamazi.info\/file\/2017\/12\/darka-mazi-logo.png","contentUrl":"https:\/\/darkamazi.info\/file\/2017\/12\/darka-mazi-logo.png","width":151,"height":75,"caption":"Darka Maz\u00ee"},"image":{"@id":"https:\/\/darkamazi.info\/#\/schema\/logo\/image\/"},"sameAs":["https:\/\/www.facebook.com\/DarMaziKurmanci","https:\/\/x.com\/DarkaMaziLatini","https:\/\/www.instagram.com\/darkamazi.kurmanci\/","https:\/\/www.youtube.com\/channel\/UCa5HkTdmI8U1qCUFuTw8B2g"]},{"@type":"Person","@id":"https:\/\/darkamazi.info\/#\/schema\/person\/5ad3e24553a0567993fa8ed4bd0a776c","name":"darka mazi","sameAs":["https:\/\/darkamazi.info\/"],"url":"https:\/\/darkamazi.info\/archives\/author\/kurdi"}]}},"_links":{"self":[{"href":"https:\/\/darkamazi.info\/funavuv\/wp\/v2\/posts\/1034349","targetHints":{"allow":["GET"]}}],"collection":[{"href":"https:\/\/darkamazi.info\/funavuv\/wp\/v2\/posts"}],"about":[{"href":"https:\/\/darkamazi.info\/funavuv\/wp\/v2\/types\/post"}],"author":[{"embeddable":true,"href":"https:\/\/darkamazi.info\/funavuv\/wp\/v2\/users\/2"}],"replies":[{"embeddable":true,"href":"https:\/\/darkamazi.info\/funavuv\/wp\/v2\/comments?post=1034349"}],"version-history":[{"count":0,"href":"https:\/\/darkamazi.info\/funavuv\/wp\/v2\/posts\/1034349\/revisions"}],"wp:featuredmedia":[{"embeddable":true,"href":"https:\/\/darkamazi.info\/funavuv\/wp\/v2\/media\/1034350"}],"wp:attachment":[{"href":"https:\/\/darkamazi.info\/funavuv\/wp\/v2\/media?parent=1034349"}],"wp:term":[{"taxonomy":"category","embeddable":true,"href":"https:\/\/darkamazi.info\/funavuv\/wp\/v2\/categories?post=1034349"},{"taxonomy":"post_tag","embeddable":true,"href":"https:\/\/darkamazi.info\/funavuv\/wp\/v2\/tags?post=1034349"}],"curies":[{"name":"wp","href":"https:\/\/api.w.org\/{rel}","templated":true}]}}