{"id":1034382,"date":"2022-12-22T21:32:05","date_gmt":"2022-12-22T18:32:05","guid":{"rendered":"https:\/\/darkamazi.info\/?p=1034382"},"modified":"2022-12-22T21:32:05","modified_gmt":"2022-12-22T18:32:05","slug":"dengen-kurdan-u-niqasen-li-ser-namzetiya-imamoglu-bo-serokomariya-tirkiye","status":"publish","type":"post","link":"https:\/\/darkamazi.info\/archives\/1034382","title":{"rendered":"Deng\u00ean Kurdan \u00fb n\u00eeqa\u015f\u00ean li ser namzetiya \u00cemamoglu bo Serokomariya Tirkiy\u00ea"},"content":{"rendered":"<h3 style=\"text-align: justify\"><span style=\"font-family: 'arial black', sans-serif\">Ligel ku Serok\u00ea \u015earedar\u00ea Stenbol\u00ea Ekrem \u00cemamoglu bi deng\u00ea Kurdan b\u00fb \u015faredar j\u00ee, hem ew hem j\u00ee Maseya \u015ee\u015fal\u00ee di war\u00ea pirsa Kurd de b\u00eadengiya xwe didom\u00eenin. Hem \u00e7avd\u00ear\u00ean siyas\u00ee y\u00ean Tirk \u00fb hem j\u00ee siyasetmedar\u00ean Kurd di v\u00ea babet\u00ea de bal\u00ea diki\u015f\u00eenin ser giringiya deng\u00ea Kurdan \u00fb dib\u00eajin; b\u00eay\u00ee Kurd pesend bikin h\u00ee\u00e7 kesek nikare bibe Serokomar\u00ea Tirkiy\u00ea.<\/span><\/h3>\n<h3 style=\"text-align: justify\">Pi\u015ft\u00ee sizay\u00ea li dij\u00ee Ekrem \u00cemaoglu hate pesendkirin, balansa siyaseta Tirkiy\u00ea j\u00ee guher\u00ee. Ji n\u00fb ve kelecanek hate eniya muxalefet\u00ea \u00fb namzetiya \u00cemamoglu. L\u00ea di heman dem\u00ea de nakokiy\u00ean li ser diyarkirina namzetiy\u00ea ya maseya \u015fe\u015fal\u00ee j\u00ee berdewam dikin. Tam di v\u00ea prosey\u00ea de rojeva her\u00ee germ j\u00ee \u00e7aren\u00fbsa deng\u00ea Kurdan e ku li Tirkiy\u00ea t\u00ea n\u00eeqa\u015fakirin. Gelo ev nediyar\u00ee, d\u00fbrsekin\u00een \u00fb b\u00eadengiya eniya muxalefet\u00ea ya li dij\u00ee \u00ear\u00ee\u015f\u00ean li ser HDP\u00ea \u00fb nirx\u00ean Kurdan w\u00ea bandoreke \u00e7awa bike li ser deng\u00ean Kurdan?<\/h3>\n<h3 style=\"text-align: justify\">\u00c7avd\u00ear\u00ea Siyas\u00ee Ya\u015far Aydin ji K24\u00ea re diyar kir: \u201cPartiyeke ku deng\u00ea Kurdan wernegire, nikare hilbijartina serokomariy\u00ea bi h\u00easan\u00ee qezen\u00e7 bike. Ne ten\u00ea \u00cemamoglu kesek\u00ee ku xwendineke siyas\u00ee bike j\u00ee v\u00ea yek\u00ea dib\u00eene. Em dib\u00eenin ku hevk\u00ea\u015feya Maseya \u015ee\u015fal\u00ee bi n\u00eeqa\u015f\u00ean namzediy\u00ea re t\u00eak \u00e7\u00fb. Hem Selahad\u00een Demirta\u015f hem Ahmet Turk \u00fb hem j\u00ee M\u00eethat Sancar di v\u00ee war\u00ee de hesasiyet\u00ean dengder\u00ean Kurd t\u00eenin ziman. Ez bawer dikim mase pi\u015ft\u00ee k\u00ea\u015f\u00eay\u00ean navxwe \u00e7areser bike w\u00ea guh bide van bangan \u00fb li gor\u00ee w\u00ea j\u00ee d\u00ea nex\u015fer\u00eaya xwe diyar bike.\u201d<\/h3>\n<h3 style=\"text-align: justify\">Eniya Kurdan j\u00ee tam di v\u00ea proseya cid\u00ee \u00fb guherbar de bal\u00ea diki\u015f\u00eene ser berjewendiy\u00ean Kurdan \u00fb naxwazin wek serdem\u00ean bor\u00ee Kurd b\u00eane xapandin \u00fb careke din maf\u00ean Kurdan li dervey\u00ee dest\u00fbreke n\u00fb b\u00ea hi\u015ftin.<\/h3>\n<h3 style=\"text-align: justify\">C\u00eegir\u00ea Serok\u00ea PSK\u00ea Bahatt\u00een Turan ji K24\u00ea re diyar kir: \u201c\u00cemamoglu bi deng\u00ea Kurdan hate hilbijartin. L\u00ea mixabin li Sara\u00e7xan\u00ea komb\u00fbn bang\u00ee Kurdek\u00ee j\u00ee nekirin ne bang\u00ee HDP\u00ea kirin ne j\u00ee yek\u00ee din. Ewqas neheq\u00ee hat kirin li Kurdan mixabin deng dernexistin. Partiy\u00ean \u015fe\u015fal\u00ee di derheq\u00ea Kurdan de j\u00ee ti\u015ftek\u00ee dernaxin hol\u00ea nab\u00eajin em \u00ea ziman\u00ea Kurd\u00ee bikin ziman\u00ea perwerdehiy\u00ea. Mifteya deshilat\u00ea di dest\u00ea Kurdan de ye. Wek siyasetmaderek\u00ee Kurd bi raya min div\u00ea Kurd hin ti\u015ftan bikin malzemey\u00ea bazar\u00ea. Li aliy\u00ea Kurdan k\u00ee \u00e7i dib\u00eaje li gor\u00ee w\u00ea rawestin. Wek\u00ee din bila Kurd deng\u00ea xwe nedin partiyeke din j\u00ee.\u201d<\/h3>\n<h3 style=\"text-align: justify\">Li aliyek\u00ee j\u00ee Hevserok\u00ea Ber\u00ea y\u00ea HDP\u00ea Selahad\u00een Demirta\u015f ji bo \u00e7areseriya nakokiy\u00ean Maseya \u015ee\u015fal\u00ee bang dike da ku daw\u00ee li n\u00eeqa\u015f\u00ean kursiy\u00ea namzetiy\u00ea b\u00eenin \u00fb \u015f\u00fbna w\u00ea li gor berjewendiy\u00ean hevpar y\u00ean hem\u00fb civak\u00ean Tirkiy\u00ea kom bibin ligel hesasiyet\u00ean Kurdan.<\/h3>\n","protected":false},"excerpt":{"rendered":"<p>Ligel ku Serok\u00ea \u015earedar\u00ea Stenbol\u00ea Ekrem \u00cemamoglu bi deng\u00ea Kurdan b\u00fb \u015faredar j\u00ee, hem ew hem j\u00ee Maseya \u015ee\u015fal\u00ee di war\u00ea pirsa Kurd de b\u00eadengiya xwe didom\u00eenin. Hem \u00e7avd\u00ear\u00ean siyas\u00ee y\u00ean Tirk \u00fb hem j\u00ee siyasetmedar\u00ean Kurd di v\u00ea babet\u00ea de bal\u00ea diki\u015f\u00eenin ser giringiya deng\u00ea Kurdan \u00fb dib\u00eajin; b\u00eay\u00ee Kurd pesend bikin h\u00ee\u00e7 kesek [&hellip;]<\/p>\n","protected":false},"author":2,"featured_media":1034383,"comment_status":"closed","ping_status":"closed","sticky":false,"template":"","format":"standard","meta":{"footnotes":""},"categories":[29],"tags":[37],"class_list":["post-1034382","post","type-post","status-publish","format-standard","has-post-thumbnail","hentry","category-kurdistan","tag-sereke"],"blocksy_meta":[],"seo_head":"<!-- This site is optimized with the Yoast SEO plugin v27.5 - https:\/\/yoast.com\/product\/yoast-seo-wordpress\/ -->\n<title>Deng\u00ean Kurdan \u00fb n\u00eeqa\u015f\u00ean li ser namzetiya \u00cemamoglu bo Serokomariya Tirkiy\u00ea - Darka Maz\u00ee<\/title>\n<meta name=\"robots\" content=\"index, follow, max-snippet:-1, max-image-preview:large, max-video-preview:-1\" \/>\n<link rel=\"canonical\" href=\"https:\/\/darkamazi.info\/archives\/1034382\" \/>\n<meta property=\"og:locale\" content=\"en_US\" \/>\n<meta property=\"og:type\" content=\"article\" \/>\n<meta property=\"og:title\" content=\"Deng\u00ean Kurdan \u00fb n\u00eeqa\u015f\u00ean li ser namzetiya \u00cemamoglu bo Serokomariya Tirkiy\u00ea - Darka Maz\u00ee\" \/>\n<meta property=\"og:description\" content=\"Ligel ku Serok\u00ea \u015earedar\u00ea Stenbol\u00ea Ekrem \u00cemamoglu bi deng\u00ea Kurdan b\u00fb \u015faredar j\u00ee, hem ew hem j\u00ee Maseya \u015ee\u015fal\u00ee di war\u00ea pirsa Kurd de b\u00eadengiya xwe didom\u00eenin. Hem \u00e7avd\u00ear\u00ean siyas\u00ee y\u00ean Tirk \u00fb hem j\u00ee siyasetmedar\u00ean Kurd di v\u00ea babet\u00ea de bal\u00ea diki\u015f\u00eenin ser giringiya deng\u00ea Kurdan \u00fb dib\u00eajin; b\u00eay\u00ee Kurd pesend bikin h\u00ee\u00e7 kesek [&hellip;]\" \/>\n<meta property=\"og:url\" content=\"https:\/\/darkamazi.info\/archives\/1034382\" \/>\n<meta property=\"og:site_name\" content=\"Darka Maz\u00ee\" \/>\n<meta property=\"article:publisher\" content=\"https:\/\/www.facebook.com\/DarMaziKurmanci\" \/>\n<meta property=\"article:published_time\" content=\"2022-12-22T18:32:05+00:00\" \/>\n<meta property=\"og:image\" content=\"https:\/\/darkamazi.info\/file\/2022\/12\/tirkiye.jpg\" \/>\n\t<meta property=\"og:image:width\" content=\"900\" \/>\n\t<meta property=\"og:image:height\" content=\"497\" \/>\n\t<meta property=\"og:image:type\" content=\"image\/jpeg\" \/>\n<meta name=\"author\" content=\"darka mazi\" \/>\n<meta name=\"twitter:card\" content=\"summary_large_image\" \/>\n<meta name=\"twitter:creator\" content=\"@DarkaMaziLatini\" \/>\n<meta name=\"twitter:site\" content=\"@DarkaMaziLatini\" \/>\n<meta name=\"twitter:label1\" content=\"Written by\" \/>\n\t<meta name=\"twitter:data1\" content=\"darka mazi\" \/>\n\t<meta name=\"twitter:label2\" content=\"Est. reading time\" \/>\n\t<meta name=\"twitter:data2\" content=\"2 minutes\" \/>\n<script type=\"application\/ld+json\" class=\"seo-schema-graph\">{\"@context\":\"https:\\\/\\\/schema.org\",\"@graph\":[{\"@type\":\"Article\",\"@id\":\"https:\\\/\\\/darkamazi.info\\\/archives\\\/1034382#article\",\"isPartOf\":{\"@id\":\"https:\\\/\\\/darkamazi.info\\\/archives\\\/1034382\"},\"author\":{\"name\":\"darka mazi\",\"@id\":\"https:\\\/\\\/darkamazi.info\\\/#\\\/schema\\\/person\\\/5ad3e24553a0567993fa8ed4bd0a776c\"},\"headline\":\"Deng\u00ean Kurdan \u00fb n\u00eeqa\u015f\u00ean li ser namzetiya \u00cemamoglu bo Serokomariya Tirkiy\u00ea\",\"datePublished\":\"2022-12-22T18:32:05+00:00\",\"mainEntityOfPage\":{\"@id\":\"https:\\\/\\\/darkamazi.info\\\/archives\\\/1034382\"},\"wordCount\":476,\"publisher\":{\"@id\":\"https:\\\/\\\/darkamazi.info\\\/#organization\"},\"image\":{\"@id\":\"https:\\\/\\\/darkamazi.info\\\/archives\\\/1034382#primaryimage\"},\"thumbnailUrl\":\"https:\\\/\\\/darkamazi.info\\\/darka-content\\\/uploads\\\/2022\\\/12\\\/tirkiye.jpg\",\"keywords\":[\"sereke\"],\"articleSection\":[\"Kurdistan\"],\"inLanguage\":\"en-US\"},{\"@type\":\"WebPage\",\"@id\":\"https:\\\/\\\/darkamazi.info\\\/archives\\\/1034382\",\"url\":\"https:\\\/\\\/darkamazi.info\\\/archives\\\/1034382\",\"name\":\"Deng\u00ean Kurdan \u00fb n\u00eeqa\u015f\u00ean li ser namzetiya \u00cemamoglu bo Serokomariya Tirkiy\u00ea - Darka Maz\u00ee\",\"isPartOf\":{\"@id\":\"https:\\\/\\\/darkamazi.info\\\/#website\"},\"primaryImageOfPage\":{\"@id\":\"https:\\\/\\\/darkamazi.info\\\/archives\\\/1034382#primaryimage\"},\"image\":{\"@id\":\"https:\\\/\\\/darkamazi.info\\\/archives\\\/1034382#primaryimage\"},\"thumbnailUrl\":\"https:\\\/\\\/darkamazi.info\\\/darka-content\\\/uploads\\\/2022\\\/12\\\/tirkiye.jpg\",\"datePublished\":\"2022-12-22T18:32:05+00:00\",\"breadcrumb\":{\"@id\":\"https:\\\/\\\/darkamazi.info\\\/archives\\\/1034382#breadcrumb\"},\"inLanguage\":\"en-US\",\"potentialAction\":[{\"@type\":\"ReadAction\",\"target\":[\"https:\\\/\\\/darkamazi.info\\\/archives\\\/1034382\"]}]},{\"@type\":\"ImageObject\",\"inLanguage\":\"en-US\",\"@id\":\"https:\\\/\\\/darkamazi.info\\\/archives\\\/1034382#primaryimage\",\"url\":\"https:\\\/\\\/darkamazi.info\\\/darka-content\\\/uploads\\\/2022\\\/12\\\/tirkiye.jpg\",\"contentUrl\":\"https:\\\/\\\/darkamazi.info\\\/darka-content\\\/uploads\\\/2022\\\/12\\\/tirkiye.jpg\",\"width\":900,\"height\":497,\"caption\":\"Deng\u00ean Kurdan \u00fb n\u00eeqa\u015f\u00ean li ser namzetiya \u00cemamoglu bo Serokomariya Tirkiy\u00ea\"},{\"@type\":\"BreadcrumbList\",\"@id\":\"https:\\\/\\\/darkamazi.info\\\/archives\\\/1034382#breadcrumb\",\"itemListElement\":[{\"@type\":\"ListItem\",\"position\":1,\"name\":\"Home\",\"item\":\"https:\\\/\\\/darkamazi.info\\\/\"},{\"@type\":\"ListItem\",\"position\":2,\"name\":\"Deng\u00ean Kurdan \u00fb n\u00eeqa\u015f\u00ean li ser namzetiya \u00cemamoglu bo Serokomariya Tirkiy\u00ea\"}]},{\"@type\":\"WebSite\",\"@id\":\"https:\\\/\\\/darkamazi.info\\\/#website\",\"url\":\"https:\\\/\\\/darkamazi.info\\\/\",\"name\":\"Darka Maz\u00ee\",\"description\":\"P\u00eageha Zanyariy\u00ean Nebih\u00eest\u00ee\",\"publisher\":{\"@id\":\"https:\\\/\\\/darkamazi.info\\\/#organization\"},\"potentialAction\":[{\"@type\":\"SearchAction\",\"target\":{\"@type\":\"EntryPoint\",\"urlTemplate\":\"https:\\\/\\\/darkamazi.info\\\/?s={search_term_string}\"},\"query-input\":{\"@type\":\"PropertyValueSpecification\",\"valueRequired\":true,\"valueName\":\"search_term_string\"}}],\"inLanguage\":\"en-US\"},{\"@type\":\"Organization\",\"@id\":\"https:\\\/\\\/darkamazi.info\\\/#organization\",\"name\":\"Darka Maz\u00ee\",\"url\":\"https:\\\/\\\/darkamazi.info\\\/\",\"logo\":{\"@type\":\"ImageObject\",\"inLanguage\":\"en-US\",\"@id\":\"https:\\\/\\\/darkamazi.info\\\/#\\\/schema\\\/logo\\\/image\\\/\",\"url\":\"https:\\\/\\\/darkamazi.info\\\/darka-content\\\/uploads\\\/2017\\\/12\\\/darka-mazi-logo.png\",\"contentUrl\":\"https:\\\/\\\/darkamazi.info\\\/darka-content\\\/uploads\\\/2017\\\/12\\\/darka-mazi-logo.png\",\"width\":151,\"height\":75,\"caption\":\"Darka Maz\u00ee\"},\"image\":{\"@id\":\"https:\\\/\\\/darkamazi.info\\\/#\\\/schema\\\/logo\\\/image\\\/\"},\"sameAs\":[\"https:\\\/\\\/www.facebook.com\\\/DarMaziKurmanci\",\"https:\\\/\\\/x.com\\\/DarkaMaziLatini\",\"https:\\\/\\\/www.instagram.com\\\/darkamazi.kurmanci\\\/\",\"https:\\\/\\\/www.youtube.com\\\/channel\\\/UCa5HkTdmI8U1qCUFuTw8B2g\"]},{\"@type\":\"Person\",\"@id\":\"https:\\\/\\\/darkamazi.info\\\/#\\\/schema\\\/person\\\/5ad3e24553a0567993fa8ed4bd0a776c\",\"name\":\"darka mazi\",\"sameAs\":[\"https:\\\/\\\/darkamazi.info\\\/\"],\"url\":\"https:\\\/\\\/darkamazi.info\\\/archives\\\/author\\\/kurdi\"}]}<\/script>\n<!-- \/ Yoast SEO plugin. -->","seo_head_json":{"title":"Deng\u00ean Kurdan \u00fb n\u00eeqa\u015f\u00ean li ser namzetiya \u00cemamoglu bo Serokomariya Tirkiy\u00ea - Darka Maz\u00ee","robots":{"index":"index","follow":"follow","max-snippet":"max-snippet:-1","max-image-preview":"max-image-preview:large","max-video-preview":"max-video-preview:-1"},"canonical":"https:\/\/darkamazi.info\/archives\/1034382","og_locale":"en_US","og_type":"article","og_title":"Deng\u00ean Kurdan \u00fb n\u00eeqa\u015f\u00ean li ser namzetiya \u00cemamoglu bo Serokomariya Tirkiy\u00ea - Darka Maz\u00ee","og_description":"Ligel ku Serok\u00ea \u015earedar\u00ea Stenbol\u00ea Ekrem \u00cemamoglu bi deng\u00ea Kurdan b\u00fb \u015faredar j\u00ee, hem ew hem j\u00ee Maseya \u015ee\u015fal\u00ee di war\u00ea pirsa Kurd de b\u00eadengiya xwe didom\u00eenin. Hem \u00e7avd\u00ear\u00ean siyas\u00ee y\u00ean Tirk \u00fb hem j\u00ee siyasetmedar\u00ean Kurd di v\u00ea babet\u00ea de bal\u00ea diki\u015f\u00eenin ser giringiya deng\u00ea Kurdan \u00fb dib\u00eajin; b\u00eay\u00ee Kurd pesend bikin h\u00ee\u00e7 kesek [&hellip;]","og_url":"https:\/\/darkamazi.info\/archives\/1034382","og_site_name":"Darka Maz\u00ee","article_publisher":"https:\/\/www.facebook.com\/DarMaziKurmanci","article_published_time":"2022-12-22T18:32:05+00:00","og_image":[{"width":900,"height":497,"url":"https:\/\/darkamazi.info\/file\/2022\/12\/tirkiye.jpg","type":"image\/jpeg"}],"author":"darka mazi","twitter_card":"summary_large_image","twitter_creator":"@DarkaMaziLatini","twitter_site":"@DarkaMaziLatini","twitter_misc":{"Written by":"darka mazi","Est. reading time":"2 minutes"},"schema":{"@context":"https:\/\/schema.org","@graph":[{"@type":"Article","@id":"https:\/\/darkamazi.info\/archives\/1034382#article","isPartOf":{"@id":"https:\/\/darkamazi.info\/archives\/1034382"},"author":{"name":"darka mazi","@id":"https:\/\/darkamazi.info\/#\/schema\/person\/5ad3e24553a0567993fa8ed4bd0a776c"},"headline":"Deng\u00ean Kurdan \u00fb n\u00eeqa\u015f\u00ean li ser namzetiya \u00cemamoglu bo Serokomariya Tirkiy\u00ea","datePublished":"2022-12-22T18:32:05+00:00","mainEntityOfPage":{"@id":"https:\/\/darkamazi.info\/archives\/1034382"},"wordCount":476,"publisher":{"@id":"https:\/\/darkamazi.info\/#organization"},"image":{"@id":"https:\/\/darkamazi.info\/archives\/1034382#primaryimage"},"thumbnailUrl":"https:\/\/darkamazi.info\/file\/2022\/12\/tirkiye.jpg","keywords":["sereke"],"articleSection":["Kurdistan"],"inLanguage":"en-US"},{"@type":"WebPage","@id":"https:\/\/darkamazi.info\/archives\/1034382","url":"https:\/\/darkamazi.info\/archives\/1034382","name":"Deng\u00ean Kurdan \u00fb n\u00eeqa\u015f\u00ean li ser namzetiya \u00cemamoglu bo Serokomariya Tirkiy\u00ea - Darka Maz\u00ee","isPartOf":{"@id":"https:\/\/darkamazi.info\/#website"},"primaryImageOfPage":{"@id":"https:\/\/darkamazi.info\/archives\/1034382#primaryimage"},"image":{"@id":"https:\/\/darkamazi.info\/archives\/1034382#primaryimage"},"thumbnailUrl":"https:\/\/darkamazi.info\/file\/2022\/12\/tirkiye.jpg","datePublished":"2022-12-22T18:32:05+00:00","breadcrumb":{"@id":"https:\/\/darkamazi.info\/archives\/1034382#breadcrumb"},"inLanguage":"en-US","potentialAction":[{"@type":"ReadAction","target":["https:\/\/darkamazi.info\/archives\/1034382"]}]},{"@type":"ImageObject","inLanguage":"en-US","@id":"https:\/\/darkamazi.info\/archives\/1034382#primaryimage","url":"https:\/\/darkamazi.info\/file\/2022\/12\/tirkiye.jpg","contentUrl":"https:\/\/darkamazi.info\/file\/2022\/12\/tirkiye.jpg","width":900,"height":497,"caption":"Deng\u00ean Kurdan \u00fb n\u00eeqa\u015f\u00ean li ser namzetiya \u00cemamoglu bo Serokomariya Tirkiy\u00ea"},{"@type":"BreadcrumbList","@id":"https:\/\/darkamazi.info\/archives\/1034382#breadcrumb","itemListElement":[{"@type":"ListItem","position":1,"name":"Home","item":"https:\/\/darkamazi.info\/"},{"@type":"ListItem","position":2,"name":"Deng\u00ean Kurdan \u00fb n\u00eeqa\u015f\u00ean li ser namzetiya \u00cemamoglu bo Serokomariya Tirkiy\u00ea"}]},{"@type":"WebSite","@id":"https:\/\/darkamazi.info\/#website","url":"https:\/\/darkamazi.info\/","name":"Darka Maz\u00ee","description":"P\u00eageha Zanyariy\u00ean Nebih\u00eest\u00ee","publisher":{"@id":"https:\/\/darkamazi.info\/#organization"},"potentialAction":[{"@type":"SearchAction","target":{"@type":"EntryPoint","urlTemplate":"https:\/\/darkamazi.info\/?s={search_term_string}"},"query-input":{"@type":"PropertyValueSpecification","valueRequired":true,"valueName":"search_term_string"}}],"inLanguage":"en-US"},{"@type":"Organization","@id":"https:\/\/darkamazi.info\/#organization","name":"Darka Maz\u00ee","url":"https:\/\/darkamazi.info\/","logo":{"@type":"ImageObject","inLanguage":"en-US","@id":"https:\/\/darkamazi.info\/#\/schema\/logo\/image\/","url":"https:\/\/darkamazi.info\/file\/2017\/12\/darka-mazi-logo.png","contentUrl":"https:\/\/darkamazi.info\/file\/2017\/12\/darka-mazi-logo.png","width":151,"height":75,"caption":"Darka Maz\u00ee"},"image":{"@id":"https:\/\/darkamazi.info\/#\/schema\/logo\/image\/"},"sameAs":["https:\/\/www.facebook.com\/DarMaziKurmanci","https:\/\/x.com\/DarkaMaziLatini","https:\/\/www.instagram.com\/darkamazi.kurmanci\/","https:\/\/www.youtube.com\/channel\/UCa5HkTdmI8U1qCUFuTw8B2g"]},{"@type":"Person","@id":"https:\/\/darkamazi.info\/#\/schema\/person\/5ad3e24553a0567993fa8ed4bd0a776c","name":"darka mazi","sameAs":["https:\/\/darkamazi.info\/"],"url":"https:\/\/darkamazi.info\/archives\/author\/kurdi"}]}},"_links":{"self":[{"href":"https:\/\/darkamazi.info\/funavuv\/wp\/v2\/posts\/1034382","targetHints":{"allow":["GET"]}}],"collection":[{"href":"https:\/\/darkamazi.info\/funavuv\/wp\/v2\/posts"}],"about":[{"href":"https:\/\/darkamazi.info\/funavuv\/wp\/v2\/types\/post"}],"author":[{"embeddable":true,"href":"https:\/\/darkamazi.info\/funavuv\/wp\/v2\/users\/2"}],"replies":[{"embeddable":true,"href":"https:\/\/darkamazi.info\/funavuv\/wp\/v2\/comments?post=1034382"}],"version-history":[{"count":0,"href":"https:\/\/darkamazi.info\/funavuv\/wp\/v2\/posts\/1034382\/revisions"}],"wp:featuredmedia":[{"embeddable":true,"href":"https:\/\/darkamazi.info\/funavuv\/wp\/v2\/media\/1034383"}],"wp:attachment":[{"href":"https:\/\/darkamazi.info\/funavuv\/wp\/v2\/media?parent=1034382"}],"wp:term":[{"taxonomy":"category","embeddable":true,"href":"https:\/\/darkamazi.info\/funavuv\/wp\/v2\/categories?post=1034382"},{"taxonomy":"post_tag","embeddable":true,"href":"https:\/\/darkamazi.info\/funavuv\/wp\/v2\/tags?post=1034382"}],"curies":[{"name":"wp","href":"https:\/\/api.w.org\/{rel}","templated":true}]}}