{"id":1034424,"date":"2022-12-26T11:22:39","date_gmt":"2022-12-26T08:22:39","guid":{"rendered":"https:\/\/darkamazi.info\/?p=1034424"},"modified":"2022-12-26T11:22:39","modified_gmt":"2022-12-26T08:22:39","slug":"eriskere-parise-ji-navenda-careseriya-deruni-bo-girtigehe-hat-vegerandin","status":"publish","type":"post","link":"https:\/\/darkamazi.info\/archives\/1034424","title":{"rendered":"\u00car\u00ee\u015fker\u00ea Par\u00ees\u00ea ji navenda \u00e7areseriya der\u00fbn\u00ee bo girt\u00eegeh\u00ea hat vegerandin"},"content":{"rendered":"<h3 style=\"text-align: justify\"><span style=\"font-family: 'arial black', sans-serif\">\u00car\u00ee\u015fkar\u00ea li ser Navenda \u00c7anda Kurd a Ahmet Kaya li Par\u00ees\u00ea, pi\u015ft\u00ee ku \u015fevek\u00ea li navenda \u00e7areseriya der\u00fbn\u00ee mab\u00fb, bo girt\u00eegeh\u00ea hate vegerandin.<\/span><\/h3>\n<h3 style=\"text-align: justify\">Serdozgeriya Par\u00ees\u00ea duh\u00ee biryar dab\u00fb ku \u00ear\u00ee\u015fkar\u00ea li ser Navenda \u00c7and\u00ea ya Ahmet Kaya ya Par\u00ees\u00ea ji girt\u00eegeh\u00ea bo navenda \u00e7areseriya der\u00fbn\u00ee b\u00ea veguhatin.<\/h3>\n<h3 style=\"text-align: justify\">Dozgera Gi\u015ft\u00ee ya Par\u00ees\u00ea Laura Bequeau ragihand, tawanbar\u00ea gule li navendeke Kurd\u00ee re\u015fandine li xwe mikur hatiye ku ew li dij\u00ee biyaniyan e.<\/h3>\n<h3 style=\"text-align: justify\">A\u015fkere kir j\u00ee, \u00ear\u00ee\u015fkar \u00e7end demjim\u00earan li nexwe\u015fxaneyek der\u00fbn\u00ee ma \u00fb pi\u015ftre ji bo girt\u00eegeh\u00ea hat veguhastin.<\/h3>\n<h3 style=\"text-align: justify\">Roja 23\u00ea Berfanbara 2022yan, kesek\u00ee temen 69 sal\u00ee li Par\u00eesa paytexta Fransay\u00ea bi \u00e7ek \u00ear\u00ee\u015f\u00ee Navenda \u00c7anda Kurd a Ahmet Kaya kir \u00fb di encam\u00ea de 3 Kurd hatin ku\u015ftin \u00fb 3 kes j\u00ee bir\u00eendar b\u00fbn.<\/h3>\n<h3 style=\"text-align: justify\">Di w\u00ea derbar\u00ea de, Wez\u00eer\u00ea Navxwe y\u00ea Fransay\u00ea Gerald Darmanin got ku \u00ear\u00ee\u015fkar bi e\u015fkerey\u00ee biyaniyan kirine armanc.<\/h3>\n<h3 style=\"text-align: justify\">Hik\u00fbmeta Her\u00eama Kurdistan\u00ea j\u00ee di daxuyaniyek\u00ea de bi tund\u00ee \u00ear\u00ee\u015fa li ser Kurd\u00ean diyasporay\u00ea li Par\u00ees\u00ea \u015fermezar kir.<\/h3>\n","protected":false},"excerpt":{"rendered":"<p>\u00car\u00ee\u015fkar\u00ea li ser Navenda \u00c7anda Kurd a Ahmet Kaya li Par\u00ees\u00ea, pi\u015ft\u00ee ku \u015fevek\u00ea li navenda \u00e7areseriya der\u00fbn\u00ee mab\u00fb, bo girt\u00eegeh\u00ea hate vegerandin. Serdozgeriya Par\u00ees\u00ea duh\u00ee biryar dab\u00fb ku \u00ear\u00ee\u015fkar\u00ea li ser Navenda \u00c7and\u00ea ya Ahmet Kaya ya Par\u00ees\u00ea ji girt\u00eegeh\u00ea bo navenda \u00e7areseriya der\u00fbn\u00ee b\u00ea veguhatin. Dozgera Gi\u015ft\u00ee ya Par\u00ees\u00ea Laura Bequeau ragihand, tawanbar\u00ea [&hellip;]<\/p>\n","protected":false},"author":2,"featured_media":1034425,"comment_status":"closed","ping_status":"closed","sticky":false,"template":"","format":"standard","meta":{"footnotes":""},"categories":[30],"tags":[37],"class_list":["post-1034424","post","type-post","status-publish","format-standard","has-post-thumbnail","hentry","category-cihan","tag-sereke"],"blocksy_meta":[],"seo_head":"<!-- This site is optimized with the Yoast SEO plugin v27.5 - https:\/\/yoast.com\/product\/yoast-seo-wordpress\/ -->\n<title>\u00car\u00ee\u015fker\u00ea Par\u00ees\u00ea ji navenda \u00e7areseriya der\u00fbn\u00ee bo girt\u00eegeh\u00ea hat vegerandin - Darka Maz\u00ee<\/title>\n<meta name=\"robots\" content=\"index, follow, max-snippet:-1, max-image-preview:large, max-video-preview:-1\" \/>\n<link rel=\"canonical\" href=\"https:\/\/darkamazi.info\/archives\/1034424\" \/>\n<meta property=\"og:locale\" content=\"en_US\" \/>\n<meta property=\"og:type\" content=\"article\" \/>\n<meta property=\"og:title\" content=\"\u00car\u00ee\u015fker\u00ea Par\u00ees\u00ea ji navenda \u00e7areseriya der\u00fbn\u00ee bo girt\u00eegeh\u00ea hat vegerandin - Darka Maz\u00ee\" \/>\n<meta property=\"og:description\" content=\"\u00car\u00ee\u015fkar\u00ea li ser Navenda \u00c7anda Kurd a Ahmet Kaya li Par\u00ees\u00ea, pi\u015ft\u00ee ku \u015fevek\u00ea li navenda \u00e7areseriya der\u00fbn\u00ee mab\u00fb, bo girt\u00eegeh\u00ea hate vegerandin. Serdozgeriya Par\u00ees\u00ea duh\u00ee biryar dab\u00fb ku \u00ear\u00ee\u015fkar\u00ea li ser Navenda \u00c7and\u00ea ya Ahmet Kaya ya Par\u00ees\u00ea ji girt\u00eegeh\u00ea bo navenda \u00e7areseriya der\u00fbn\u00ee b\u00ea veguhatin. Dozgera Gi\u015ft\u00ee ya Par\u00ees\u00ea Laura Bequeau ragihand, tawanbar\u00ea [&hellip;]\" \/>\n<meta property=\"og:url\" content=\"https:\/\/darkamazi.info\/archives\/1034424\" \/>\n<meta property=\"og:site_name\" content=\"Darka Maz\u00ee\" \/>\n<meta property=\"article:publisher\" content=\"https:\/\/www.facebook.com\/DarMaziKurmanci\" \/>\n<meta property=\"article:published_time\" content=\"2022-12-26T08:22:39+00:00\" \/>\n<meta property=\"og:image\" content=\"https:\/\/darkamazi.info\/file\/2022\/12\/paris-kurd-fransa.jpg\" \/>\n\t<meta property=\"og:image:width\" content=\"900\" \/>\n\t<meta property=\"og:image:height\" content=\"497\" \/>\n\t<meta property=\"og:image:type\" content=\"image\/jpeg\" \/>\n<meta name=\"author\" content=\"darka mazi\" \/>\n<meta name=\"twitter:card\" content=\"summary_large_image\" \/>\n<meta name=\"twitter:creator\" content=\"@DarkaMaziLatini\" \/>\n<meta name=\"twitter:site\" content=\"@DarkaMaziLatini\" \/>\n<meta name=\"twitter:label1\" content=\"Written by\" \/>\n\t<meta name=\"twitter:data1\" content=\"darka mazi\" \/>\n\t<meta name=\"twitter:label2\" content=\"Est. reading time\" \/>\n\t<meta name=\"twitter:data2\" content=\"1 minute\" \/>\n<script type=\"application\/ld+json\" class=\"seo-schema-graph\">{\"@context\":\"https:\\\/\\\/schema.org\",\"@graph\":[{\"@type\":\"Article\",\"@id\":\"https:\\\/\\\/darkamazi.info\\\/archives\\\/1034424#article\",\"isPartOf\":{\"@id\":\"https:\\\/\\\/darkamazi.info\\\/archives\\\/1034424\"},\"author\":{\"name\":\"darka mazi\",\"@id\":\"https:\\\/\\\/darkamazi.info\\\/#\\\/schema\\\/person\\\/5ad3e24553a0567993fa8ed4bd0a776c\"},\"headline\":\"\u00car\u00ee\u015fker\u00ea Par\u00ees\u00ea ji navenda \u00e7areseriya der\u00fbn\u00ee bo girt\u00eegeh\u00ea hat vegerandin\",\"datePublished\":\"2022-12-26T08:22:39+00:00\",\"mainEntityOfPage\":{\"@id\":\"https:\\\/\\\/darkamazi.info\\\/archives\\\/1034424\"},\"wordCount\":198,\"publisher\":{\"@id\":\"https:\\\/\\\/darkamazi.info\\\/#organization\"},\"image\":{\"@id\":\"https:\\\/\\\/darkamazi.info\\\/archives\\\/1034424#primaryimage\"},\"thumbnailUrl\":\"https:\\\/\\\/darkamazi.info\\\/darka-content\\\/uploads\\\/2022\\\/12\\\/paris-kurd-fransa.jpg\",\"keywords\":[\"sereke\"],\"articleSection\":[\"C\u00eehan\"],\"inLanguage\":\"en-US\"},{\"@type\":\"WebPage\",\"@id\":\"https:\\\/\\\/darkamazi.info\\\/archives\\\/1034424\",\"url\":\"https:\\\/\\\/darkamazi.info\\\/archives\\\/1034424\",\"name\":\"\u00car\u00ee\u015fker\u00ea Par\u00ees\u00ea ji navenda \u00e7areseriya der\u00fbn\u00ee bo girt\u00eegeh\u00ea hat vegerandin - Darka Maz\u00ee\",\"isPartOf\":{\"@id\":\"https:\\\/\\\/darkamazi.info\\\/#website\"},\"primaryImageOfPage\":{\"@id\":\"https:\\\/\\\/darkamazi.info\\\/archives\\\/1034424#primaryimage\"},\"image\":{\"@id\":\"https:\\\/\\\/darkamazi.info\\\/archives\\\/1034424#primaryimage\"},\"thumbnailUrl\":\"https:\\\/\\\/darkamazi.info\\\/darka-content\\\/uploads\\\/2022\\\/12\\\/paris-kurd-fransa.jpg\",\"datePublished\":\"2022-12-26T08:22:39+00:00\",\"breadcrumb\":{\"@id\":\"https:\\\/\\\/darkamazi.info\\\/archives\\\/1034424#breadcrumb\"},\"inLanguage\":\"en-US\",\"potentialAction\":[{\"@type\":\"ReadAction\",\"target\":[\"https:\\\/\\\/darkamazi.info\\\/archives\\\/1034424\"]}]},{\"@type\":\"ImageObject\",\"inLanguage\":\"en-US\",\"@id\":\"https:\\\/\\\/darkamazi.info\\\/archives\\\/1034424#primaryimage\",\"url\":\"https:\\\/\\\/darkamazi.info\\\/darka-content\\\/uploads\\\/2022\\\/12\\\/paris-kurd-fransa.jpg\",\"contentUrl\":\"https:\\\/\\\/darkamazi.info\\\/darka-content\\\/uploads\\\/2022\\\/12\\\/paris-kurd-fransa.jpg\",\"width\":900,\"height\":497,\"caption\":\"\u00car\u00ee\u015fker\u00ea Par\u00ees\u00ea ji navenda \u00e7areseriya der\u00fbn\u00ee bo girt\u00eegeh\u00ea hat vegerandin\"},{\"@type\":\"BreadcrumbList\",\"@id\":\"https:\\\/\\\/darkamazi.info\\\/archives\\\/1034424#breadcrumb\",\"itemListElement\":[{\"@type\":\"ListItem\",\"position\":1,\"name\":\"Home\",\"item\":\"https:\\\/\\\/darkamazi.info\\\/\"},{\"@type\":\"ListItem\",\"position\":2,\"name\":\"\u00car\u00ee\u015fker\u00ea Par\u00ees\u00ea ji navenda \u00e7areseriya der\u00fbn\u00ee bo girt\u00eegeh\u00ea hat vegerandin\"}]},{\"@type\":\"WebSite\",\"@id\":\"https:\\\/\\\/darkamazi.info\\\/#website\",\"url\":\"https:\\\/\\\/darkamazi.info\\\/\",\"name\":\"Darka Maz\u00ee\",\"description\":\"P\u00eageha Zanyariy\u00ean Nebih\u00eest\u00ee\",\"publisher\":{\"@id\":\"https:\\\/\\\/darkamazi.info\\\/#organization\"},\"potentialAction\":[{\"@type\":\"SearchAction\",\"target\":{\"@type\":\"EntryPoint\",\"urlTemplate\":\"https:\\\/\\\/darkamazi.info\\\/?s={search_term_string}\"},\"query-input\":{\"@type\":\"PropertyValueSpecification\",\"valueRequired\":true,\"valueName\":\"search_term_string\"}}],\"inLanguage\":\"en-US\"},{\"@type\":\"Organization\",\"@id\":\"https:\\\/\\\/darkamazi.info\\\/#organization\",\"name\":\"Darka Maz\u00ee\",\"url\":\"https:\\\/\\\/darkamazi.info\\\/\",\"logo\":{\"@type\":\"ImageObject\",\"inLanguage\":\"en-US\",\"@id\":\"https:\\\/\\\/darkamazi.info\\\/#\\\/schema\\\/logo\\\/image\\\/\",\"url\":\"https:\\\/\\\/darkamazi.info\\\/darka-content\\\/uploads\\\/2017\\\/12\\\/darka-mazi-logo.png\",\"contentUrl\":\"https:\\\/\\\/darkamazi.info\\\/darka-content\\\/uploads\\\/2017\\\/12\\\/darka-mazi-logo.png\",\"width\":151,\"height\":75,\"caption\":\"Darka Maz\u00ee\"},\"image\":{\"@id\":\"https:\\\/\\\/darkamazi.info\\\/#\\\/schema\\\/logo\\\/image\\\/\"},\"sameAs\":[\"https:\\\/\\\/www.facebook.com\\\/DarMaziKurmanci\",\"https:\\\/\\\/x.com\\\/DarkaMaziLatini\",\"https:\\\/\\\/www.instagram.com\\\/darkamazi.kurmanci\\\/\",\"https:\\\/\\\/www.youtube.com\\\/channel\\\/UCa5HkTdmI8U1qCUFuTw8B2g\"]},{\"@type\":\"Person\",\"@id\":\"https:\\\/\\\/darkamazi.info\\\/#\\\/schema\\\/person\\\/5ad3e24553a0567993fa8ed4bd0a776c\",\"name\":\"darka mazi\",\"sameAs\":[\"https:\\\/\\\/darkamazi.info\\\/\"],\"url\":\"https:\\\/\\\/darkamazi.info\\\/archives\\\/author\\\/kurdi\"}]}<\/script>\n<!-- \/ Yoast SEO plugin. -->","seo_head_json":{"title":"\u00car\u00ee\u015fker\u00ea Par\u00ees\u00ea ji navenda \u00e7areseriya der\u00fbn\u00ee bo girt\u00eegeh\u00ea hat vegerandin - Darka Maz\u00ee","robots":{"index":"index","follow":"follow","max-snippet":"max-snippet:-1","max-image-preview":"max-image-preview:large","max-video-preview":"max-video-preview:-1"},"canonical":"https:\/\/darkamazi.info\/archives\/1034424","og_locale":"en_US","og_type":"article","og_title":"\u00car\u00ee\u015fker\u00ea Par\u00ees\u00ea ji navenda \u00e7areseriya der\u00fbn\u00ee bo girt\u00eegeh\u00ea hat vegerandin - Darka Maz\u00ee","og_description":"\u00car\u00ee\u015fkar\u00ea li ser Navenda \u00c7anda Kurd a Ahmet Kaya li Par\u00ees\u00ea, pi\u015ft\u00ee ku \u015fevek\u00ea li navenda \u00e7areseriya der\u00fbn\u00ee mab\u00fb, bo girt\u00eegeh\u00ea hate vegerandin. Serdozgeriya Par\u00ees\u00ea duh\u00ee biryar dab\u00fb ku \u00ear\u00ee\u015fkar\u00ea li ser Navenda \u00c7and\u00ea ya Ahmet Kaya ya Par\u00ees\u00ea ji girt\u00eegeh\u00ea bo navenda \u00e7areseriya der\u00fbn\u00ee b\u00ea veguhatin. Dozgera Gi\u015ft\u00ee ya Par\u00ees\u00ea Laura Bequeau ragihand, tawanbar\u00ea [&hellip;]","og_url":"https:\/\/darkamazi.info\/archives\/1034424","og_site_name":"Darka Maz\u00ee","article_publisher":"https:\/\/www.facebook.com\/DarMaziKurmanci","article_published_time":"2022-12-26T08:22:39+00:00","og_image":[{"width":900,"height":497,"url":"https:\/\/darkamazi.info\/file\/2022\/12\/paris-kurd-fransa.jpg","type":"image\/jpeg"}],"author":"darka mazi","twitter_card":"summary_large_image","twitter_creator":"@DarkaMaziLatini","twitter_site":"@DarkaMaziLatini","twitter_misc":{"Written by":"darka mazi","Est. reading time":"1 minute"},"schema":{"@context":"https:\/\/schema.org","@graph":[{"@type":"Article","@id":"https:\/\/darkamazi.info\/archives\/1034424#article","isPartOf":{"@id":"https:\/\/darkamazi.info\/archives\/1034424"},"author":{"name":"darka mazi","@id":"https:\/\/darkamazi.info\/#\/schema\/person\/5ad3e24553a0567993fa8ed4bd0a776c"},"headline":"\u00car\u00ee\u015fker\u00ea Par\u00ees\u00ea ji navenda \u00e7areseriya der\u00fbn\u00ee bo girt\u00eegeh\u00ea hat vegerandin","datePublished":"2022-12-26T08:22:39+00:00","mainEntityOfPage":{"@id":"https:\/\/darkamazi.info\/archives\/1034424"},"wordCount":198,"publisher":{"@id":"https:\/\/darkamazi.info\/#organization"},"image":{"@id":"https:\/\/darkamazi.info\/archives\/1034424#primaryimage"},"thumbnailUrl":"https:\/\/darkamazi.info\/file\/2022\/12\/paris-kurd-fransa.jpg","keywords":["sereke"],"articleSection":["C\u00eehan"],"inLanguage":"en-US"},{"@type":"WebPage","@id":"https:\/\/darkamazi.info\/archives\/1034424","url":"https:\/\/darkamazi.info\/archives\/1034424","name":"\u00car\u00ee\u015fker\u00ea Par\u00ees\u00ea ji navenda \u00e7areseriya der\u00fbn\u00ee bo girt\u00eegeh\u00ea hat vegerandin - Darka Maz\u00ee","isPartOf":{"@id":"https:\/\/darkamazi.info\/#website"},"primaryImageOfPage":{"@id":"https:\/\/darkamazi.info\/archives\/1034424#primaryimage"},"image":{"@id":"https:\/\/darkamazi.info\/archives\/1034424#primaryimage"},"thumbnailUrl":"https:\/\/darkamazi.info\/file\/2022\/12\/paris-kurd-fransa.jpg","datePublished":"2022-12-26T08:22:39+00:00","breadcrumb":{"@id":"https:\/\/darkamazi.info\/archives\/1034424#breadcrumb"},"inLanguage":"en-US","potentialAction":[{"@type":"ReadAction","target":["https:\/\/darkamazi.info\/archives\/1034424"]}]},{"@type":"ImageObject","inLanguage":"en-US","@id":"https:\/\/darkamazi.info\/archives\/1034424#primaryimage","url":"https:\/\/darkamazi.info\/file\/2022\/12\/paris-kurd-fransa.jpg","contentUrl":"https:\/\/darkamazi.info\/file\/2022\/12\/paris-kurd-fransa.jpg","width":900,"height":497,"caption":"\u00car\u00ee\u015fker\u00ea Par\u00ees\u00ea ji navenda \u00e7areseriya der\u00fbn\u00ee bo girt\u00eegeh\u00ea hat vegerandin"},{"@type":"BreadcrumbList","@id":"https:\/\/darkamazi.info\/archives\/1034424#breadcrumb","itemListElement":[{"@type":"ListItem","position":1,"name":"Home","item":"https:\/\/darkamazi.info\/"},{"@type":"ListItem","position":2,"name":"\u00car\u00ee\u015fker\u00ea Par\u00ees\u00ea ji navenda \u00e7areseriya der\u00fbn\u00ee bo girt\u00eegeh\u00ea hat vegerandin"}]},{"@type":"WebSite","@id":"https:\/\/darkamazi.info\/#website","url":"https:\/\/darkamazi.info\/","name":"Darka Maz\u00ee","description":"P\u00eageha Zanyariy\u00ean Nebih\u00eest\u00ee","publisher":{"@id":"https:\/\/darkamazi.info\/#organization"},"potentialAction":[{"@type":"SearchAction","target":{"@type":"EntryPoint","urlTemplate":"https:\/\/darkamazi.info\/?s={search_term_string}"},"query-input":{"@type":"PropertyValueSpecification","valueRequired":true,"valueName":"search_term_string"}}],"inLanguage":"en-US"},{"@type":"Organization","@id":"https:\/\/darkamazi.info\/#organization","name":"Darka Maz\u00ee","url":"https:\/\/darkamazi.info\/","logo":{"@type":"ImageObject","inLanguage":"en-US","@id":"https:\/\/darkamazi.info\/#\/schema\/logo\/image\/","url":"https:\/\/darkamazi.info\/file\/2017\/12\/darka-mazi-logo.png","contentUrl":"https:\/\/darkamazi.info\/file\/2017\/12\/darka-mazi-logo.png","width":151,"height":75,"caption":"Darka Maz\u00ee"},"image":{"@id":"https:\/\/darkamazi.info\/#\/schema\/logo\/image\/"},"sameAs":["https:\/\/www.facebook.com\/DarMaziKurmanci","https:\/\/x.com\/DarkaMaziLatini","https:\/\/www.instagram.com\/darkamazi.kurmanci\/","https:\/\/www.youtube.com\/channel\/UCa5HkTdmI8U1qCUFuTw8B2g"]},{"@type":"Person","@id":"https:\/\/darkamazi.info\/#\/schema\/person\/5ad3e24553a0567993fa8ed4bd0a776c","name":"darka mazi","sameAs":["https:\/\/darkamazi.info\/"],"url":"https:\/\/darkamazi.info\/archives\/author\/kurdi"}]}},"_links":{"self":[{"href":"https:\/\/darkamazi.info\/funavuv\/wp\/v2\/posts\/1034424","targetHints":{"allow":["GET"]}}],"collection":[{"href":"https:\/\/darkamazi.info\/funavuv\/wp\/v2\/posts"}],"about":[{"href":"https:\/\/darkamazi.info\/funavuv\/wp\/v2\/types\/post"}],"author":[{"embeddable":true,"href":"https:\/\/darkamazi.info\/funavuv\/wp\/v2\/users\/2"}],"replies":[{"embeddable":true,"href":"https:\/\/darkamazi.info\/funavuv\/wp\/v2\/comments?post=1034424"}],"version-history":[{"count":0,"href":"https:\/\/darkamazi.info\/funavuv\/wp\/v2\/posts\/1034424\/revisions"}],"wp:featuredmedia":[{"embeddable":true,"href":"https:\/\/darkamazi.info\/funavuv\/wp\/v2\/media\/1034425"}],"wp:attachment":[{"href":"https:\/\/darkamazi.info\/funavuv\/wp\/v2\/media?parent=1034424"}],"wp:term":[{"taxonomy":"category","embeddable":true,"href":"https:\/\/darkamazi.info\/funavuv\/wp\/v2\/categories?post=1034424"},{"taxonomy":"post_tag","embeddable":true,"href":"https:\/\/darkamazi.info\/funavuv\/wp\/v2\/tags?post=1034424"}],"curies":[{"name":"wp","href":"https:\/\/api.w.org\/{rel}","templated":true}]}}