{"id":1034434,"date":"2022-12-27T12:50:53","date_gmt":"2022-12-27T09:50:53","guid":{"rendered":"https:\/\/darkamazi.info\/?p=1034434"},"modified":"2022-12-27T12:50:53","modified_gmt":"2022-12-27T09:50:53","slug":"pkke-bi-derxistina-aloziyan-li-parise-dixwaze-weneya-kurdan-res-bike","status":"publish","type":"post","link":"https:\/\/darkamazi.info\/archives\/1034434","title":{"rendered":"PKKe bi derxistina aloziyan li Par\u00ees\u00ea dixwaze w\u00eaneya Kurdan re\u015f bike"},"content":{"rendered":"<h3 style=\"text-align: justify\"><span style=\"font-family: 'arial black', sans-serif\">Siyasetmedar\u00ea Kurd Ebdulbasit Hemo derbar\u00ea karvedan\u00ean tund \u00ean li Fransay\u00ea de got, \u201cPKK dixwaze w\u00eaneya Kurd \u00fb doza gel\u00ea Kurd li cem Ewropiyan \u00fb dost\u00ean Kurdan re\u015f bike\u201d.<\/span><\/h3>\n<h3 style=\"text-align: justify\"><span style=\"font-family: arial, helvetica, sans-serif\">Ebdulbasit Hemo derbar\u00ea b\u00fbyera \u00ear\u00ee\u015fa roja 23\u00ea v\u00ea meh\u00ea ya li ser Navenda \u00c7and\u00ea ya Ehmed Kaya ya Par\u00ees\u00ea de ku t\u00ea 3 Kurd hatib\u00fbn ku\u015ftin got: \u201cLi Ewropay\u00ea ber\u00ea j\u00ee gelek caran b\u00fbyer\u00ean tundiya li dij\u00ee biyaniyan r\u00fb daye, ne ten\u00ea li Par\u00ees\u00ea, l\u00ea li gelek welat\u00ean din j\u00ee, ji ber ne her kesek dikare kes\u00ean biyan\u00ee qeb\u00fbl bike. L\u00ea v\u00ea car\u00ea Kurd mixabin b\u00fbn qurbaniya v\u00ea k\u00een \u00fb zikre\u015fiy\u00ea\u201d.<\/span><\/h3>\n<h3 style=\"text-align: justify\"><span style=\"font-family: arial, helvetica, sans-serif\">Her wiha got: \u201cL\u00ea di heman dem\u00ea de, xwep\u00ea\u015fandan\u00ean ku tund\u00ee n\u00ee\u015fan dane \u00fb aloz\u00ee derxistine j\u00ee, w\u00eaneya Kurd \u00fb doza gel\u00ea Kurd li cem Ewropiyan \u00fb dost\u00ean Kurdan re\u015f dike\u201d.<\/span><\/h3>\n<h3 style=\"text-align: justify\"><span style=\"font-family: arial, helvetica, sans-serif\">Hemo got j\u00ee: \u201cEv karvedan\u00ean t\u00fbj \u00fb xirapkariya ku li Par\u00ees\u00ea hatine kirin, w\u00eaneyek n\u00ee\u015fan da ku Kurd hov in \u00fb ne y\u00ean a\u015ft\u00ee \u00fb demokrasiy\u00ea ne \u00fb nikarin bi diyalog \u00fb dan\u00fbstandinan daxwaza maf\u00ean xwe bikin. Ji ber v\u00ea yek\u00ea, ev karvedan \u00fb xirapkar\u00ee, dikevin xizmeta dijmin\u00ean Kurdan\u201d.<\/span><\/h3>\n<h3 style=\"text-align: justify\"><span style=\"font-family: arial, helvetica, sans-serif\">Her wiha got: \u201cKarvedan\u00ean li Par\u00ees\u00ea \u00fb bilindkirina al\u00ean PKK\u00ea \u00fb w\u00eaney\u00ean Ocelan, b\u00fbyer\u00ean sala 1993an \u00ean li Almanyay\u00ea t\u00eene b\u00eera me, w\u00ea dem\u00ea j\u00ee riy\u00ean Almanyay\u00ea hatin girtin, tir\u00ean hatin sekinandin \u00fb ziyan gih\u00ee\u015ft aboriya w\u00ee welat\u00ee, tev\u00ee ku Almanya p\u00ea\u015fwaz\u00ee li Kurdan dike. PKK\u00ea pi\u015ft\u00ee \u015fer\u00ea \u00e7ekdar\u00ee ya sala 1984an ku gund \u00fb bajar\u00ea Kurdan vala b\u00fbn, PKK\u00ea Kurd ne\u00e7ar kirin ku ko\u00e7ber\u00ee welat\u00ean wek Almanyay\u00ea bibin \u00fb li wir j\u00ee ew ji xwe re kirin wek \u00eazing \u00fb ji bo berjewendiy\u00ean xwe bi kar an\u00een. \u00cero ev b\u00fbyer\u00ean li Par\u00ees\u00ea, dubarekirina wan b\u00fbyer\u00ean li Almanyay\u00ea ye\u201d.<\/span><\/h3>\n<h3 style=\"text-align: justify\"><span style=\"font-family: arial, helvetica, sans-serif\">Da zan\u00een j\u00ee, \u201cEv kiryar\u00ean ku \u00eero PKK\u00ea dike \u00fb Ewropa dike meydana xwe ya \u015fer \u00fb xebat\u00ea, Kurdan ji maf \u00fb daxwaza wan a sereke d\u00fbr dixe\u201d.<\/span><\/h3>\n<h3 style=\"text-align: justify\"><span style=\"font-family: arial, helvetica, sans-serif\">Bal ki\u015fandine ser w\u00ea yek\u00ea ku \u201cPKK bi bilindkirina al\u00ean PKK\u00ea \u00fb w\u00eaney\u00ean Abdullah Ocalan, dixwaze n\u00ee\u015fan bide ku qeder \u00fb \u00e7areniv\u00eesa Kurdan di dest\u00ea Ocalan \u00fb \u015fekeft\u00ean Qend\u00eel\u00ea de ye. Ev j\u00ee t\u00ea w\u00ea watey\u00ea ku revenda Kurd li Ewropa bi temam\u00ee bi erk\u00ea xwe raneb\u00fbye \u00fb tevgera siyas\u00ee ya Kurdistan\u00ea lewaz e. Div\u00ea revenda Kurd \u00fb tevgera siyas\u00ee ya Kurdistan\u00ea r\u00ea nedaba ku w\u00eaneya Kurd wiha b\u00ea re\u015fkirin\u201d.<\/span><\/h3>\n<h3 style=\"text-align: justify\"><span style=\"font-family: arial, helvetica, sans-serif\">Hemo destn\u00ee\u015fan kir j\u00ee, \u201cFransa dosta her\u00ee n\u00eaz\u00eek a Kurdan e \u00fb Serok\u00ea Fransay\u00ea serdana Paytexta Kurdistan\u00ea kiriye \u00fb pi\u015ftevaniya gel\u00ea Kurd \u00fb \u00ceran\u00ea dike, PKK\u00ea dixwaze Fransa bi pirsgir\u00eak\u00ean navxwey\u00ee mij\u00fbl bibe. Doza gel\u00ea Kurd, dozeke a\u015ft\u00ee, demokras\u00ee \u00fb rewa ye, l\u00ea PKK\u00ea her tim Kurdan diki\u015f\u00eene newala teror\u00ea \u00fb dixwaze doza gel\u00ea Kurd bixin di xizmeta dijmin\u00ean Kurdan de\u201d.<\/span><\/h3>\n<p>&nbsp;<\/p>\n<div class=\"textout\">\n<h3 id=\"outputTransliteration\" class=\"pre\"><a href=\"https:\/\/www.kurdistan24.net\/kmr\/story\/62099-Hemo:-PKK-bi-derxistina-aloziyan-li-Par%C3%AEs%C3%AA-dixwaze-w%C3%AAneya-Kurdan-re%C5%9F-bike\" target=\"_blank\"><span style=\"font-family: 'arial black', sans-serif;color: #3366ff\">\u00c7avkan\u00ee: Kurdistan24<\/span><\/a><\/h3>\n<\/div>\n","protected":false},"excerpt":{"rendered":"<p>Siyasetmedar\u00ea Kurd Ebdulbasit Hemo derbar\u00ea karvedan\u00ean tund \u00ean li Fransay\u00ea de got, \u201cPKK dixwaze w\u00eaneya Kurd \u00fb doza gel\u00ea Kurd li cem Ewropiyan \u00fb dost\u00ean Kurdan re\u015f bike\u201d. Ebdulbasit Hemo derbar\u00ea b\u00fbyera \u00ear\u00ee\u015fa roja 23\u00ea v\u00ea meh\u00ea ya li ser Navenda \u00c7and\u00ea ya Ehmed Kaya ya Par\u00ees\u00ea de ku t\u00ea 3 Kurd hatib\u00fbn ku\u015ftin got: [&hellip;]<\/p>\n","protected":false},"author":2,"featured_media":1034435,"comment_status":"closed","ping_status":"closed","sticky":false,"template":"","format":"standard","meta":{"footnotes":""},"categories":[29],"tags":[37],"class_list":["post-1034434","post","type-post","status-publish","format-standard","has-post-thumbnail","hentry","category-kurdistan","tag-sereke"],"blocksy_meta":[],"seo_head":"<!-- This site is optimized with the Yoast SEO plugin v27.5 - https:\/\/yoast.com\/product\/yoast-seo-wordpress\/ -->\n<title>PKKe bi derxistina aloziyan li Par\u00ees\u00ea dixwaze w\u00eaneya Kurdan re\u015f bike - Darka Maz\u00ee<\/title>\n<meta name=\"robots\" content=\"index, follow, max-snippet:-1, max-image-preview:large, max-video-preview:-1\" \/>\n<link rel=\"canonical\" href=\"https:\/\/darkamazi.info\/archives\/1034434\" \/>\n<meta property=\"og:locale\" content=\"en_US\" \/>\n<meta property=\"og:type\" content=\"article\" \/>\n<meta property=\"og:title\" content=\"PKKe bi derxistina aloziyan li Par\u00ees\u00ea dixwaze w\u00eaneya Kurdan re\u015f bike - Darka Maz\u00ee\" \/>\n<meta property=\"og:description\" content=\"Siyasetmedar\u00ea Kurd Ebdulbasit Hemo derbar\u00ea karvedan\u00ean tund \u00ean li Fransay\u00ea de got, \u201cPKK dixwaze w\u00eaneya Kurd \u00fb doza gel\u00ea Kurd li cem Ewropiyan \u00fb dost\u00ean Kurdan re\u015f bike\u201d. Ebdulbasit Hemo derbar\u00ea b\u00fbyera \u00ear\u00ee\u015fa roja 23\u00ea v\u00ea meh\u00ea ya li ser Navenda \u00c7and\u00ea ya Ehmed Kaya ya Par\u00ees\u00ea de ku t\u00ea 3 Kurd hatib\u00fbn ku\u015ftin got: [&hellip;]\" \/>\n<meta property=\"og:url\" content=\"https:\/\/darkamazi.info\/archives\/1034434\" \/>\n<meta property=\"og:site_name\" content=\"Darka Maz\u00ee\" \/>\n<meta property=\"article:publisher\" content=\"https:\/\/www.facebook.com\/DarMaziKurmanci\" \/>\n<meta property=\"article:published_time\" content=\"2022-12-27T09:50:53+00:00\" \/>\n<meta property=\"og:image\" content=\"https:\/\/darkamazi.info\/file\/2022\/12\/Ebdulbasit-Hemo-pkk-paris-darkamazi.jpg\" \/>\n\t<meta property=\"og:image:width\" content=\"900\" \/>\n\t<meta property=\"og:image:height\" content=\"497\" \/>\n\t<meta property=\"og:image:type\" content=\"image\/jpeg\" \/>\n<meta name=\"author\" content=\"darka mazi\" \/>\n<meta name=\"twitter:card\" content=\"summary_large_image\" \/>\n<meta name=\"twitter:creator\" content=\"@DarkaMaziLatini\" \/>\n<meta name=\"twitter:site\" content=\"@DarkaMaziLatini\" \/>\n<meta name=\"twitter:label1\" content=\"Written by\" \/>\n\t<meta name=\"twitter:data1\" content=\"darka mazi\" \/>\n\t<meta name=\"twitter:label2\" content=\"Est. reading time\" \/>\n\t<meta name=\"twitter:data2\" content=\"2 minutes\" \/>\n<script type=\"application\/ld+json\" class=\"seo-schema-graph\">{\"@context\":\"https:\\\/\\\/schema.org\",\"@graph\":[{\"@type\":\"Article\",\"@id\":\"https:\\\/\\\/darkamazi.info\\\/archives\\\/1034434#article\",\"isPartOf\":{\"@id\":\"https:\\\/\\\/darkamazi.info\\\/archives\\\/1034434\"},\"author\":{\"name\":\"darka mazi\",\"@id\":\"https:\\\/\\\/darkamazi.info\\\/#\\\/schema\\\/person\\\/5ad3e24553a0567993fa8ed4bd0a776c\"},\"headline\":\"PKKe bi derxistina aloziyan li Par\u00ees\u00ea dixwaze w\u00eaneya Kurdan re\u015f bike\",\"datePublished\":\"2022-12-27T09:50:53+00:00\",\"mainEntityOfPage\":{\"@id\":\"https:\\\/\\\/darkamazi.info\\\/archives\\\/1034434\"},\"wordCount\":501,\"publisher\":{\"@id\":\"https:\\\/\\\/darkamazi.info\\\/#organization\"},\"image\":{\"@id\":\"https:\\\/\\\/darkamazi.info\\\/archives\\\/1034434#primaryimage\"},\"thumbnailUrl\":\"https:\\\/\\\/darkamazi.info\\\/darka-content\\\/uploads\\\/2022\\\/12\\\/Ebdulbasit-Hemo-pkk-paris-darkamazi.jpg\",\"keywords\":[\"sereke\"],\"articleSection\":[\"Kurdistan\"],\"inLanguage\":\"en-US\"},{\"@type\":\"WebPage\",\"@id\":\"https:\\\/\\\/darkamazi.info\\\/archives\\\/1034434\",\"url\":\"https:\\\/\\\/darkamazi.info\\\/archives\\\/1034434\",\"name\":\"PKKe bi derxistina aloziyan li Par\u00ees\u00ea dixwaze w\u00eaneya Kurdan re\u015f bike - Darka Maz\u00ee\",\"isPartOf\":{\"@id\":\"https:\\\/\\\/darkamazi.info\\\/#website\"},\"primaryImageOfPage\":{\"@id\":\"https:\\\/\\\/darkamazi.info\\\/archives\\\/1034434#primaryimage\"},\"image\":{\"@id\":\"https:\\\/\\\/darkamazi.info\\\/archives\\\/1034434#primaryimage\"},\"thumbnailUrl\":\"https:\\\/\\\/darkamazi.info\\\/darka-content\\\/uploads\\\/2022\\\/12\\\/Ebdulbasit-Hemo-pkk-paris-darkamazi.jpg\",\"datePublished\":\"2022-12-27T09:50:53+00:00\",\"breadcrumb\":{\"@id\":\"https:\\\/\\\/darkamazi.info\\\/archives\\\/1034434#breadcrumb\"},\"inLanguage\":\"en-US\",\"potentialAction\":[{\"@type\":\"ReadAction\",\"target\":[\"https:\\\/\\\/darkamazi.info\\\/archives\\\/1034434\"]}]},{\"@type\":\"ImageObject\",\"inLanguage\":\"en-US\",\"@id\":\"https:\\\/\\\/darkamazi.info\\\/archives\\\/1034434#primaryimage\",\"url\":\"https:\\\/\\\/darkamazi.info\\\/darka-content\\\/uploads\\\/2022\\\/12\\\/Ebdulbasit-Hemo-pkk-paris-darkamazi.jpg\",\"contentUrl\":\"https:\\\/\\\/darkamazi.info\\\/darka-content\\\/uploads\\\/2022\\\/12\\\/Ebdulbasit-Hemo-pkk-paris-darkamazi.jpg\",\"width\":900,\"height\":497,\"caption\":\"Ebdulbasit Hemo-pkk-paris-darkamazi\"},{\"@type\":\"BreadcrumbList\",\"@id\":\"https:\\\/\\\/darkamazi.info\\\/archives\\\/1034434#breadcrumb\",\"itemListElement\":[{\"@type\":\"ListItem\",\"position\":1,\"name\":\"Home\",\"item\":\"https:\\\/\\\/darkamazi.info\\\/\"},{\"@type\":\"ListItem\",\"position\":2,\"name\":\"PKKe bi derxistina aloziyan li Par\u00ees\u00ea dixwaze w\u00eaneya Kurdan re\u015f bike\"}]},{\"@type\":\"WebSite\",\"@id\":\"https:\\\/\\\/darkamazi.info\\\/#website\",\"url\":\"https:\\\/\\\/darkamazi.info\\\/\",\"name\":\"Darka Maz\u00ee\",\"description\":\"P\u00eageha Zanyariy\u00ean Nebih\u00eest\u00ee\",\"publisher\":{\"@id\":\"https:\\\/\\\/darkamazi.info\\\/#organization\"},\"potentialAction\":[{\"@type\":\"SearchAction\",\"target\":{\"@type\":\"EntryPoint\",\"urlTemplate\":\"https:\\\/\\\/darkamazi.info\\\/?s={search_term_string}\"},\"query-input\":{\"@type\":\"PropertyValueSpecification\",\"valueRequired\":true,\"valueName\":\"search_term_string\"}}],\"inLanguage\":\"en-US\"},{\"@type\":\"Organization\",\"@id\":\"https:\\\/\\\/darkamazi.info\\\/#organization\",\"name\":\"Darka Maz\u00ee\",\"url\":\"https:\\\/\\\/darkamazi.info\\\/\",\"logo\":{\"@type\":\"ImageObject\",\"inLanguage\":\"en-US\",\"@id\":\"https:\\\/\\\/darkamazi.info\\\/#\\\/schema\\\/logo\\\/image\\\/\",\"url\":\"https:\\\/\\\/darkamazi.info\\\/darka-content\\\/uploads\\\/2017\\\/12\\\/darka-mazi-logo.png\",\"contentUrl\":\"https:\\\/\\\/darkamazi.info\\\/darka-content\\\/uploads\\\/2017\\\/12\\\/darka-mazi-logo.png\",\"width\":151,\"height\":75,\"caption\":\"Darka Maz\u00ee\"},\"image\":{\"@id\":\"https:\\\/\\\/darkamazi.info\\\/#\\\/schema\\\/logo\\\/image\\\/\"},\"sameAs\":[\"https:\\\/\\\/www.facebook.com\\\/DarMaziKurmanci\",\"https:\\\/\\\/x.com\\\/DarkaMaziLatini\",\"https:\\\/\\\/www.instagram.com\\\/darkamazi.kurmanci\\\/\",\"https:\\\/\\\/www.youtube.com\\\/channel\\\/UCa5HkTdmI8U1qCUFuTw8B2g\"]},{\"@type\":\"Person\",\"@id\":\"https:\\\/\\\/darkamazi.info\\\/#\\\/schema\\\/person\\\/5ad3e24553a0567993fa8ed4bd0a776c\",\"name\":\"darka mazi\",\"sameAs\":[\"https:\\\/\\\/darkamazi.info\\\/\"],\"url\":\"https:\\\/\\\/darkamazi.info\\\/archives\\\/author\\\/kurdi\"}]}<\/script>\n<!-- \/ Yoast SEO plugin. -->","seo_head_json":{"title":"PKKe bi derxistina aloziyan li Par\u00ees\u00ea dixwaze w\u00eaneya Kurdan re\u015f bike - Darka Maz\u00ee","robots":{"index":"index","follow":"follow","max-snippet":"max-snippet:-1","max-image-preview":"max-image-preview:large","max-video-preview":"max-video-preview:-1"},"canonical":"https:\/\/darkamazi.info\/archives\/1034434","og_locale":"en_US","og_type":"article","og_title":"PKKe bi derxistina aloziyan li Par\u00ees\u00ea dixwaze w\u00eaneya Kurdan re\u015f bike - Darka Maz\u00ee","og_description":"Siyasetmedar\u00ea Kurd Ebdulbasit Hemo derbar\u00ea karvedan\u00ean tund \u00ean li Fransay\u00ea de got, \u201cPKK dixwaze w\u00eaneya Kurd \u00fb doza gel\u00ea Kurd li cem Ewropiyan \u00fb dost\u00ean Kurdan re\u015f bike\u201d. Ebdulbasit Hemo derbar\u00ea b\u00fbyera \u00ear\u00ee\u015fa roja 23\u00ea v\u00ea meh\u00ea ya li ser Navenda \u00c7and\u00ea ya Ehmed Kaya ya Par\u00ees\u00ea de ku t\u00ea 3 Kurd hatib\u00fbn ku\u015ftin got: [&hellip;]","og_url":"https:\/\/darkamazi.info\/archives\/1034434","og_site_name":"Darka Maz\u00ee","article_publisher":"https:\/\/www.facebook.com\/DarMaziKurmanci","article_published_time":"2022-12-27T09:50:53+00:00","og_image":[{"width":900,"height":497,"url":"https:\/\/darkamazi.info\/file\/2022\/12\/Ebdulbasit-Hemo-pkk-paris-darkamazi.jpg","type":"image\/jpeg"}],"author":"darka mazi","twitter_card":"summary_large_image","twitter_creator":"@DarkaMaziLatini","twitter_site":"@DarkaMaziLatini","twitter_misc":{"Written by":"darka mazi","Est. reading time":"2 minutes"},"schema":{"@context":"https:\/\/schema.org","@graph":[{"@type":"Article","@id":"https:\/\/darkamazi.info\/archives\/1034434#article","isPartOf":{"@id":"https:\/\/darkamazi.info\/archives\/1034434"},"author":{"name":"darka mazi","@id":"https:\/\/darkamazi.info\/#\/schema\/person\/5ad3e24553a0567993fa8ed4bd0a776c"},"headline":"PKKe bi derxistina aloziyan li Par\u00ees\u00ea dixwaze w\u00eaneya Kurdan re\u015f bike","datePublished":"2022-12-27T09:50:53+00:00","mainEntityOfPage":{"@id":"https:\/\/darkamazi.info\/archives\/1034434"},"wordCount":501,"publisher":{"@id":"https:\/\/darkamazi.info\/#organization"},"image":{"@id":"https:\/\/darkamazi.info\/archives\/1034434#primaryimage"},"thumbnailUrl":"https:\/\/darkamazi.info\/file\/2022\/12\/Ebdulbasit-Hemo-pkk-paris-darkamazi.jpg","keywords":["sereke"],"articleSection":["Kurdistan"],"inLanguage":"en-US"},{"@type":"WebPage","@id":"https:\/\/darkamazi.info\/archives\/1034434","url":"https:\/\/darkamazi.info\/archives\/1034434","name":"PKKe bi derxistina aloziyan li Par\u00ees\u00ea dixwaze w\u00eaneya Kurdan re\u015f bike - Darka Maz\u00ee","isPartOf":{"@id":"https:\/\/darkamazi.info\/#website"},"primaryImageOfPage":{"@id":"https:\/\/darkamazi.info\/archives\/1034434#primaryimage"},"image":{"@id":"https:\/\/darkamazi.info\/archives\/1034434#primaryimage"},"thumbnailUrl":"https:\/\/darkamazi.info\/file\/2022\/12\/Ebdulbasit-Hemo-pkk-paris-darkamazi.jpg","datePublished":"2022-12-27T09:50:53+00:00","breadcrumb":{"@id":"https:\/\/darkamazi.info\/archives\/1034434#breadcrumb"},"inLanguage":"en-US","potentialAction":[{"@type":"ReadAction","target":["https:\/\/darkamazi.info\/archives\/1034434"]}]},{"@type":"ImageObject","inLanguage":"en-US","@id":"https:\/\/darkamazi.info\/archives\/1034434#primaryimage","url":"https:\/\/darkamazi.info\/file\/2022\/12\/Ebdulbasit-Hemo-pkk-paris-darkamazi.jpg","contentUrl":"https:\/\/darkamazi.info\/file\/2022\/12\/Ebdulbasit-Hemo-pkk-paris-darkamazi.jpg","width":900,"height":497,"caption":"Ebdulbasit Hemo-pkk-paris-darkamazi"},{"@type":"BreadcrumbList","@id":"https:\/\/darkamazi.info\/archives\/1034434#breadcrumb","itemListElement":[{"@type":"ListItem","position":1,"name":"Home","item":"https:\/\/darkamazi.info\/"},{"@type":"ListItem","position":2,"name":"PKKe bi derxistina aloziyan li Par\u00ees\u00ea dixwaze w\u00eaneya Kurdan re\u015f bike"}]},{"@type":"WebSite","@id":"https:\/\/darkamazi.info\/#website","url":"https:\/\/darkamazi.info\/","name":"Darka Maz\u00ee","description":"P\u00eageha Zanyariy\u00ean Nebih\u00eest\u00ee","publisher":{"@id":"https:\/\/darkamazi.info\/#organization"},"potentialAction":[{"@type":"SearchAction","target":{"@type":"EntryPoint","urlTemplate":"https:\/\/darkamazi.info\/?s={search_term_string}"},"query-input":{"@type":"PropertyValueSpecification","valueRequired":true,"valueName":"search_term_string"}}],"inLanguage":"en-US"},{"@type":"Organization","@id":"https:\/\/darkamazi.info\/#organization","name":"Darka Maz\u00ee","url":"https:\/\/darkamazi.info\/","logo":{"@type":"ImageObject","inLanguage":"en-US","@id":"https:\/\/darkamazi.info\/#\/schema\/logo\/image\/","url":"https:\/\/darkamazi.info\/file\/2017\/12\/darka-mazi-logo.png","contentUrl":"https:\/\/darkamazi.info\/file\/2017\/12\/darka-mazi-logo.png","width":151,"height":75,"caption":"Darka Maz\u00ee"},"image":{"@id":"https:\/\/darkamazi.info\/#\/schema\/logo\/image\/"},"sameAs":["https:\/\/www.facebook.com\/DarMaziKurmanci","https:\/\/x.com\/DarkaMaziLatini","https:\/\/www.instagram.com\/darkamazi.kurmanci\/","https:\/\/www.youtube.com\/channel\/UCa5HkTdmI8U1qCUFuTw8B2g"]},{"@type":"Person","@id":"https:\/\/darkamazi.info\/#\/schema\/person\/5ad3e24553a0567993fa8ed4bd0a776c","name":"darka mazi","sameAs":["https:\/\/darkamazi.info\/"],"url":"https:\/\/darkamazi.info\/archives\/author\/kurdi"}]}},"_links":{"self":[{"href":"https:\/\/darkamazi.info\/funavuv\/wp\/v2\/posts\/1034434","targetHints":{"allow":["GET"]}}],"collection":[{"href":"https:\/\/darkamazi.info\/funavuv\/wp\/v2\/posts"}],"about":[{"href":"https:\/\/darkamazi.info\/funavuv\/wp\/v2\/types\/post"}],"author":[{"embeddable":true,"href":"https:\/\/darkamazi.info\/funavuv\/wp\/v2\/users\/2"}],"replies":[{"embeddable":true,"href":"https:\/\/darkamazi.info\/funavuv\/wp\/v2\/comments?post=1034434"}],"version-history":[{"count":0,"href":"https:\/\/darkamazi.info\/funavuv\/wp\/v2\/posts\/1034434\/revisions"}],"wp:featuredmedia":[{"embeddable":true,"href":"https:\/\/darkamazi.info\/funavuv\/wp\/v2\/media\/1034435"}],"wp:attachment":[{"href":"https:\/\/darkamazi.info\/funavuv\/wp\/v2\/media?parent=1034434"}],"wp:term":[{"taxonomy":"category","embeddable":true,"href":"https:\/\/darkamazi.info\/funavuv\/wp\/v2\/categories?post=1034434"},{"taxonomy":"post_tag","embeddable":true,"href":"https:\/\/darkamazi.info\/funavuv\/wp\/v2\/tags?post=1034434"}],"curies":[{"name":"wp","href":"https:\/\/api.w.org\/{rel}","templated":true}]}}