{"id":1034443,"date":"2022-12-27T14:55:50","date_gmt":"2022-12-27T11:55:50","guid":{"rendered":"https:\/\/darkamazi.info\/?p=1034443"},"modified":"2022-12-27T14:56:35","modified_gmt":"2022-12-27T11:56:35","slug":"alf-di-navbera-dengen-akp-u-chpe-de-3-ferq-heye","status":"publish","type":"post","link":"https:\/\/darkamazi.info\/archives\/1034443","title":{"rendered":"ALF: Di navbera deng\u00ean AKP \u00fb CHP\u00ea de %3 ferq heye"},"content":{"rendered":"<h3 style=\"text-align: justify\"><span style=\"font-family: 'arial black', sans-serif\">Li gor rapirsiya Kompanya ALF, AKP partiya yekem e \u00fb di navbera r\u00eajeya deng\u00ean AKP \u00fb CHP\u00ea de %3.2 ferq heye.<\/span><\/h3>\n<h3 style=\"text-align: justify\"><span style=\"font-family: arial, helvetica, sans-serif\">Kompanya Rapirsiyan ALF, encam\u00ean rapirsiya ku di navbera 20-25 Berfenbara 2022\u00ea li 26 par\u00eazgeh\u00ean Tirkiy\u00ea \u00fb Bakur\u00ea Kurdistan\u00ea bi 2 hezar \u00fb 750 kesan re kirib\u00fb, e\u015fkere kir.<\/span><\/h3>\n<h3 style=\"text-align: justify\"><span style=\"font-family: arial, helvetica, sans-serif\">Li gor rapirsiy\u00ea r\u00eajeya deng\u00ean Tifaqa Millet ku ji partiy\u00ean opoz\u00eesyon\u00ea CHP \u00fb \u00ceY\u00ce Partiy\u00ea p\u00eak t\u00ea ji r\u00eajeya deng\u00ean Tifaqa Cumhur ku ji partiy\u00ean desthilat\u00ea AKP \u00fb MHP\u00ea p\u00eak t\u00ea %4.1 z\u00eadetir e.<\/span><\/h3>\n<h3 style=\"text-align: justify\"><span style=\"font-family: 'arial black', sans-serif;color: #8c0b0b\">Li gor rapirsiy\u00ea r\u00eajeya deng\u00ean partiya wiha ne:<\/span><\/h3>\n<ul>\n<li>\n<h3><span style=\"font-family: 'arial black', sans-serif;color: #808080\">AKP: %30.5<\/span><\/h3>\n<\/li>\n<li>\n<h3><span style=\"font-family: 'arial black', sans-serif;color: #808080\">CHP: %27.3<\/span><\/h3>\n<\/li>\n<li>\n<h3><span style=\"font-family: 'arial black', sans-serif;color: #808080\">\u00ceY\u00ce Part\u00ee: %14.4<\/span><\/h3>\n<\/li>\n<li>\n<h3><span style=\"font-family: 'arial black', sans-serif;color: #808080\">HDP: %9.1<\/span><\/h3>\n<\/li>\n<li>\n<h3><span style=\"font-family: 'arial black', sans-serif;color: #808080\">MHP: %7.1<\/span><\/h3>\n<\/li>\n<li>\n<h3><span style=\"font-family: 'arial black', sans-serif;color: #808080\">Partiya P\u00ea\u015feroj\u00ea: %3<\/span><\/h3>\n<\/li>\n<li>\n<h3><span style=\"font-family: 'arial black', sans-serif;color: #808080\">DEVA: %2.3<\/span><\/h3>\n<\/li>\n<li>\n<h3><span style=\"font-family: 'arial black', sans-serif;color: #808080\">Partiya Guher\u00eena Tirkiy\u00ea: %2.1<\/span><\/h3>\n<\/li>\n<li>\n<h3><span style=\"font-family: 'arial black', sans-serif;color: #808080\">Partiya Zafer: %2<\/span><\/h3>\n<\/li>\n<li>\n<h3><span style=\"font-family: 'arial black', sans-serif;color: #808080\">Partiya Yeniden Refah: %1<\/span><\/h3>\n<\/li>\n<li>\n<h3><span style=\"font-family: 'arial black', sans-serif;color: #808080\">Y\u00ean din: %1.2<\/span><\/h3>\n<\/li>\n<\/ul>\n<h3 style=\"text-align: justify\"><span style=\"font-family: arial, helvetica, sans-serif\">Eger hilbijartin\u00ean p\u00ea\u015fwext ney\u00ean kirin, d\u00ea hilbijartin\u00ean gi\u015ft\u00ee \u00fb serokkomariy\u00ea y\u00ean Tirkiy\u00ea di meha Hez\u00eerana 2023an de b\u00ean kirin.<\/span><\/h3>\n","protected":false},"excerpt":{"rendered":"<p>Li gor rapirsiya Kompanya ALF, AKP partiya yekem e \u00fb di navbera r\u00eajeya deng\u00ean AKP \u00fb CHP\u00ea de %3.2 ferq heye. Kompanya Rapirsiyan ALF, encam\u00ean rapirsiya ku di navbera 20-25 Berfenbara 2022\u00ea li 26 par\u00eazgeh\u00ean Tirkiy\u00ea \u00fb Bakur\u00ea Kurdistan\u00ea bi 2 hezar \u00fb 750 kesan re kirib\u00fb, e\u015fkere kir. Li gor rapirsiy\u00ea r\u00eajeya deng\u00ean Tifaqa [&hellip;]<\/p>\n","protected":false},"author":2,"featured_media":1034444,"comment_status":"closed","ping_status":"closed","sticky":false,"template":"","format":"standard","meta":{"footnotes":""},"categories":[31],"tags":[37],"class_list":["post-1034443","post","type-post","status-publish","format-standard","has-post-thumbnail","hentry","category-rojhelata-navin","tag-sereke"],"blocksy_meta":[],"seo_head":"<!-- This site is optimized with the Yoast SEO plugin v27.5 - https:\/\/yoast.com\/product\/yoast-seo-wordpress\/ -->\n<title>ALF: Di navbera deng\u00ean AKP \u00fb CHP\u00ea de %3 ferq heye - Darka Maz\u00ee<\/title>\n<meta name=\"robots\" content=\"index, follow, max-snippet:-1, max-image-preview:large, max-video-preview:-1\" \/>\n<link rel=\"canonical\" href=\"https:\/\/darkamazi.info\/archives\/1034443\" \/>\n<meta property=\"og:locale\" content=\"en_US\" \/>\n<meta property=\"og:type\" content=\"article\" \/>\n<meta property=\"og:title\" content=\"ALF: Di navbera deng\u00ean AKP \u00fb CHP\u00ea de %3 ferq heye - Darka Maz\u00ee\" \/>\n<meta property=\"og:description\" content=\"Li gor rapirsiya Kompanya ALF, AKP partiya yekem e \u00fb di navbera r\u00eajeya deng\u00ean AKP \u00fb CHP\u00ea de %3.2 ferq heye. Kompanya Rapirsiyan ALF, encam\u00ean rapirsiya ku di navbera 20-25 Berfenbara 2022\u00ea li 26 par\u00eazgeh\u00ean Tirkiy\u00ea \u00fb Bakur\u00ea Kurdistan\u00ea bi 2 hezar \u00fb 750 kesan re kirib\u00fb, e\u015fkere kir. Li gor rapirsiy\u00ea r\u00eajeya deng\u00ean Tifaqa [&hellip;]\" \/>\n<meta property=\"og:url\" content=\"https:\/\/darkamazi.info\/archives\/1034443\" \/>\n<meta property=\"og:site_name\" content=\"Darka Maz\u00ee\" \/>\n<meta property=\"article:publisher\" content=\"https:\/\/www.facebook.com\/DarMaziKurmanci\" \/>\n<meta property=\"article:published_time\" content=\"2022-12-27T11:55:50+00:00\" \/>\n<meta property=\"article:modified_time\" content=\"2022-12-27T11:56:35+00:00\" \/>\n<meta property=\"og:image\" content=\"https:\/\/darkamazi.info\/file\/2022\/12\/akp-chp-2.jpg\" \/>\n\t<meta property=\"og:image:width\" content=\"900\" \/>\n\t<meta property=\"og:image:height\" content=\"497\" \/>\n\t<meta property=\"og:image:type\" content=\"image\/jpeg\" \/>\n<meta name=\"author\" content=\"darka mazi\" \/>\n<meta name=\"twitter:card\" content=\"summary_large_image\" \/>\n<meta name=\"twitter:creator\" content=\"@DarkaMaziLatini\" \/>\n<meta name=\"twitter:site\" content=\"@DarkaMaziLatini\" \/>\n<meta name=\"twitter:label1\" content=\"Written by\" \/>\n\t<meta name=\"twitter:data1\" content=\"darka mazi\" \/>\n\t<meta name=\"twitter:label2\" content=\"Est. reading time\" \/>\n\t<meta name=\"twitter:data2\" content=\"1 minute\" \/>\n<script type=\"application\/ld+json\" class=\"seo-schema-graph\">{\"@context\":\"https:\\\/\\\/schema.org\",\"@graph\":[{\"@type\":\"Article\",\"@id\":\"https:\\\/\\\/darkamazi.info\\\/archives\\\/1034443#article\",\"isPartOf\":{\"@id\":\"https:\\\/\\\/darkamazi.info\\\/archives\\\/1034443\"},\"author\":{\"name\":\"darka mazi\",\"@id\":\"https:\\\/\\\/darkamazi.info\\\/#\\\/schema\\\/person\\\/5ad3e24553a0567993fa8ed4bd0a776c\"},\"headline\":\"ALF: Di navbera deng\u00ean AKP \u00fb CHP\u00ea de %3 ferq heye\",\"datePublished\":\"2022-12-27T11:55:50+00:00\",\"dateModified\":\"2022-12-27T11:56:35+00:00\",\"mainEntityOfPage\":{\"@id\":\"https:\\\/\\\/darkamazi.info\\\/archives\\\/1034443\"},\"wordCount\":155,\"publisher\":{\"@id\":\"https:\\\/\\\/darkamazi.info\\\/#organization\"},\"image\":{\"@id\":\"https:\\\/\\\/darkamazi.info\\\/archives\\\/1034443#primaryimage\"},\"thumbnailUrl\":\"https:\\\/\\\/darkamazi.info\\\/darka-content\\\/uploads\\\/2022\\\/12\\\/akp-chp-2.jpg\",\"keywords\":[\"sereke\"],\"articleSection\":[\"Rojhelata nav\u00een\"],\"inLanguage\":\"en-US\"},{\"@type\":\"WebPage\",\"@id\":\"https:\\\/\\\/darkamazi.info\\\/archives\\\/1034443\",\"url\":\"https:\\\/\\\/darkamazi.info\\\/archives\\\/1034443\",\"name\":\"ALF: Di navbera deng\u00ean AKP \u00fb CHP\u00ea de %3 ferq heye - Darka Maz\u00ee\",\"isPartOf\":{\"@id\":\"https:\\\/\\\/darkamazi.info\\\/#website\"},\"primaryImageOfPage\":{\"@id\":\"https:\\\/\\\/darkamazi.info\\\/archives\\\/1034443#primaryimage\"},\"image\":{\"@id\":\"https:\\\/\\\/darkamazi.info\\\/archives\\\/1034443#primaryimage\"},\"thumbnailUrl\":\"https:\\\/\\\/darkamazi.info\\\/darka-content\\\/uploads\\\/2022\\\/12\\\/akp-chp-2.jpg\",\"datePublished\":\"2022-12-27T11:55:50+00:00\",\"dateModified\":\"2022-12-27T11:56:35+00:00\",\"breadcrumb\":{\"@id\":\"https:\\\/\\\/darkamazi.info\\\/archives\\\/1034443#breadcrumb\"},\"inLanguage\":\"en-US\",\"potentialAction\":[{\"@type\":\"ReadAction\",\"target\":[\"https:\\\/\\\/darkamazi.info\\\/archives\\\/1034443\"]}]},{\"@type\":\"ImageObject\",\"inLanguage\":\"en-US\",\"@id\":\"https:\\\/\\\/darkamazi.info\\\/archives\\\/1034443#primaryimage\",\"url\":\"https:\\\/\\\/darkamazi.info\\\/darka-content\\\/uploads\\\/2022\\\/12\\\/akp-chp-2.jpg\",\"contentUrl\":\"https:\\\/\\\/darkamazi.info\\\/darka-content\\\/uploads\\\/2022\\\/12\\\/akp-chp-2.jpg\",\"width\":900,\"height\":497,\"caption\":\"akp-chp (2)\"},{\"@type\":\"BreadcrumbList\",\"@id\":\"https:\\\/\\\/darkamazi.info\\\/archives\\\/1034443#breadcrumb\",\"itemListElement\":[{\"@type\":\"ListItem\",\"position\":1,\"name\":\"Home\",\"item\":\"https:\\\/\\\/darkamazi.info\\\/\"},{\"@type\":\"ListItem\",\"position\":2,\"name\":\"ALF: Di navbera deng\u00ean AKP \u00fb CHP\u00ea de %3 ferq heye\"}]},{\"@type\":\"WebSite\",\"@id\":\"https:\\\/\\\/darkamazi.info\\\/#website\",\"url\":\"https:\\\/\\\/darkamazi.info\\\/\",\"name\":\"Darka Maz\u00ee\",\"description\":\"P\u00eageha Zanyariy\u00ean Nebih\u00eest\u00ee\",\"publisher\":{\"@id\":\"https:\\\/\\\/darkamazi.info\\\/#organization\"},\"potentialAction\":[{\"@type\":\"SearchAction\",\"target\":{\"@type\":\"EntryPoint\",\"urlTemplate\":\"https:\\\/\\\/darkamazi.info\\\/?s={search_term_string}\"},\"query-input\":{\"@type\":\"PropertyValueSpecification\",\"valueRequired\":true,\"valueName\":\"search_term_string\"}}],\"inLanguage\":\"en-US\"},{\"@type\":\"Organization\",\"@id\":\"https:\\\/\\\/darkamazi.info\\\/#organization\",\"name\":\"Darka Maz\u00ee\",\"url\":\"https:\\\/\\\/darkamazi.info\\\/\",\"logo\":{\"@type\":\"ImageObject\",\"inLanguage\":\"en-US\",\"@id\":\"https:\\\/\\\/darkamazi.info\\\/#\\\/schema\\\/logo\\\/image\\\/\",\"url\":\"https:\\\/\\\/darkamazi.info\\\/darka-content\\\/uploads\\\/2017\\\/12\\\/darka-mazi-logo.png\",\"contentUrl\":\"https:\\\/\\\/darkamazi.info\\\/darka-content\\\/uploads\\\/2017\\\/12\\\/darka-mazi-logo.png\",\"width\":151,\"height\":75,\"caption\":\"Darka Maz\u00ee\"},\"image\":{\"@id\":\"https:\\\/\\\/darkamazi.info\\\/#\\\/schema\\\/logo\\\/image\\\/\"},\"sameAs\":[\"https:\\\/\\\/www.facebook.com\\\/DarMaziKurmanci\",\"https:\\\/\\\/x.com\\\/DarkaMaziLatini\",\"https:\\\/\\\/www.instagram.com\\\/darkamazi.kurmanci\\\/\",\"https:\\\/\\\/www.youtube.com\\\/channel\\\/UCa5HkTdmI8U1qCUFuTw8B2g\"]},{\"@type\":\"Person\",\"@id\":\"https:\\\/\\\/darkamazi.info\\\/#\\\/schema\\\/person\\\/5ad3e24553a0567993fa8ed4bd0a776c\",\"name\":\"darka mazi\",\"sameAs\":[\"https:\\\/\\\/darkamazi.info\\\/\"],\"url\":\"https:\\\/\\\/darkamazi.info\\\/archives\\\/author\\\/kurdi\"}]}<\/script>\n<!-- \/ Yoast SEO plugin. -->","seo_head_json":{"title":"ALF: Di navbera deng\u00ean AKP \u00fb CHP\u00ea de %3 ferq heye - Darka Maz\u00ee","robots":{"index":"index","follow":"follow","max-snippet":"max-snippet:-1","max-image-preview":"max-image-preview:large","max-video-preview":"max-video-preview:-1"},"canonical":"https:\/\/darkamazi.info\/archives\/1034443","og_locale":"en_US","og_type":"article","og_title":"ALF: Di navbera deng\u00ean AKP \u00fb CHP\u00ea de %3 ferq heye - Darka Maz\u00ee","og_description":"Li gor rapirsiya Kompanya ALF, AKP partiya yekem e \u00fb di navbera r\u00eajeya deng\u00ean AKP \u00fb CHP\u00ea de %3.2 ferq heye. Kompanya Rapirsiyan ALF, encam\u00ean rapirsiya ku di navbera 20-25 Berfenbara 2022\u00ea li 26 par\u00eazgeh\u00ean Tirkiy\u00ea \u00fb Bakur\u00ea Kurdistan\u00ea bi 2 hezar \u00fb 750 kesan re kirib\u00fb, e\u015fkere kir. Li gor rapirsiy\u00ea r\u00eajeya deng\u00ean Tifaqa [&hellip;]","og_url":"https:\/\/darkamazi.info\/archives\/1034443","og_site_name":"Darka Maz\u00ee","article_publisher":"https:\/\/www.facebook.com\/DarMaziKurmanci","article_published_time":"2022-12-27T11:55:50+00:00","article_modified_time":"2022-12-27T11:56:35+00:00","og_image":[{"width":900,"height":497,"url":"https:\/\/darkamazi.info\/file\/2022\/12\/akp-chp-2.jpg","type":"image\/jpeg"}],"author":"darka mazi","twitter_card":"summary_large_image","twitter_creator":"@DarkaMaziLatini","twitter_site":"@DarkaMaziLatini","twitter_misc":{"Written by":"darka mazi","Est. reading time":"1 minute"},"schema":{"@context":"https:\/\/schema.org","@graph":[{"@type":"Article","@id":"https:\/\/darkamazi.info\/archives\/1034443#article","isPartOf":{"@id":"https:\/\/darkamazi.info\/archives\/1034443"},"author":{"name":"darka mazi","@id":"https:\/\/darkamazi.info\/#\/schema\/person\/5ad3e24553a0567993fa8ed4bd0a776c"},"headline":"ALF: Di navbera deng\u00ean AKP \u00fb CHP\u00ea de %3 ferq heye","datePublished":"2022-12-27T11:55:50+00:00","dateModified":"2022-12-27T11:56:35+00:00","mainEntityOfPage":{"@id":"https:\/\/darkamazi.info\/archives\/1034443"},"wordCount":155,"publisher":{"@id":"https:\/\/darkamazi.info\/#organization"},"image":{"@id":"https:\/\/darkamazi.info\/archives\/1034443#primaryimage"},"thumbnailUrl":"https:\/\/darkamazi.info\/file\/2022\/12\/akp-chp-2.jpg","keywords":["sereke"],"articleSection":["Rojhelata nav\u00een"],"inLanguage":"en-US"},{"@type":"WebPage","@id":"https:\/\/darkamazi.info\/archives\/1034443","url":"https:\/\/darkamazi.info\/archives\/1034443","name":"ALF: Di navbera deng\u00ean AKP \u00fb CHP\u00ea de %3 ferq heye - Darka Maz\u00ee","isPartOf":{"@id":"https:\/\/darkamazi.info\/#website"},"primaryImageOfPage":{"@id":"https:\/\/darkamazi.info\/archives\/1034443#primaryimage"},"image":{"@id":"https:\/\/darkamazi.info\/archives\/1034443#primaryimage"},"thumbnailUrl":"https:\/\/darkamazi.info\/file\/2022\/12\/akp-chp-2.jpg","datePublished":"2022-12-27T11:55:50+00:00","dateModified":"2022-12-27T11:56:35+00:00","breadcrumb":{"@id":"https:\/\/darkamazi.info\/archives\/1034443#breadcrumb"},"inLanguage":"en-US","potentialAction":[{"@type":"ReadAction","target":["https:\/\/darkamazi.info\/archives\/1034443"]}]},{"@type":"ImageObject","inLanguage":"en-US","@id":"https:\/\/darkamazi.info\/archives\/1034443#primaryimage","url":"https:\/\/darkamazi.info\/file\/2022\/12\/akp-chp-2.jpg","contentUrl":"https:\/\/darkamazi.info\/file\/2022\/12\/akp-chp-2.jpg","width":900,"height":497,"caption":"akp-chp (2)"},{"@type":"BreadcrumbList","@id":"https:\/\/darkamazi.info\/archives\/1034443#breadcrumb","itemListElement":[{"@type":"ListItem","position":1,"name":"Home","item":"https:\/\/darkamazi.info\/"},{"@type":"ListItem","position":2,"name":"ALF: Di navbera deng\u00ean AKP \u00fb CHP\u00ea de %3 ferq heye"}]},{"@type":"WebSite","@id":"https:\/\/darkamazi.info\/#website","url":"https:\/\/darkamazi.info\/","name":"Darka Maz\u00ee","description":"P\u00eageha Zanyariy\u00ean Nebih\u00eest\u00ee","publisher":{"@id":"https:\/\/darkamazi.info\/#organization"},"potentialAction":[{"@type":"SearchAction","target":{"@type":"EntryPoint","urlTemplate":"https:\/\/darkamazi.info\/?s={search_term_string}"},"query-input":{"@type":"PropertyValueSpecification","valueRequired":true,"valueName":"search_term_string"}}],"inLanguage":"en-US"},{"@type":"Organization","@id":"https:\/\/darkamazi.info\/#organization","name":"Darka Maz\u00ee","url":"https:\/\/darkamazi.info\/","logo":{"@type":"ImageObject","inLanguage":"en-US","@id":"https:\/\/darkamazi.info\/#\/schema\/logo\/image\/","url":"https:\/\/darkamazi.info\/file\/2017\/12\/darka-mazi-logo.png","contentUrl":"https:\/\/darkamazi.info\/file\/2017\/12\/darka-mazi-logo.png","width":151,"height":75,"caption":"Darka Maz\u00ee"},"image":{"@id":"https:\/\/darkamazi.info\/#\/schema\/logo\/image\/"},"sameAs":["https:\/\/www.facebook.com\/DarMaziKurmanci","https:\/\/x.com\/DarkaMaziLatini","https:\/\/www.instagram.com\/darkamazi.kurmanci\/","https:\/\/www.youtube.com\/channel\/UCa5HkTdmI8U1qCUFuTw8B2g"]},{"@type":"Person","@id":"https:\/\/darkamazi.info\/#\/schema\/person\/5ad3e24553a0567993fa8ed4bd0a776c","name":"darka mazi","sameAs":["https:\/\/darkamazi.info\/"],"url":"https:\/\/darkamazi.info\/archives\/author\/kurdi"}]}},"_links":{"self":[{"href":"https:\/\/darkamazi.info\/funavuv\/wp\/v2\/posts\/1034443","targetHints":{"allow":["GET"]}}],"collection":[{"href":"https:\/\/darkamazi.info\/funavuv\/wp\/v2\/posts"}],"about":[{"href":"https:\/\/darkamazi.info\/funavuv\/wp\/v2\/types\/post"}],"author":[{"embeddable":true,"href":"https:\/\/darkamazi.info\/funavuv\/wp\/v2\/users\/2"}],"replies":[{"embeddable":true,"href":"https:\/\/darkamazi.info\/funavuv\/wp\/v2\/comments?post=1034443"}],"version-history":[{"count":0,"href":"https:\/\/darkamazi.info\/funavuv\/wp\/v2\/posts\/1034443\/revisions"}],"wp:featuredmedia":[{"embeddable":true,"href":"https:\/\/darkamazi.info\/funavuv\/wp\/v2\/media\/1034444"}],"wp:attachment":[{"href":"https:\/\/darkamazi.info\/funavuv\/wp\/v2\/media?parent=1034443"}],"wp:term":[{"taxonomy":"category","embeddable":true,"href":"https:\/\/darkamazi.info\/funavuv\/wp\/v2\/categories?post=1034443"},{"taxonomy":"post_tag","embeddable":true,"href":"https:\/\/darkamazi.info\/funavuv\/wp\/v2\/tags?post=1034443"}],"curies":[{"name":"wp","href":"https:\/\/api.w.org\/{rel}","templated":true}]}}