{"id":1034466,"date":"2022-12-28T16:07:17","date_gmt":"2022-12-28T13:07:17","guid":{"rendered":"https:\/\/darkamazi.info\/?p=1034466"},"modified":"2022-12-28T16:07:17","modified_gmt":"2022-12-28T13:07:17","slug":"asayisa-pyde-du-endamen-pdk-se-revandin","status":"publish","type":"post","link":"https:\/\/darkamazi.info\/archives\/1034466","title":{"rendered":"Asay\u00ee\u015fa PYD\u00ea du endam\u00ean PDK-S\u00ea revandin"},"content":{"rendered":"<h3 style=\"text-align: justify\"><span style=\"font-family: 'arial black', sans-serif\">Li bajar\u00ea D\u00earik\u00ea y\u00ea Rojavay\u00ea Kurdistan\u00ea, du endam\u00ean Partiya Demokrat a Kurdistan\u00ea \u2013 S\u00fbriye (PDK-S) ji aliy\u00ea h\u00eaz\u00ean ser bi R\u00eaveberiya Xweser ve hatin revandin.<\/span><\/h3>\n<h3 style=\"text-align: justify\"><span style=\"font-family: arial, helvetica, sans-serif\">H\u00eaz\u00ean ser bi R\u00eaveberiya Xweser ve duh\u00ee 27\u00ea Berfanbar\u00ea endam\u00ea Enc\u00fbmena Her\u00eam\u00ee ya PDK-S\u00ea Bilind Mela Isma\u00eel ji nava bajar\u00ea D\u00earik\u00ea revand.<\/span><\/h3>\n<h3 style=\"text-align: justify\"><span style=\"font-family: arial, helvetica, sans-serif\">\u00cero j\u00ee h\u00eaz\u00ean ser bi R\u00eaveberiya Xweser ve endam\u00ea Kom\u00eeta Navend\u00ee ya PDK-S\u00ea His\u00ean Sil\u00eaman revand \u00fb ber bi cihek\u00ee nediyar ve bir.<\/span><\/h3>\n<h3 style=\"text-align: justify\"><span style=\"font-family: arial, helvetica, sans-serif\">Heta niha sedema revandina her du endam\u00ean PDK-S\u00ea nehatiye zan\u00een \u00fb daxwaza berdana dimildest a wan her du heval\u00ean xwe kir.<\/span><\/h3>\n<h3 style=\"text-align: justify\"><span style=\"font-family: arial, helvetica, sans-serif\">Ji destp\u00eaka damezirandina h\u00eaz\u00ean asayi\u015f\u00ea li Rojavay\u00ea Kurdistan\u00ea di sala 2012an ve, endam \u00fb serkirdey\u00ean part\u00ee \u00fb r\u00eaxistin\u00ean di nava ENKS de ji aliy\u00ea w\u00ea ve t\u00ean revandin \u00fb girtin \u00fb of\u00ees\u00ean wan j\u00ee t\u00ean \u015fewitandin. Berpirs\u00ean ENKS\u00ea bang li Hevpeymaniya Navdewlet\u00ee ya bi serokatiya Amer\u00eekay\u00ea dikin ku berpirsyariy\u00ea hilgire \u00fb\u00a0 s\u00eenorek\u00ea ji van kiryaran re deynin.\u00a0<\/span><\/h3>\n","protected":false},"excerpt":{"rendered":"<p>Li bajar\u00ea D\u00earik\u00ea y\u00ea Rojavay\u00ea Kurdistan\u00ea, du endam\u00ean Partiya Demokrat a Kurdistan\u00ea \u2013 S\u00fbriye (PDK-S) ji aliy\u00ea h\u00eaz\u00ean ser bi R\u00eaveberiya Xweser ve hatin revandin. H\u00eaz\u00ean ser bi R\u00eaveberiya Xweser ve duh\u00ee 27\u00ea Berfanbar\u00ea endam\u00ea Enc\u00fbmena Her\u00eam\u00ee ya PDK-S\u00ea Bilind Mela Isma\u00eel ji nava bajar\u00ea D\u00earik\u00ea revand. \u00cero j\u00ee h\u00eaz\u00ean ser bi R\u00eaveberiya Xweser ve [&hellip;]<\/p>\n","protected":false},"author":2,"featured_media":1034467,"comment_status":"closed","ping_status":"closed","sticky":false,"template":"","format":"standard","meta":{"footnotes":""},"categories":[29],"tags":[37],"class_list":["post-1034466","post","type-post","status-publish","format-standard","has-post-thumbnail","hentry","category-kurdistan","tag-sereke"],"blocksy_meta":[],"seo_head":"<!-- This site is optimized with the Yoast SEO plugin v27.5 - https:\/\/yoast.com\/product\/yoast-seo-wordpress\/ -->\n<title>Asay\u00ee\u015fa PYD\u00ea du endam\u00ean PDK-S\u00ea revandin - Darka Maz\u00ee<\/title>\n<meta name=\"robots\" content=\"index, follow, max-snippet:-1, max-image-preview:large, max-video-preview:-1\" \/>\n<link rel=\"canonical\" href=\"https:\/\/darkamazi.info\/archives\/1034466\" \/>\n<meta property=\"og:locale\" content=\"en_US\" \/>\n<meta property=\"og:type\" content=\"article\" \/>\n<meta property=\"og:title\" content=\"Asay\u00ee\u015fa PYD\u00ea du endam\u00ean PDK-S\u00ea revandin - Darka Maz\u00ee\" \/>\n<meta property=\"og:description\" content=\"Li bajar\u00ea D\u00earik\u00ea y\u00ea Rojavay\u00ea Kurdistan\u00ea, du endam\u00ean Partiya Demokrat a Kurdistan\u00ea \u2013 S\u00fbriye (PDK-S) ji aliy\u00ea h\u00eaz\u00ean ser bi R\u00eaveberiya Xweser ve hatin revandin. H\u00eaz\u00ean ser bi R\u00eaveberiya Xweser ve duh\u00ee 27\u00ea Berfanbar\u00ea endam\u00ea Enc\u00fbmena Her\u00eam\u00ee ya PDK-S\u00ea Bilind Mela Isma\u00eel ji nava bajar\u00ea D\u00earik\u00ea revand. \u00cero j\u00ee h\u00eaz\u00ean ser bi R\u00eaveberiya Xweser ve [&hellip;]\" \/>\n<meta property=\"og:url\" content=\"https:\/\/darkamazi.info\/archives\/1034466\" \/>\n<meta property=\"og:site_name\" content=\"Darka Maz\u00ee\" \/>\n<meta property=\"article:publisher\" content=\"https:\/\/www.facebook.com\/DarMaziKurmanci\" \/>\n<meta property=\"article:published_time\" content=\"2022-12-28T13:07:17+00:00\" \/>\n<meta property=\"og:image\" content=\"https:\/\/darkamazi.info\/file\/2022\/12\/PDK-S-rojava-kurdistan-pyd-pkk-reveberiya-xewser.jpg\" \/>\n\t<meta property=\"og:image:width\" content=\"900\" \/>\n\t<meta property=\"og:image:height\" content=\"497\" \/>\n\t<meta property=\"og:image:type\" content=\"image\/jpeg\" \/>\n<meta name=\"author\" content=\"darka mazi\" \/>\n<meta name=\"twitter:card\" content=\"summary_large_image\" \/>\n<meta name=\"twitter:creator\" content=\"@DarkaMaziLatini\" \/>\n<meta name=\"twitter:site\" content=\"@DarkaMaziLatini\" \/>\n<meta name=\"twitter:label1\" content=\"Written by\" \/>\n\t<meta name=\"twitter:data1\" content=\"darka mazi\" \/>\n\t<meta name=\"twitter:label2\" content=\"Est. reading time\" \/>\n\t<meta name=\"twitter:data2\" content=\"1 minute\" \/>\n<script type=\"application\/ld+json\" class=\"seo-schema-graph\">{\"@context\":\"https:\\\/\\\/schema.org\",\"@graph\":[{\"@type\":\"Article\",\"@id\":\"https:\\\/\\\/darkamazi.info\\\/archives\\\/1034466#article\",\"isPartOf\":{\"@id\":\"https:\\\/\\\/darkamazi.info\\\/archives\\\/1034466\"},\"author\":{\"name\":\"darka mazi\",\"@id\":\"https:\\\/\\\/darkamazi.info\\\/#\\\/schema\\\/person\\\/5ad3e24553a0567993fa8ed4bd0a776c\"},\"headline\":\"Asay\u00ee\u015fa PYD\u00ea du endam\u00ean PDK-S\u00ea revandin\",\"datePublished\":\"2022-12-28T13:07:17+00:00\",\"mainEntityOfPage\":{\"@id\":\"https:\\\/\\\/darkamazi.info\\\/archives\\\/1034466\"},\"wordCount\":182,\"publisher\":{\"@id\":\"https:\\\/\\\/darkamazi.info\\\/#organization\"},\"image\":{\"@id\":\"https:\\\/\\\/darkamazi.info\\\/archives\\\/1034466#primaryimage\"},\"thumbnailUrl\":\"https:\\\/\\\/darkamazi.info\\\/darka-content\\\/uploads\\\/2022\\\/12\\\/PDK-S-rojava-kurdistan-pyd-pkk-reveberiya-xewser.jpg\",\"keywords\":[\"sereke\"],\"articleSection\":[\"Kurdistan\"],\"inLanguage\":\"en-US\"},{\"@type\":\"WebPage\",\"@id\":\"https:\\\/\\\/darkamazi.info\\\/archives\\\/1034466\",\"url\":\"https:\\\/\\\/darkamazi.info\\\/archives\\\/1034466\",\"name\":\"Asay\u00ee\u015fa PYD\u00ea du endam\u00ean PDK-S\u00ea revandin - Darka Maz\u00ee\",\"isPartOf\":{\"@id\":\"https:\\\/\\\/darkamazi.info\\\/#website\"},\"primaryImageOfPage\":{\"@id\":\"https:\\\/\\\/darkamazi.info\\\/archives\\\/1034466#primaryimage\"},\"image\":{\"@id\":\"https:\\\/\\\/darkamazi.info\\\/archives\\\/1034466#primaryimage\"},\"thumbnailUrl\":\"https:\\\/\\\/darkamazi.info\\\/darka-content\\\/uploads\\\/2022\\\/12\\\/PDK-S-rojava-kurdistan-pyd-pkk-reveberiya-xewser.jpg\",\"datePublished\":\"2022-12-28T13:07:17+00:00\",\"breadcrumb\":{\"@id\":\"https:\\\/\\\/darkamazi.info\\\/archives\\\/1034466#breadcrumb\"},\"inLanguage\":\"en-US\",\"potentialAction\":[{\"@type\":\"ReadAction\",\"target\":[\"https:\\\/\\\/darkamazi.info\\\/archives\\\/1034466\"]}]},{\"@type\":\"ImageObject\",\"inLanguage\":\"en-US\",\"@id\":\"https:\\\/\\\/darkamazi.info\\\/archives\\\/1034466#primaryimage\",\"url\":\"https:\\\/\\\/darkamazi.info\\\/darka-content\\\/uploads\\\/2022\\\/12\\\/PDK-S-rojava-kurdistan-pyd-pkk-reveberiya-xewser.jpg\",\"contentUrl\":\"https:\\\/\\\/darkamazi.info\\\/darka-content\\\/uploads\\\/2022\\\/12\\\/PDK-S-rojava-kurdistan-pyd-pkk-reveberiya-xewser.jpg\",\"width\":900,\"height\":497,\"caption\":\"PDK-S-rojava-kurdistan-pyd-pkk-reveberiya xewser\"},{\"@type\":\"BreadcrumbList\",\"@id\":\"https:\\\/\\\/darkamazi.info\\\/archives\\\/1034466#breadcrumb\",\"itemListElement\":[{\"@type\":\"ListItem\",\"position\":1,\"name\":\"Home\",\"item\":\"https:\\\/\\\/darkamazi.info\\\/\"},{\"@type\":\"ListItem\",\"position\":2,\"name\":\"Asay\u00ee\u015fa PYD\u00ea du endam\u00ean PDK-S\u00ea revandin\"}]},{\"@type\":\"WebSite\",\"@id\":\"https:\\\/\\\/darkamazi.info\\\/#website\",\"url\":\"https:\\\/\\\/darkamazi.info\\\/\",\"name\":\"Darka Maz\u00ee\",\"description\":\"P\u00eageha Zanyariy\u00ean Nebih\u00eest\u00ee\",\"publisher\":{\"@id\":\"https:\\\/\\\/darkamazi.info\\\/#organization\"},\"potentialAction\":[{\"@type\":\"SearchAction\",\"target\":{\"@type\":\"EntryPoint\",\"urlTemplate\":\"https:\\\/\\\/darkamazi.info\\\/?s={search_term_string}\"},\"query-input\":{\"@type\":\"PropertyValueSpecification\",\"valueRequired\":true,\"valueName\":\"search_term_string\"}}],\"inLanguage\":\"en-US\"},{\"@type\":\"Organization\",\"@id\":\"https:\\\/\\\/darkamazi.info\\\/#organization\",\"name\":\"Darka Maz\u00ee\",\"url\":\"https:\\\/\\\/darkamazi.info\\\/\",\"logo\":{\"@type\":\"ImageObject\",\"inLanguage\":\"en-US\",\"@id\":\"https:\\\/\\\/darkamazi.info\\\/#\\\/schema\\\/logo\\\/image\\\/\",\"url\":\"https:\\\/\\\/darkamazi.info\\\/darka-content\\\/uploads\\\/2017\\\/12\\\/darka-mazi-logo.png\",\"contentUrl\":\"https:\\\/\\\/darkamazi.info\\\/darka-content\\\/uploads\\\/2017\\\/12\\\/darka-mazi-logo.png\",\"width\":151,\"height\":75,\"caption\":\"Darka Maz\u00ee\"},\"image\":{\"@id\":\"https:\\\/\\\/darkamazi.info\\\/#\\\/schema\\\/logo\\\/image\\\/\"},\"sameAs\":[\"https:\\\/\\\/www.facebook.com\\\/DarMaziKurmanci\",\"https:\\\/\\\/x.com\\\/DarkaMaziLatini\",\"https:\\\/\\\/www.instagram.com\\\/darkamazi.kurmanci\\\/\",\"https:\\\/\\\/www.youtube.com\\\/channel\\\/UCa5HkTdmI8U1qCUFuTw8B2g\"]},{\"@type\":\"Person\",\"@id\":\"https:\\\/\\\/darkamazi.info\\\/#\\\/schema\\\/person\\\/5ad3e24553a0567993fa8ed4bd0a776c\",\"name\":\"darka mazi\",\"sameAs\":[\"https:\\\/\\\/darkamazi.info\\\/\"],\"url\":\"https:\\\/\\\/darkamazi.info\\\/archives\\\/author\\\/kurdi\"}]}<\/script>\n<!-- \/ Yoast SEO plugin. -->","seo_head_json":{"title":"Asay\u00ee\u015fa PYD\u00ea du endam\u00ean PDK-S\u00ea revandin - Darka Maz\u00ee","robots":{"index":"index","follow":"follow","max-snippet":"max-snippet:-1","max-image-preview":"max-image-preview:large","max-video-preview":"max-video-preview:-1"},"canonical":"https:\/\/darkamazi.info\/archives\/1034466","og_locale":"en_US","og_type":"article","og_title":"Asay\u00ee\u015fa PYD\u00ea du endam\u00ean PDK-S\u00ea revandin - Darka Maz\u00ee","og_description":"Li bajar\u00ea D\u00earik\u00ea y\u00ea Rojavay\u00ea Kurdistan\u00ea, du endam\u00ean Partiya Demokrat a Kurdistan\u00ea \u2013 S\u00fbriye (PDK-S) ji aliy\u00ea h\u00eaz\u00ean ser bi R\u00eaveberiya Xweser ve hatin revandin. H\u00eaz\u00ean ser bi R\u00eaveberiya Xweser ve duh\u00ee 27\u00ea Berfanbar\u00ea endam\u00ea Enc\u00fbmena Her\u00eam\u00ee ya PDK-S\u00ea Bilind Mela Isma\u00eel ji nava bajar\u00ea D\u00earik\u00ea revand. \u00cero j\u00ee h\u00eaz\u00ean ser bi R\u00eaveberiya Xweser ve [&hellip;]","og_url":"https:\/\/darkamazi.info\/archives\/1034466","og_site_name":"Darka Maz\u00ee","article_publisher":"https:\/\/www.facebook.com\/DarMaziKurmanci","article_published_time":"2022-12-28T13:07:17+00:00","og_image":[{"width":900,"height":497,"url":"https:\/\/darkamazi.info\/file\/2022\/12\/PDK-S-rojava-kurdistan-pyd-pkk-reveberiya-xewser.jpg","type":"image\/jpeg"}],"author":"darka mazi","twitter_card":"summary_large_image","twitter_creator":"@DarkaMaziLatini","twitter_site":"@DarkaMaziLatini","twitter_misc":{"Written by":"darka mazi","Est. reading time":"1 minute"},"schema":{"@context":"https:\/\/schema.org","@graph":[{"@type":"Article","@id":"https:\/\/darkamazi.info\/archives\/1034466#article","isPartOf":{"@id":"https:\/\/darkamazi.info\/archives\/1034466"},"author":{"name":"darka mazi","@id":"https:\/\/darkamazi.info\/#\/schema\/person\/5ad3e24553a0567993fa8ed4bd0a776c"},"headline":"Asay\u00ee\u015fa PYD\u00ea du endam\u00ean PDK-S\u00ea revandin","datePublished":"2022-12-28T13:07:17+00:00","mainEntityOfPage":{"@id":"https:\/\/darkamazi.info\/archives\/1034466"},"wordCount":182,"publisher":{"@id":"https:\/\/darkamazi.info\/#organization"},"image":{"@id":"https:\/\/darkamazi.info\/archives\/1034466#primaryimage"},"thumbnailUrl":"https:\/\/darkamazi.info\/file\/2022\/12\/PDK-S-rojava-kurdistan-pyd-pkk-reveberiya-xewser.jpg","keywords":["sereke"],"articleSection":["Kurdistan"],"inLanguage":"en-US"},{"@type":"WebPage","@id":"https:\/\/darkamazi.info\/archives\/1034466","url":"https:\/\/darkamazi.info\/archives\/1034466","name":"Asay\u00ee\u015fa PYD\u00ea du endam\u00ean PDK-S\u00ea revandin - Darka Maz\u00ee","isPartOf":{"@id":"https:\/\/darkamazi.info\/#website"},"primaryImageOfPage":{"@id":"https:\/\/darkamazi.info\/archives\/1034466#primaryimage"},"image":{"@id":"https:\/\/darkamazi.info\/archives\/1034466#primaryimage"},"thumbnailUrl":"https:\/\/darkamazi.info\/file\/2022\/12\/PDK-S-rojava-kurdistan-pyd-pkk-reveberiya-xewser.jpg","datePublished":"2022-12-28T13:07:17+00:00","breadcrumb":{"@id":"https:\/\/darkamazi.info\/archives\/1034466#breadcrumb"},"inLanguage":"en-US","potentialAction":[{"@type":"ReadAction","target":["https:\/\/darkamazi.info\/archives\/1034466"]}]},{"@type":"ImageObject","inLanguage":"en-US","@id":"https:\/\/darkamazi.info\/archives\/1034466#primaryimage","url":"https:\/\/darkamazi.info\/file\/2022\/12\/PDK-S-rojava-kurdistan-pyd-pkk-reveberiya-xewser.jpg","contentUrl":"https:\/\/darkamazi.info\/file\/2022\/12\/PDK-S-rojava-kurdistan-pyd-pkk-reveberiya-xewser.jpg","width":900,"height":497,"caption":"PDK-S-rojava-kurdistan-pyd-pkk-reveberiya xewser"},{"@type":"BreadcrumbList","@id":"https:\/\/darkamazi.info\/archives\/1034466#breadcrumb","itemListElement":[{"@type":"ListItem","position":1,"name":"Home","item":"https:\/\/darkamazi.info\/"},{"@type":"ListItem","position":2,"name":"Asay\u00ee\u015fa PYD\u00ea du endam\u00ean PDK-S\u00ea revandin"}]},{"@type":"WebSite","@id":"https:\/\/darkamazi.info\/#website","url":"https:\/\/darkamazi.info\/","name":"Darka Maz\u00ee","description":"P\u00eageha Zanyariy\u00ean Nebih\u00eest\u00ee","publisher":{"@id":"https:\/\/darkamazi.info\/#organization"},"potentialAction":[{"@type":"SearchAction","target":{"@type":"EntryPoint","urlTemplate":"https:\/\/darkamazi.info\/?s={search_term_string}"},"query-input":{"@type":"PropertyValueSpecification","valueRequired":true,"valueName":"search_term_string"}}],"inLanguage":"en-US"},{"@type":"Organization","@id":"https:\/\/darkamazi.info\/#organization","name":"Darka Maz\u00ee","url":"https:\/\/darkamazi.info\/","logo":{"@type":"ImageObject","inLanguage":"en-US","@id":"https:\/\/darkamazi.info\/#\/schema\/logo\/image\/","url":"https:\/\/darkamazi.info\/file\/2017\/12\/darka-mazi-logo.png","contentUrl":"https:\/\/darkamazi.info\/file\/2017\/12\/darka-mazi-logo.png","width":151,"height":75,"caption":"Darka Maz\u00ee"},"image":{"@id":"https:\/\/darkamazi.info\/#\/schema\/logo\/image\/"},"sameAs":["https:\/\/www.facebook.com\/DarMaziKurmanci","https:\/\/x.com\/DarkaMaziLatini","https:\/\/www.instagram.com\/darkamazi.kurmanci\/","https:\/\/www.youtube.com\/channel\/UCa5HkTdmI8U1qCUFuTw8B2g"]},{"@type":"Person","@id":"https:\/\/darkamazi.info\/#\/schema\/person\/5ad3e24553a0567993fa8ed4bd0a776c","name":"darka mazi","sameAs":["https:\/\/darkamazi.info\/"],"url":"https:\/\/darkamazi.info\/archives\/author\/kurdi"}]}},"_links":{"self":[{"href":"https:\/\/darkamazi.info\/funavuv\/wp\/v2\/posts\/1034466","targetHints":{"allow":["GET"]}}],"collection":[{"href":"https:\/\/darkamazi.info\/funavuv\/wp\/v2\/posts"}],"about":[{"href":"https:\/\/darkamazi.info\/funavuv\/wp\/v2\/types\/post"}],"author":[{"embeddable":true,"href":"https:\/\/darkamazi.info\/funavuv\/wp\/v2\/users\/2"}],"replies":[{"embeddable":true,"href":"https:\/\/darkamazi.info\/funavuv\/wp\/v2\/comments?post=1034466"}],"version-history":[{"count":0,"href":"https:\/\/darkamazi.info\/funavuv\/wp\/v2\/posts\/1034466\/revisions"}],"wp:featuredmedia":[{"embeddable":true,"href":"https:\/\/darkamazi.info\/funavuv\/wp\/v2\/media\/1034467"}],"wp:attachment":[{"href":"https:\/\/darkamazi.info\/funavuv\/wp\/v2\/media?parent=1034466"}],"wp:term":[{"taxonomy":"category","embeddable":true,"href":"https:\/\/darkamazi.info\/funavuv\/wp\/v2\/categories?post=1034466"},{"taxonomy":"post_tag","embeddable":true,"href":"https:\/\/darkamazi.info\/funavuv\/wp\/v2\/tags?post=1034466"}],"curies":[{"name":"wp","href":"https:\/\/api.w.org\/{rel}","templated":true}]}}