{"id":1034613,"date":"2023-01-09T13:30:24","date_gmt":"2023-01-09T10:30:24","guid":{"rendered":"https:\/\/darkamazi.info\/?p=1034613"},"modified":"2023-01-09T13:30:24","modified_gmt":"2023-01-09T10:30:24","slug":"pkke-keceke-din-li-rojava-revand","status":"publish","type":"post","link":"https:\/\/darkamazi.info\/archives\/1034613","title":{"rendered":"PKK\u00ea, ke\u00e7eke din li rojava revand"},"content":{"rendered":"<h3 style=\"text-align: justify\"><span style=\"font-family: 'arial black', sans-serif\">Gruba Ciwan\u00ean \u015eore\u015fger a ser bi PKK\u00ea, ke\u00e7ek di nav kamp\u00ean ko\u00e7beran a li nav\u00e7eya \u015eehba ya s\u00eenor\u00ea bajar\u00ea Heleb\u00ea de revand \u00fb guman t\u00ea kirin ku bi zor\u00ea w\u00ea bikin \u00e7ekdar \u00fb bixin nav r\u00eaz\u00ean h\u00eaz\u00ean xwe y\u00ean \u00e7ekdar de.<\/span><\/h3>\n<h3 style=\"text-align: justify\">Li gor agahiyan, ew gruba ser bi PKK\u00ea ke\u00e7eke 15 sal\u00ee ya bi nav\u00ea El\u00ee Osman li dibistan\u00ea revandine.<\/h3>\n<h3 style=\"text-align: justify\">Bask\u00ean PKK\u00ea di revandina zarok\u00ean kurd\u00ean Rojavay\u00ea Kurdistan\u00ea \u00fb b\u00eabe\u015f kirina wan a li jiyana asay\u00ee \u00fb xwandin\u00ea de berdewame, pi\u015ftre j\u00ee dikin \u00e7ekdar \u00fb li s\u00eenor\u00ean S\u00fbriy\u00ea \u00fb Iraq\u00ea be\u015fdar\u00ee \u015fer dikin.<\/h3>\n<h3 style=\"text-align: justify\">Di sala bor\u00ee de PKK\u00ea bi sedan zarok\u00ean kurd\u00ean \u00cazd\u00ee revandin ku piraniya wan j\u00ee temen\u00ea wan di navbera 12 heta 16 sal b\u00fbn. PKK ji rew\u015fa civak\u00ee ya hin malbatan s\u00fbd werdigre \u00fb zarok\u00ean wan dixap\u00eene \u00fb pi\u015ftre j\u00ee direv\u00eene \u00fb nav r\u00eaz\u00ean xwe de dike \u00e7ekdar. Ev yek j\u00ee li gor baweriya \u00e7avd\u00ear \u00fb siyasetmedaran, metirsiyek\u00ee mezin li ser civak\u00ea bi gi\u015ft\u00ee \u00fb malbatan ava dike.<\/h3>\n","protected":false},"excerpt":{"rendered":"<p>Gruba Ciwan\u00ean \u015eore\u015fger a ser bi PKK\u00ea, ke\u00e7ek di nav kamp\u00ean ko\u00e7beran a li nav\u00e7eya \u015eehba ya s\u00eenor\u00ea bajar\u00ea Heleb\u00ea de revand \u00fb guman t\u00ea kirin ku bi zor\u00ea w\u00ea bikin \u00e7ekdar \u00fb bixin nav r\u00eaz\u00ean h\u00eaz\u00ean xwe y\u00ean \u00e7ekdar de. Li gor agahiyan, ew gruba ser bi PKK\u00ea ke\u00e7eke 15 sal\u00ee ya bi nav\u00ea [&hellip;]<\/p>\n","protected":false},"author":2,"featured_media":1034615,"comment_status":"closed","ping_status":"closed","sticky":false,"template":"","format":"standard","meta":{"footnotes":""},"categories":[29],"tags":[37],"class_list":["post-1034613","post","type-post","status-publish","format-standard","has-post-thumbnail","hentry","category-kurdistan","tag-sereke"],"blocksy_meta":[],"seo_head":"<!-- This site is optimized with the Yoast SEO plugin v27.5 - https:\/\/yoast.com\/product\/yoast-seo-wordpress\/ -->\n<title>PKK\u00ea, ke\u00e7eke din li rojava revand - Darka Maz\u00ee<\/title>\n<meta name=\"robots\" content=\"index, follow, max-snippet:-1, max-image-preview:large, max-video-preview:-1\" \/>\n<link rel=\"canonical\" href=\"https:\/\/darkamazi.info\/archives\/1034613\" \/>\n<meta property=\"og:locale\" content=\"en_US\" \/>\n<meta property=\"og:type\" content=\"article\" \/>\n<meta property=\"og:title\" content=\"PKK\u00ea, ke\u00e7eke din li rojava revand - Darka Maz\u00ee\" \/>\n<meta property=\"og:description\" content=\"Gruba Ciwan\u00ean \u015eore\u015fger a ser bi PKK\u00ea, ke\u00e7ek di nav kamp\u00ean ko\u00e7beran a li nav\u00e7eya \u015eehba ya s\u00eenor\u00ea bajar\u00ea Heleb\u00ea de revand \u00fb guman t\u00ea kirin ku bi zor\u00ea w\u00ea bikin \u00e7ekdar \u00fb bixin nav r\u00eaz\u00ean h\u00eaz\u00ean xwe y\u00ean \u00e7ekdar de. Li gor agahiyan, ew gruba ser bi PKK\u00ea ke\u00e7eke 15 sal\u00ee ya bi nav\u00ea [&hellip;]\" \/>\n<meta property=\"og:url\" content=\"https:\/\/darkamazi.info\/archives\/1034613\" \/>\n<meta property=\"og:site_name\" content=\"Darka Maz\u00ee\" \/>\n<meta property=\"article:publisher\" content=\"https:\/\/www.facebook.com\/DarMaziKurmanci\" \/>\n<meta property=\"article:published_time\" content=\"2023-01-09T10:30:24+00:00\" \/>\n<meta property=\"og:image\" content=\"https:\/\/darkamazi.info\/file\/2023\/01\/PKK-ROJAVA-EZIDI-REVANDIN.png\" \/>\n\t<meta property=\"og:image:width\" content=\"709\" \/>\n\t<meta property=\"og:image:height\" content=\"390\" \/>\n\t<meta property=\"og:image:type\" content=\"image\/png\" \/>\n<meta name=\"author\" content=\"darka mazi\" \/>\n<meta name=\"twitter:card\" content=\"summary_large_image\" \/>\n<meta name=\"twitter:creator\" content=\"@DarkaMaziLatini\" \/>\n<meta name=\"twitter:site\" content=\"@DarkaMaziLatini\" \/>\n<meta name=\"twitter:label1\" content=\"Written by\" \/>\n\t<meta name=\"twitter:data1\" content=\"darka mazi\" \/>\n\t<meta name=\"twitter:label2\" content=\"Est. reading time\" \/>\n\t<meta name=\"twitter:data2\" content=\"1 minute\" \/>\n<script type=\"application\/ld+json\" class=\"seo-schema-graph\">{\"@context\":\"https:\\\/\\\/schema.org\",\"@graph\":[{\"@type\":\"Article\",\"@id\":\"https:\\\/\\\/darkamazi.info\\\/archives\\\/1034613#article\",\"isPartOf\":{\"@id\":\"https:\\\/\\\/darkamazi.info\\\/archives\\\/1034613\"},\"author\":{\"name\":\"darka mazi\",\"@id\":\"https:\\\/\\\/darkamazi.info\\\/#\\\/schema\\\/person\\\/5ad3e24553a0567993fa8ed4bd0a776c\"},\"headline\":\"PKK\u00ea, ke\u00e7eke din li rojava revand\",\"datePublished\":\"2023-01-09T10:30:24+00:00\",\"mainEntityOfPage\":{\"@id\":\"https:\\\/\\\/darkamazi.info\\\/archives\\\/1034613\"},\"wordCount\":189,\"publisher\":{\"@id\":\"https:\\\/\\\/darkamazi.info\\\/#organization\"},\"image\":{\"@id\":\"https:\\\/\\\/darkamazi.info\\\/archives\\\/1034613#primaryimage\"},\"thumbnailUrl\":\"https:\\\/\\\/darkamazi.info\\\/darka-content\\\/uploads\\\/2023\\\/01\\\/PKK-ROJAVA-EZIDI-REVANDIN.png\",\"keywords\":[\"sereke\"],\"articleSection\":[\"Kurdistan\"],\"inLanguage\":\"en-US\"},{\"@type\":\"WebPage\",\"@id\":\"https:\\\/\\\/darkamazi.info\\\/archives\\\/1034613\",\"url\":\"https:\\\/\\\/darkamazi.info\\\/archives\\\/1034613\",\"name\":\"PKK\u00ea, ke\u00e7eke din li rojava revand - Darka Maz\u00ee\",\"isPartOf\":{\"@id\":\"https:\\\/\\\/darkamazi.info\\\/#website\"},\"primaryImageOfPage\":{\"@id\":\"https:\\\/\\\/darkamazi.info\\\/archives\\\/1034613#primaryimage\"},\"image\":{\"@id\":\"https:\\\/\\\/darkamazi.info\\\/archives\\\/1034613#primaryimage\"},\"thumbnailUrl\":\"https:\\\/\\\/darkamazi.info\\\/darka-content\\\/uploads\\\/2023\\\/01\\\/PKK-ROJAVA-EZIDI-REVANDIN.png\",\"datePublished\":\"2023-01-09T10:30:24+00:00\",\"breadcrumb\":{\"@id\":\"https:\\\/\\\/darkamazi.info\\\/archives\\\/1034613#breadcrumb\"},\"inLanguage\":\"en-US\",\"potentialAction\":[{\"@type\":\"ReadAction\",\"target\":[\"https:\\\/\\\/darkamazi.info\\\/archives\\\/1034613\"]}]},{\"@type\":\"ImageObject\",\"inLanguage\":\"en-US\",\"@id\":\"https:\\\/\\\/darkamazi.info\\\/archives\\\/1034613#primaryimage\",\"url\":\"https:\\\/\\\/darkamazi.info\\\/darka-content\\\/uploads\\\/2023\\\/01\\\/PKK-ROJAVA-EZIDI-REVANDIN.png\",\"contentUrl\":\"https:\\\/\\\/darkamazi.info\\\/darka-content\\\/uploads\\\/2023\\\/01\\\/PKK-ROJAVA-EZIDI-REVANDIN.png\",\"width\":709,\"height\":390,\"caption\":\"PKK\u00ea, ke\u00e7eke din li rojava revand\"},{\"@type\":\"BreadcrumbList\",\"@id\":\"https:\\\/\\\/darkamazi.info\\\/archives\\\/1034613#breadcrumb\",\"itemListElement\":[{\"@type\":\"ListItem\",\"position\":1,\"name\":\"Home\",\"item\":\"https:\\\/\\\/darkamazi.info\\\/\"},{\"@type\":\"ListItem\",\"position\":2,\"name\":\"PKK\u00ea, ke\u00e7eke din li rojava revand\"}]},{\"@type\":\"WebSite\",\"@id\":\"https:\\\/\\\/darkamazi.info\\\/#website\",\"url\":\"https:\\\/\\\/darkamazi.info\\\/\",\"name\":\"Darka Maz\u00ee\",\"description\":\"P\u00eageha Zanyariy\u00ean Nebih\u00eest\u00ee\",\"publisher\":{\"@id\":\"https:\\\/\\\/darkamazi.info\\\/#organization\"},\"potentialAction\":[{\"@type\":\"SearchAction\",\"target\":{\"@type\":\"EntryPoint\",\"urlTemplate\":\"https:\\\/\\\/darkamazi.info\\\/?s={search_term_string}\"},\"query-input\":{\"@type\":\"PropertyValueSpecification\",\"valueRequired\":true,\"valueName\":\"search_term_string\"}}],\"inLanguage\":\"en-US\"},{\"@type\":\"Organization\",\"@id\":\"https:\\\/\\\/darkamazi.info\\\/#organization\",\"name\":\"Darka Maz\u00ee\",\"url\":\"https:\\\/\\\/darkamazi.info\\\/\",\"logo\":{\"@type\":\"ImageObject\",\"inLanguage\":\"en-US\",\"@id\":\"https:\\\/\\\/darkamazi.info\\\/#\\\/schema\\\/logo\\\/image\\\/\",\"url\":\"https:\\\/\\\/darkamazi.info\\\/darka-content\\\/uploads\\\/2017\\\/12\\\/darka-mazi-logo.png\",\"contentUrl\":\"https:\\\/\\\/darkamazi.info\\\/darka-content\\\/uploads\\\/2017\\\/12\\\/darka-mazi-logo.png\",\"width\":151,\"height\":75,\"caption\":\"Darka Maz\u00ee\"},\"image\":{\"@id\":\"https:\\\/\\\/darkamazi.info\\\/#\\\/schema\\\/logo\\\/image\\\/\"},\"sameAs\":[\"https:\\\/\\\/www.facebook.com\\\/DarMaziKurmanci\",\"https:\\\/\\\/x.com\\\/DarkaMaziLatini\",\"https:\\\/\\\/www.instagram.com\\\/darkamazi.kurmanci\\\/\",\"https:\\\/\\\/www.youtube.com\\\/channel\\\/UCa5HkTdmI8U1qCUFuTw8B2g\"]},{\"@type\":\"Person\",\"@id\":\"https:\\\/\\\/darkamazi.info\\\/#\\\/schema\\\/person\\\/5ad3e24553a0567993fa8ed4bd0a776c\",\"name\":\"darka mazi\",\"sameAs\":[\"https:\\\/\\\/darkamazi.info\\\/\"],\"url\":\"https:\\\/\\\/darkamazi.info\\\/archives\\\/author\\\/kurdi\"}]}<\/script>\n<!-- \/ Yoast SEO plugin. -->","seo_head_json":{"title":"PKK\u00ea, ke\u00e7eke din li rojava revand - Darka Maz\u00ee","robots":{"index":"index","follow":"follow","max-snippet":"max-snippet:-1","max-image-preview":"max-image-preview:large","max-video-preview":"max-video-preview:-1"},"canonical":"https:\/\/darkamazi.info\/archives\/1034613","og_locale":"en_US","og_type":"article","og_title":"PKK\u00ea, ke\u00e7eke din li rojava revand - Darka Maz\u00ee","og_description":"Gruba Ciwan\u00ean \u015eore\u015fger a ser bi PKK\u00ea, ke\u00e7ek di nav kamp\u00ean ko\u00e7beran a li nav\u00e7eya \u015eehba ya s\u00eenor\u00ea bajar\u00ea Heleb\u00ea de revand \u00fb guman t\u00ea kirin ku bi zor\u00ea w\u00ea bikin \u00e7ekdar \u00fb bixin nav r\u00eaz\u00ean h\u00eaz\u00ean xwe y\u00ean \u00e7ekdar de. Li gor agahiyan, ew gruba ser bi PKK\u00ea ke\u00e7eke 15 sal\u00ee ya bi nav\u00ea [&hellip;]","og_url":"https:\/\/darkamazi.info\/archives\/1034613","og_site_name":"Darka Maz\u00ee","article_publisher":"https:\/\/www.facebook.com\/DarMaziKurmanci","article_published_time":"2023-01-09T10:30:24+00:00","og_image":[{"width":709,"height":390,"url":"https:\/\/darkamazi.info\/file\/2023\/01\/PKK-ROJAVA-EZIDI-REVANDIN.png","type":"image\/png"}],"author":"darka mazi","twitter_card":"summary_large_image","twitter_creator":"@DarkaMaziLatini","twitter_site":"@DarkaMaziLatini","twitter_misc":{"Written by":"darka mazi","Est. reading time":"1 minute"},"schema":{"@context":"https:\/\/schema.org","@graph":[{"@type":"Article","@id":"https:\/\/darkamazi.info\/archives\/1034613#article","isPartOf":{"@id":"https:\/\/darkamazi.info\/archives\/1034613"},"author":{"name":"darka mazi","@id":"https:\/\/darkamazi.info\/#\/schema\/person\/5ad3e24553a0567993fa8ed4bd0a776c"},"headline":"PKK\u00ea, ke\u00e7eke din li rojava revand","datePublished":"2023-01-09T10:30:24+00:00","mainEntityOfPage":{"@id":"https:\/\/darkamazi.info\/archives\/1034613"},"wordCount":189,"publisher":{"@id":"https:\/\/darkamazi.info\/#organization"},"image":{"@id":"https:\/\/darkamazi.info\/archives\/1034613#primaryimage"},"thumbnailUrl":"https:\/\/darkamazi.info\/file\/2023\/01\/PKK-ROJAVA-EZIDI-REVANDIN.png","keywords":["sereke"],"articleSection":["Kurdistan"],"inLanguage":"en-US"},{"@type":"WebPage","@id":"https:\/\/darkamazi.info\/archives\/1034613","url":"https:\/\/darkamazi.info\/archives\/1034613","name":"PKK\u00ea, ke\u00e7eke din li rojava revand - Darka Maz\u00ee","isPartOf":{"@id":"https:\/\/darkamazi.info\/#website"},"primaryImageOfPage":{"@id":"https:\/\/darkamazi.info\/archives\/1034613#primaryimage"},"image":{"@id":"https:\/\/darkamazi.info\/archives\/1034613#primaryimage"},"thumbnailUrl":"https:\/\/darkamazi.info\/file\/2023\/01\/PKK-ROJAVA-EZIDI-REVANDIN.png","datePublished":"2023-01-09T10:30:24+00:00","breadcrumb":{"@id":"https:\/\/darkamazi.info\/archives\/1034613#breadcrumb"},"inLanguage":"en-US","potentialAction":[{"@type":"ReadAction","target":["https:\/\/darkamazi.info\/archives\/1034613"]}]},{"@type":"ImageObject","inLanguage":"en-US","@id":"https:\/\/darkamazi.info\/archives\/1034613#primaryimage","url":"https:\/\/darkamazi.info\/file\/2023\/01\/PKK-ROJAVA-EZIDI-REVANDIN.png","contentUrl":"https:\/\/darkamazi.info\/file\/2023\/01\/PKK-ROJAVA-EZIDI-REVANDIN.png","width":709,"height":390,"caption":"PKK\u00ea, ke\u00e7eke din li rojava revand"},{"@type":"BreadcrumbList","@id":"https:\/\/darkamazi.info\/archives\/1034613#breadcrumb","itemListElement":[{"@type":"ListItem","position":1,"name":"Home","item":"https:\/\/darkamazi.info\/"},{"@type":"ListItem","position":2,"name":"PKK\u00ea, ke\u00e7eke din li rojava revand"}]},{"@type":"WebSite","@id":"https:\/\/darkamazi.info\/#website","url":"https:\/\/darkamazi.info\/","name":"Darka Maz\u00ee","description":"P\u00eageha Zanyariy\u00ean Nebih\u00eest\u00ee","publisher":{"@id":"https:\/\/darkamazi.info\/#organization"},"potentialAction":[{"@type":"SearchAction","target":{"@type":"EntryPoint","urlTemplate":"https:\/\/darkamazi.info\/?s={search_term_string}"},"query-input":{"@type":"PropertyValueSpecification","valueRequired":true,"valueName":"search_term_string"}}],"inLanguage":"en-US"},{"@type":"Organization","@id":"https:\/\/darkamazi.info\/#organization","name":"Darka Maz\u00ee","url":"https:\/\/darkamazi.info\/","logo":{"@type":"ImageObject","inLanguage":"en-US","@id":"https:\/\/darkamazi.info\/#\/schema\/logo\/image\/","url":"https:\/\/darkamazi.info\/file\/2017\/12\/darka-mazi-logo.png","contentUrl":"https:\/\/darkamazi.info\/file\/2017\/12\/darka-mazi-logo.png","width":151,"height":75,"caption":"Darka Maz\u00ee"},"image":{"@id":"https:\/\/darkamazi.info\/#\/schema\/logo\/image\/"},"sameAs":["https:\/\/www.facebook.com\/DarMaziKurmanci","https:\/\/x.com\/DarkaMaziLatini","https:\/\/www.instagram.com\/darkamazi.kurmanci\/","https:\/\/www.youtube.com\/channel\/UCa5HkTdmI8U1qCUFuTw8B2g"]},{"@type":"Person","@id":"https:\/\/darkamazi.info\/#\/schema\/person\/5ad3e24553a0567993fa8ed4bd0a776c","name":"darka mazi","sameAs":["https:\/\/darkamazi.info\/"],"url":"https:\/\/darkamazi.info\/archives\/author\/kurdi"}]}},"_links":{"self":[{"href":"https:\/\/darkamazi.info\/funavuv\/wp\/v2\/posts\/1034613","targetHints":{"allow":["GET"]}}],"collection":[{"href":"https:\/\/darkamazi.info\/funavuv\/wp\/v2\/posts"}],"about":[{"href":"https:\/\/darkamazi.info\/funavuv\/wp\/v2\/types\/post"}],"author":[{"embeddable":true,"href":"https:\/\/darkamazi.info\/funavuv\/wp\/v2\/users\/2"}],"replies":[{"embeddable":true,"href":"https:\/\/darkamazi.info\/funavuv\/wp\/v2\/comments?post=1034613"}],"version-history":[{"count":0,"href":"https:\/\/darkamazi.info\/funavuv\/wp\/v2\/posts\/1034613\/revisions"}],"wp:featuredmedia":[{"embeddable":true,"href":"https:\/\/darkamazi.info\/funavuv\/wp\/v2\/media\/1034615"}],"wp:attachment":[{"href":"https:\/\/darkamazi.info\/funavuv\/wp\/v2\/media?parent=1034613"}],"wp:term":[{"taxonomy":"category","embeddable":true,"href":"https:\/\/darkamazi.info\/funavuv\/wp\/v2\/categories?post=1034613"},{"taxonomy":"post_tag","embeddable":true,"href":"https:\/\/darkamazi.info\/funavuv\/wp\/v2\/tags?post=1034613"}],"curies":[{"name":"wp","href":"https:\/\/api.w.org\/{rel}","templated":true}]}}