{"id":1034625,"date":"2023-01-10T18:11:31","date_gmt":"2023-01-10T15:11:31","guid":{"rendered":"https:\/\/darkamazi.info\/?p=1034625"},"modified":"2023-01-10T18:11:31","modified_gmt":"2023-01-10T15:11:31","slug":"cendirmeyan-bi-awayeki-hovane-bi-dar-u-tivengan-li-welatiyan-xist","status":"publish","type":"post","link":"https:\/\/darkamazi.info\/archives\/1034625","title":{"rendered":"Cendirmeyan bi awayek\u00ee hovane bi dar \u00fb tivengan li welat\u00eeyan xist"},"content":{"rendered":"<h3 style=\"text-align: justify\"><span style=\"font-family: 'arial black', sans-serif\">Cendirmey\u00ean Tirkiy\u00ea, bi awayek\u00ee hovane \u00ear\u015f\u00ee hejmareke welatiy\u00ean S\u00fbry\u00ea kir, pi\u015ft\u00ee ku ew derbas\u00ee s\u00eenor\u00ea Tirkiy\u00ea b\u00fbyn.<\/span><\/h3>\n<h3 style=\"text-align: justify\"><span style=\"font-family: arial, helvetica, sans-serif\">Rwangeha S\u00fbr\u00ee ya maf\u00ean mirovan \u00eero roja s\u00ea\u015fem\u00ee 10\/1\/2023\u00ea belav kir ku cendirmeyan, bi tiveng \u00fb daran bi tund\u00ee li hejmareke welatiy\u00ean S\u00fbr\u00ee xistin, pi\u015ft\u00ee ku li \u015feva du\u015fem ser-s\u00ea\u015femiy\u00ea bi r\u00eay\u00ean &#8220;qa\u00e7ax&#8221; li gund\u00ea Eraze y\u00ea ser bi bajarok\u00ea Eb\u00fbras\u00een ve derbas\u00ee s\u00eenor\u00ea Tirkiy\u00ea b\u00fbyn.<\/span><\/h3>\n<h3 style=\"text-align: justify\"><span style=\"font-family: arial, helvetica, sans-serif\">Di s\u00ea roj\u00ean bor\u00ee de tevgereka \u00e7alaka &#8220;qa\u00e7ax\u00e7\u00eetiy\u00ea&#8221; li s\u00eenor\u00ean di navbera S\u00fbry\u00ea \u00fb Tirkiy\u00ea de bi teybet dever\u00ean di bin kontrola HSD\u00ea de, \u00e7\u00eabib\u00fb, welat\u00ee ji bo peydakirina jiyaneke ba\u015ftir derbas\u00ee s\u00eenor dibin \u00fb hewl didin ji nava axa Tirkiy\u00ea xwe bigh\u00eenin Ewropay\u00ea.<\/span><\/h3>\n<h3 style=\"text-align: justify\"><span style=\"font-family: arial, helvetica, sans-serif\">Li gor \u00e7alakvan\u00ean Rewangeha S\u00fbr\u00ee, di s\u00ea roj\u00ean bor\u00ee de z\u00eadetir\u00ee 600 kesan derbas\u00ee s\u00eenor\u00ean Tirkiy\u00ea b\u00fbne, piran\u00ee j\u00ea ji Rojava Kurdistan\u00ea \u00fb dever\u00ean bin kontrola HSD\u00ea b\u00fbne.<\/span><\/h3>\n<h3 style=\"text-align: justify\"><span style=\"font-family: arial, helvetica, sans-serif\">Di 3\u00ea \u00e7iley\u00ea de, Rewangeha S\u00fbr\u00ee mirna welatiyek\u00ee Ser\u00eakaniy\u00ea belge kirb\u00fb ku ji h\u00eala cendirmey\u00ean Tirkiy\u00ea ve hatb\u00fb ku\u015ftin, pi\u015ft\u00ee xwest\u00ee s\u00eenor\u00ee derbas bike.<\/span><\/h3>\n","protected":false},"excerpt":{"rendered":"<p>Cendirmey\u00ean Tirkiy\u00ea, bi awayek\u00ee hovane \u00ear\u015f\u00ee hejmareke welatiy\u00ean S\u00fbry\u00ea kir, pi\u015ft\u00ee ku ew derbas\u00ee s\u00eenor\u00ea Tirkiy\u00ea b\u00fbyn. Rwangeha S\u00fbr\u00ee ya maf\u00ean mirovan \u00eero roja s\u00ea\u015fem\u00ee 10\/1\/2023\u00ea belav kir ku cendirmeyan, bi tiveng \u00fb daran bi tund\u00ee li hejmareke welatiy\u00ean S\u00fbr\u00ee xistin, pi\u015ft\u00ee ku li \u015feva du\u015fem ser-s\u00ea\u015femiy\u00ea bi r\u00eay\u00ean &#8220;qa\u00e7ax&#8221; li gund\u00ea Eraze y\u00ea ser [&hellip;]<\/p>\n","protected":false},"author":2,"featured_media":1034626,"comment_status":"closed","ping_status":"closed","sticky":false,"template":"","format":"standard","meta":{"footnotes":""},"categories":[31],"tags":[37],"class_list":["post-1034625","post","type-post","status-publish","format-standard","has-post-thumbnail","hentry","category-rojhelata-navin","tag-sereke"],"blocksy_meta":[],"seo_head":"<!-- This site is optimized with the Yoast SEO plugin v27.5 - https:\/\/yoast.com\/product\/yoast-seo-wordpress\/ -->\n<title>Cendirmeyan bi awayek\u00ee hovane bi dar \u00fb tivengan li welat\u00eeyan xist - Darka Maz\u00ee<\/title>\n<meta name=\"robots\" content=\"index, follow, max-snippet:-1, max-image-preview:large, max-video-preview:-1\" \/>\n<link rel=\"canonical\" href=\"https:\/\/darkamazi.info\/archives\/1034625\" \/>\n<meta property=\"og:locale\" content=\"en_US\" \/>\n<meta property=\"og:type\" content=\"article\" \/>\n<meta property=\"og:title\" content=\"Cendirmeyan bi awayek\u00ee hovane bi dar \u00fb tivengan li welat\u00eeyan xist - Darka Maz\u00ee\" \/>\n<meta property=\"og:description\" content=\"Cendirmey\u00ean Tirkiy\u00ea, bi awayek\u00ee hovane \u00ear\u015f\u00ee hejmareke welatiy\u00ean S\u00fbry\u00ea kir, pi\u015ft\u00ee ku ew derbas\u00ee s\u00eenor\u00ea Tirkiy\u00ea b\u00fbyn. Rwangeha S\u00fbr\u00ee ya maf\u00ean mirovan \u00eero roja s\u00ea\u015fem\u00ee 10\/1\/2023\u00ea belav kir ku cendirmeyan, bi tiveng \u00fb daran bi tund\u00ee li hejmareke welatiy\u00ean S\u00fbr\u00ee xistin, pi\u015ft\u00ee ku li \u015feva du\u015fem ser-s\u00ea\u015femiy\u00ea bi r\u00eay\u00ean &#8220;qa\u00e7ax&#8221; li gund\u00ea Eraze y\u00ea ser [&hellip;]\" \/>\n<meta property=\"og:url\" content=\"https:\/\/darkamazi.info\/archives\/1034625\" \/>\n<meta property=\"og:site_name\" content=\"Darka Maz\u00ee\" \/>\n<meta property=\"article:publisher\" content=\"https:\/\/www.facebook.com\/DarMaziKurmanci\" \/>\n<meta property=\"article:published_time\" content=\"2023-01-10T15:11:31+00:00\" \/>\n<meta property=\"og:image\" content=\"https:\/\/darkamazi.info\/file\/2023\/01\/candirme-syria-turkey-rojava-1.jpg\" \/>\n\t<meta property=\"og:image:width\" content=\"900\" \/>\n\t<meta property=\"og:image:height\" content=\"497\" \/>\n\t<meta property=\"og:image:type\" content=\"image\/jpeg\" \/>\n<meta name=\"author\" content=\"darka mazi\" \/>\n<meta name=\"twitter:card\" content=\"summary_large_image\" \/>\n<meta name=\"twitter:creator\" content=\"@DarkaMaziLatini\" \/>\n<meta name=\"twitter:site\" content=\"@DarkaMaziLatini\" \/>\n<meta name=\"twitter:label1\" content=\"Written by\" \/>\n\t<meta name=\"twitter:data1\" content=\"darka mazi\" \/>\n\t<meta name=\"twitter:label2\" content=\"Est. reading time\" \/>\n\t<meta name=\"twitter:data2\" content=\"1 minute\" \/>\n<script type=\"application\/ld+json\" class=\"seo-schema-graph\">{\"@context\":\"https:\\\/\\\/schema.org\",\"@graph\":[{\"@type\":\"Article\",\"@id\":\"https:\\\/\\\/darkamazi.info\\\/archives\\\/1034625#article\",\"isPartOf\":{\"@id\":\"https:\\\/\\\/darkamazi.info\\\/archives\\\/1034625\"},\"author\":{\"name\":\"darka mazi\",\"@id\":\"https:\\\/\\\/darkamazi.info\\\/#\\\/schema\\\/person\\\/5ad3e24553a0567993fa8ed4bd0a776c\"},\"headline\":\"Cendirmeyan bi awayek\u00ee hovane bi dar \u00fb tivengan li welat\u00eeyan xist\",\"datePublished\":\"2023-01-10T15:11:31+00:00\",\"mainEntityOfPage\":{\"@id\":\"https:\\\/\\\/darkamazi.info\\\/archives\\\/1034625\"},\"wordCount\":210,\"publisher\":{\"@id\":\"https:\\\/\\\/darkamazi.info\\\/#organization\"},\"image\":{\"@id\":\"https:\\\/\\\/darkamazi.info\\\/archives\\\/1034625#primaryimage\"},\"thumbnailUrl\":\"https:\\\/\\\/darkamazi.info\\\/darka-content\\\/uploads\\\/2023\\\/01\\\/candirme-syria-turkey-rojava-1.jpg\",\"keywords\":[\"sereke\"],\"articleSection\":[\"Rojhelata nav\u00een\"],\"inLanguage\":\"en-US\"},{\"@type\":\"WebPage\",\"@id\":\"https:\\\/\\\/darkamazi.info\\\/archives\\\/1034625\",\"url\":\"https:\\\/\\\/darkamazi.info\\\/archives\\\/1034625\",\"name\":\"Cendirmeyan bi awayek\u00ee hovane bi dar \u00fb tivengan li welat\u00eeyan xist - Darka Maz\u00ee\",\"isPartOf\":{\"@id\":\"https:\\\/\\\/darkamazi.info\\\/#website\"},\"primaryImageOfPage\":{\"@id\":\"https:\\\/\\\/darkamazi.info\\\/archives\\\/1034625#primaryimage\"},\"image\":{\"@id\":\"https:\\\/\\\/darkamazi.info\\\/archives\\\/1034625#primaryimage\"},\"thumbnailUrl\":\"https:\\\/\\\/darkamazi.info\\\/darka-content\\\/uploads\\\/2023\\\/01\\\/candirme-syria-turkey-rojava-1.jpg\",\"datePublished\":\"2023-01-10T15:11:31+00:00\",\"breadcrumb\":{\"@id\":\"https:\\\/\\\/darkamazi.info\\\/archives\\\/1034625#breadcrumb\"},\"inLanguage\":\"en-US\",\"potentialAction\":[{\"@type\":\"ReadAction\",\"target\":[\"https:\\\/\\\/darkamazi.info\\\/archives\\\/1034625\"]}]},{\"@type\":\"ImageObject\",\"inLanguage\":\"en-US\",\"@id\":\"https:\\\/\\\/darkamazi.info\\\/archives\\\/1034625#primaryimage\",\"url\":\"https:\\\/\\\/darkamazi.info\\\/darka-content\\\/uploads\\\/2023\\\/01\\\/candirme-syria-turkey-rojava-1.jpg\",\"contentUrl\":\"https:\\\/\\\/darkamazi.info\\\/darka-content\\\/uploads\\\/2023\\\/01\\\/candirme-syria-turkey-rojava-1.jpg\",\"width\":900,\"height\":497,\"caption\":\"candirme-syria-turkey-rojava (1)\"},{\"@type\":\"BreadcrumbList\",\"@id\":\"https:\\\/\\\/darkamazi.info\\\/archives\\\/1034625#breadcrumb\",\"itemListElement\":[{\"@type\":\"ListItem\",\"position\":1,\"name\":\"Home\",\"item\":\"https:\\\/\\\/darkamazi.info\\\/\"},{\"@type\":\"ListItem\",\"position\":2,\"name\":\"Cendirmeyan bi awayek\u00ee hovane bi dar \u00fb tivengan li welat\u00eeyan xist\"}]},{\"@type\":\"WebSite\",\"@id\":\"https:\\\/\\\/darkamazi.info\\\/#website\",\"url\":\"https:\\\/\\\/darkamazi.info\\\/\",\"name\":\"Darka Maz\u00ee\",\"description\":\"P\u00eageha Zanyariy\u00ean Nebih\u00eest\u00ee\",\"publisher\":{\"@id\":\"https:\\\/\\\/darkamazi.info\\\/#organization\"},\"potentialAction\":[{\"@type\":\"SearchAction\",\"target\":{\"@type\":\"EntryPoint\",\"urlTemplate\":\"https:\\\/\\\/darkamazi.info\\\/?s={search_term_string}\"},\"query-input\":{\"@type\":\"PropertyValueSpecification\",\"valueRequired\":true,\"valueName\":\"search_term_string\"}}],\"inLanguage\":\"en-US\"},{\"@type\":\"Organization\",\"@id\":\"https:\\\/\\\/darkamazi.info\\\/#organization\",\"name\":\"Darka Maz\u00ee\",\"url\":\"https:\\\/\\\/darkamazi.info\\\/\",\"logo\":{\"@type\":\"ImageObject\",\"inLanguage\":\"en-US\",\"@id\":\"https:\\\/\\\/darkamazi.info\\\/#\\\/schema\\\/logo\\\/image\\\/\",\"url\":\"https:\\\/\\\/darkamazi.info\\\/darka-content\\\/uploads\\\/2017\\\/12\\\/darka-mazi-logo.png\",\"contentUrl\":\"https:\\\/\\\/darkamazi.info\\\/darka-content\\\/uploads\\\/2017\\\/12\\\/darka-mazi-logo.png\",\"width\":151,\"height\":75,\"caption\":\"Darka Maz\u00ee\"},\"image\":{\"@id\":\"https:\\\/\\\/darkamazi.info\\\/#\\\/schema\\\/logo\\\/image\\\/\"},\"sameAs\":[\"https:\\\/\\\/www.facebook.com\\\/DarMaziKurmanci\",\"https:\\\/\\\/x.com\\\/DarkaMaziLatini\",\"https:\\\/\\\/www.instagram.com\\\/darkamazi.kurmanci\\\/\",\"https:\\\/\\\/www.youtube.com\\\/channel\\\/UCa5HkTdmI8U1qCUFuTw8B2g\"]},{\"@type\":\"Person\",\"@id\":\"https:\\\/\\\/darkamazi.info\\\/#\\\/schema\\\/person\\\/5ad3e24553a0567993fa8ed4bd0a776c\",\"name\":\"darka mazi\",\"sameAs\":[\"https:\\\/\\\/darkamazi.info\\\/\"],\"url\":\"https:\\\/\\\/darkamazi.info\\\/archives\\\/author\\\/kurdi\"}]}<\/script>\n<!-- \/ Yoast SEO plugin. -->","seo_head_json":{"title":"Cendirmeyan bi awayek\u00ee hovane bi dar \u00fb tivengan li welat\u00eeyan xist - Darka Maz\u00ee","robots":{"index":"index","follow":"follow","max-snippet":"max-snippet:-1","max-image-preview":"max-image-preview:large","max-video-preview":"max-video-preview:-1"},"canonical":"https:\/\/darkamazi.info\/archives\/1034625","og_locale":"en_US","og_type":"article","og_title":"Cendirmeyan bi awayek\u00ee hovane bi dar \u00fb tivengan li welat\u00eeyan xist - Darka Maz\u00ee","og_description":"Cendirmey\u00ean Tirkiy\u00ea, bi awayek\u00ee hovane \u00ear\u015f\u00ee hejmareke welatiy\u00ean S\u00fbry\u00ea kir, pi\u015ft\u00ee ku ew derbas\u00ee s\u00eenor\u00ea Tirkiy\u00ea b\u00fbyn. Rwangeha S\u00fbr\u00ee ya maf\u00ean mirovan \u00eero roja s\u00ea\u015fem\u00ee 10\/1\/2023\u00ea belav kir ku cendirmeyan, bi tiveng \u00fb daran bi tund\u00ee li hejmareke welatiy\u00ean S\u00fbr\u00ee xistin, pi\u015ft\u00ee ku li \u015feva du\u015fem ser-s\u00ea\u015femiy\u00ea bi r\u00eay\u00ean &#8220;qa\u00e7ax&#8221; li gund\u00ea Eraze y\u00ea ser [&hellip;]","og_url":"https:\/\/darkamazi.info\/archives\/1034625","og_site_name":"Darka Maz\u00ee","article_publisher":"https:\/\/www.facebook.com\/DarMaziKurmanci","article_published_time":"2023-01-10T15:11:31+00:00","og_image":[{"width":900,"height":497,"url":"https:\/\/darkamazi.info\/file\/2023\/01\/candirme-syria-turkey-rojava-1.jpg","type":"image\/jpeg"}],"author":"darka mazi","twitter_card":"summary_large_image","twitter_creator":"@DarkaMaziLatini","twitter_site":"@DarkaMaziLatini","twitter_misc":{"Written by":"darka mazi","Est. reading time":"1 minute"},"schema":{"@context":"https:\/\/schema.org","@graph":[{"@type":"Article","@id":"https:\/\/darkamazi.info\/archives\/1034625#article","isPartOf":{"@id":"https:\/\/darkamazi.info\/archives\/1034625"},"author":{"name":"darka mazi","@id":"https:\/\/darkamazi.info\/#\/schema\/person\/5ad3e24553a0567993fa8ed4bd0a776c"},"headline":"Cendirmeyan bi awayek\u00ee hovane bi dar \u00fb tivengan li welat\u00eeyan xist","datePublished":"2023-01-10T15:11:31+00:00","mainEntityOfPage":{"@id":"https:\/\/darkamazi.info\/archives\/1034625"},"wordCount":210,"publisher":{"@id":"https:\/\/darkamazi.info\/#organization"},"image":{"@id":"https:\/\/darkamazi.info\/archives\/1034625#primaryimage"},"thumbnailUrl":"https:\/\/darkamazi.info\/file\/2023\/01\/candirme-syria-turkey-rojava-1.jpg","keywords":["sereke"],"articleSection":["Rojhelata nav\u00een"],"inLanguage":"en-US"},{"@type":"WebPage","@id":"https:\/\/darkamazi.info\/archives\/1034625","url":"https:\/\/darkamazi.info\/archives\/1034625","name":"Cendirmeyan bi awayek\u00ee hovane bi dar \u00fb tivengan li welat\u00eeyan xist - Darka Maz\u00ee","isPartOf":{"@id":"https:\/\/darkamazi.info\/#website"},"primaryImageOfPage":{"@id":"https:\/\/darkamazi.info\/archives\/1034625#primaryimage"},"image":{"@id":"https:\/\/darkamazi.info\/archives\/1034625#primaryimage"},"thumbnailUrl":"https:\/\/darkamazi.info\/file\/2023\/01\/candirme-syria-turkey-rojava-1.jpg","datePublished":"2023-01-10T15:11:31+00:00","breadcrumb":{"@id":"https:\/\/darkamazi.info\/archives\/1034625#breadcrumb"},"inLanguage":"en-US","potentialAction":[{"@type":"ReadAction","target":["https:\/\/darkamazi.info\/archives\/1034625"]}]},{"@type":"ImageObject","inLanguage":"en-US","@id":"https:\/\/darkamazi.info\/archives\/1034625#primaryimage","url":"https:\/\/darkamazi.info\/file\/2023\/01\/candirme-syria-turkey-rojava-1.jpg","contentUrl":"https:\/\/darkamazi.info\/file\/2023\/01\/candirme-syria-turkey-rojava-1.jpg","width":900,"height":497,"caption":"candirme-syria-turkey-rojava (1)"},{"@type":"BreadcrumbList","@id":"https:\/\/darkamazi.info\/archives\/1034625#breadcrumb","itemListElement":[{"@type":"ListItem","position":1,"name":"Home","item":"https:\/\/darkamazi.info\/"},{"@type":"ListItem","position":2,"name":"Cendirmeyan bi awayek\u00ee hovane bi dar \u00fb tivengan li welat\u00eeyan xist"}]},{"@type":"WebSite","@id":"https:\/\/darkamazi.info\/#website","url":"https:\/\/darkamazi.info\/","name":"Darka Maz\u00ee","description":"P\u00eageha Zanyariy\u00ean Nebih\u00eest\u00ee","publisher":{"@id":"https:\/\/darkamazi.info\/#organization"},"potentialAction":[{"@type":"SearchAction","target":{"@type":"EntryPoint","urlTemplate":"https:\/\/darkamazi.info\/?s={search_term_string}"},"query-input":{"@type":"PropertyValueSpecification","valueRequired":true,"valueName":"search_term_string"}}],"inLanguage":"en-US"},{"@type":"Organization","@id":"https:\/\/darkamazi.info\/#organization","name":"Darka Maz\u00ee","url":"https:\/\/darkamazi.info\/","logo":{"@type":"ImageObject","inLanguage":"en-US","@id":"https:\/\/darkamazi.info\/#\/schema\/logo\/image\/","url":"https:\/\/darkamazi.info\/file\/2017\/12\/darka-mazi-logo.png","contentUrl":"https:\/\/darkamazi.info\/file\/2017\/12\/darka-mazi-logo.png","width":151,"height":75,"caption":"Darka Maz\u00ee"},"image":{"@id":"https:\/\/darkamazi.info\/#\/schema\/logo\/image\/"},"sameAs":["https:\/\/www.facebook.com\/DarMaziKurmanci","https:\/\/x.com\/DarkaMaziLatini","https:\/\/www.instagram.com\/darkamazi.kurmanci\/","https:\/\/www.youtube.com\/channel\/UCa5HkTdmI8U1qCUFuTw8B2g"]},{"@type":"Person","@id":"https:\/\/darkamazi.info\/#\/schema\/person\/5ad3e24553a0567993fa8ed4bd0a776c","name":"darka mazi","sameAs":["https:\/\/darkamazi.info\/"],"url":"https:\/\/darkamazi.info\/archives\/author\/kurdi"}]}},"_links":{"self":[{"href":"https:\/\/darkamazi.info\/funavuv\/wp\/v2\/posts\/1034625","targetHints":{"allow":["GET"]}}],"collection":[{"href":"https:\/\/darkamazi.info\/funavuv\/wp\/v2\/posts"}],"about":[{"href":"https:\/\/darkamazi.info\/funavuv\/wp\/v2\/types\/post"}],"author":[{"embeddable":true,"href":"https:\/\/darkamazi.info\/funavuv\/wp\/v2\/users\/2"}],"replies":[{"embeddable":true,"href":"https:\/\/darkamazi.info\/funavuv\/wp\/v2\/comments?post=1034625"}],"version-history":[{"count":0,"href":"https:\/\/darkamazi.info\/funavuv\/wp\/v2\/posts\/1034625\/revisions"}],"wp:featuredmedia":[{"embeddable":true,"href":"https:\/\/darkamazi.info\/funavuv\/wp\/v2\/media\/1034626"}],"wp:attachment":[{"href":"https:\/\/darkamazi.info\/funavuv\/wp\/v2\/media?parent=1034625"}],"wp:term":[{"taxonomy":"category","embeddable":true,"href":"https:\/\/darkamazi.info\/funavuv\/wp\/v2\/categories?post=1034625"},{"taxonomy":"post_tag","embeddable":true,"href":"https:\/\/darkamazi.info\/funavuv\/wp\/v2\/tags?post=1034625"}],"curies":[{"name":"wp","href":"https:\/\/api.w.org\/{rel}","templated":true}]}}