{"id":1034644,"date":"2023-01-11T18:18:06","date_gmt":"2023-01-11T15:18:06","guid":{"rendered":"https:\/\/darkamazi.info\/?p=1034644"},"modified":"2023-01-11T18:18:06","modified_gmt":"2023-01-11T15:18:06","slug":"seroke-gisti-ye-hak-pare-duzgun-kaplan-li-amede-seredana-pake-kir","status":"publish","type":"post","link":"https:\/\/darkamazi.info\/archives\/1034644","title":{"rendered":"Serok\u00ea Gi\u015ft\u00ee y\u00ea HAK-PAR\u00ea Duzgun Kaplan Li Amed\u00ea Seredana PAK\u00ea Kir"},"content":{"rendered":"<h3 style=\"text-align: justify\"><span style=\"font-family: 'arial black', sans-serif\">Serok\u00ea Gi\u015ft\u00ee y\u00ea HAK-PAR\u00ea(Part\u00eeya Maf \u00fb Azad\u00eeyan) Duzgun Kaplan, li gel C\u00eehgir\u00ean Serok\u00ea Gi\u015ft\u00ee y\u00ea HAK-PAR\u00ea Ar\u00eef Sev\u00een\u00e7 \u00fb Dav\u00fbt B\u00eel\u00eenm\u00ee\u015f, endam\u00ea Lijneya Serokat\u00eey\u00ea Mahs\u00fbm \u00c7eleb\u00ee, endam\u00ea Mecl\u00eesa Part\u00eey\u00ea Mustafa Ayta\u00e7, roja 11.01.2023y\u00ea li Amed\u00ea seredana PAK\u00ea (Part\u00eeya Azad\u00eeya Kurdistan\u00ea) kirin.<\/span><\/h3>\n<h3 style=\"text-align: justify\">C\u00eehgir\u00ean Serok\u00ea Gi\u015ft\u00ee y\u00ea PAK\u00ea Vah\u00eet Aba \u00fb N\u00fbr\u00fbllah T\u00eem\u00fbr, Berdevk\u00ea PAK\u00ea Han\u00eef\u00ee T\u00fbran, endam\u00ea Mecl\u00eesa Part\u00eey\u00ea ya PAK\u00ea \u015eer\u00eef Karak\u00fbrt p\u00ea\u015fewaz\u00eeya heyeta HAK-PAR\u00ea kirin.<\/h3>\n<h3 style=\"text-align: justify\">Di hevd\u00eetin\u00ea da heyet\u00ean PAK \u00fb HAK-PAR\u00ea gir\u00eeng\u00eeya peywend\u00eey\u00ean herdu part\u00eeyan an\u00een ziman \u00fb li ser rew\u015fa Kurdistan\u00ea \u00fb Tirk\u00eeyey\u00ea, li ser peywend\u00eey\u00ean di navbera h\u00eaz\u00ean netewey\u00ee da b\u00eer \u00fb ray\u00ean xwe bi hevdu ra parve kirin.<\/h3>\n<h3 style=\"text-align: justify\">Herweha HAK-PAR\u00ea ji bo nirxandina hilbijartin\u00ean ku di 18\u00ea Hez\u00eerana 2023y\u00ea da d\u00ea li dar bikevin, bang\u00ee civ\u00eeneke hevbe\u015f li PAK\u00ea \u00fb hinek part\u00ee \u00fb tevger\u00ean kurdan kir.<\/h3>\n","protected":false},"excerpt":{"rendered":"<p>Serok\u00ea Gi\u015ft\u00ee y\u00ea HAK-PAR\u00ea(Part\u00eeya Maf \u00fb Azad\u00eeyan) Duzgun Kaplan, li gel C\u00eehgir\u00ean Serok\u00ea Gi\u015ft\u00ee y\u00ea HAK-PAR\u00ea Ar\u00eef Sev\u00een\u00e7 \u00fb Dav\u00fbt B\u00eel\u00eenm\u00ee\u015f, endam\u00ea Lijneya Serokat\u00eey\u00ea Mahs\u00fbm \u00c7eleb\u00ee, endam\u00ea Mecl\u00eesa Part\u00eey\u00ea Mustafa Ayta\u00e7, roja 11.01.2023y\u00ea li Amed\u00ea seredana PAK\u00ea (Part\u00eeya Azad\u00eeya Kurdistan\u00ea) kirin. C\u00eehgir\u00ean Serok\u00ea Gi\u015ft\u00ee y\u00ea PAK\u00ea Vah\u00eet Aba \u00fb N\u00fbr\u00fbllah T\u00eem\u00fbr, Berdevk\u00ea PAK\u00ea Han\u00eef\u00ee T\u00fbran, [&hellip;]<\/p>\n","protected":false},"author":2,"featured_media":1034645,"comment_status":"closed","ping_status":"closed","sticky":false,"template":"","format":"standard","meta":{"footnotes":""},"categories":[29],"tags":[37],"class_list":["post-1034644","post","type-post","status-publish","format-standard","has-post-thumbnail","hentry","category-kurdistan","tag-sereke"],"blocksy_meta":[],"seo_head":"<!-- This site is optimized with the Yoast SEO plugin v27.5 - https:\/\/yoast.com\/product\/yoast-seo-wordpress\/ -->\n<title>Serok\u00ea Gi\u015ft\u00ee y\u00ea HAK-PAR\u00ea Duzgun Kaplan Li Amed\u00ea Seredana PAK\u00ea Kir - Darka Maz\u00ee<\/title>\n<meta name=\"robots\" content=\"index, follow, max-snippet:-1, max-image-preview:large, max-video-preview:-1\" \/>\n<link rel=\"canonical\" href=\"https:\/\/darkamazi.info\/archives\/1034644\" \/>\n<meta property=\"og:locale\" content=\"en_US\" \/>\n<meta property=\"og:type\" content=\"article\" \/>\n<meta property=\"og:title\" content=\"Serok\u00ea Gi\u015ft\u00ee y\u00ea HAK-PAR\u00ea Duzgun Kaplan Li Amed\u00ea Seredana PAK\u00ea Kir - Darka Maz\u00ee\" \/>\n<meta property=\"og:description\" content=\"Serok\u00ea Gi\u015ft\u00ee y\u00ea HAK-PAR\u00ea(Part\u00eeya Maf \u00fb Azad\u00eeyan) Duzgun Kaplan, li gel C\u00eehgir\u00ean Serok\u00ea Gi\u015ft\u00ee y\u00ea HAK-PAR\u00ea Ar\u00eef Sev\u00een\u00e7 \u00fb Dav\u00fbt B\u00eel\u00eenm\u00ee\u015f, endam\u00ea Lijneya Serokat\u00eey\u00ea Mahs\u00fbm \u00c7eleb\u00ee, endam\u00ea Mecl\u00eesa Part\u00eey\u00ea Mustafa Ayta\u00e7, roja 11.01.2023y\u00ea li Amed\u00ea seredana PAK\u00ea (Part\u00eeya Azad\u00eeya Kurdistan\u00ea) kirin. C\u00eehgir\u00ean Serok\u00ea Gi\u015ft\u00ee y\u00ea PAK\u00ea Vah\u00eet Aba \u00fb N\u00fbr\u00fbllah T\u00eem\u00fbr, Berdevk\u00ea PAK\u00ea Han\u00eef\u00ee T\u00fbran, [&hellip;]\" \/>\n<meta property=\"og:url\" content=\"https:\/\/darkamazi.info\/archives\/1034644\" \/>\n<meta property=\"og:site_name\" content=\"Darka Maz\u00ee\" \/>\n<meta property=\"article:publisher\" content=\"https:\/\/www.facebook.com\/DarMaziKurmanci\" \/>\n<meta property=\"article:published_time\" content=\"2023-01-11T15:18:06+00:00\" \/>\n<meta property=\"og:image\" content=\"https:\/\/darkamazi.info\/file\/2023\/01\/pak-hak-par.jpg\" \/>\n\t<meta property=\"og:image:width\" content=\"900\" \/>\n\t<meta property=\"og:image:height\" content=\"497\" \/>\n\t<meta property=\"og:image:type\" content=\"image\/jpeg\" \/>\n<meta name=\"author\" content=\"darka mazi\" \/>\n<meta name=\"twitter:card\" content=\"summary_large_image\" \/>\n<meta name=\"twitter:creator\" content=\"@DarkaMaziLatini\" \/>\n<meta name=\"twitter:site\" content=\"@DarkaMaziLatini\" \/>\n<meta name=\"twitter:label1\" content=\"Written by\" \/>\n\t<meta name=\"twitter:data1\" content=\"darka mazi\" \/>\n\t<meta name=\"twitter:label2\" content=\"Est. reading time\" \/>\n\t<meta name=\"twitter:data2\" content=\"1 minute\" \/>\n<script type=\"application\/ld+json\" class=\"seo-schema-graph\">{\"@context\":\"https:\\\/\\\/schema.org\",\"@graph\":[{\"@type\":\"Article\",\"@id\":\"https:\\\/\\\/darkamazi.info\\\/archives\\\/1034644#article\",\"isPartOf\":{\"@id\":\"https:\\\/\\\/darkamazi.info\\\/archives\\\/1034644\"},\"author\":{\"name\":\"darka mazi\",\"@id\":\"https:\\\/\\\/darkamazi.info\\\/#\\\/schema\\\/person\\\/5ad3e24553a0567993fa8ed4bd0a776c\"},\"headline\":\"Serok\u00ea Gi\u015ft\u00ee y\u00ea HAK-PAR\u00ea Duzgun Kaplan Li Amed\u00ea Seredana PAK\u00ea Kir\",\"datePublished\":\"2023-01-11T15:18:06+00:00\",\"mainEntityOfPage\":{\"@id\":\"https:\\\/\\\/darkamazi.info\\\/archives\\\/1034644\"},\"wordCount\":187,\"publisher\":{\"@id\":\"https:\\\/\\\/darkamazi.info\\\/#organization\"},\"image\":{\"@id\":\"https:\\\/\\\/darkamazi.info\\\/archives\\\/1034644#primaryimage\"},\"thumbnailUrl\":\"https:\\\/\\\/darkamazi.info\\\/darka-content\\\/uploads\\\/2023\\\/01\\\/pak-hak-par.jpg\",\"keywords\":[\"sereke\"],\"articleSection\":[\"Kurdistan\"],\"inLanguage\":\"en-US\"},{\"@type\":\"WebPage\",\"@id\":\"https:\\\/\\\/darkamazi.info\\\/archives\\\/1034644\",\"url\":\"https:\\\/\\\/darkamazi.info\\\/archives\\\/1034644\",\"name\":\"Serok\u00ea Gi\u015ft\u00ee y\u00ea HAK-PAR\u00ea Duzgun Kaplan Li Amed\u00ea Seredana PAK\u00ea Kir - Darka Maz\u00ee\",\"isPartOf\":{\"@id\":\"https:\\\/\\\/darkamazi.info\\\/#website\"},\"primaryImageOfPage\":{\"@id\":\"https:\\\/\\\/darkamazi.info\\\/archives\\\/1034644#primaryimage\"},\"image\":{\"@id\":\"https:\\\/\\\/darkamazi.info\\\/archives\\\/1034644#primaryimage\"},\"thumbnailUrl\":\"https:\\\/\\\/darkamazi.info\\\/darka-content\\\/uploads\\\/2023\\\/01\\\/pak-hak-par.jpg\",\"datePublished\":\"2023-01-11T15:18:06+00:00\",\"breadcrumb\":{\"@id\":\"https:\\\/\\\/darkamazi.info\\\/archives\\\/1034644#breadcrumb\"},\"inLanguage\":\"en-US\",\"potentialAction\":[{\"@type\":\"ReadAction\",\"target\":[\"https:\\\/\\\/darkamazi.info\\\/archives\\\/1034644\"]}]},{\"@type\":\"ImageObject\",\"inLanguage\":\"en-US\",\"@id\":\"https:\\\/\\\/darkamazi.info\\\/archives\\\/1034644#primaryimage\",\"url\":\"https:\\\/\\\/darkamazi.info\\\/darka-content\\\/uploads\\\/2023\\\/01\\\/pak-hak-par.jpg\",\"contentUrl\":\"https:\\\/\\\/darkamazi.info\\\/darka-content\\\/uploads\\\/2023\\\/01\\\/pak-hak-par.jpg\",\"width\":900,\"height\":497,\"caption\":\"Serok\u00ea Gi\u015ft\u00ee y\u00ea HAK-PAR\u00ea Duzgun Kaplan Li Amed\u00ea Seredana PAK\u00ea Kir\"},{\"@type\":\"BreadcrumbList\",\"@id\":\"https:\\\/\\\/darkamazi.info\\\/archives\\\/1034644#breadcrumb\",\"itemListElement\":[{\"@type\":\"ListItem\",\"position\":1,\"name\":\"Home\",\"item\":\"https:\\\/\\\/darkamazi.info\\\/\"},{\"@type\":\"ListItem\",\"position\":2,\"name\":\"Serok\u00ea Gi\u015ft\u00ee y\u00ea HAK-PAR\u00ea Duzgun Kaplan Li Amed\u00ea Seredana PAK\u00ea Kir\"}]},{\"@type\":\"WebSite\",\"@id\":\"https:\\\/\\\/darkamazi.info\\\/#website\",\"url\":\"https:\\\/\\\/darkamazi.info\\\/\",\"name\":\"Darka Maz\u00ee\",\"description\":\"P\u00eageha Zanyariy\u00ean Nebih\u00eest\u00ee\",\"publisher\":{\"@id\":\"https:\\\/\\\/darkamazi.info\\\/#organization\"},\"potentialAction\":[{\"@type\":\"SearchAction\",\"target\":{\"@type\":\"EntryPoint\",\"urlTemplate\":\"https:\\\/\\\/darkamazi.info\\\/?s={search_term_string}\"},\"query-input\":{\"@type\":\"PropertyValueSpecification\",\"valueRequired\":true,\"valueName\":\"search_term_string\"}}],\"inLanguage\":\"en-US\"},{\"@type\":\"Organization\",\"@id\":\"https:\\\/\\\/darkamazi.info\\\/#organization\",\"name\":\"Darka Maz\u00ee\",\"url\":\"https:\\\/\\\/darkamazi.info\\\/\",\"logo\":{\"@type\":\"ImageObject\",\"inLanguage\":\"en-US\",\"@id\":\"https:\\\/\\\/darkamazi.info\\\/#\\\/schema\\\/logo\\\/image\\\/\",\"url\":\"https:\\\/\\\/darkamazi.info\\\/darka-content\\\/uploads\\\/2017\\\/12\\\/darka-mazi-logo.png\",\"contentUrl\":\"https:\\\/\\\/darkamazi.info\\\/darka-content\\\/uploads\\\/2017\\\/12\\\/darka-mazi-logo.png\",\"width\":151,\"height\":75,\"caption\":\"Darka Maz\u00ee\"},\"image\":{\"@id\":\"https:\\\/\\\/darkamazi.info\\\/#\\\/schema\\\/logo\\\/image\\\/\"},\"sameAs\":[\"https:\\\/\\\/www.facebook.com\\\/DarMaziKurmanci\",\"https:\\\/\\\/x.com\\\/DarkaMaziLatini\",\"https:\\\/\\\/www.instagram.com\\\/darkamazi.kurmanci\\\/\",\"https:\\\/\\\/www.youtube.com\\\/channel\\\/UCa5HkTdmI8U1qCUFuTw8B2g\"]},{\"@type\":\"Person\",\"@id\":\"https:\\\/\\\/darkamazi.info\\\/#\\\/schema\\\/person\\\/5ad3e24553a0567993fa8ed4bd0a776c\",\"name\":\"darka mazi\",\"sameAs\":[\"https:\\\/\\\/darkamazi.info\\\/\"],\"url\":\"https:\\\/\\\/darkamazi.info\\\/archives\\\/author\\\/kurdi\"}]}<\/script>\n<!-- \/ Yoast SEO plugin. -->","seo_head_json":{"title":"Serok\u00ea Gi\u015ft\u00ee y\u00ea HAK-PAR\u00ea Duzgun Kaplan Li Amed\u00ea Seredana PAK\u00ea Kir - Darka Maz\u00ee","robots":{"index":"index","follow":"follow","max-snippet":"max-snippet:-1","max-image-preview":"max-image-preview:large","max-video-preview":"max-video-preview:-1"},"canonical":"https:\/\/darkamazi.info\/archives\/1034644","og_locale":"en_US","og_type":"article","og_title":"Serok\u00ea Gi\u015ft\u00ee y\u00ea HAK-PAR\u00ea Duzgun Kaplan Li Amed\u00ea Seredana PAK\u00ea Kir - Darka Maz\u00ee","og_description":"Serok\u00ea Gi\u015ft\u00ee y\u00ea HAK-PAR\u00ea(Part\u00eeya Maf \u00fb Azad\u00eeyan) Duzgun Kaplan, li gel C\u00eehgir\u00ean Serok\u00ea Gi\u015ft\u00ee y\u00ea HAK-PAR\u00ea Ar\u00eef Sev\u00een\u00e7 \u00fb Dav\u00fbt B\u00eel\u00eenm\u00ee\u015f, endam\u00ea Lijneya Serokat\u00eey\u00ea Mahs\u00fbm \u00c7eleb\u00ee, endam\u00ea Mecl\u00eesa Part\u00eey\u00ea Mustafa Ayta\u00e7, roja 11.01.2023y\u00ea li Amed\u00ea seredana PAK\u00ea (Part\u00eeya Azad\u00eeya Kurdistan\u00ea) kirin. C\u00eehgir\u00ean Serok\u00ea Gi\u015ft\u00ee y\u00ea PAK\u00ea Vah\u00eet Aba \u00fb N\u00fbr\u00fbllah T\u00eem\u00fbr, Berdevk\u00ea PAK\u00ea Han\u00eef\u00ee T\u00fbran, [&hellip;]","og_url":"https:\/\/darkamazi.info\/archives\/1034644","og_site_name":"Darka Maz\u00ee","article_publisher":"https:\/\/www.facebook.com\/DarMaziKurmanci","article_published_time":"2023-01-11T15:18:06+00:00","og_image":[{"width":900,"height":497,"url":"https:\/\/darkamazi.info\/file\/2023\/01\/pak-hak-par.jpg","type":"image\/jpeg"}],"author":"darka mazi","twitter_card":"summary_large_image","twitter_creator":"@DarkaMaziLatini","twitter_site":"@DarkaMaziLatini","twitter_misc":{"Written by":"darka mazi","Est. reading time":"1 minute"},"schema":{"@context":"https:\/\/schema.org","@graph":[{"@type":"Article","@id":"https:\/\/darkamazi.info\/archives\/1034644#article","isPartOf":{"@id":"https:\/\/darkamazi.info\/archives\/1034644"},"author":{"name":"darka mazi","@id":"https:\/\/darkamazi.info\/#\/schema\/person\/5ad3e24553a0567993fa8ed4bd0a776c"},"headline":"Serok\u00ea Gi\u015ft\u00ee y\u00ea HAK-PAR\u00ea Duzgun Kaplan Li Amed\u00ea Seredana PAK\u00ea Kir","datePublished":"2023-01-11T15:18:06+00:00","mainEntityOfPage":{"@id":"https:\/\/darkamazi.info\/archives\/1034644"},"wordCount":187,"publisher":{"@id":"https:\/\/darkamazi.info\/#organization"},"image":{"@id":"https:\/\/darkamazi.info\/archives\/1034644#primaryimage"},"thumbnailUrl":"https:\/\/darkamazi.info\/file\/2023\/01\/pak-hak-par.jpg","keywords":["sereke"],"articleSection":["Kurdistan"],"inLanguage":"en-US"},{"@type":"WebPage","@id":"https:\/\/darkamazi.info\/archives\/1034644","url":"https:\/\/darkamazi.info\/archives\/1034644","name":"Serok\u00ea Gi\u015ft\u00ee y\u00ea HAK-PAR\u00ea Duzgun Kaplan Li Amed\u00ea Seredana PAK\u00ea Kir - Darka Maz\u00ee","isPartOf":{"@id":"https:\/\/darkamazi.info\/#website"},"primaryImageOfPage":{"@id":"https:\/\/darkamazi.info\/archives\/1034644#primaryimage"},"image":{"@id":"https:\/\/darkamazi.info\/archives\/1034644#primaryimage"},"thumbnailUrl":"https:\/\/darkamazi.info\/file\/2023\/01\/pak-hak-par.jpg","datePublished":"2023-01-11T15:18:06+00:00","breadcrumb":{"@id":"https:\/\/darkamazi.info\/archives\/1034644#breadcrumb"},"inLanguage":"en-US","potentialAction":[{"@type":"ReadAction","target":["https:\/\/darkamazi.info\/archives\/1034644"]}]},{"@type":"ImageObject","inLanguage":"en-US","@id":"https:\/\/darkamazi.info\/archives\/1034644#primaryimage","url":"https:\/\/darkamazi.info\/file\/2023\/01\/pak-hak-par.jpg","contentUrl":"https:\/\/darkamazi.info\/file\/2023\/01\/pak-hak-par.jpg","width":900,"height":497,"caption":"Serok\u00ea Gi\u015ft\u00ee y\u00ea HAK-PAR\u00ea Duzgun Kaplan Li Amed\u00ea Seredana PAK\u00ea Kir"},{"@type":"BreadcrumbList","@id":"https:\/\/darkamazi.info\/archives\/1034644#breadcrumb","itemListElement":[{"@type":"ListItem","position":1,"name":"Home","item":"https:\/\/darkamazi.info\/"},{"@type":"ListItem","position":2,"name":"Serok\u00ea Gi\u015ft\u00ee y\u00ea HAK-PAR\u00ea Duzgun Kaplan Li Amed\u00ea Seredana PAK\u00ea Kir"}]},{"@type":"WebSite","@id":"https:\/\/darkamazi.info\/#website","url":"https:\/\/darkamazi.info\/","name":"Darka Maz\u00ee","description":"P\u00eageha Zanyariy\u00ean Nebih\u00eest\u00ee","publisher":{"@id":"https:\/\/darkamazi.info\/#organization"},"potentialAction":[{"@type":"SearchAction","target":{"@type":"EntryPoint","urlTemplate":"https:\/\/darkamazi.info\/?s={search_term_string}"},"query-input":{"@type":"PropertyValueSpecification","valueRequired":true,"valueName":"search_term_string"}}],"inLanguage":"en-US"},{"@type":"Organization","@id":"https:\/\/darkamazi.info\/#organization","name":"Darka Maz\u00ee","url":"https:\/\/darkamazi.info\/","logo":{"@type":"ImageObject","inLanguage":"en-US","@id":"https:\/\/darkamazi.info\/#\/schema\/logo\/image\/","url":"https:\/\/darkamazi.info\/file\/2017\/12\/darka-mazi-logo.png","contentUrl":"https:\/\/darkamazi.info\/file\/2017\/12\/darka-mazi-logo.png","width":151,"height":75,"caption":"Darka Maz\u00ee"},"image":{"@id":"https:\/\/darkamazi.info\/#\/schema\/logo\/image\/"},"sameAs":["https:\/\/www.facebook.com\/DarMaziKurmanci","https:\/\/x.com\/DarkaMaziLatini","https:\/\/www.instagram.com\/darkamazi.kurmanci\/","https:\/\/www.youtube.com\/channel\/UCa5HkTdmI8U1qCUFuTw8B2g"]},{"@type":"Person","@id":"https:\/\/darkamazi.info\/#\/schema\/person\/5ad3e24553a0567993fa8ed4bd0a776c","name":"darka mazi","sameAs":["https:\/\/darkamazi.info\/"],"url":"https:\/\/darkamazi.info\/archives\/author\/kurdi"}]}},"_links":{"self":[{"href":"https:\/\/darkamazi.info\/funavuv\/wp\/v2\/posts\/1034644","targetHints":{"allow":["GET"]}}],"collection":[{"href":"https:\/\/darkamazi.info\/funavuv\/wp\/v2\/posts"}],"about":[{"href":"https:\/\/darkamazi.info\/funavuv\/wp\/v2\/types\/post"}],"author":[{"embeddable":true,"href":"https:\/\/darkamazi.info\/funavuv\/wp\/v2\/users\/2"}],"replies":[{"embeddable":true,"href":"https:\/\/darkamazi.info\/funavuv\/wp\/v2\/comments?post=1034644"}],"version-history":[{"count":0,"href":"https:\/\/darkamazi.info\/funavuv\/wp\/v2\/posts\/1034644\/revisions"}],"wp:featuredmedia":[{"embeddable":true,"href":"https:\/\/darkamazi.info\/funavuv\/wp\/v2\/media\/1034645"}],"wp:attachment":[{"href":"https:\/\/darkamazi.info\/funavuv\/wp\/v2\/media?parent=1034644"}],"wp:term":[{"taxonomy":"category","embeddable":true,"href":"https:\/\/darkamazi.info\/funavuv\/wp\/v2\/categories?post=1034644"},{"taxonomy":"post_tag","embeddable":true,"href":"https:\/\/darkamazi.info\/funavuv\/wp\/v2\/tags?post=1034644"}],"curies":[{"name":"wp","href":"https:\/\/api.w.org\/{rel}","templated":true}]}}