{"id":1034775,"date":"2023-01-21T10:38:49","date_gmt":"2023-01-21T07:38:49","guid":{"rendered":"https:\/\/darkamazi.info\/?p=1034775"},"modified":"2023-01-21T10:38:49","modified_gmt":"2023-01-21T07:38:49","slug":"stranbejeki-tirk-enqere-paytexta-kurdistane-ye","status":"publish","type":"post","link":"https:\/\/darkamazi.info\/archives\/1034775","title":{"rendered":"Stranb\u00eajek\u00ee Tirk: Enqere paytexta Kurdistan\u00ea ye"},"content":{"rendered":"<h3 style=\"text-align: justify\"><span style=\"font-family: 'arial black', sans-serif\">Stranb\u00eajek\u00ee rap\u00ea y\u00ea Tirk ku ew bi xwe dib\u00eaje ber\u00ea nijadperest b\u00fbye, ji n\u00ear\u00een\u00ean xwe po\u015fman b\u00fbye \u00fb dib\u00eaje: Enqere paytexta Kurdistan\u00ea ye \u00fb div\u00ea pirsa Kurd were \u00e7areserkirin.<\/span><\/h3>\n<h3 style=\"text-align: justify\">Stranb\u00eaj Serkan \u00cepek\u00e7\u00eeoglu ku bi nasnav\u00ea &#8216;Ezhel&#8217; t\u00ea nas\u00een, li odeyeke got\u00fbb\u00eajan a Twitter\u00ea diyar kir: \u201cLi gor min, jixwe paytexta Kurdistan\u00ea Enqere \u00fb Stenbol e. Ez bawer dikim ku bi awayek\u00ee ev pirs d\u00ea \u00e7areser bibe.\u201d<\/h3>\n<h3 style=\"text-align: justify\">Ezhel di odeyeke got\u00fbb\u00eajan a Twitter\u00ea de bal ki\u015fand ser \u00e7areserkirina pirsa Kurd \u00fb got: \u201cEz berevaniya Kurdistan \u00fb gel\u00ea Kurd dikim, l\u00ea li gor min jixwe paytexta Kurdistan\u00ea Enqere \u00fb Stenbol e. Ez bawer dikim ku bi awayek\u00ee ev pirs d\u00ea \u00e7areser bibe.\u201d<\/h3>\n<h3 style=\"text-align: justify\">Serkan \u00cepek\u00e7\u00eeoglu dib\u00eaje: \u201cJixwe R\u00fbm \u00e7\u00fbne, jixwe Ermen \u00e7\u00fbne. Eger Kurd j\u00ee bi\u00e7in \u00ead\u00ee dil\u00ea min li ber v\u00ea yek\u00ea nikare li ber xwe bide. Ez berevaniya Kurdistan \u00fb gel\u00ea Kurd dikim, l\u00ea li gor min jixwe paytexta Kurdistan\u00ea Enqere \u00fb Stenbol e. Ez bawer dikim ku bi awayek\u00ee ev pirs d\u00ea \u00e7areser bibe. Ez j\u00ee ber\u00ea nijadperestek b\u00fbm. Dema du kes di otobus\u00ea de bi hev re bi ziman\u00ea Kurd\u00ee diaxiv\u00een, h\u00ears dib\u00fbm. Lewra ez wisa hatib\u00fbm h\u00eenkirin. Ez bawer im ku em \u00ea roj\u00ean xwe\u015f bib\u00eenin.\u201d<\/h3>\n","protected":false},"excerpt":{"rendered":"<p>Stranb\u00eajek\u00ee rap\u00ea y\u00ea Tirk ku ew bi xwe dib\u00eaje ber\u00ea nijadperest b\u00fbye, ji n\u00ear\u00een\u00ean xwe po\u015fman b\u00fbye \u00fb dib\u00eaje: Enqere paytexta Kurdistan\u00ea ye \u00fb div\u00ea pirsa Kurd were \u00e7areserkirin. Stranb\u00eaj Serkan \u00cepek\u00e7\u00eeoglu ku bi nasnav\u00ea &#8216;Ezhel&#8217; t\u00ea nas\u00een, li odeyeke got\u00fbb\u00eajan a Twitter\u00ea diyar kir: \u201cLi gor min, jixwe paytexta Kurdistan\u00ea Enqere \u00fb Stenbol e. [&hellip;]<\/p>\n","protected":false},"author":2,"featured_media":1034776,"comment_status":"closed","ping_status":"closed","sticky":false,"template":"","format":"standard","meta":{"footnotes":""},"categories":[29],"tags":[37],"class_list":["post-1034775","post","type-post","status-publish","format-standard","has-post-thumbnail","hentry","category-kurdistan","tag-sereke"],"blocksy_meta":[],"seo_head":"<!-- This site is optimized with the Yoast SEO plugin v27.5 - https:\/\/yoast.com\/product\/yoast-seo-wordpress\/ -->\n<title>Stranb\u00eajek\u00ee Tirk: Enqere paytexta Kurdistan\u00ea ye - Darka Maz\u00ee<\/title>\n<meta name=\"robots\" content=\"index, follow, max-snippet:-1, max-image-preview:large, max-video-preview:-1\" \/>\n<link rel=\"canonical\" href=\"https:\/\/darkamazi.info\/archives\/1034775\" \/>\n<meta property=\"og:locale\" content=\"en_US\" \/>\n<meta property=\"og:type\" content=\"article\" \/>\n<meta property=\"og:title\" content=\"Stranb\u00eajek\u00ee Tirk: Enqere paytexta Kurdistan\u00ea ye - Darka Maz\u00ee\" \/>\n<meta property=\"og:description\" content=\"Stranb\u00eajek\u00ee rap\u00ea y\u00ea Tirk ku ew bi xwe dib\u00eaje ber\u00ea nijadperest b\u00fbye, ji n\u00ear\u00een\u00ean xwe po\u015fman b\u00fbye \u00fb dib\u00eaje: Enqere paytexta Kurdistan\u00ea ye \u00fb div\u00ea pirsa Kurd were \u00e7areserkirin. Stranb\u00eaj Serkan \u00cepek\u00e7\u00eeoglu ku bi nasnav\u00ea &#8216;Ezhel&#8217; t\u00ea nas\u00een, li odeyeke got\u00fbb\u00eajan a Twitter\u00ea diyar kir: \u201cLi gor min, jixwe paytexta Kurdistan\u00ea Enqere \u00fb Stenbol e. [&hellip;]\" \/>\n<meta property=\"og:url\" content=\"https:\/\/darkamazi.info\/archives\/1034775\" \/>\n<meta property=\"og:site_name\" content=\"Darka Maz\u00ee\" \/>\n<meta property=\"article:publisher\" content=\"https:\/\/www.facebook.com\/DarMaziKurmanci\" \/>\n<meta property=\"article:published_time\" content=\"2023-01-21T07:38:49+00:00\" \/>\n<meta property=\"og:image\" content=\"https:\/\/darkamazi.info\/file\/2023\/01\/Serkan-Ipekcioglu.jpg\" \/>\n\t<meta property=\"og:image:width\" content=\"900\" \/>\n\t<meta property=\"og:image:height\" content=\"497\" \/>\n\t<meta property=\"og:image:type\" content=\"image\/jpeg\" \/>\n<meta name=\"author\" content=\"darka mazi\" \/>\n<meta name=\"twitter:card\" content=\"summary_large_image\" \/>\n<meta name=\"twitter:creator\" content=\"@DarkaMaziLatini\" \/>\n<meta name=\"twitter:site\" content=\"@DarkaMaziLatini\" \/>\n<meta name=\"twitter:label1\" content=\"Written by\" \/>\n\t<meta name=\"twitter:data1\" content=\"darka mazi\" \/>\n\t<meta name=\"twitter:label2\" content=\"Est. reading time\" \/>\n\t<meta name=\"twitter:data2\" content=\"1 minute\" \/>\n<script type=\"application\/ld+json\" class=\"seo-schema-graph\">{\"@context\":\"https:\\\/\\\/schema.org\",\"@graph\":[{\"@type\":\"Article\",\"@id\":\"https:\\\/\\\/darkamazi.info\\\/archives\\\/1034775#article\",\"isPartOf\":{\"@id\":\"https:\\\/\\\/darkamazi.info\\\/archives\\\/1034775\"},\"author\":{\"name\":\"darka mazi\",\"@id\":\"https:\\\/\\\/darkamazi.info\\\/#\\\/schema\\\/person\\\/5ad3e24553a0567993fa8ed4bd0a776c\"},\"headline\":\"Stranb\u00eajek\u00ee Tirk: Enqere paytexta Kurdistan\u00ea ye\",\"datePublished\":\"2023-01-21T07:38:49+00:00\",\"mainEntityOfPage\":{\"@id\":\"https:\\\/\\\/darkamazi.info\\\/archives\\\/1034775\"},\"wordCount\":225,\"publisher\":{\"@id\":\"https:\\\/\\\/darkamazi.info\\\/#organization\"},\"image\":{\"@id\":\"https:\\\/\\\/darkamazi.info\\\/archives\\\/1034775#primaryimage\"},\"thumbnailUrl\":\"https:\\\/\\\/darkamazi.info\\\/darka-content\\\/uploads\\\/2023\\\/01\\\/Serkan-Ipekcioglu.jpg\",\"keywords\":[\"sereke\"],\"articleSection\":[\"Kurdistan\"],\"inLanguage\":\"en-US\"},{\"@type\":\"WebPage\",\"@id\":\"https:\\\/\\\/darkamazi.info\\\/archives\\\/1034775\",\"url\":\"https:\\\/\\\/darkamazi.info\\\/archives\\\/1034775\",\"name\":\"Stranb\u00eajek\u00ee Tirk: Enqere paytexta Kurdistan\u00ea ye - Darka Maz\u00ee\",\"isPartOf\":{\"@id\":\"https:\\\/\\\/darkamazi.info\\\/#website\"},\"primaryImageOfPage\":{\"@id\":\"https:\\\/\\\/darkamazi.info\\\/archives\\\/1034775#primaryimage\"},\"image\":{\"@id\":\"https:\\\/\\\/darkamazi.info\\\/archives\\\/1034775#primaryimage\"},\"thumbnailUrl\":\"https:\\\/\\\/darkamazi.info\\\/darka-content\\\/uploads\\\/2023\\\/01\\\/Serkan-Ipekcioglu.jpg\",\"datePublished\":\"2023-01-21T07:38:49+00:00\",\"breadcrumb\":{\"@id\":\"https:\\\/\\\/darkamazi.info\\\/archives\\\/1034775#breadcrumb\"},\"inLanguage\":\"en-US\",\"potentialAction\":[{\"@type\":\"ReadAction\",\"target\":[\"https:\\\/\\\/darkamazi.info\\\/archives\\\/1034775\"]}]},{\"@type\":\"ImageObject\",\"inLanguage\":\"en-US\",\"@id\":\"https:\\\/\\\/darkamazi.info\\\/archives\\\/1034775#primaryimage\",\"url\":\"https:\\\/\\\/darkamazi.info\\\/darka-content\\\/uploads\\\/2023\\\/01\\\/Serkan-Ipekcioglu.jpg\",\"contentUrl\":\"https:\\\/\\\/darkamazi.info\\\/darka-content\\\/uploads\\\/2023\\\/01\\\/Serkan-Ipekcioglu.jpg\",\"width\":900,\"height\":497,\"caption\":\"Stranb\u00eajek\u00ee Tirk: Enqere paytexta Kurdistan\u00ea ye\"},{\"@type\":\"BreadcrumbList\",\"@id\":\"https:\\\/\\\/darkamazi.info\\\/archives\\\/1034775#breadcrumb\",\"itemListElement\":[{\"@type\":\"ListItem\",\"position\":1,\"name\":\"Home\",\"item\":\"https:\\\/\\\/darkamazi.info\\\/\"},{\"@type\":\"ListItem\",\"position\":2,\"name\":\"Stranb\u00eajek\u00ee Tirk: Enqere paytexta Kurdistan\u00ea ye\"}]},{\"@type\":\"WebSite\",\"@id\":\"https:\\\/\\\/darkamazi.info\\\/#website\",\"url\":\"https:\\\/\\\/darkamazi.info\\\/\",\"name\":\"Darka Maz\u00ee\",\"description\":\"P\u00eageha Zanyariy\u00ean Nebih\u00eest\u00ee\",\"publisher\":{\"@id\":\"https:\\\/\\\/darkamazi.info\\\/#organization\"},\"potentialAction\":[{\"@type\":\"SearchAction\",\"target\":{\"@type\":\"EntryPoint\",\"urlTemplate\":\"https:\\\/\\\/darkamazi.info\\\/?s={search_term_string}\"},\"query-input\":{\"@type\":\"PropertyValueSpecification\",\"valueRequired\":true,\"valueName\":\"search_term_string\"}}],\"inLanguage\":\"en-US\"},{\"@type\":\"Organization\",\"@id\":\"https:\\\/\\\/darkamazi.info\\\/#organization\",\"name\":\"Darka Maz\u00ee\",\"url\":\"https:\\\/\\\/darkamazi.info\\\/\",\"logo\":{\"@type\":\"ImageObject\",\"inLanguage\":\"en-US\",\"@id\":\"https:\\\/\\\/darkamazi.info\\\/#\\\/schema\\\/logo\\\/image\\\/\",\"url\":\"https:\\\/\\\/darkamazi.info\\\/darka-content\\\/uploads\\\/2017\\\/12\\\/darka-mazi-logo.png\",\"contentUrl\":\"https:\\\/\\\/darkamazi.info\\\/darka-content\\\/uploads\\\/2017\\\/12\\\/darka-mazi-logo.png\",\"width\":151,\"height\":75,\"caption\":\"Darka Maz\u00ee\"},\"image\":{\"@id\":\"https:\\\/\\\/darkamazi.info\\\/#\\\/schema\\\/logo\\\/image\\\/\"},\"sameAs\":[\"https:\\\/\\\/www.facebook.com\\\/DarMaziKurmanci\",\"https:\\\/\\\/x.com\\\/DarkaMaziLatini\",\"https:\\\/\\\/www.instagram.com\\\/darkamazi.kurmanci\\\/\",\"https:\\\/\\\/www.youtube.com\\\/channel\\\/UCa5HkTdmI8U1qCUFuTw8B2g\"]},{\"@type\":\"Person\",\"@id\":\"https:\\\/\\\/darkamazi.info\\\/#\\\/schema\\\/person\\\/5ad3e24553a0567993fa8ed4bd0a776c\",\"name\":\"darka mazi\",\"sameAs\":[\"https:\\\/\\\/darkamazi.info\\\/\"],\"url\":\"https:\\\/\\\/darkamazi.info\\\/archives\\\/author\\\/kurdi\"}]}<\/script>\n<!-- \/ Yoast SEO plugin. -->","seo_head_json":{"title":"Stranb\u00eajek\u00ee Tirk: Enqere paytexta Kurdistan\u00ea ye - Darka Maz\u00ee","robots":{"index":"index","follow":"follow","max-snippet":"max-snippet:-1","max-image-preview":"max-image-preview:large","max-video-preview":"max-video-preview:-1"},"canonical":"https:\/\/darkamazi.info\/archives\/1034775","og_locale":"en_US","og_type":"article","og_title":"Stranb\u00eajek\u00ee Tirk: Enqere paytexta Kurdistan\u00ea ye - Darka Maz\u00ee","og_description":"Stranb\u00eajek\u00ee rap\u00ea y\u00ea Tirk ku ew bi xwe dib\u00eaje ber\u00ea nijadperest b\u00fbye, ji n\u00ear\u00een\u00ean xwe po\u015fman b\u00fbye \u00fb dib\u00eaje: Enqere paytexta Kurdistan\u00ea ye \u00fb div\u00ea pirsa Kurd were \u00e7areserkirin. Stranb\u00eaj Serkan \u00cepek\u00e7\u00eeoglu ku bi nasnav\u00ea &#8216;Ezhel&#8217; t\u00ea nas\u00een, li odeyeke got\u00fbb\u00eajan a Twitter\u00ea diyar kir: \u201cLi gor min, jixwe paytexta Kurdistan\u00ea Enqere \u00fb Stenbol e. [&hellip;]","og_url":"https:\/\/darkamazi.info\/archives\/1034775","og_site_name":"Darka Maz\u00ee","article_publisher":"https:\/\/www.facebook.com\/DarMaziKurmanci","article_published_time":"2023-01-21T07:38:49+00:00","og_image":[{"width":900,"height":497,"url":"https:\/\/darkamazi.info\/file\/2023\/01\/Serkan-Ipekcioglu.jpg","type":"image\/jpeg"}],"author":"darka mazi","twitter_card":"summary_large_image","twitter_creator":"@DarkaMaziLatini","twitter_site":"@DarkaMaziLatini","twitter_misc":{"Written by":"darka mazi","Est. reading time":"1 minute"},"schema":{"@context":"https:\/\/schema.org","@graph":[{"@type":"Article","@id":"https:\/\/darkamazi.info\/archives\/1034775#article","isPartOf":{"@id":"https:\/\/darkamazi.info\/archives\/1034775"},"author":{"name":"darka mazi","@id":"https:\/\/darkamazi.info\/#\/schema\/person\/5ad3e24553a0567993fa8ed4bd0a776c"},"headline":"Stranb\u00eajek\u00ee Tirk: Enqere paytexta Kurdistan\u00ea ye","datePublished":"2023-01-21T07:38:49+00:00","mainEntityOfPage":{"@id":"https:\/\/darkamazi.info\/archives\/1034775"},"wordCount":225,"publisher":{"@id":"https:\/\/darkamazi.info\/#organization"},"image":{"@id":"https:\/\/darkamazi.info\/archives\/1034775#primaryimage"},"thumbnailUrl":"https:\/\/darkamazi.info\/file\/2023\/01\/Serkan-Ipekcioglu.jpg","keywords":["sereke"],"articleSection":["Kurdistan"],"inLanguage":"en-US"},{"@type":"WebPage","@id":"https:\/\/darkamazi.info\/archives\/1034775","url":"https:\/\/darkamazi.info\/archives\/1034775","name":"Stranb\u00eajek\u00ee Tirk: Enqere paytexta Kurdistan\u00ea ye - Darka Maz\u00ee","isPartOf":{"@id":"https:\/\/darkamazi.info\/#website"},"primaryImageOfPage":{"@id":"https:\/\/darkamazi.info\/archives\/1034775#primaryimage"},"image":{"@id":"https:\/\/darkamazi.info\/archives\/1034775#primaryimage"},"thumbnailUrl":"https:\/\/darkamazi.info\/file\/2023\/01\/Serkan-Ipekcioglu.jpg","datePublished":"2023-01-21T07:38:49+00:00","breadcrumb":{"@id":"https:\/\/darkamazi.info\/archives\/1034775#breadcrumb"},"inLanguage":"en-US","potentialAction":[{"@type":"ReadAction","target":["https:\/\/darkamazi.info\/archives\/1034775"]}]},{"@type":"ImageObject","inLanguage":"en-US","@id":"https:\/\/darkamazi.info\/archives\/1034775#primaryimage","url":"https:\/\/darkamazi.info\/file\/2023\/01\/Serkan-Ipekcioglu.jpg","contentUrl":"https:\/\/darkamazi.info\/file\/2023\/01\/Serkan-Ipekcioglu.jpg","width":900,"height":497,"caption":"Stranb\u00eajek\u00ee Tirk: Enqere paytexta Kurdistan\u00ea ye"},{"@type":"BreadcrumbList","@id":"https:\/\/darkamazi.info\/archives\/1034775#breadcrumb","itemListElement":[{"@type":"ListItem","position":1,"name":"Home","item":"https:\/\/darkamazi.info\/"},{"@type":"ListItem","position":2,"name":"Stranb\u00eajek\u00ee Tirk: Enqere paytexta Kurdistan\u00ea ye"}]},{"@type":"WebSite","@id":"https:\/\/darkamazi.info\/#website","url":"https:\/\/darkamazi.info\/","name":"Darka Maz\u00ee","description":"P\u00eageha Zanyariy\u00ean Nebih\u00eest\u00ee","publisher":{"@id":"https:\/\/darkamazi.info\/#organization"},"potentialAction":[{"@type":"SearchAction","target":{"@type":"EntryPoint","urlTemplate":"https:\/\/darkamazi.info\/?s={search_term_string}"},"query-input":{"@type":"PropertyValueSpecification","valueRequired":true,"valueName":"search_term_string"}}],"inLanguage":"en-US"},{"@type":"Organization","@id":"https:\/\/darkamazi.info\/#organization","name":"Darka Maz\u00ee","url":"https:\/\/darkamazi.info\/","logo":{"@type":"ImageObject","inLanguage":"en-US","@id":"https:\/\/darkamazi.info\/#\/schema\/logo\/image\/","url":"https:\/\/darkamazi.info\/file\/2017\/12\/darka-mazi-logo.png","contentUrl":"https:\/\/darkamazi.info\/file\/2017\/12\/darka-mazi-logo.png","width":151,"height":75,"caption":"Darka Maz\u00ee"},"image":{"@id":"https:\/\/darkamazi.info\/#\/schema\/logo\/image\/"},"sameAs":["https:\/\/www.facebook.com\/DarMaziKurmanci","https:\/\/x.com\/DarkaMaziLatini","https:\/\/www.instagram.com\/darkamazi.kurmanci\/","https:\/\/www.youtube.com\/channel\/UCa5HkTdmI8U1qCUFuTw8B2g"]},{"@type":"Person","@id":"https:\/\/darkamazi.info\/#\/schema\/person\/5ad3e24553a0567993fa8ed4bd0a776c","name":"darka mazi","sameAs":["https:\/\/darkamazi.info\/"],"url":"https:\/\/darkamazi.info\/archives\/author\/kurdi"}]}},"_links":{"self":[{"href":"https:\/\/darkamazi.info\/funavuv\/wp\/v2\/posts\/1034775","targetHints":{"allow":["GET"]}}],"collection":[{"href":"https:\/\/darkamazi.info\/funavuv\/wp\/v2\/posts"}],"about":[{"href":"https:\/\/darkamazi.info\/funavuv\/wp\/v2\/types\/post"}],"author":[{"embeddable":true,"href":"https:\/\/darkamazi.info\/funavuv\/wp\/v2\/users\/2"}],"replies":[{"embeddable":true,"href":"https:\/\/darkamazi.info\/funavuv\/wp\/v2\/comments?post=1034775"}],"version-history":[{"count":0,"href":"https:\/\/darkamazi.info\/funavuv\/wp\/v2\/posts\/1034775\/revisions"}],"wp:featuredmedia":[{"embeddable":true,"href":"https:\/\/darkamazi.info\/funavuv\/wp\/v2\/media\/1034776"}],"wp:attachment":[{"href":"https:\/\/darkamazi.info\/funavuv\/wp\/v2\/media?parent=1034775"}],"wp:term":[{"taxonomy":"category","embeddable":true,"href":"https:\/\/darkamazi.info\/funavuv\/wp\/v2\/categories?post=1034775"},{"taxonomy":"post_tag","embeddable":true,"href":"https:\/\/darkamazi.info\/funavuv\/wp\/v2\/tags?post=1034775"}],"curies":[{"name":"wp","href":"https:\/\/api.w.org\/{rel}","templated":true}]}}