{"id":1034788,"date":"2023-01-22T13:33:51","date_gmt":"2023-01-22T10:33:51","guid":{"rendered":"https:\/\/darkamazi.info\/?p=1034788"},"modified":"2023-01-22T13:33:51","modified_gmt":"2023-01-22T10:33:51","slug":"pkke-ev-du-kecen-kurd-ji-di-tonelen-mirine-de-fetisandin","status":"publish","type":"post","link":"https:\/\/darkamazi.info\/archives\/1034788","title":{"rendered":"PKK\u00ea ev du ke\u00e7\u00ean Kurd j\u00ee di tonel\u00ean mirin\u00ea de fetisandin"},"content":{"rendered":"<h3 style=\"text-align: justify\"><span style=\"font-family: 'arial black', sans-serif\">Nav\u00ea PKK\u00ea ji boy zarok, xort \u00fb q\u00eezik\u00ean Kurdan dih\u00eate wateya mirin\u00ea, ji ber ku \u00e7arn\u00fbsa wan bi v\u00ea r\u00eaxistina Kurdkuj ve yeke, ew \u00e7arn\u00fbs j\u00ee ku\u015ftina muhetem e.<\/span><\/h3>\n<h3 style=\"text-align: justify\"><span style=\"font-family: arial, helvetica, sans-serif\">Weke her roj, PKK\u00ea \u00eero j\u00ee nav\u00ea 6 xort \u00fb q\u00eezk\u00ean Kurd a\u015fkere kir ku piran\u00ee j\u00ee di tonel\u00ean mirin\u00ea de ji h\u00eala dewleta tirk ve hatine fetisandin, du ji wan ji e\u015f\u00eera Goy\u00ee yane bi nav\u00ean \u201cAy\u015fe \u00fb C\u00eehan\u201d.<\/span><\/h3>\n<h3 style=\"text-align: justify\"><span style=\"font-family: arial, helvetica, sans-serif\">Ay\u00ee\u015fe ku xu\u015fka her\u00ee bi\u00e7\u00fbk b\u00fb \u00fb weke di w\u00eaney de di xoye h\u00eajan di temena zarokt\u00eeya xwe de ye, ew li kan\u00fbna sala rab\u00fbr\u00ee 2022an li \u00e7iyay\u00ea C\u00fbd\u00ee ketye ber \u00ear\u00ee\u015fa dewleta Tirk \u00fb jiyana xwe ji dest daye, PKKe dib\u00eaje ew li 2012an tevl\u00ee b\u00fbye, wate h\u00eajan zarok b\u00fb wexta hat\u00eeye revandin.<\/span><\/h3>\n<h3 style=\"text-align: justify\"><span style=\"font-family: arial, helvetica, sans-serif\">Her wiha xu\u015fka w\u00ea ya her\u00ee mezin C\u00eehan j\u00ee li 8 gulana 2021an li gel hevr\u00eay\u00ean xwe, Dyana, J\u00een, R\u00fbbar \u00fb Sarya di y\u00eak ji tonel\u00ean mirin\u00ea de li \u00e7iyay\u00ea Zagros\u00ea jiyana xwe ji dest dan.<\/span><\/h3>\n<h3 style=\"text-align: justify\"><span style=\"font-family: arial, helvetica, sans-serif\">PKKe ew r\u00eaxistine ya ku b\u00fbye kabos \u00fb dojeh ji boy zarok\u00ean Kurdan \u00fb pence\u015f\u00ear ji bo tevaya Kurdistan\u00ea, v\u00ea r\u00eaxistin\u00ea s\u00fbnd xwar\u00ee ye dev ji ku\u015ftina zarok\u00ean Kurdan bernede \u00fb wan di berxwedana xwe ya saxte de feda bike.<\/span><\/h3>\n","protected":false},"excerpt":{"rendered":"<p>Nav\u00ea PKK\u00ea ji boy zarok, xort \u00fb q\u00eezik\u00ean Kurdan dih\u00eate wateya mirin\u00ea, ji ber ku \u00e7arn\u00fbsa wan bi v\u00ea r\u00eaxistina Kurdkuj ve yeke, ew \u00e7arn\u00fbs j\u00ee ku\u015ftina muhetem e. Weke her roj, PKK\u00ea \u00eero j\u00ee nav\u00ea 6 xort \u00fb q\u00eezk\u00ean Kurd a\u015fkere kir ku piran\u00ee j\u00ee di tonel\u00ean mirin\u00ea de ji h\u00eala dewleta tirk ve [&hellip;]<\/p>\n","protected":false},"author":2,"featured_media":1034789,"comment_status":"closed","ping_status":"closed","sticky":false,"template":"","format":"standard","meta":{"footnotes":""},"categories":[29],"tags":[37],"class_list":["post-1034788","post","type-post","status-publish","format-standard","has-post-thumbnail","hentry","category-kurdistan","tag-sereke"],"blocksy_meta":[],"seo_head":"<!-- This site is optimized with the Yoast SEO plugin v27.5 - https:\/\/yoast.com\/product\/yoast-seo-wordpress\/ -->\n<title>PKK\u00ea ev du ke\u00e7\u00ean Kurd j\u00ee di tonel\u00ean mirin\u00ea de fetisandin - Darka Maz\u00ee<\/title>\n<meta name=\"robots\" content=\"index, follow, max-snippet:-1, max-image-preview:large, max-video-preview:-1\" \/>\n<link rel=\"canonical\" href=\"https:\/\/darkamazi.info\/archives\/1034788\" \/>\n<meta property=\"og:locale\" content=\"en_US\" \/>\n<meta property=\"og:type\" content=\"article\" \/>\n<meta property=\"og:title\" content=\"PKK\u00ea ev du ke\u00e7\u00ean Kurd j\u00ee di tonel\u00ean mirin\u00ea de fetisandin - Darka Maz\u00ee\" \/>\n<meta property=\"og:description\" content=\"Nav\u00ea PKK\u00ea ji boy zarok, xort \u00fb q\u00eezik\u00ean Kurdan dih\u00eate wateya mirin\u00ea, ji ber ku \u00e7arn\u00fbsa wan bi v\u00ea r\u00eaxistina Kurdkuj ve yeke, ew \u00e7arn\u00fbs j\u00ee ku\u015ftina muhetem e. Weke her roj, PKK\u00ea \u00eero j\u00ee nav\u00ea 6 xort \u00fb q\u00eezk\u00ean Kurd a\u015fkere kir ku piran\u00ee j\u00ee di tonel\u00ean mirin\u00ea de ji h\u00eala dewleta tirk ve [&hellip;]\" \/>\n<meta property=\"og:url\" content=\"https:\/\/darkamazi.info\/archives\/1034788\" \/>\n<meta property=\"og:site_name\" content=\"Darka Maz\u00ee\" \/>\n<meta property=\"article:publisher\" content=\"https:\/\/www.facebook.com\/DarMaziKurmanci\" \/>\n<meta property=\"article:published_time\" content=\"2023-01-22T10:33:51+00:00\" \/>\n<meta property=\"og:image\" content=\"https:\/\/darkamazi.info\/file\/2023\/01\/pkk-zarok-xort-qiz-kck-hpg-kurd-cudi-zagros-kurdistan-turkey-2.jpg\" \/>\n\t<meta property=\"og:image:width\" content=\"900\" \/>\n\t<meta property=\"og:image:height\" content=\"497\" \/>\n\t<meta property=\"og:image:type\" content=\"image\/jpeg\" \/>\n<meta name=\"author\" content=\"darka mazi\" \/>\n<meta name=\"twitter:card\" content=\"summary_large_image\" \/>\n<meta name=\"twitter:creator\" content=\"@DarkaMaziLatini\" \/>\n<meta name=\"twitter:site\" content=\"@DarkaMaziLatini\" \/>\n<meta name=\"twitter:label1\" content=\"Written by\" \/>\n\t<meta name=\"twitter:data1\" content=\"darka mazi\" \/>\n\t<meta name=\"twitter:label2\" content=\"Est. reading time\" \/>\n\t<meta name=\"twitter:data2\" content=\"1 minute\" \/>\n<script type=\"application\/ld+json\" class=\"seo-schema-graph\">{\"@context\":\"https:\\\/\\\/schema.org\",\"@graph\":[{\"@type\":\"Article\",\"@id\":\"https:\\\/\\\/darkamazi.info\\\/archives\\\/1034788#article\",\"isPartOf\":{\"@id\":\"https:\\\/\\\/darkamazi.info\\\/archives\\\/1034788\"},\"author\":{\"name\":\"darka mazi\",\"@id\":\"https:\\\/\\\/darkamazi.info\\\/#\\\/schema\\\/person\\\/5ad3e24553a0567993fa8ed4bd0a776c\"},\"headline\":\"PKK\u00ea ev du ke\u00e7\u00ean Kurd j\u00ee di tonel\u00ean mirin\u00ea de fetisandin\",\"datePublished\":\"2023-01-22T10:33:51+00:00\",\"mainEntityOfPage\":{\"@id\":\"https:\\\/\\\/darkamazi.info\\\/archives\\\/1034788\"},\"wordCount\":247,\"publisher\":{\"@id\":\"https:\\\/\\\/darkamazi.info\\\/#organization\"},\"image\":{\"@id\":\"https:\\\/\\\/darkamazi.info\\\/archives\\\/1034788#primaryimage\"},\"thumbnailUrl\":\"https:\\\/\\\/darkamazi.info\\\/darka-content\\\/uploads\\\/2023\\\/01\\\/pkk-zarok-xort-qiz-kck-hpg-kurd-cudi-zagros-kurdistan-turkey-2.jpg\",\"keywords\":[\"sereke\"],\"articleSection\":[\"Kurdistan\"],\"inLanguage\":\"en-US\"},{\"@type\":\"WebPage\",\"@id\":\"https:\\\/\\\/darkamazi.info\\\/archives\\\/1034788\",\"url\":\"https:\\\/\\\/darkamazi.info\\\/archives\\\/1034788\",\"name\":\"PKK\u00ea ev du ke\u00e7\u00ean Kurd j\u00ee di tonel\u00ean mirin\u00ea de fetisandin - Darka Maz\u00ee\",\"isPartOf\":{\"@id\":\"https:\\\/\\\/darkamazi.info\\\/#website\"},\"primaryImageOfPage\":{\"@id\":\"https:\\\/\\\/darkamazi.info\\\/archives\\\/1034788#primaryimage\"},\"image\":{\"@id\":\"https:\\\/\\\/darkamazi.info\\\/archives\\\/1034788#primaryimage\"},\"thumbnailUrl\":\"https:\\\/\\\/darkamazi.info\\\/darka-content\\\/uploads\\\/2023\\\/01\\\/pkk-zarok-xort-qiz-kck-hpg-kurd-cudi-zagros-kurdistan-turkey-2.jpg\",\"datePublished\":\"2023-01-22T10:33:51+00:00\",\"breadcrumb\":{\"@id\":\"https:\\\/\\\/darkamazi.info\\\/archives\\\/1034788#breadcrumb\"},\"inLanguage\":\"en-US\",\"potentialAction\":[{\"@type\":\"ReadAction\",\"target\":[\"https:\\\/\\\/darkamazi.info\\\/archives\\\/1034788\"]}]},{\"@type\":\"ImageObject\",\"inLanguage\":\"en-US\",\"@id\":\"https:\\\/\\\/darkamazi.info\\\/archives\\\/1034788#primaryimage\",\"url\":\"https:\\\/\\\/darkamazi.info\\\/darka-content\\\/uploads\\\/2023\\\/01\\\/pkk-zarok-xort-qiz-kck-hpg-kurd-cudi-zagros-kurdistan-turkey-2.jpg\",\"contentUrl\":\"https:\\\/\\\/darkamazi.info\\\/darka-content\\\/uploads\\\/2023\\\/01\\\/pkk-zarok-xort-qiz-kck-hpg-kurd-cudi-zagros-kurdistan-turkey-2.jpg\",\"width\":900,\"height\":497,\"caption\":\"pkk-zarok-xort-qiz-kck-hpg-kurd-cudi-zagros-kurdistan-turkey (2)\"},{\"@type\":\"BreadcrumbList\",\"@id\":\"https:\\\/\\\/darkamazi.info\\\/archives\\\/1034788#breadcrumb\",\"itemListElement\":[{\"@type\":\"ListItem\",\"position\":1,\"name\":\"Home\",\"item\":\"https:\\\/\\\/darkamazi.info\\\/\"},{\"@type\":\"ListItem\",\"position\":2,\"name\":\"PKK\u00ea ev du ke\u00e7\u00ean Kurd j\u00ee di tonel\u00ean mirin\u00ea de fetisandin\"}]},{\"@type\":\"WebSite\",\"@id\":\"https:\\\/\\\/darkamazi.info\\\/#website\",\"url\":\"https:\\\/\\\/darkamazi.info\\\/\",\"name\":\"Darka Maz\u00ee\",\"description\":\"P\u00eageha Zanyariy\u00ean Nebih\u00eest\u00ee\",\"publisher\":{\"@id\":\"https:\\\/\\\/darkamazi.info\\\/#organization\"},\"potentialAction\":[{\"@type\":\"SearchAction\",\"target\":{\"@type\":\"EntryPoint\",\"urlTemplate\":\"https:\\\/\\\/darkamazi.info\\\/?s={search_term_string}\"},\"query-input\":{\"@type\":\"PropertyValueSpecification\",\"valueRequired\":true,\"valueName\":\"search_term_string\"}}],\"inLanguage\":\"en-US\"},{\"@type\":\"Organization\",\"@id\":\"https:\\\/\\\/darkamazi.info\\\/#organization\",\"name\":\"Darka Maz\u00ee\",\"url\":\"https:\\\/\\\/darkamazi.info\\\/\",\"logo\":{\"@type\":\"ImageObject\",\"inLanguage\":\"en-US\",\"@id\":\"https:\\\/\\\/darkamazi.info\\\/#\\\/schema\\\/logo\\\/image\\\/\",\"url\":\"https:\\\/\\\/darkamazi.info\\\/darka-content\\\/uploads\\\/2017\\\/12\\\/darka-mazi-logo.png\",\"contentUrl\":\"https:\\\/\\\/darkamazi.info\\\/darka-content\\\/uploads\\\/2017\\\/12\\\/darka-mazi-logo.png\",\"width\":151,\"height\":75,\"caption\":\"Darka Maz\u00ee\"},\"image\":{\"@id\":\"https:\\\/\\\/darkamazi.info\\\/#\\\/schema\\\/logo\\\/image\\\/\"},\"sameAs\":[\"https:\\\/\\\/www.facebook.com\\\/DarMaziKurmanci\",\"https:\\\/\\\/x.com\\\/DarkaMaziLatini\",\"https:\\\/\\\/www.instagram.com\\\/darkamazi.kurmanci\\\/\",\"https:\\\/\\\/www.youtube.com\\\/channel\\\/UCa5HkTdmI8U1qCUFuTw8B2g\"]},{\"@type\":\"Person\",\"@id\":\"https:\\\/\\\/darkamazi.info\\\/#\\\/schema\\\/person\\\/5ad3e24553a0567993fa8ed4bd0a776c\",\"name\":\"darka mazi\",\"sameAs\":[\"https:\\\/\\\/darkamazi.info\\\/\"],\"url\":\"https:\\\/\\\/darkamazi.info\\\/archives\\\/author\\\/kurdi\"}]}<\/script>\n<!-- \/ Yoast SEO plugin. -->","seo_head_json":{"title":"PKK\u00ea ev du ke\u00e7\u00ean Kurd j\u00ee di tonel\u00ean mirin\u00ea de fetisandin - Darka Maz\u00ee","robots":{"index":"index","follow":"follow","max-snippet":"max-snippet:-1","max-image-preview":"max-image-preview:large","max-video-preview":"max-video-preview:-1"},"canonical":"https:\/\/darkamazi.info\/archives\/1034788","og_locale":"en_US","og_type":"article","og_title":"PKK\u00ea ev du ke\u00e7\u00ean Kurd j\u00ee di tonel\u00ean mirin\u00ea de fetisandin - Darka Maz\u00ee","og_description":"Nav\u00ea PKK\u00ea ji boy zarok, xort \u00fb q\u00eezik\u00ean Kurdan dih\u00eate wateya mirin\u00ea, ji ber ku \u00e7arn\u00fbsa wan bi v\u00ea r\u00eaxistina Kurdkuj ve yeke, ew \u00e7arn\u00fbs j\u00ee ku\u015ftina muhetem e. Weke her roj, PKK\u00ea \u00eero j\u00ee nav\u00ea 6 xort \u00fb q\u00eezk\u00ean Kurd a\u015fkere kir ku piran\u00ee j\u00ee di tonel\u00ean mirin\u00ea de ji h\u00eala dewleta tirk ve [&hellip;]","og_url":"https:\/\/darkamazi.info\/archives\/1034788","og_site_name":"Darka Maz\u00ee","article_publisher":"https:\/\/www.facebook.com\/DarMaziKurmanci","article_published_time":"2023-01-22T10:33:51+00:00","og_image":[{"width":900,"height":497,"url":"https:\/\/darkamazi.info\/file\/2023\/01\/pkk-zarok-xort-qiz-kck-hpg-kurd-cudi-zagros-kurdistan-turkey-2.jpg","type":"image\/jpeg"}],"author":"darka mazi","twitter_card":"summary_large_image","twitter_creator":"@DarkaMaziLatini","twitter_site":"@DarkaMaziLatini","twitter_misc":{"Written by":"darka mazi","Est. reading time":"1 minute"},"schema":{"@context":"https:\/\/schema.org","@graph":[{"@type":"Article","@id":"https:\/\/darkamazi.info\/archives\/1034788#article","isPartOf":{"@id":"https:\/\/darkamazi.info\/archives\/1034788"},"author":{"name":"darka mazi","@id":"https:\/\/darkamazi.info\/#\/schema\/person\/5ad3e24553a0567993fa8ed4bd0a776c"},"headline":"PKK\u00ea ev du ke\u00e7\u00ean Kurd j\u00ee di tonel\u00ean mirin\u00ea de fetisandin","datePublished":"2023-01-22T10:33:51+00:00","mainEntityOfPage":{"@id":"https:\/\/darkamazi.info\/archives\/1034788"},"wordCount":247,"publisher":{"@id":"https:\/\/darkamazi.info\/#organization"},"image":{"@id":"https:\/\/darkamazi.info\/archives\/1034788#primaryimage"},"thumbnailUrl":"https:\/\/darkamazi.info\/file\/2023\/01\/pkk-zarok-xort-qiz-kck-hpg-kurd-cudi-zagros-kurdistan-turkey-2.jpg","keywords":["sereke"],"articleSection":["Kurdistan"],"inLanguage":"en-US"},{"@type":"WebPage","@id":"https:\/\/darkamazi.info\/archives\/1034788","url":"https:\/\/darkamazi.info\/archives\/1034788","name":"PKK\u00ea ev du ke\u00e7\u00ean Kurd j\u00ee di tonel\u00ean mirin\u00ea de fetisandin - Darka Maz\u00ee","isPartOf":{"@id":"https:\/\/darkamazi.info\/#website"},"primaryImageOfPage":{"@id":"https:\/\/darkamazi.info\/archives\/1034788#primaryimage"},"image":{"@id":"https:\/\/darkamazi.info\/archives\/1034788#primaryimage"},"thumbnailUrl":"https:\/\/darkamazi.info\/file\/2023\/01\/pkk-zarok-xort-qiz-kck-hpg-kurd-cudi-zagros-kurdistan-turkey-2.jpg","datePublished":"2023-01-22T10:33:51+00:00","breadcrumb":{"@id":"https:\/\/darkamazi.info\/archives\/1034788#breadcrumb"},"inLanguage":"en-US","potentialAction":[{"@type":"ReadAction","target":["https:\/\/darkamazi.info\/archives\/1034788"]}]},{"@type":"ImageObject","inLanguage":"en-US","@id":"https:\/\/darkamazi.info\/archives\/1034788#primaryimage","url":"https:\/\/darkamazi.info\/file\/2023\/01\/pkk-zarok-xort-qiz-kck-hpg-kurd-cudi-zagros-kurdistan-turkey-2.jpg","contentUrl":"https:\/\/darkamazi.info\/file\/2023\/01\/pkk-zarok-xort-qiz-kck-hpg-kurd-cudi-zagros-kurdistan-turkey-2.jpg","width":900,"height":497,"caption":"pkk-zarok-xort-qiz-kck-hpg-kurd-cudi-zagros-kurdistan-turkey (2)"},{"@type":"BreadcrumbList","@id":"https:\/\/darkamazi.info\/archives\/1034788#breadcrumb","itemListElement":[{"@type":"ListItem","position":1,"name":"Home","item":"https:\/\/darkamazi.info\/"},{"@type":"ListItem","position":2,"name":"PKK\u00ea ev du ke\u00e7\u00ean Kurd j\u00ee di tonel\u00ean mirin\u00ea de fetisandin"}]},{"@type":"WebSite","@id":"https:\/\/darkamazi.info\/#website","url":"https:\/\/darkamazi.info\/","name":"Darka Maz\u00ee","description":"P\u00eageha Zanyariy\u00ean Nebih\u00eest\u00ee","publisher":{"@id":"https:\/\/darkamazi.info\/#organization"},"potentialAction":[{"@type":"SearchAction","target":{"@type":"EntryPoint","urlTemplate":"https:\/\/darkamazi.info\/?s={search_term_string}"},"query-input":{"@type":"PropertyValueSpecification","valueRequired":true,"valueName":"search_term_string"}}],"inLanguage":"en-US"},{"@type":"Organization","@id":"https:\/\/darkamazi.info\/#organization","name":"Darka Maz\u00ee","url":"https:\/\/darkamazi.info\/","logo":{"@type":"ImageObject","inLanguage":"en-US","@id":"https:\/\/darkamazi.info\/#\/schema\/logo\/image\/","url":"https:\/\/darkamazi.info\/file\/2017\/12\/darka-mazi-logo.png","contentUrl":"https:\/\/darkamazi.info\/file\/2017\/12\/darka-mazi-logo.png","width":151,"height":75,"caption":"Darka Maz\u00ee"},"image":{"@id":"https:\/\/darkamazi.info\/#\/schema\/logo\/image\/"},"sameAs":["https:\/\/www.facebook.com\/DarMaziKurmanci","https:\/\/x.com\/DarkaMaziLatini","https:\/\/www.instagram.com\/darkamazi.kurmanci\/","https:\/\/www.youtube.com\/channel\/UCa5HkTdmI8U1qCUFuTw8B2g"]},{"@type":"Person","@id":"https:\/\/darkamazi.info\/#\/schema\/person\/5ad3e24553a0567993fa8ed4bd0a776c","name":"darka mazi","sameAs":["https:\/\/darkamazi.info\/"],"url":"https:\/\/darkamazi.info\/archives\/author\/kurdi"}]}},"_links":{"self":[{"href":"https:\/\/darkamazi.info\/funavuv\/wp\/v2\/posts\/1034788","targetHints":{"allow":["GET"]}}],"collection":[{"href":"https:\/\/darkamazi.info\/funavuv\/wp\/v2\/posts"}],"about":[{"href":"https:\/\/darkamazi.info\/funavuv\/wp\/v2\/types\/post"}],"author":[{"embeddable":true,"href":"https:\/\/darkamazi.info\/funavuv\/wp\/v2\/users\/2"}],"replies":[{"embeddable":true,"href":"https:\/\/darkamazi.info\/funavuv\/wp\/v2\/comments?post=1034788"}],"version-history":[{"count":0,"href":"https:\/\/darkamazi.info\/funavuv\/wp\/v2\/posts\/1034788\/revisions"}],"wp:featuredmedia":[{"embeddable":true,"href":"https:\/\/darkamazi.info\/funavuv\/wp\/v2\/media\/1034789"}],"wp:attachment":[{"href":"https:\/\/darkamazi.info\/funavuv\/wp\/v2\/media?parent=1034788"}],"wp:term":[{"taxonomy":"category","embeddable":true,"href":"https:\/\/darkamazi.info\/funavuv\/wp\/v2\/categories?post=1034788"},{"taxonomy":"post_tag","embeddable":true,"href":"https:\/\/darkamazi.info\/funavuv\/wp\/v2\/tags?post=1034788"}],"curies":[{"name":"wp","href":"https:\/\/api.w.org\/{rel}","templated":true}]}}