{"id":1034818,"date":"2023-01-23T23:38:02","date_gmt":"2023-01-23T20:38:02","guid":{"rendered":"https:\/\/darkamazi.info\/?p=1034818"},"modified":"2023-01-23T23:38:02","modified_gmt":"2023-01-23T20:38:02","slug":"pkke-pas-ragihandina-encumena-asayise-ezdiyan-desteser-dike","status":"publish","type":"post","link":"https:\/\/darkamazi.info\/archives\/1034818","title":{"rendered":"PKK\u00ea pa\u015f ragihandina Encumena Asay\u00ee\u015f\u00ea \u00cazd\u00eeyan desteser dike"},"content":{"rendered":"<h3 style=\"text-align: justify\"><span style=\"font-family: 'arial black', sans-serif\">P\u00eelan\u00ean qir\u00eaj \u00fb teror\u00ea y\u00ean Part\u00eeya Karkeran li dij\u00ee Ba\u015f\u00fbr\u00ea Kurdistan\u00ea \u00fb \u015f\u00eeniy\u00ean w\u00ea dewam dikin, her\u00ee daw\u00ee \u00fb pa\u015f \u00eef\u015fa b\u00fbna gr\u00fbpeka teror\u00eest\u00ee a ser bi PKK\u00ea ve ku di xwest teq\u00eenan li kamp\u00ean penaberan \u00ean Dihok\u00ea encam bidin, PKK\u00ea weke tolhildan hejmareke hemwlatiy\u00ean \u00cazd\u00ee desteser kirine.<\/span><\/h3>\n<h3 style=\"text-align: justify\"><span style=\"font-family: arial, helvetica, sans-serif\">Darka Maz\u00ee ji \u00e7avkaniy\u00ean xwe y\u00ean teybet h\u00een b\u00fb ku \u00e7ekdar\u00ean r\u00eaxistina PKK\u00ea li roj\u00ean rab\u00fbr\u00ee hejmareke hemwlatiy\u00ean \u00cazd\u00ee y\u00ean li komelgeha Xanesor\u00ee a gir\u00eaday\u00ee \u015eengal\u00ea desteser kirine, weke tolhildan li himber\u00ee desteser kirina w\u00ea gr\u00fbpa teror\u00eest\u00ee a ser bi r\u00eaxistin\u00ea ve ku di xwest kiryar\u00ean teror\u00eest\u00ee \u00fb teq\u00eenan li kamp\u00ean penaber\u00ean \u00cazd\u00ee y\u00ean li s\u00eenor\u00ea par\u00eazgeha Dihok\u00ea encam bidin.<\/span><\/h3>\n<h3 style=\"text-align: justify\"><span style=\"font-family: arial, helvetica, sans-serif\">Encumena Asay\u00ee\u015fa Her\u00eama Kurdistan\u00ea li roja 18\/1\/2023 daxuyaniyek v\u00eedyoy\u00ee belav kir \u00fb t\u00ea de danp\u00eadan\u00ean gr\u00fbpeke teror\u00eest\u00ee a gir\u00eaday\u00ee PKK\u00ea hatin a\u015fkere kirin ku v\u00ea gr\u00fbp\u00ea \u00e7avd\u00eariya otomb\u00eel\u00ean le\u015fker\u00ee, kesayetiy\u00ean ol\u00ee, civak\u00ee \u00fb siyas\u00ee dikirin bi armanca p\u00eakan\u00eena kiryar\u00ean teror\u00eest\u00ee \u00fb hemwext encamday\u00eena teq\u00eenan li kamp\u00ean (\u015earya, B\u00earsv\u00ea, Kebert\u00fb \u00fb \u015e\u00eaxan) y\u00ean li par\u00eazgeha Dihok\u00ea.<\/span><\/h3>\n<h3 style=\"text-align: justify\"><span style=\"font-family: arial, helvetica, sans-serif\">Pa\u015f belavb\u00fbna v\u00ea daxuyaniya Enc\u00fbmena Asay\u00ee\u015fa Her\u00eama Kurdistan\u00ea, r\u00eaxistina PKK\u00ea p\u00eelan\u00ean tolhlidan\u00ea \u00e7\u00eakirine \u00fb her\u00ee daw\u00ee hejmareke hemwlatiy\u00ean \u00cazd\u00ee y\u00ean li komelgeha Xanesor\u00ea desteser kirine.<\/span><\/h3>\n<h3 style=\"text-align: justify\"><span style=\"font-family: arial, helvetica, sans-serif\">Darka Maz\u00ee h\u00een b\u00fb ku nav\u00ea hinek ji wan \u00cazdiy\u00ean ku ji h\u00eala PKK\u00ea ve hatine desteser kirin wisane:<\/span><\/h3>\n<h3 style=\"text-align: justify\"><span style=\"font-family: arial, helvetica, sans-serif\">Sed, Selah \u00fb her wiha hemwlatiy\u00ea bi nav\u00ea Lazim Ecac.<\/span><\/h3>\n<h3 style=\"text-align: justify\"><span style=\"font-family: arial, helvetica, sans-serif\">H\u00eajay gotin\u00ea ye, r\u00eaxistina PKK\u00ea li meha \u00e7irya duyem\u00een a sala rab\u00fbr\u00ee 2022an j\u00ee senaryoyek \u00e7\u00eakirb\u00fb \u00fb danp\u00eadan\u00ean hinek hemwlatiy\u00ean \u00cazd\u00ee li telefizy\u00fbna xwe a bi nav\u00ea \u00c7ira belav kirin ku li j\u00ear \u00ee\u015fkencey\u00ea ew danp\u00eadan ji wan hemwlatiy\u00ean \u00cazd\u00ee hatb\u00fbn girtin ku wan al\u00eekar\u00eeya saziy\u00ean ewlehiy\u00ea y\u00ean Her\u00eama Kurdistan\u00ea \u00fb \u00eestixbarata dewleta Tirk kirine.<\/span><\/h3>\n<h3 style=\"text-align: justify\"><span style=\"font-family: arial, helvetica, sans-serif\">Kamp\u00ean ku r\u00eaxistina PKK\u00ea di xwest li v\u00ea dawiy\u00ea teq\u00eenan l\u00ea encam bide, heman kampin y\u00ean ku Kurd\u00ean \u00cazd\u00ee l\u00ea dim\u00eenin, y\u00ean ku pi\u015ft\u00ee \u00ear\u00ee\u015fa teror\u00eest\u00ean DAI\u015e\u00ea l\u00ea bic\u00eeh b\u00fbne \u00fb heya roja me ya \u00eero j\u00ee nikar\u00eene ji ber ne aramiya asay\u00ee\u015f\u00ea \u00fb xwesepandina gr\u00fbp\u00ean neyasay\u00ee \u00fb PKK\u00ea li \u015eengal\u00ea vegerin war\u00ean xwe.<\/span><\/h3>\n","protected":false},"excerpt":{"rendered":"<p>P\u00eelan\u00ean qir\u00eaj \u00fb teror\u00ea y\u00ean Part\u00eeya Karkeran li dij\u00ee Ba\u015f\u00fbr\u00ea Kurdistan\u00ea \u00fb \u015f\u00eeniy\u00ean w\u00ea dewam dikin, her\u00ee daw\u00ee \u00fb pa\u015f \u00eef\u015fa b\u00fbna gr\u00fbpeka teror\u00eest\u00ee a ser bi PKK\u00ea ve ku di xwest teq\u00eenan li kamp\u00ean penaberan \u00ean Dihok\u00ea encam bidin, PKK\u00ea weke tolhildan hejmareke hemwlatiy\u00ean \u00cazd\u00ee desteser kirine. Darka Maz\u00ee ji \u00e7avkaniy\u00ean xwe y\u00ean teybet [&hellip;]<\/p>\n","protected":false},"author":2,"featured_media":1034819,"comment_status":"closed","ping_status":"closed","sticky":false,"template":"","format":"standard","meta":{"footnotes":""},"categories":[29],"tags":[37],"class_list":["post-1034818","post","type-post","status-publish","format-standard","has-post-thumbnail","hentry","category-kurdistan","tag-sereke"],"blocksy_meta":[],"seo_head":"<!-- This site is optimized with the Yoast SEO plugin v27.5 - https:\/\/yoast.com\/product\/yoast-seo-wordpress\/ -->\n<title>PKK\u00ea pa\u015f ragihandina Encumena Asay\u00ee\u015f\u00ea \u00cazd\u00eeyan desteser dike - Darka Maz\u00ee<\/title>\n<meta name=\"robots\" content=\"index, follow, max-snippet:-1, max-image-preview:large, max-video-preview:-1\" \/>\n<link rel=\"canonical\" href=\"https:\/\/darkamazi.info\/archives\/1034818\" \/>\n<meta property=\"og:locale\" content=\"en_US\" \/>\n<meta property=\"og:type\" content=\"article\" \/>\n<meta property=\"og:title\" content=\"PKK\u00ea pa\u015f ragihandina Encumena Asay\u00ee\u015f\u00ea \u00cazd\u00eeyan desteser dike - Darka Maz\u00ee\" \/>\n<meta property=\"og:description\" content=\"P\u00eelan\u00ean qir\u00eaj \u00fb teror\u00ea y\u00ean Part\u00eeya Karkeran li dij\u00ee Ba\u015f\u00fbr\u00ea Kurdistan\u00ea \u00fb \u015f\u00eeniy\u00ean w\u00ea dewam dikin, her\u00ee daw\u00ee \u00fb pa\u015f \u00eef\u015fa b\u00fbna gr\u00fbpeka teror\u00eest\u00ee a ser bi PKK\u00ea ve ku di xwest teq\u00eenan li kamp\u00ean penaberan \u00ean Dihok\u00ea encam bidin, PKK\u00ea weke tolhildan hejmareke hemwlatiy\u00ean \u00cazd\u00ee desteser kirine. Darka Maz\u00ee ji \u00e7avkaniy\u00ean xwe y\u00ean teybet [&hellip;]\" \/>\n<meta property=\"og:url\" content=\"https:\/\/darkamazi.info\/archives\/1034818\" \/>\n<meta property=\"og:site_name\" content=\"Darka Maz\u00ee\" \/>\n<meta property=\"article:publisher\" content=\"https:\/\/www.facebook.com\/DarMaziKurmanci\" \/>\n<meta property=\"article:published_time\" content=\"2023-01-23T20:38:02+00:00\" \/>\n<meta property=\"og:image\" content=\"https:\/\/darkamazi.info\/file\/2023\/01\/PKKe-pas-ragihandina-Encumena-Asayise-hemwlatiyen-Ezdi-desteser-dike.jpg\" \/>\n\t<meta property=\"og:image:width\" content=\"900\" \/>\n\t<meta property=\"og:image:height\" content=\"497\" \/>\n\t<meta property=\"og:image:type\" content=\"image\/jpeg\" \/>\n<meta name=\"author\" content=\"darka mazi\" \/>\n<meta name=\"twitter:card\" content=\"summary_large_image\" \/>\n<meta name=\"twitter:creator\" content=\"@DarkaMaziLatini\" \/>\n<meta name=\"twitter:site\" content=\"@DarkaMaziLatini\" \/>\n<meta name=\"twitter:label1\" content=\"Written by\" \/>\n\t<meta name=\"twitter:data1\" content=\"darka mazi\" \/>\n\t<meta name=\"twitter:label2\" content=\"Est. reading time\" \/>\n\t<meta name=\"twitter:data2\" content=\"2 minutes\" \/>\n<script type=\"application\/ld+json\" class=\"seo-schema-graph\">{\"@context\":\"https:\\\/\\\/schema.org\",\"@graph\":[{\"@type\":\"Article\",\"@id\":\"https:\\\/\\\/darkamazi.info\\\/archives\\\/1034818#article\",\"isPartOf\":{\"@id\":\"https:\\\/\\\/darkamazi.info\\\/archives\\\/1034818\"},\"author\":{\"name\":\"darka mazi\",\"@id\":\"https:\\\/\\\/darkamazi.info\\\/#\\\/schema\\\/person\\\/5ad3e24553a0567993fa8ed4bd0a776c\"},\"headline\":\"PKK\u00ea pa\u015f ragihandina Encumena Asay\u00ee\u015f\u00ea \u00cazd\u00eeyan desteser dike\",\"datePublished\":\"2023-01-23T20:38:02+00:00\",\"mainEntityOfPage\":{\"@id\":\"https:\\\/\\\/darkamazi.info\\\/archives\\\/1034818\"},\"wordCount\":425,\"publisher\":{\"@id\":\"https:\\\/\\\/darkamazi.info\\\/#organization\"},\"image\":{\"@id\":\"https:\\\/\\\/darkamazi.info\\\/archives\\\/1034818#primaryimage\"},\"thumbnailUrl\":\"https:\\\/\\\/darkamazi.info\\\/darka-content\\\/uploads\\\/2023\\\/01\\\/PKKe-pas-ragihandina-Encumena-Asayise-hemwlatiyen-Ezdi-desteser-dike.jpg\",\"keywords\":[\"sereke\"],\"articleSection\":[\"Kurdistan\"],\"inLanguage\":\"en-US\"},{\"@type\":\"WebPage\",\"@id\":\"https:\\\/\\\/darkamazi.info\\\/archives\\\/1034818\",\"url\":\"https:\\\/\\\/darkamazi.info\\\/archives\\\/1034818\",\"name\":\"PKK\u00ea pa\u015f ragihandina Encumena Asay\u00ee\u015f\u00ea \u00cazd\u00eeyan desteser dike - Darka Maz\u00ee\",\"isPartOf\":{\"@id\":\"https:\\\/\\\/darkamazi.info\\\/#website\"},\"primaryImageOfPage\":{\"@id\":\"https:\\\/\\\/darkamazi.info\\\/archives\\\/1034818#primaryimage\"},\"image\":{\"@id\":\"https:\\\/\\\/darkamazi.info\\\/archives\\\/1034818#primaryimage\"},\"thumbnailUrl\":\"https:\\\/\\\/darkamazi.info\\\/darka-content\\\/uploads\\\/2023\\\/01\\\/PKKe-pas-ragihandina-Encumena-Asayise-hemwlatiyen-Ezdi-desteser-dike.jpg\",\"datePublished\":\"2023-01-23T20:38:02+00:00\",\"breadcrumb\":{\"@id\":\"https:\\\/\\\/darkamazi.info\\\/archives\\\/1034818#breadcrumb\"},\"inLanguage\":\"en-US\",\"potentialAction\":[{\"@type\":\"ReadAction\",\"target\":[\"https:\\\/\\\/darkamazi.info\\\/archives\\\/1034818\"]}]},{\"@type\":\"ImageObject\",\"inLanguage\":\"en-US\",\"@id\":\"https:\\\/\\\/darkamazi.info\\\/archives\\\/1034818#primaryimage\",\"url\":\"https:\\\/\\\/darkamazi.info\\\/darka-content\\\/uploads\\\/2023\\\/01\\\/PKKe-pas-ragihandina-Encumena-Asayise-hemwlatiyen-Ezdi-desteser-dike.jpg\",\"contentUrl\":\"https:\\\/\\\/darkamazi.info\\\/darka-content\\\/uploads\\\/2023\\\/01\\\/PKKe-pas-ragihandina-Encumena-Asayise-hemwlatiyen-Ezdi-desteser-dike.jpg\",\"width\":900,\"height\":497,\"caption\":\"PKK\u00ea pa\u015f ragihandina Encumena Asay\u00ee\u015f\u00ea hemwlatiy\u00ean \u00cazd\u00ee desteser dike\"},{\"@type\":\"BreadcrumbList\",\"@id\":\"https:\\\/\\\/darkamazi.info\\\/archives\\\/1034818#breadcrumb\",\"itemListElement\":[{\"@type\":\"ListItem\",\"position\":1,\"name\":\"Home\",\"item\":\"https:\\\/\\\/darkamazi.info\\\/\"},{\"@type\":\"ListItem\",\"position\":2,\"name\":\"PKK\u00ea pa\u015f ragihandina Encumena Asay\u00ee\u015f\u00ea \u00cazd\u00eeyan desteser dike\"}]},{\"@type\":\"WebSite\",\"@id\":\"https:\\\/\\\/darkamazi.info\\\/#website\",\"url\":\"https:\\\/\\\/darkamazi.info\\\/\",\"name\":\"Darka Maz\u00ee\",\"description\":\"P\u00eageha Zanyariy\u00ean Nebih\u00eest\u00ee\",\"publisher\":{\"@id\":\"https:\\\/\\\/darkamazi.info\\\/#organization\"},\"potentialAction\":[{\"@type\":\"SearchAction\",\"target\":{\"@type\":\"EntryPoint\",\"urlTemplate\":\"https:\\\/\\\/darkamazi.info\\\/?s={search_term_string}\"},\"query-input\":{\"@type\":\"PropertyValueSpecification\",\"valueRequired\":true,\"valueName\":\"search_term_string\"}}],\"inLanguage\":\"en-US\"},{\"@type\":\"Organization\",\"@id\":\"https:\\\/\\\/darkamazi.info\\\/#organization\",\"name\":\"Darka Maz\u00ee\",\"url\":\"https:\\\/\\\/darkamazi.info\\\/\",\"logo\":{\"@type\":\"ImageObject\",\"inLanguage\":\"en-US\",\"@id\":\"https:\\\/\\\/darkamazi.info\\\/#\\\/schema\\\/logo\\\/image\\\/\",\"url\":\"https:\\\/\\\/darkamazi.info\\\/darka-content\\\/uploads\\\/2017\\\/12\\\/darka-mazi-logo.png\",\"contentUrl\":\"https:\\\/\\\/darkamazi.info\\\/darka-content\\\/uploads\\\/2017\\\/12\\\/darka-mazi-logo.png\",\"width\":151,\"height\":75,\"caption\":\"Darka Maz\u00ee\"},\"image\":{\"@id\":\"https:\\\/\\\/darkamazi.info\\\/#\\\/schema\\\/logo\\\/image\\\/\"},\"sameAs\":[\"https:\\\/\\\/www.facebook.com\\\/DarMaziKurmanci\",\"https:\\\/\\\/x.com\\\/DarkaMaziLatini\",\"https:\\\/\\\/www.instagram.com\\\/darkamazi.kurmanci\\\/\",\"https:\\\/\\\/www.youtube.com\\\/channel\\\/UCa5HkTdmI8U1qCUFuTw8B2g\"]},{\"@type\":\"Person\",\"@id\":\"https:\\\/\\\/darkamazi.info\\\/#\\\/schema\\\/person\\\/5ad3e24553a0567993fa8ed4bd0a776c\",\"name\":\"darka mazi\",\"sameAs\":[\"https:\\\/\\\/darkamazi.info\\\/\"],\"url\":\"https:\\\/\\\/darkamazi.info\\\/archives\\\/author\\\/kurdi\"}]}<\/script>\n<!-- \/ Yoast SEO plugin. -->","seo_head_json":{"title":"PKK\u00ea pa\u015f ragihandina Encumena Asay\u00ee\u015f\u00ea \u00cazd\u00eeyan desteser dike - Darka Maz\u00ee","robots":{"index":"index","follow":"follow","max-snippet":"max-snippet:-1","max-image-preview":"max-image-preview:large","max-video-preview":"max-video-preview:-1"},"canonical":"https:\/\/darkamazi.info\/archives\/1034818","og_locale":"en_US","og_type":"article","og_title":"PKK\u00ea pa\u015f ragihandina Encumena Asay\u00ee\u015f\u00ea \u00cazd\u00eeyan desteser dike - Darka Maz\u00ee","og_description":"P\u00eelan\u00ean qir\u00eaj \u00fb teror\u00ea y\u00ean Part\u00eeya Karkeran li dij\u00ee Ba\u015f\u00fbr\u00ea Kurdistan\u00ea \u00fb \u015f\u00eeniy\u00ean w\u00ea dewam dikin, her\u00ee daw\u00ee \u00fb pa\u015f \u00eef\u015fa b\u00fbna gr\u00fbpeka teror\u00eest\u00ee a ser bi PKK\u00ea ve ku di xwest teq\u00eenan li kamp\u00ean penaberan \u00ean Dihok\u00ea encam bidin, PKK\u00ea weke tolhildan hejmareke hemwlatiy\u00ean \u00cazd\u00ee desteser kirine. Darka Maz\u00ee ji \u00e7avkaniy\u00ean xwe y\u00ean teybet [&hellip;]","og_url":"https:\/\/darkamazi.info\/archives\/1034818","og_site_name":"Darka Maz\u00ee","article_publisher":"https:\/\/www.facebook.com\/DarMaziKurmanci","article_published_time":"2023-01-23T20:38:02+00:00","og_image":[{"width":900,"height":497,"url":"https:\/\/darkamazi.info\/file\/2023\/01\/PKKe-pas-ragihandina-Encumena-Asayise-hemwlatiyen-Ezdi-desteser-dike.jpg","type":"image\/jpeg"}],"author":"darka mazi","twitter_card":"summary_large_image","twitter_creator":"@DarkaMaziLatini","twitter_site":"@DarkaMaziLatini","twitter_misc":{"Written by":"darka mazi","Est. reading time":"2 minutes"},"schema":{"@context":"https:\/\/schema.org","@graph":[{"@type":"Article","@id":"https:\/\/darkamazi.info\/archives\/1034818#article","isPartOf":{"@id":"https:\/\/darkamazi.info\/archives\/1034818"},"author":{"name":"darka mazi","@id":"https:\/\/darkamazi.info\/#\/schema\/person\/5ad3e24553a0567993fa8ed4bd0a776c"},"headline":"PKK\u00ea pa\u015f ragihandina Encumena Asay\u00ee\u015f\u00ea \u00cazd\u00eeyan desteser dike","datePublished":"2023-01-23T20:38:02+00:00","mainEntityOfPage":{"@id":"https:\/\/darkamazi.info\/archives\/1034818"},"wordCount":425,"publisher":{"@id":"https:\/\/darkamazi.info\/#organization"},"image":{"@id":"https:\/\/darkamazi.info\/archives\/1034818#primaryimage"},"thumbnailUrl":"https:\/\/darkamazi.info\/file\/2023\/01\/PKKe-pas-ragihandina-Encumena-Asayise-hemwlatiyen-Ezdi-desteser-dike.jpg","keywords":["sereke"],"articleSection":["Kurdistan"],"inLanguage":"en-US"},{"@type":"WebPage","@id":"https:\/\/darkamazi.info\/archives\/1034818","url":"https:\/\/darkamazi.info\/archives\/1034818","name":"PKK\u00ea pa\u015f ragihandina Encumena Asay\u00ee\u015f\u00ea \u00cazd\u00eeyan desteser dike - Darka Maz\u00ee","isPartOf":{"@id":"https:\/\/darkamazi.info\/#website"},"primaryImageOfPage":{"@id":"https:\/\/darkamazi.info\/archives\/1034818#primaryimage"},"image":{"@id":"https:\/\/darkamazi.info\/archives\/1034818#primaryimage"},"thumbnailUrl":"https:\/\/darkamazi.info\/file\/2023\/01\/PKKe-pas-ragihandina-Encumena-Asayise-hemwlatiyen-Ezdi-desteser-dike.jpg","datePublished":"2023-01-23T20:38:02+00:00","breadcrumb":{"@id":"https:\/\/darkamazi.info\/archives\/1034818#breadcrumb"},"inLanguage":"en-US","potentialAction":[{"@type":"ReadAction","target":["https:\/\/darkamazi.info\/archives\/1034818"]}]},{"@type":"ImageObject","inLanguage":"en-US","@id":"https:\/\/darkamazi.info\/archives\/1034818#primaryimage","url":"https:\/\/darkamazi.info\/file\/2023\/01\/PKKe-pas-ragihandina-Encumena-Asayise-hemwlatiyen-Ezdi-desteser-dike.jpg","contentUrl":"https:\/\/darkamazi.info\/file\/2023\/01\/PKKe-pas-ragihandina-Encumena-Asayise-hemwlatiyen-Ezdi-desteser-dike.jpg","width":900,"height":497,"caption":"PKK\u00ea pa\u015f ragihandina Encumena Asay\u00ee\u015f\u00ea hemwlatiy\u00ean \u00cazd\u00ee desteser dike"},{"@type":"BreadcrumbList","@id":"https:\/\/darkamazi.info\/archives\/1034818#breadcrumb","itemListElement":[{"@type":"ListItem","position":1,"name":"Home","item":"https:\/\/darkamazi.info\/"},{"@type":"ListItem","position":2,"name":"PKK\u00ea pa\u015f ragihandina Encumena Asay\u00ee\u015f\u00ea \u00cazd\u00eeyan desteser dike"}]},{"@type":"WebSite","@id":"https:\/\/darkamazi.info\/#website","url":"https:\/\/darkamazi.info\/","name":"Darka Maz\u00ee","description":"P\u00eageha Zanyariy\u00ean Nebih\u00eest\u00ee","publisher":{"@id":"https:\/\/darkamazi.info\/#organization"},"potentialAction":[{"@type":"SearchAction","target":{"@type":"EntryPoint","urlTemplate":"https:\/\/darkamazi.info\/?s={search_term_string}"},"query-input":{"@type":"PropertyValueSpecification","valueRequired":true,"valueName":"search_term_string"}}],"inLanguage":"en-US"},{"@type":"Organization","@id":"https:\/\/darkamazi.info\/#organization","name":"Darka Maz\u00ee","url":"https:\/\/darkamazi.info\/","logo":{"@type":"ImageObject","inLanguage":"en-US","@id":"https:\/\/darkamazi.info\/#\/schema\/logo\/image\/","url":"https:\/\/darkamazi.info\/file\/2017\/12\/darka-mazi-logo.png","contentUrl":"https:\/\/darkamazi.info\/file\/2017\/12\/darka-mazi-logo.png","width":151,"height":75,"caption":"Darka Maz\u00ee"},"image":{"@id":"https:\/\/darkamazi.info\/#\/schema\/logo\/image\/"},"sameAs":["https:\/\/www.facebook.com\/DarMaziKurmanci","https:\/\/x.com\/DarkaMaziLatini","https:\/\/www.instagram.com\/darkamazi.kurmanci\/","https:\/\/www.youtube.com\/channel\/UCa5HkTdmI8U1qCUFuTw8B2g"]},{"@type":"Person","@id":"https:\/\/darkamazi.info\/#\/schema\/person\/5ad3e24553a0567993fa8ed4bd0a776c","name":"darka mazi","sameAs":["https:\/\/darkamazi.info\/"],"url":"https:\/\/darkamazi.info\/archives\/author\/kurdi"}]}},"_links":{"self":[{"href":"https:\/\/darkamazi.info\/funavuv\/wp\/v2\/posts\/1034818","targetHints":{"allow":["GET"]}}],"collection":[{"href":"https:\/\/darkamazi.info\/funavuv\/wp\/v2\/posts"}],"about":[{"href":"https:\/\/darkamazi.info\/funavuv\/wp\/v2\/types\/post"}],"author":[{"embeddable":true,"href":"https:\/\/darkamazi.info\/funavuv\/wp\/v2\/users\/2"}],"replies":[{"embeddable":true,"href":"https:\/\/darkamazi.info\/funavuv\/wp\/v2\/comments?post=1034818"}],"version-history":[{"count":0,"href":"https:\/\/darkamazi.info\/funavuv\/wp\/v2\/posts\/1034818\/revisions"}],"wp:featuredmedia":[{"embeddable":true,"href":"https:\/\/darkamazi.info\/funavuv\/wp\/v2\/media\/1034819"}],"wp:attachment":[{"href":"https:\/\/darkamazi.info\/funavuv\/wp\/v2\/media?parent=1034818"}],"wp:term":[{"taxonomy":"category","embeddable":true,"href":"https:\/\/darkamazi.info\/funavuv\/wp\/v2\/categories?post=1034818"},{"taxonomy":"post_tag","embeddable":true,"href":"https:\/\/darkamazi.info\/funavuv\/wp\/v2\/tags?post=1034818"}],"curies":[{"name":"wp","href":"https:\/\/api.w.org\/{rel}","templated":true}]}}