{"id":1034856,"date":"2023-01-26T19:36:31","date_gmt":"2023-01-26T16:36:31","guid":{"rendered":"https:\/\/darkamazi.info\/?p=1034856"},"modified":"2023-01-26T19:36:31","modified_gmt":"2023-01-26T16:36:31","slug":"pkke-17-turik-heb-en-metirsidar-derbasi-penciwine-kirin","status":"publish","type":"post","link":"https:\/\/darkamazi.info\/archives\/1034856","title":{"rendered":"PKK\u2019\u00ea 17\u00a0t\u00fbrik heb \u00ean metirs\u00eedar derbas\u00ee P\u00eanciw\u00een\u00ea kirin"},"content":{"rendered":"<h3 style=\"text-align: justify\"><span style=\"font-family: 'arial black', sans-serif\">R\u00eaxistina PKK\u2019\u00ea kar\u00ean xwe y\u00ean dije mirovah\u00ee li Ba\u015f\u00fbr\u00ea Kurdistan\u00ea berdewam dike, her\u00ee daw\u00ee j\u00ee 17 t\u00fbrik heb\u00ean metirs\u00eedar derbas\u00ee bajarok\u00ea P\u00eanciw\u00een\u00ea kirine.<\/span><\/h3>\n<h3 style=\"text-align: justify\">\u00c7avkaniy\u00ean p\u00eageha Darka Maz\u00ee e\u015fkere kirin, \u00e7ekdarek\u00ee PKK\u2019\u00ea y\u00ea bi nav\u00ea &#8220;Mehd\u00ee&#8221; li destp\u00eaka meha 10\/2022an z\u00eadetir\u00ee 17 t\u00fbrik \u00a0\u00ean 50 k\u00eeloy\u00ee \u00ean curek\u00ee heb\u00ean metirs\u00eedar bi al\u00eekariya YRK\u2019\u00ea veguhastine P\u00eanciw\u00een\u00ea.<\/h3>\n<h3 style=\"text-align: justify\">Li gor zanyariy\u00ean taybet y\u00ean p\u00eageha Darka Maz\u00ee, kesk\u00ee bi nav\u00ea Serhildan ku berpirs\u00ea daray\u00ee y\u00ea YRK\u2019\u00ea ye li bajarok\u00ea P\u00eanciw\u00een hevalek\u00ee xwe agahdar kiriye hinek ti\u015ft hene li cem kesek\u00ee bi nav\u00ea &#8220;Mehd\u00ee&#8221; li bajarok\u00ea \u00c7arqurne \u00fb div\u00ea her\u00ee z\u00fb ew ti\u015ft werin veguhastin bo bajarok\u00ea P\u00eanciw\u00een.<\/h3>\n<h3 style=\"text-align: justify\">Li gor agahiy\u00ean Darka Maz\u00ee, li ser daxwaza Serhildan heval\u00ea w\u00ee \u00e7\u00fbye bajarok\u00ea \u00c7arqurne \u00fb ew ti\u015ft &#8220;17 t\u00fbrik heb&#8221; wergirtine \u00fb ji boy bajarok\u00ea P\u00eanciw\u00een\u00ea veguhastine.<\/h3>\n<h3 style=\"text-align: justify\">Zanyariy\u00ean p\u00eageha Darka Maz\u00ee wusa didin xuyakirin ku heb\u00ean hatiye veguhastin ji curey\u00ea Pseudoephedrine b\u00fbne ku ji boy dirustkirina madd\u00ea hi\u015fber ji curey\u00ea &#8220;Kir\u00eestal&#8221; t\u00ea bikar an\u00een.<\/h3>\n","protected":false},"excerpt":{"rendered":"<p>R\u00eaxistina PKK\u2019\u00ea kar\u00ean xwe y\u00ean dije mirovah\u00ee li Ba\u015f\u00fbr\u00ea Kurdistan\u00ea berdewam dike, her\u00ee daw\u00ee j\u00ee 17 t\u00fbrik heb\u00ean metirs\u00eedar derbas\u00ee bajarok\u00ea P\u00eanciw\u00een\u00ea kirine. \u00c7avkaniy\u00ean p\u00eageha Darka Maz\u00ee e\u015fkere kirin, \u00e7ekdarek\u00ee PKK\u2019\u00ea y\u00ea bi nav\u00ea &#8220;Mehd\u00ee&#8221; li destp\u00eaka meha 10\/2022an z\u00eadetir\u00ee 17 t\u00fbrik \u00a0\u00ean 50 k\u00eeloy\u00ee \u00ean curek\u00ee heb\u00ean metirs\u00eedar bi al\u00eekariya YRK\u2019\u00ea veguhastine P\u00eanciw\u00een\u00ea. Li [&hellip;]<\/p>\n","protected":false},"author":2,"featured_media":1034857,"comment_status":"closed","ping_status":"closed","sticky":false,"template":"","format":"standard","meta":{"footnotes":""},"categories":[29],"tags":[37],"class_list":["post-1034856","post","type-post","status-publish","format-standard","has-post-thumbnail","hentry","category-kurdistan","tag-sereke"],"blocksy_meta":[],"seo_head":"<!-- This site is optimized with the Yoast SEO plugin v27.5 - https:\/\/yoast.com\/product\/yoast-seo-wordpress\/ -->\n<title>PKK\u2019\u00ea 17\u00a0t\u00fbrik heb \u00ean metirs\u00eedar derbas\u00ee P\u00eanciw\u00een\u00ea kirin - Darka Maz\u00ee<\/title>\n<meta name=\"robots\" content=\"index, follow, max-snippet:-1, max-image-preview:large, max-video-preview:-1\" \/>\n<link rel=\"canonical\" href=\"https:\/\/darkamazi.info\/archives\/1034856\" \/>\n<meta property=\"og:locale\" content=\"en_US\" \/>\n<meta property=\"og:type\" content=\"article\" \/>\n<meta property=\"og:title\" content=\"PKK\u2019\u00ea 17\u00a0t\u00fbrik heb \u00ean metirs\u00eedar derbas\u00ee P\u00eanciw\u00een\u00ea kirin - Darka Maz\u00ee\" \/>\n<meta property=\"og:description\" content=\"R\u00eaxistina PKK\u2019\u00ea kar\u00ean xwe y\u00ean dije mirovah\u00ee li Ba\u015f\u00fbr\u00ea Kurdistan\u00ea berdewam dike, her\u00ee daw\u00ee j\u00ee 17 t\u00fbrik heb\u00ean metirs\u00eedar derbas\u00ee bajarok\u00ea P\u00eanciw\u00een\u00ea kirine. \u00c7avkaniy\u00ean p\u00eageha Darka Maz\u00ee e\u015fkere kirin, \u00e7ekdarek\u00ee PKK\u2019\u00ea y\u00ea bi nav\u00ea &#8220;Mehd\u00ee&#8221; li destp\u00eaka meha 10\/2022an z\u00eadetir\u00ee 17 t\u00fbrik \u00a0\u00ean 50 k\u00eeloy\u00ee \u00ean curek\u00ee heb\u00ean metirs\u00eedar bi al\u00eekariya YRK\u2019\u00ea veguhastine P\u00eanciw\u00een\u00ea. Li [&hellip;]\" \/>\n<meta property=\"og:url\" content=\"https:\/\/darkamazi.info\/archives\/1034856\" \/>\n<meta property=\"og:site_name\" content=\"Darka Maz\u00ee\" \/>\n<meta property=\"article:publisher\" content=\"https:\/\/www.facebook.com\/DarMaziKurmanci\" \/>\n<meta property=\"article:published_time\" content=\"2023-01-26T16:36:31+00:00\" \/>\n<meta property=\"og:image\" content=\"https:\/\/darkamazi.info\/file\/2023\/01\/\u0645\u0627\u062f\u06d5.jpg\" \/>\n\t<meta property=\"og:image:width\" content=\"900\" \/>\n\t<meta property=\"og:image:height\" content=\"497\" \/>\n\t<meta property=\"og:image:type\" content=\"image\/jpeg\" \/>\n<meta name=\"author\" content=\"darka mazi\" \/>\n<meta name=\"twitter:card\" content=\"summary_large_image\" \/>\n<meta name=\"twitter:creator\" content=\"@DarkaMaziLatini\" \/>\n<meta name=\"twitter:site\" content=\"@DarkaMaziLatini\" \/>\n<meta name=\"twitter:label1\" content=\"Written by\" \/>\n\t<meta name=\"twitter:data1\" content=\"darka mazi\" \/>\n\t<meta name=\"twitter:label2\" content=\"Est. reading time\" \/>\n\t<meta name=\"twitter:data2\" content=\"1 minute\" \/>\n<script type=\"application\/ld+json\" class=\"seo-schema-graph\">{\"@context\":\"https:\\\/\\\/schema.org\",\"@graph\":[{\"@type\":\"Article\",\"@id\":\"https:\\\/\\\/darkamazi.info\\\/archives\\\/1034856#article\",\"isPartOf\":{\"@id\":\"https:\\\/\\\/darkamazi.info\\\/archives\\\/1034856\"},\"author\":{\"name\":\"darka mazi\",\"@id\":\"https:\\\/\\\/darkamazi.info\\\/#\\\/schema\\\/person\\\/5ad3e24553a0567993fa8ed4bd0a776c\"},\"headline\":\"PKK\u2019\u00ea 17\u00a0t\u00fbrik heb \u00ean metirs\u00eedar derbas\u00ee P\u00eanciw\u00een\u00ea kirin\",\"datePublished\":\"2023-01-26T16:36:31+00:00\",\"mainEntityOfPage\":{\"@id\":\"https:\\\/\\\/darkamazi.info\\\/archives\\\/1034856\"},\"wordCount\":203,\"publisher\":{\"@id\":\"https:\\\/\\\/darkamazi.info\\\/#organization\"},\"image\":{\"@id\":\"https:\\\/\\\/darkamazi.info\\\/archives\\\/1034856#primaryimage\"},\"thumbnailUrl\":\"https:\\\/\\\/darkamazi.info\\\/darka-content\\\/uploads\\\/2023\\\/01\\\/\u0645\u0627\u062f\u06d5.jpg\",\"keywords\":[\"sereke\"],\"articleSection\":[\"Kurdistan\"],\"inLanguage\":\"en-US\"},{\"@type\":\"WebPage\",\"@id\":\"https:\\\/\\\/darkamazi.info\\\/archives\\\/1034856\",\"url\":\"https:\\\/\\\/darkamazi.info\\\/archives\\\/1034856\",\"name\":\"PKK\u2019\u00ea 17\u00a0t\u00fbrik heb \u00ean metirs\u00eedar derbas\u00ee P\u00eanciw\u00een\u00ea kirin - Darka Maz\u00ee\",\"isPartOf\":{\"@id\":\"https:\\\/\\\/darkamazi.info\\\/#website\"},\"primaryImageOfPage\":{\"@id\":\"https:\\\/\\\/darkamazi.info\\\/archives\\\/1034856#primaryimage\"},\"image\":{\"@id\":\"https:\\\/\\\/darkamazi.info\\\/archives\\\/1034856#primaryimage\"},\"thumbnailUrl\":\"https:\\\/\\\/darkamazi.info\\\/darka-content\\\/uploads\\\/2023\\\/01\\\/\u0645\u0627\u062f\u06d5.jpg\",\"datePublished\":\"2023-01-26T16:36:31+00:00\",\"breadcrumb\":{\"@id\":\"https:\\\/\\\/darkamazi.info\\\/archives\\\/1034856#breadcrumb\"},\"inLanguage\":\"en-US\",\"potentialAction\":[{\"@type\":\"ReadAction\",\"target\":[\"https:\\\/\\\/darkamazi.info\\\/archives\\\/1034856\"]}]},{\"@type\":\"ImageObject\",\"inLanguage\":\"en-US\",\"@id\":\"https:\\\/\\\/darkamazi.info\\\/archives\\\/1034856#primaryimage\",\"url\":\"https:\\\/\\\/darkamazi.info\\\/darka-content\\\/uploads\\\/2023\\\/01\\\/\u0645\u0627\u062f\u06d5.jpg\",\"contentUrl\":\"https:\\\/\\\/darkamazi.info\\\/darka-content\\\/uploads\\\/2023\\\/01\\\/\u0645\u0627\u062f\u06d5.jpg\",\"width\":900,\"height\":497,\"caption\":\"PKK\u2019\u00ea 17\u00a0t\u00fbrik heb \u00ean metirs\u00eedar derbas\u00ee P\u00eanciw\u00een\u00ea kirin\"},{\"@type\":\"BreadcrumbList\",\"@id\":\"https:\\\/\\\/darkamazi.info\\\/archives\\\/1034856#breadcrumb\",\"itemListElement\":[{\"@type\":\"ListItem\",\"position\":1,\"name\":\"Home\",\"item\":\"https:\\\/\\\/darkamazi.info\\\/\"},{\"@type\":\"ListItem\",\"position\":2,\"name\":\"PKK\u2019\u00ea 17\u00a0t\u00fbrik heb \u00ean metirs\u00eedar derbas\u00ee P\u00eanciw\u00een\u00ea kirin\"}]},{\"@type\":\"WebSite\",\"@id\":\"https:\\\/\\\/darkamazi.info\\\/#website\",\"url\":\"https:\\\/\\\/darkamazi.info\\\/\",\"name\":\"Darka Maz\u00ee\",\"description\":\"P\u00eageha Zanyariy\u00ean Nebih\u00eest\u00ee\",\"publisher\":{\"@id\":\"https:\\\/\\\/darkamazi.info\\\/#organization\"},\"potentialAction\":[{\"@type\":\"SearchAction\",\"target\":{\"@type\":\"EntryPoint\",\"urlTemplate\":\"https:\\\/\\\/darkamazi.info\\\/?s={search_term_string}\"},\"query-input\":{\"@type\":\"PropertyValueSpecification\",\"valueRequired\":true,\"valueName\":\"search_term_string\"}}],\"inLanguage\":\"en-US\"},{\"@type\":\"Organization\",\"@id\":\"https:\\\/\\\/darkamazi.info\\\/#organization\",\"name\":\"Darka Maz\u00ee\",\"url\":\"https:\\\/\\\/darkamazi.info\\\/\",\"logo\":{\"@type\":\"ImageObject\",\"inLanguage\":\"en-US\",\"@id\":\"https:\\\/\\\/darkamazi.info\\\/#\\\/schema\\\/logo\\\/image\\\/\",\"url\":\"https:\\\/\\\/darkamazi.info\\\/darka-content\\\/uploads\\\/2017\\\/12\\\/darka-mazi-logo.png\",\"contentUrl\":\"https:\\\/\\\/darkamazi.info\\\/darka-content\\\/uploads\\\/2017\\\/12\\\/darka-mazi-logo.png\",\"width\":151,\"height\":75,\"caption\":\"Darka Maz\u00ee\"},\"image\":{\"@id\":\"https:\\\/\\\/darkamazi.info\\\/#\\\/schema\\\/logo\\\/image\\\/\"},\"sameAs\":[\"https:\\\/\\\/www.facebook.com\\\/DarMaziKurmanci\",\"https:\\\/\\\/x.com\\\/DarkaMaziLatini\",\"https:\\\/\\\/www.instagram.com\\\/darkamazi.kurmanci\\\/\",\"https:\\\/\\\/www.youtube.com\\\/channel\\\/UCa5HkTdmI8U1qCUFuTw8B2g\"]},{\"@type\":\"Person\",\"@id\":\"https:\\\/\\\/darkamazi.info\\\/#\\\/schema\\\/person\\\/5ad3e24553a0567993fa8ed4bd0a776c\",\"name\":\"darka mazi\",\"sameAs\":[\"https:\\\/\\\/darkamazi.info\\\/\"],\"url\":\"https:\\\/\\\/darkamazi.info\\\/archives\\\/author\\\/kurdi\"}]}<\/script>\n<!-- \/ Yoast SEO plugin. -->","seo_head_json":{"title":"PKK\u2019\u00ea 17\u00a0t\u00fbrik heb \u00ean metirs\u00eedar derbas\u00ee P\u00eanciw\u00een\u00ea kirin - Darka Maz\u00ee","robots":{"index":"index","follow":"follow","max-snippet":"max-snippet:-1","max-image-preview":"max-image-preview:large","max-video-preview":"max-video-preview:-1"},"canonical":"https:\/\/darkamazi.info\/archives\/1034856","og_locale":"en_US","og_type":"article","og_title":"PKK\u2019\u00ea 17\u00a0t\u00fbrik heb \u00ean metirs\u00eedar derbas\u00ee P\u00eanciw\u00een\u00ea kirin - Darka Maz\u00ee","og_description":"R\u00eaxistina PKK\u2019\u00ea kar\u00ean xwe y\u00ean dije mirovah\u00ee li Ba\u015f\u00fbr\u00ea Kurdistan\u00ea berdewam dike, her\u00ee daw\u00ee j\u00ee 17 t\u00fbrik heb\u00ean metirs\u00eedar derbas\u00ee bajarok\u00ea P\u00eanciw\u00een\u00ea kirine. \u00c7avkaniy\u00ean p\u00eageha Darka Maz\u00ee e\u015fkere kirin, \u00e7ekdarek\u00ee PKK\u2019\u00ea y\u00ea bi nav\u00ea &#8220;Mehd\u00ee&#8221; li destp\u00eaka meha 10\/2022an z\u00eadetir\u00ee 17 t\u00fbrik \u00a0\u00ean 50 k\u00eeloy\u00ee \u00ean curek\u00ee heb\u00ean metirs\u00eedar bi al\u00eekariya YRK\u2019\u00ea veguhastine P\u00eanciw\u00een\u00ea. Li [&hellip;]","og_url":"https:\/\/darkamazi.info\/archives\/1034856","og_site_name":"Darka Maz\u00ee","article_publisher":"https:\/\/www.facebook.com\/DarMaziKurmanci","article_published_time":"2023-01-26T16:36:31+00:00","og_image":[{"width":900,"height":497,"url":"https:\/\/darkamazi.info\/file\/2023\/01\/\u0645\u0627\u062f\u06d5.jpg","type":"image\/jpeg"}],"author":"darka mazi","twitter_card":"summary_large_image","twitter_creator":"@DarkaMaziLatini","twitter_site":"@DarkaMaziLatini","twitter_misc":{"Written by":"darka mazi","Est. reading time":"1 minute"},"schema":{"@context":"https:\/\/schema.org","@graph":[{"@type":"Article","@id":"https:\/\/darkamazi.info\/archives\/1034856#article","isPartOf":{"@id":"https:\/\/darkamazi.info\/archives\/1034856"},"author":{"name":"darka mazi","@id":"https:\/\/darkamazi.info\/#\/schema\/person\/5ad3e24553a0567993fa8ed4bd0a776c"},"headline":"PKK\u2019\u00ea 17\u00a0t\u00fbrik heb \u00ean metirs\u00eedar derbas\u00ee P\u00eanciw\u00een\u00ea kirin","datePublished":"2023-01-26T16:36:31+00:00","mainEntityOfPage":{"@id":"https:\/\/darkamazi.info\/archives\/1034856"},"wordCount":203,"publisher":{"@id":"https:\/\/darkamazi.info\/#organization"},"image":{"@id":"https:\/\/darkamazi.info\/archives\/1034856#primaryimage"},"thumbnailUrl":"https:\/\/darkamazi.info\/file\/2023\/01\/\u0645\u0627\u062f\u06d5.jpg","keywords":["sereke"],"articleSection":["Kurdistan"],"inLanguage":"en-US"},{"@type":"WebPage","@id":"https:\/\/darkamazi.info\/archives\/1034856","url":"https:\/\/darkamazi.info\/archives\/1034856","name":"PKK\u2019\u00ea 17\u00a0t\u00fbrik heb \u00ean metirs\u00eedar derbas\u00ee P\u00eanciw\u00een\u00ea kirin - Darka Maz\u00ee","isPartOf":{"@id":"https:\/\/darkamazi.info\/#website"},"primaryImageOfPage":{"@id":"https:\/\/darkamazi.info\/archives\/1034856#primaryimage"},"image":{"@id":"https:\/\/darkamazi.info\/archives\/1034856#primaryimage"},"thumbnailUrl":"https:\/\/darkamazi.info\/file\/2023\/01\/\u0645\u0627\u062f\u06d5.jpg","datePublished":"2023-01-26T16:36:31+00:00","breadcrumb":{"@id":"https:\/\/darkamazi.info\/archives\/1034856#breadcrumb"},"inLanguage":"en-US","potentialAction":[{"@type":"ReadAction","target":["https:\/\/darkamazi.info\/archives\/1034856"]}]},{"@type":"ImageObject","inLanguage":"en-US","@id":"https:\/\/darkamazi.info\/archives\/1034856#primaryimage","url":"https:\/\/darkamazi.info\/file\/2023\/01\/\u0645\u0627\u062f\u06d5.jpg","contentUrl":"https:\/\/darkamazi.info\/file\/2023\/01\/\u0645\u0627\u062f\u06d5.jpg","width":900,"height":497,"caption":"PKK\u2019\u00ea 17\u00a0t\u00fbrik heb \u00ean metirs\u00eedar derbas\u00ee P\u00eanciw\u00een\u00ea kirin"},{"@type":"BreadcrumbList","@id":"https:\/\/darkamazi.info\/archives\/1034856#breadcrumb","itemListElement":[{"@type":"ListItem","position":1,"name":"Home","item":"https:\/\/darkamazi.info\/"},{"@type":"ListItem","position":2,"name":"PKK\u2019\u00ea 17\u00a0t\u00fbrik heb \u00ean metirs\u00eedar derbas\u00ee P\u00eanciw\u00een\u00ea kirin"}]},{"@type":"WebSite","@id":"https:\/\/darkamazi.info\/#website","url":"https:\/\/darkamazi.info\/","name":"Darka Maz\u00ee","description":"P\u00eageha Zanyariy\u00ean Nebih\u00eest\u00ee","publisher":{"@id":"https:\/\/darkamazi.info\/#organization"},"potentialAction":[{"@type":"SearchAction","target":{"@type":"EntryPoint","urlTemplate":"https:\/\/darkamazi.info\/?s={search_term_string}"},"query-input":{"@type":"PropertyValueSpecification","valueRequired":true,"valueName":"search_term_string"}}],"inLanguage":"en-US"},{"@type":"Organization","@id":"https:\/\/darkamazi.info\/#organization","name":"Darka Maz\u00ee","url":"https:\/\/darkamazi.info\/","logo":{"@type":"ImageObject","inLanguage":"en-US","@id":"https:\/\/darkamazi.info\/#\/schema\/logo\/image\/","url":"https:\/\/darkamazi.info\/file\/2017\/12\/darka-mazi-logo.png","contentUrl":"https:\/\/darkamazi.info\/file\/2017\/12\/darka-mazi-logo.png","width":151,"height":75,"caption":"Darka Maz\u00ee"},"image":{"@id":"https:\/\/darkamazi.info\/#\/schema\/logo\/image\/"},"sameAs":["https:\/\/www.facebook.com\/DarMaziKurmanci","https:\/\/x.com\/DarkaMaziLatini","https:\/\/www.instagram.com\/darkamazi.kurmanci\/","https:\/\/www.youtube.com\/channel\/UCa5HkTdmI8U1qCUFuTw8B2g"]},{"@type":"Person","@id":"https:\/\/darkamazi.info\/#\/schema\/person\/5ad3e24553a0567993fa8ed4bd0a776c","name":"darka mazi","sameAs":["https:\/\/darkamazi.info\/"],"url":"https:\/\/darkamazi.info\/archives\/author\/kurdi"}]}},"_links":{"self":[{"href":"https:\/\/darkamazi.info\/funavuv\/wp\/v2\/posts\/1034856","targetHints":{"allow":["GET"]}}],"collection":[{"href":"https:\/\/darkamazi.info\/funavuv\/wp\/v2\/posts"}],"about":[{"href":"https:\/\/darkamazi.info\/funavuv\/wp\/v2\/types\/post"}],"author":[{"embeddable":true,"href":"https:\/\/darkamazi.info\/funavuv\/wp\/v2\/users\/2"}],"replies":[{"embeddable":true,"href":"https:\/\/darkamazi.info\/funavuv\/wp\/v2\/comments?post=1034856"}],"version-history":[{"count":0,"href":"https:\/\/darkamazi.info\/funavuv\/wp\/v2\/posts\/1034856\/revisions"}],"wp:featuredmedia":[{"embeddable":true,"href":"https:\/\/darkamazi.info\/funavuv\/wp\/v2\/media\/1034857"}],"wp:attachment":[{"href":"https:\/\/darkamazi.info\/funavuv\/wp\/v2\/media?parent=1034856"}],"wp:term":[{"taxonomy":"category","embeddable":true,"href":"https:\/\/darkamazi.info\/funavuv\/wp\/v2\/categories?post=1034856"},{"taxonomy":"post_tag","embeddable":true,"href":"https:\/\/darkamazi.info\/funavuv\/wp\/v2\/tags?post=1034856"}],"curies":[{"name":"wp","href":"https:\/\/api.w.org\/{rel}","templated":true}]}}