{"id":1034868,"date":"2023-01-28T12:56:20","date_gmt":"2023-01-28T09:56:20","guid":{"rendered":"https:\/\/darkamazi.info\/?p=1034868"},"modified":"2023-01-28T12:56:20","modified_gmt":"2023-01-28T09:56:20","slug":"amerika-ji-di-nav-de-5-welatan-hisyari-dane-welatiyen-xwe-yen-li-tirkiye","status":"publish","type":"post","link":"https:\/\/darkamazi.info\/archives\/1034868","title":{"rendered":"Amer\u00eeka j\u00ee di nav de 5 welatan hi\u015fyar\u00ee dane welatiy\u00ean xwe y\u00ean li Tirkiy\u00ea"},"content":{"rendered":"<h3 style=\"text-align: justify\"><span style=\"font-family: 'arial black', sans-serif\">Almanya, Fransa, \u00cetalya, \u00cespanya \u00fb Amer\u00eekay\u00ea pi\u015ft\u00ee \u00e7alakiy\u00ean \u015fewitandina Qur\u2019an\u00ea y\u00ean li Sw\u00ead, Dan\u00eemarka \u00fb Holanday\u00ea ji aliy\u00ea rastgir\u00ea tundrew Rasmus Paludan ve ji bo welatiy\u00ean xwe y\u00ean li Tirkiy\u00ea hi\u015fyariya \u201c\u00ear\u00ee\u015fa teror\u00ea\u201d dan.<\/span><\/h3>\n<h3 style=\"text-align: justify\"><span style=\"font-family: arial, helvetica, sans-serif\">Wezareta Derve ya Almanyay\u00ea, Konsulxaneya Fransa \u00fb Amer\u00eekay\u00ea \u00fb Balyozxaney\u00ean \u00cetalya \u00fb \u00cespanyay\u00ea y\u00ean li Tirkiyey\u00ea hi\u015fyar\u00ee dane welatiy\u00ean xwe y\u00ean li Tirkiy\u00ea ne.<\/span><\/h3>\n<h3 style=\"text-align: justify\"><span style=\"font-family: arial, helvetica, sans-serif\">Di daxuyaniya Wezareta Derve ya Almanyay\u00ea da hat gotin, \u201c\u015eewitandina Qur&#8217;an\u00ea ya beriya demek\u00ea li ber Balyozxaneya Tirkiy\u00ea ya li Sw\u00ead\u00ea, metirsiya \u00ear\u00ee\u015f\u00ean teror\u00ea y\u00ean li Tirkiy\u00ea z\u00eade kiriye. Ji ber v\u00ea yek\u00ea div\u00ea li cih\u00ean qelebalix \u00fb gi\u015ft\u00ee d\u00fbr bisekinin \u00fb di ziyareta \u00eebadetxaneyan de baldar bin\u201d.<\/span><\/h3>\n<h3 style=\"text-align: justify\"><span style=\"font-family: arial, helvetica, sans-serif\">Di daxuyaniya Amer\u00eekay\u00ea de j\u00ee ragihandin, \u201cPi\u015ft\u00ee b\u00fbyer\u00ean \u015fewitandina Qur&#8217;an\u00ea ya v\u00ea daw\u00eey\u00ea li Ewropay\u00ea, Hik\u00fbmeta Amer\u00eekay\u00ea welatiy\u00ean xwe ji \u00ear\u00ee\u015f\u00ean tolhildan\u00ea y\u00ean muhtemel \u00ean teror\u00eestan li ser cih\u00ean \u00eebadet\u00ea li Tirkiy\u00ea hi\u015fyar dike. Bi armanckirina cih\u00ean \u00eebadet\u00ea yan j\u00ee cih\u00ean ku ji aliy\u00ea rojavayiyan ve t\u00ean bikaran\u00een, teror\u00eest dikarin bi hi\u015fyariyeke hindik an j\u00ee b\u00eay\u00ee hi\u015fyariy\u00ea \u00ear\u00ee\u015f bikin\u201d.<\/span><\/h3>\n<h3 style=\"text-align: justify\"><span style=\"font-family: arial, helvetica, sans-serif\">Balyozxaneya Fransay\u00ea j\u00ee bi emailek\u00ea hi\u015fyar\u00ee da welatiy\u00ean xwe y\u00ean ku li Tirkiy\u00ea ne.<\/span><\/h3>\n<h3 style=\"text-align: justify\"><span style=\"font-family: arial, helvetica, sans-serif\">Her wiha Balyozxaneya \u00cespanyay\u00ea ya li Enqerey\u00ea j\u00ee daxuyaniyek belav kir \u00fb \u201cJi ber b\u00fbyer\u00ean \u015fewitandina Qur&#8217;an\u00ea y\u00ean li Ewropay\u00ea \u00fb \u00ear\u00ee\u015f\u00ean teror\u00eest\u00ee y\u00ean li d\u00fb hev \u00ean li n\u00eaz\u00ee cih\u00ean \u00eebadet\u00ea y\u00ean li gelek dever\u00ean cuda\u201d hi\u015fyar\u00ee da welatiy\u00ean xwe.<\/span><\/h3>\n<h3 style=\"text-align: justify\"><span style=\"font-family: arial, helvetica, sans-serif\">Bi heman away\u00ee Balyozxaneya \u00cetalyay\u00ea hi\u015fyar\u00ee da welatiy\u00ean xwe y\u00ean ku bi demk\u00ee an j\u00ee berdewam\u00ee li Tirkiy\u00ea ne.<\/span><\/h3>\n<h3 style=\"text-align: justify\"><span style=\"font-family: arial, helvetica, sans-serif\">Rasmus Paludan 21\u00ea \u00c7ileya 2023an li Stockholma paytexta Sw\u00ead\u00ea li ber Balyozxaneya Tirkiy\u00ea Quran \u015fewitand.<\/span><\/h3>\n<h3 style=\"text-align: justify\"><span style=\"font-family: arial, helvetica, sans-serif\">Paludan duh di hesab\u00ea xwe y\u00ea medyaya civak\u00ee de ragihandib\u00fb ku ew d\u00ea Quran\u00ea li ber mizgefteke li Denmark\u00ea \u00fb her wiha li ber Balyozxaney\u00ean Tirkiy\u00ea \u00fb R\u00fbsyay\u00ea bi\u015fewit\u00eene \u00fb rayedar\u00ean Denmark\u00ea j\u00ee dest\u00fbr dane w\u00ee. Pi\u015ftre Paludan \u00e7alak\u00ee li dar xist.<\/span><\/h3>\n","protected":false},"excerpt":{"rendered":"<p>Almanya, Fransa, \u00cetalya, \u00cespanya \u00fb Amer\u00eekay\u00ea pi\u015ft\u00ee \u00e7alakiy\u00ean \u015fewitandina Qur\u2019an\u00ea y\u00ean li Sw\u00ead, Dan\u00eemarka \u00fb Holanday\u00ea ji aliy\u00ea rastgir\u00ea tundrew Rasmus Paludan ve ji bo welatiy\u00ean xwe y\u00ean li Tirkiy\u00ea hi\u015fyariya \u201c\u00ear\u00ee\u015fa teror\u00ea\u201d dan. Wezareta Derve ya Almanyay\u00ea, Konsulxaneya Fransa \u00fb Amer\u00eekay\u00ea \u00fb Balyozxaney\u00ean \u00cetalya \u00fb \u00cespanyay\u00ea y\u00ean li Tirkiyey\u00ea hi\u015fyar\u00ee dane welatiy\u00ean xwe y\u00ean [&hellip;]<\/p>\n","protected":false},"author":2,"featured_media":1034869,"comment_status":"closed","ping_status":"closed","sticky":false,"template":"","format":"standard","meta":{"footnotes":""},"categories":[30],"tags":[37],"class_list":["post-1034868","post","type-post","status-publish","format-standard","has-post-thumbnail","hentry","category-cihan","tag-sereke"],"blocksy_meta":[],"seo_head":"<!-- This site is optimized with the Yoast SEO plugin v27.5 - https:\/\/yoast.com\/product\/yoast-seo-wordpress\/ -->\n<title>Amer\u00eeka j\u00ee di nav de 5 welatan hi\u015fyar\u00ee dane welatiy\u00ean xwe y\u00ean li Tirkiy\u00ea - Darka Maz\u00ee<\/title>\n<meta name=\"robots\" content=\"index, follow, max-snippet:-1, max-image-preview:large, max-video-preview:-1\" \/>\n<link rel=\"canonical\" href=\"https:\/\/darkamazi.info\/archives\/1034868\" \/>\n<meta property=\"og:locale\" content=\"en_US\" \/>\n<meta property=\"og:type\" content=\"article\" \/>\n<meta property=\"og:title\" content=\"Amer\u00eeka j\u00ee di nav de 5 welatan hi\u015fyar\u00ee dane welatiy\u00ean xwe y\u00ean li Tirkiy\u00ea - Darka Maz\u00ee\" \/>\n<meta property=\"og:description\" content=\"Almanya, Fransa, \u00cetalya, \u00cespanya \u00fb Amer\u00eekay\u00ea pi\u015ft\u00ee \u00e7alakiy\u00ean \u015fewitandina Qur\u2019an\u00ea y\u00ean li Sw\u00ead, Dan\u00eemarka \u00fb Holanday\u00ea ji aliy\u00ea rastgir\u00ea tundrew Rasmus Paludan ve ji bo welatiy\u00ean xwe y\u00ean li Tirkiy\u00ea hi\u015fyariya \u201c\u00ear\u00ee\u015fa teror\u00ea\u201d dan. Wezareta Derve ya Almanyay\u00ea, Konsulxaneya Fransa \u00fb Amer\u00eekay\u00ea \u00fb Balyozxaney\u00ean \u00cetalya \u00fb \u00cespanyay\u00ea y\u00ean li Tirkiyey\u00ea hi\u015fyar\u00ee dane welatiy\u00ean xwe y\u00ean [&hellip;]\" \/>\n<meta property=\"og:url\" content=\"https:\/\/darkamazi.info\/archives\/1034868\" \/>\n<meta property=\"og:site_name\" content=\"Darka Maz\u00ee\" \/>\n<meta property=\"article:publisher\" content=\"https:\/\/www.facebook.com\/DarMaziKurmanci\" \/>\n<meta property=\"article:published_time\" content=\"2023-01-28T09:56:20+00:00\" \/>\n<meta property=\"og:image\" content=\"https:\/\/darkamazi.info\/file\/2023\/01\/us-embassy-turkey.jpg\" \/>\n\t<meta property=\"og:image:width\" content=\"900\" \/>\n\t<meta property=\"og:image:height\" content=\"497\" \/>\n\t<meta property=\"og:image:type\" content=\"image\/jpeg\" \/>\n<meta name=\"author\" content=\"darka mazi\" \/>\n<meta name=\"twitter:card\" content=\"summary_large_image\" \/>\n<meta name=\"twitter:creator\" content=\"@DarkaMaziLatini\" \/>\n<meta name=\"twitter:site\" content=\"@DarkaMaziLatini\" \/>\n<meta name=\"twitter:label1\" content=\"Written by\" \/>\n\t<meta name=\"twitter:data1\" content=\"darka mazi\" \/>\n\t<meta name=\"twitter:label2\" content=\"Est. reading time\" \/>\n\t<meta name=\"twitter:data2\" content=\"2 minutes\" \/>\n<script type=\"application\/ld+json\" class=\"seo-schema-graph\">{\"@context\":\"https:\\\/\\\/schema.org\",\"@graph\":[{\"@type\":\"Article\",\"@id\":\"https:\\\/\\\/darkamazi.info\\\/archives\\\/1034868#article\",\"isPartOf\":{\"@id\":\"https:\\\/\\\/darkamazi.info\\\/archives\\\/1034868\"},\"author\":{\"name\":\"darka mazi\",\"@id\":\"https:\\\/\\\/darkamazi.info\\\/#\\\/schema\\\/person\\\/5ad3e24553a0567993fa8ed4bd0a776c\"},\"headline\":\"Amer\u00eeka j\u00ee di nav de 5 welatan hi\u015fyar\u00ee dane welatiy\u00ean xwe y\u00ean li Tirkiy\u00ea\",\"datePublished\":\"2023-01-28T09:56:20+00:00\",\"mainEntityOfPage\":{\"@id\":\"https:\\\/\\\/darkamazi.info\\\/archives\\\/1034868\"},\"wordCount\":374,\"publisher\":{\"@id\":\"https:\\\/\\\/darkamazi.info\\\/#organization\"},\"image\":{\"@id\":\"https:\\\/\\\/darkamazi.info\\\/archives\\\/1034868#primaryimage\"},\"thumbnailUrl\":\"https:\\\/\\\/darkamazi.info\\\/darka-content\\\/uploads\\\/2023\\\/01\\\/us-embassy-turkey.jpg\",\"keywords\":[\"sereke\"],\"articleSection\":[\"C\u00eehan\"],\"inLanguage\":\"en-US\"},{\"@type\":\"WebPage\",\"@id\":\"https:\\\/\\\/darkamazi.info\\\/archives\\\/1034868\",\"url\":\"https:\\\/\\\/darkamazi.info\\\/archives\\\/1034868\",\"name\":\"Amer\u00eeka j\u00ee di nav de 5 welatan hi\u015fyar\u00ee dane welatiy\u00ean xwe y\u00ean li Tirkiy\u00ea - Darka Maz\u00ee\",\"isPartOf\":{\"@id\":\"https:\\\/\\\/darkamazi.info\\\/#website\"},\"primaryImageOfPage\":{\"@id\":\"https:\\\/\\\/darkamazi.info\\\/archives\\\/1034868#primaryimage\"},\"image\":{\"@id\":\"https:\\\/\\\/darkamazi.info\\\/archives\\\/1034868#primaryimage\"},\"thumbnailUrl\":\"https:\\\/\\\/darkamazi.info\\\/darka-content\\\/uploads\\\/2023\\\/01\\\/us-embassy-turkey.jpg\",\"datePublished\":\"2023-01-28T09:56:20+00:00\",\"breadcrumb\":{\"@id\":\"https:\\\/\\\/darkamazi.info\\\/archives\\\/1034868#breadcrumb\"},\"inLanguage\":\"en-US\",\"potentialAction\":[{\"@type\":\"ReadAction\",\"target\":[\"https:\\\/\\\/darkamazi.info\\\/archives\\\/1034868\"]}]},{\"@type\":\"ImageObject\",\"inLanguage\":\"en-US\",\"@id\":\"https:\\\/\\\/darkamazi.info\\\/archives\\\/1034868#primaryimage\",\"url\":\"https:\\\/\\\/darkamazi.info\\\/darka-content\\\/uploads\\\/2023\\\/01\\\/us-embassy-turkey.jpg\",\"contentUrl\":\"https:\\\/\\\/darkamazi.info\\\/darka-content\\\/uploads\\\/2023\\\/01\\\/us-embassy-turkey.jpg\",\"width\":900,\"height\":497,\"caption\":\"us embassy turkey\"},{\"@type\":\"BreadcrumbList\",\"@id\":\"https:\\\/\\\/darkamazi.info\\\/archives\\\/1034868#breadcrumb\",\"itemListElement\":[{\"@type\":\"ListItem\",\"position\":1,\"name\":\"Home\",\"item\":\"https:\\\/\\\/darkamazi.info\\\/\"},{\"@type\":\"ListItem\",\"position\":2,\"name\":\"Amer\u00eeka j\u00ee di nav de 5 welatan hi\u015fyar\u00ee dane welatiy\u00ean xwe y\u00ean li Tirkiy\u00ea\"}]},{\"@type\":\"WebSite\",\"@id\":\"https:\\\/\\\/darkamazi.info\\\/#website\",\"url\":\"https:\\\/\\\/darkamazi.info\\\/\",\"name\":\"Darka Maz\u00ee\",\"description\":\"P\u00eageha Zanyariy\u00ean Nebih\u00eest\u00ee\",\"publisher\":{\"@id\":\"https:\\\/\\\/darkamazi.info\\\/#organization\"},\"potentialAction\":[{\"@type\":\"SearchAction\",\"target\":{\"@type\":\"EntryPoint\",\"urlTemplate\":\"https:\\\/\\\/darkamazi.info\\\/?s={search_term_string}\"},\"query-input\":{\"@type\":\"PropertyValueSpecification\",\"valueRequired\":true,\"valueName\":\"search_term_string\"}}],\"inLanguage\":\"en-US\"},{\"@type\":\"Organization\",\"@id\":\"https:\\\/\\\/darkamazi.info\\\/#organization\",\"name\":\"Darka Maz\u00ee\",\"url\":\"https:\\\/\\\/darkamazi.info\\\/\",\"logo\":{\"@type\":\"ImageObject\",\"inLanguage\":\"en-US\",\"@id\":\"https:\\\/\\\/darkamazi.info\\\/#\\\/schema\\\/logo\\\/image\\\/\",\"url\":\"https:\\\/\\\/darkamazi.info\\\/darka-content\\\/uploads\\\/2017\\\/12\\\/darka-mazi-logo.png\",\"contentUrl\":\"https:\\\/\\\/darkamazi.info\\\/darka-content\\\/uploads\\\/2017\\\/12\\\/darka-mazi-logo.png\",\"width\":151,\"height\":75,\"caption\":\"Darka Maz\u00ee\"},\"image\":{\"@id\":\"https:\\\/\\\/darkamazi.info\\\/#\\\/schema\\\/logo\\\/image\\\/\"},\"sameAs\":[\"https:\\\/\\\/www.facebook.com\\\/DarMaziKurmanci\",\"https:\\\/\\\/x.com\\\/DarkaMaziLatini\",\"https:\\\/\\\/www.instagram.com\\\/darkamazi.kurmanci\\\/\",\"https:\\\/\\\/www.youtube.com\\\/channel\\\/UCa5HkTdmI8U1qCUFuTw8B2g\"]},{\"@type\":\"Person\",\"@id\":\"https:\\\/\\\/darkamazi.info\\\/#\\\/schema\\\/person\\\/5ad3e24553a0567993fa8ed4bd0a776c\",\"name\":\"darka mazi\",\"sameAs\":[\"https:\\\/\\\/darkamazi.info\\\/\"],\"url\":\"https:\\\/\\\/darkamazi.info\\\/archives\\\/author\\\/kurdi\"}]}<\/script>\n<!-- \/ Yoast SEO plugin. -->","seo_head_json":{"title":"Amer\u00eeka j\u00ee di nav de 5 welatan hi\u015fyar\u00ee dane welatiy\u00ean xwe y\u00ean li Tirkiy\u00ea - Darka Maz\u00ee","robots":{"index":"index","follow":"follow","max-snippet":"max-snippet:-1","max-image-preview":"max-image-preview:large","max-video-preview":"max-video-preview:-1"},"canonical":"https:\/\/darkamazi.info\/archives\/1034868","og_locale":"en_US","og_type":"article","og_title":"Amer\u00eeka j\u00ee di nav de 5 welatan hi\u015fyar\u00ee dane welatiy\u00ean xwe y\u00ean li Tirkiy\u00ea - Darka Maz\u00ee","og_description":"Almanya, Fransa, \u00cetalya, \u00cespanya \u00fb Amer\u00eekay\u00ea pi\u015ft\u00ee \u00e7alakiy\u00ean \u015fewitandina Qur\u2019an\u00ea y\u00ean li Sw\u00ead, Dan\u00eemarka \u00fb Holanday\u00ea ji aliy\u00ea rastgir\u00ea tundrew Rasmus Paludan ve ji bo welatiy\u00ean xwe y\u00ean li Tirkiy\u00ea hi\u015fyariya \u201c\u00ear\u00ee\u015fa teror\u00ea\u201d dan. Wezareta Derve ya Almanyay\u00ea, Konsulxaneya Fransa \u00fb Amer\u00eekay\u00ea \u00fb Balyozxaney\u00ean \u00cetalya \u00fb \u00cespanyay\u00ea y\u00ean li Tirkiyey\u00ea hi\u015fyar\u00ee dane welatiy\u00ean xwe y\u00ean [&hellip;]","og_url":"https:\/\/darkamazi.info\/archives\/1034868","og_site_name":"Darka Maz\u00ee","article_publisher":"https:\/\/www.facebook.com\/DarMaziKurmanci","article_published_time":"2023-01-28T09:56:20+00:00","og_image":[{"width":900,"height":497,"url":"https:\/\/darkamazi.info\/file\/2023\/01\/us-embassy-turkey.jpg","type":"image\/jpeg"}],"author":"darka mazi","twitter_card":"summary_large_image","twitter_creator":"@DarkaMaziLatini","twitter_site":"@DarkaMaziLatini","twitter_misc":{"Written by":"darka mazi","Est. reading time":"2 minutes"},"schema":{"@context":"https:\/\/schema.org","@graph":[{"@type":"Article","@id":"https:\/\/darkamazi.info\/archives\/1034868#article","isPartOf":{"@id":"https:\/\/darkamazi.info\/archives\/1034868"},"author":{"name":"darka mazi","@id":"https:\/\/darkamazi.info\/#\/schema\/person\/5ad3e24553a0567993fa8ed4bd0a776c"},"headline":"Amer\u00eeka j\u00ee di nav de 5 welatan hi\u015fyar\u00ee dane welatiy\u00ean xwe y\u00ean li Tirkiy\u00ea","datePublished":"2023-01-28T09:56:20+00:00","mainEntityOfPage":{"@id":"https:\/\/darkamazi.info\/archives\/1034868"},"wordCount":374,"publisher":{"@id":"https:\/\/darkamazi.info\/#organization"},"image":{"@id":"https:\/\/darkamazi.info\/archives\/1034868#primaryimage"},"thumbnailUrl":"https:\/\/darkamazi.info\/file\/2023\/01\/us-embassy-turkey.jpg","keywords":["sereke"],"articleSection":["C\u00eehan"],"inLanguage":"en-US"},{"@type":"WebPage","@id":"https:\/\/darkamazi.info\/archives\/1034868","url":"https:\/\/darkamazi.info\/archives\/1034868","name":"Amer\u00eeka j\u00ee di nav de 5 welatan hi\u015fyar\u00ee dane welatiy\u00ean xwe y\u00ean li Tirkiy\u00ea - Darka Maz\u00ee","isPartOf":{"@id":"https:\/\/darkamazi.info\/#website"},"primaryImageOfPage":{"@id":"https:\/\/darkamazi.info\/archives\/1034868#primaryimage"},"image":{"@id":"https:\/\/darkamazi.info\/archives\/1034868#primaryimage"},"thumbnailUrl":"https:\/\/darkamazi.info\/file\/2023\/01\/us-embassy-turkey.jpg","datePublished":"2023-01-28T09:56:20+00:00","breadcrumb":{"@id":"https:\/\/darkamazi.info\/archives\/1034868#breadcrumb"},"inLanguage":"en-US","potentialAction":[{"@type":"ReadAction","target":["https:\/\/darkamazi.info\/archives\/1034868"]}]},{"@type":"ImageObject","inLanguage":"en-US","@id":"https:\/\/darkamazi.info\/archives\/1034868#primaryimage","url":"https:\/\/darkamazi.info\/file\/2023\/01\/us-embassy-turkey.jpg","contentUrl":"https:\/\/darkamazi.info\/file\/2023\/01\/us-embassy-turkey.jpg","width":900,"height":497,"caption":"us embassy turkey"},{"@type":"BreadcrumbList","@id":"https:\/\/darkamazi.info\/archives\/1034868#breadcrumb","itemListElement":[{"@type":"ListItem","position":1,"name":"Home","item":"https:\/\/darkamazi.info\/"},{"@type":"ListItem","position":2,"name":"Amer\u00eeka j\u00ee di nav de 5 welatan hi\u015fyar\u00ee dane welatiy\u00ean xwe y\u00ean li Tirkiy\u00ea"}]},{"@type":"WebSite","@id":"https:\/\/darkamazi.info\/#website","url":"https:\/\/darkamazi.info\/","name":"Darka Maz\u00ee","description":"P\u00eageha Zanyariy\u00ean Nebih\u00eest\u00ee","publisher":{"@id":"https:\/\/darkamazi.info\/#organization"},"potentialAction":[{"@type":"SearchAction","target":{"@type":"EntryPoint","urlTemplate":"https:\/\/darkamazi.info\/?s={search_term_string}"},"query-input":{"@type":"PropertyValueSpecification","valueRequired":true,"valueName":"search_term_string"}}],"inLanguage":"en-US"},{"@type":"Organization","@id":"https:\/\/darkamazi.info\/#organization","name":"Darka Maz\u00ee","url":"https:\/\/darkamazi.info\/","logo":{"@type":"ImageObject","inLanguage":"en-US","@id":"https:\/\/darkamazi.info\/#\/schema\/logo\/image\/","url":"https:\/\/darkamazi.info\/file\/2017\/12\/darka-mazi-logo.png","contentUrl":"https:\/\/darkamazi.info\/file\/2017\/12\/darka-mazi-logo.png","width":151,"height":75,"caption":"Darka Maz\u00ee"},"image":{"@id":"https:\/\/darkamazi.info\/#\/schema\/logo\/image\/"},"sameAs":["https:\/\/www.facebook.com\/DarMaziKurmanci","https:\/\/x.com\/DarkaMaziLatini","https:\/\/www.instagram.com\/darkamazi.kurmanci\/","https:\/\/www.youtube.com\/channel\/UCa5HkTdmI8U1qCUFuTw8B2g"]},{"@type":"Person","@id":"https:\/\/darkamazi.info\/#\/schema\/person\/5ad3e24553a0567993fa8ed4bd0a776c","name":"darka mazi","sameAs":["https:\/\/darkamazi.info\/"],"url":"https:\/\/darkamazi.info\/archives\/author\/kurdi"}]}},"_links":{"self":[{"href":"https:\/\/darkamazi.info\/funavuv\/wp\/v2\/posts\/1034868","targetHints":{"allow":["GET"]}}],"collection":[{"href":"https:\/\/darkamazi.info\/funavuv\/wp\/v2\/posts"}],"about":[{"href":"https:\/\/darkamazi.info\/funavuv\/wp\/v2\/types\/post"}],"author":[{"embeddable":true,"href":"https:\/\/darkamazi.info\/funavuv\/wp\/v2\/users\/2"}],"replies":[{"embeddable":true,"href":"https:\/\/darkamazi.info\/funavuv\/wp\/v2\/comments?post=1034868"}],"version-history":[{"count":0,"href":"https:\/\/darkamazi.info\/funavuv\/wp\/v2\/posts\/1034868\/revisions"}],"wp:featuredmedia":[{"embeddable":true,"href":"https:\/\/darkamazi.info\/funavuv\/wp\/v2\/media\/1034869"}],"wp:attachment":[{"href":"https:\/\/darkamazi.info\/funavuv\/wp\/v2\/media?parent=1034868"}],"wp:term":[{"taxonomy":"category","embeddable":true,"href":"https:\/\/darkamazi.info\/funavuv\/wp\/v2\/categories?post=1034868"},{"taxonomy":"post_tag","embeddable":true,"href":"https:\/\/darkamazi.info\/funavuv\/wp\/v2\/tags?post=1034868"}],"curies":[{"name":"wp","href":"https:\/\/api.w.org\/{rel}","templated":true}]}}