{"id":1034889,"date":"2023-01-29T18:08:35","date_gmt":"2023-01-29T15:08:35","guid":{"rendered":"https:\/\/darkamazi.info\/?p=1034889"},"modified":"2023-01-29T18:08:35","modified_gmt":"2023-01-29T15:08:35","slug":"darka-mazi-tekiliyen-seksi-yen-di-nevbera-berpirseka-pkke-u-sofere-we-de-eskere-dike","status":"publish","type":"post","link":"https:\/\/darkamazi.info\/archives\/1034889","title":{"rendered":"Darka Maz\u00ee t\u00eakiliy\u00ean seks\u00ee y\u00ean di n\u00eavbera berpirseka PKK\u2019\u00ea \u00fb \u015fof\u00ear\u00ea w\u00ea de e\u015fkere dike"},"content":{"rendered":"<h3 style=\"text-align: justify\"><span style=\"font-family: 'arial black', sans-serif\">Di be\u015fa bor\u00ee ya niv\u00eesa xwe de bi ser nav\u00ea &#8220;20 Serp\u00eahat\u00ee ji t\u00eakiliy\u00ean cins\u00ee di n\u00eavbera berpirs\u00ean PKK\u2019\u00ea de&#8221; me amaje bi t\u00eakiliy\u00ean seks\u00ee y\u00ean di n\u00eavbera Bahoz Erdal \u00fb her du B\u00ear\u00eetanan, her weha t\u00eakiliy\u00ean seks\u00ee y\u00ean di n\u00eavbera du berpirs\u00ean asay\u00ee\u015f\u00ea y\u00ean YPG\u2019\u00ea bi ke\u00e7 \u00fb jina bazirganek\u00ee bi nav\u00ea Merwan re kir, helbet ev serp\u00eahat\u00ee me ne ji xeyala xwe \u00e7\u00eakirine, belku ji aliy\u00ea yek ji berpirs\u00ean PKK\u2019\u00ea y\u00ean li Rojava Kurdistan\u00ea ku ji PKK\u2019\u00ea veqetiyaye \u00fb bi r\u00eaya \u00eemayl\u00ea ev zanyar\u00ee bi me gihandine me bas kirin.<\/span><\/h3>\n<h3 style=\"text-align: justify\">Di v\u00ea be\u015fa niv\u00eesa xwe de j\u00ee, d\u00eesa li gor wan zanyariy\u00ean gihaye me, em\u00ea bas li du serp\u00eahat\u00eey\u00ean din bikin, serp\u00eahatiya yekem bas li t\u00eakiliy\u00ean seks\u00ee y\u00ean di n\u00eavbera berpirsek jin a PKK\u2019\u00ea \u00fb kesek\u00ee siv\u00eel \u00fb \u015fof\u00ear\u00ea w\u00ea de dike, her weha serp\u00eahatiya duyem\u00een j\u00ee bas\u00ee endameka Ciwan\u00ean \u015eore\u015fger dike ku t\u00eakiliy\u00ean seks\u00ee bi yek ji endam\u00ean \u00eestixbarata PKK\u2019\u00ea re heb\u00fbne.<\/h3>\n<h3 style=\"text-align: justify\"><span style=\"font-family: 'arial black', sans-serif\">Serp\u00eahatiya S\u00eayem\u00een:<\/span><\/h3>\n<h3 style=\"text-align: justify\">Li gor zanyariy\u00ean gihay p\u00eageha Darka Maz\u00ee, berpirsa asay\u00ee\u015fa D\u00eark\u00ea ya bi nav\u00ea &#8220;Canda D\u00eark&#8221; t\u00eakiliy\u00ean seks\u00ee bi kesek\u00ee siv\u00eel y\u00ea bi nav\u00ea &#8220;Law\u00ea Ap\u00ea&#8221; re ku ji D\u00eark\u00ea ye heb\u00fbne, ev t\u00eakilya di n\u00eavbera van du kesan de demek dir\u00eaj dom dike, pi\u015ftre xelk dizane, di nava ko\u00e7e \u00fb kolan\u00ean D\u00eark\u00ea de ev mijar t\u00ea n\u00eeqa\u015f kirin, l\u00ea ji boy b\u00eadeng kirina xelk\u00ea \u00fb parastina xwe ev berpirsa asay\u00ee\u015fa D\u00eark\u00ea xwe ji Law\u00ea Ap\u00ea d\u00fbr dike, \u00fb van axaftinan bi derew dide xuyakirin.<\/h3>\n<h3 style=\"text-align: justify\">Pi\u015ft\u00ee ku xelk v\u00ea mijar\u00ea ji b\u00eer dike, d\u00eesa Canda D\u00eark vedigere ser heq\u00eeqeta xwe, l\u00ea ev care t\u00eakiliy\u00ean seks\u00ee bi kesek din re gir\u00ea dide, ev kes j\u00ee \u015fof\u00ear\u00ea w\u00ea y\u00ea tay\u00eebet e bi nav\u00ea &#8220;Cedos&#8221; ku ev j\u00ee ji D\u00eark\u00ea ye.<\/h3>\n<h3 style=\"text-align: justify\">Canda D\u00eark wusa fikir dike ku tu kes nikare bi v\u00ea t\u00eakilya w\u00ea bi \u015fof\u00ear\u00ea xwe re hey\u00ee bizanibe \u00fb dikare bi v\u00ea yek\u00ea hez \u00fb arezoy\u00ean xwe y\u00ean seks\u00ee t\u00ear bike, l\u00ea bel\u00ea rast\u00ee ti caran ve\u015fart\u00ee nam\u00eene, demek dir\u00eaj derbas neb\u00fb ku xelk\u00ea bi v\u00ea t\u00eakilya seks\u00ee j\u00ee zan\u00ee.<\/h3>\n<h3 style=\"text-align: justify\">Canda D\u00eark di yek ji baregeh\u00ean taybet bi jinan ve, di rew\u015feke romant\u00eek de bi \u015fof\u00ear\u00ea xwe re ji aliy\u00ea \u00e7end kesan ve hat d\u00eetin.<\/h3>\n<h3 style=\"text-align: justify\"><span style=\"font-family: 'arial black', sans-serif\">Serp\u00eahatiya \u00c7arem\u00een:<\/span><\/h3>\n<h3 style=\"text-align: justify\">Yek ji endam\u00ean r\u00eaxistina ciwan\u00ean \u015eore\u015fger ya ser bi PKK\u2019\u00ea ve, ku kar\u00ea wan y\u00ea sereke, xapandin \u00fb revandina zarokan \u00fb \u00e7ekdarkirina wan di berjewenda PKK\u2019\u00ea de ye bi nav\u00ea &#8220;H\u00eav\u00eedar&#8221; t\u00eakiliy\u00ean seks\u00ee bi endamek\u00ee \u00eestixbarata PKK\u2019\u00ea re heb\u00fbne.<\/h3>\n<h3 style=\"text-align: justify\">Zanyariy\u00ean gihay r\u00fbpela Darka Maz\u00ee tekez dikin, H\u00eav\u00eedar ku endamek \u00e7alak a r\u00eaxistina Ciwan\u00ean \u015eore\u015fger e, \u015f\u00eaniya Dirb\u00easiy\u00ea ye \u00fb endam\u00ea \u00eestixbarata PKK\u2019\u00ea j\u00ee ku t\u00eakiliy\u00ean seks\u00ee bi H\u00eav\u00eedar\u00ea re hey\u00ee nav\u00ea w\u00ee &#8220;Demhat&#8221; e \u00fb ji \u015f\u00eaniy\u00ean Ser\u00eakaniy\u00ea ye.<\/h3>\n<h3 style=\"text-align: justify\">Pi\u015ft\u00ee e\u015fkere b\u00fbna t\u00eakiliy\u00ean seks\u00ee di n\u00eavbera van du kesan de, PKK\u2019e demek\u00ee &#8220;Demhat&#8221; zindan\u00ee dike, pi\u015ftre w\u00ee vedguh\u00eaze cihek din da ku ji H\u00eav\u00eedar\u00ea d\u00fbr bike \u00fb bi v\u00ee awa r\u00eagir\u00eey\u00ea li t\u00eakiliy\u00ean wan y\u00ean seks\u00ee bike.<\/h3>\n","protected":false},"excerpt":{"rendered":"<p>Di be\u015fa bor\u00ee ya niv\u00eesa xwe de bi ser nav\u00ea &#8220;20 Serp\u00eahat\u00ee ji t\u00eakiliy\u00ean cins\u00ee di n\u00eavbera berpirs\u00ean PKK\u2019\u00ea de&#8221; me amaje bi t\u00eakiliy\u00ean seks\u00ee y\u00ean di n\u00eavbera Bahoz Erdal \u00fb her du B\u00ear\u00eetanan, her weha t\u00eakiliy\u00ean seks\u00ee y\u00ean di n\u00eavbera du berpirs\u00ean asay\u00ee\u015f\u00ea y\u00ean YPG\u2019\u00ea bi ke\u00e7 \u00fb jina bazirganek\u00ee bi nav\u00ea Merwan re [&hellip;]<\/p>\n","protected":false},"author":2,"featured_media":1034894,"comment_status":"closed","ping_status":"closed","sticky":false,"template":"","format":"standard","meta":{"footnotes":""},"categories":[40],"tags":[37],"class_list":["post-1034889","post","type-post","status-publish","format-standard","has-post-thumbnail","hentry","category-niheni","tag-sereke"],"blocksy_meta":[],"seo_head":"<!-- This site is optimized with the Yoast SEO plugin v27.5 - https:\/\/yoast.com\/product\/yoast-seo-wordpress\/ -->\n<title>Darka Maz\u00ee t\u00eakiliy\u00ean seks\u00ee y\u00ean di n\u00eavbera berpirseka PKK\u2019\u00ea \u00fb \u015fof\u00ear\u00ea w\u00ea de e\u015fkere dike - Darka Maz\u00ee<\/title>\n<meta name=\"robots\" content=\"index, follow, max-snippet:-1, max-image-preview:large, max-video-preview:-1\" \/>\n<link rel=\"canonical\" href=\"https:\/\/darkamazi.info\/archives\/1034889\" \/>\n<meta property=\"og:locale\" content=\"en_US\" \/>\n<meta property=\"og:type\" content=\"article\" \/>\n<meta property=\"og:title\" content=\"Darka Maz\u00ee t\u00eakiliy\u00ean seks\u00ee y\u00ean di n\u00eavbera berpirseka PKK\u2019\u00ea \u00fb \u015fof\u00ear\u00ea w\u00ea de e\u015fkere dike - Darka Maz\u00ee\" \/>\n<meta property=\"og:description\" content=\"Di be\u015fa bor\u00ee ya niv\u00eesa xwe de bi ser nav\u00ea &#8220;20 Serp\u00eahat\u00ee ji t\u00eakiliy\u00ean cins\u00ee di n\u00eavbera berpirs\u00ean PKK\u2019\u00ea de&#8221; me amaje bi t\u00eakiliy\u00ean seks\u00ee y\u00ean di n\u00eavbera Bahoz Erdal \u00fb her du B\u00ear\u00eetanan, her weha t\u00eakiliy\u00ean seks\u00ee y\u00ean di n\u00eavbera du berpirs\u00ean asay\u00ee\u015f\u00ea y\u00ean YPG\u2019\u00ea bi ke\u00e7 \u00fb jina bazirganek\u00ee bi nav\u00ea Merwan re [&hellip;]\" \/>\n<meta property=\"og:url\" content=\"https:\/\/darkamazi.info\/archives\/1034889\" \/>\n<meta property=\"og:site_name\" content=\"Darka Maz\u00ee\" \/>\n<meta property=\"article:publisher\" content=\"https:\/\/www.facebook.com\/DarMaziKurmanci\" \/>\n<meta property=\"article:published_time\" content=\"2023-01-29T15:08:35+00:00\" \/>\n<meta property=\"og:image\" content=\"https:\/\/darkamazi.info\/file\/2023\/01\/pkk-xx.jpg\" \/>\n\t<meta property=\"og:image:width\" content=\"900\" \/>\n\t<meta property=\"og:image:height\" content=\"497\" \/>\n\t<meta property=\"og:image:type\" content=\"image\/jpeg\" \/>\n<meta name=\"author\" content=\"darka mazi\" \/>\n<meta name=\"twitter:card\" content=\"summary_large_image\" \/>\n<meta name=\"twitter:creator\" content=\"@DarkaMaziLatini\" \/>\n<meta name=\"twitter:site\" content=\"@DarkaMaziLatini\" \/>\n<meta name=\"twitter:label1\" content=\"Written by\" \/>\n\t<meta name=\"twitter:data1\" content=\"darka mazi\" \/>\n\t<meta name=\"twitter:label2\" content=\"Est. reading time\" \/>\n\t<meta name=\"twitter:data2\" content=\"3 minutes\" \/>\n<script type=\"application\/ld+json\" class=\"seo-schema-graph\">{\"@context\":\"https:\\\/\\\/schema.org\",\"@graph\":[{\"@type\":\"Article\",\"@id\":\"https:\\\/\\\/darkamazi.info\\\/archives\\\/1034889#article\",\"isPartOf\":{\"@id\":\"https:\\\/\\\/darkamazi.info\\\/archives\\\/1034889\"},\"author\":{\"name\":\"darka mazi\",\"@id\":\"https:\\\/\\\/darkamazi.info\\\/#\\\/schema\\\/person\\\/5ad3e24553a0567993fa8ed4bd0a776c\"},\"headline\":\"Darka Maz\u00ee t\u00eakiliy\u00ean seks\u00ee y\u00ean di n\u00eavbera berpirseka PKK\u2019\u00ea \u00fb \u015fof\u00ear\u00ea w\u00ea de e\u015fkere dike\",\"datePublished\":\"2023-01-29T15:08:35+00:00\",\"mainEntityOfPage\":{\"@id\":\"https:\\\/\\\/darkamazi.info\\\/archives\\\/1034889\"},\"wordCount\":621,\"publisher\":{\"@id\":\"https:\\\/\\\/darkamazi.info\\\/#organization\"},\"image\":{\"@id\":\"https:\\\/\\\/darkamazi.info\\\/archives\\\/1034889#primaryimage\"},\"thumbnailUrl\":\"https:\\\/\\\/darkamazi.info\\\/darka-content\\\/uploads\\\/2023\\\/01\\\/pkk-xx.jpg\",\"keywords\":[\"sereke\"],\"articleSection\":[\"Nih\u00ean\u00ee\"],\"inLanguage\":\"en-US\"},{\"@type\":\"WebPage\",\"@id\":\"https:\\\/\\\/darkamazi.info\\\/archives\\\/1034889\",\"url\":\"https:\\\/\\\/darkamazi.info\\\/archives\\\/1034889\",\"name\":\"Darka Maz\u00ee t\u00eakiliy\u00ean seks\u00ee y\u00ean di n\u00eavbera berpirseka PKK\u2019\u00ea \u00fb \u015fof\u00ear\u00ea w\u00ea de e\u015fkere dike - Darka Maz\u00ee\",\"isPartOf\":{\"@id\":\"https:\\\/\\\/darkamazi.info\\\/#website\"},\"primaryImageOfPage\":{\"@id\":\"https:\\\/\\\/darkamazi.info\\\/archives\\\/1034889#primaryimage\"},\"image\":{\"@id\":\"https:\\\/\\\/darkamazi.info\\\/archives\\\/1034889#primaryimage\"},\"thumbnailUrl\":\"https:\\\/\\\/darkamazi.info\\\/darka-content\\\/uploads\\\/2023\\\/01\\\/pkk-xx.jpg\",\"datePublished\":\"2023-01-29T15:08:35+00:00\",\"breadcrumb\":{\"@id\":\"https:\\\/\\\/darkamazi.info\\\/archives\\\/1034889#breadcrumb\"},\"inLanguage\":\"en-US\",\"potentialAction\":[{\"@type\":\"ReadAction\",\"target\":[\"https:\\\/\\\/darkamazi.info\\\/archives\\\/1034889\"]}]},{\"@type\":\"ImageObject\",\"inLanguage\":\"en-US\",\"@id\":\"https:\\\/\\\/darkamazi.info\\\/archives\\\/1034889#primaryimage\",\"url\":\"https:\\\/\\\/darkamazi.info\\\/darka-content\\\/uploads\\\/2023\\\/01\\\/pkk-xx.jpg\",\"contentUrl\":\"https:\\\/\\\/darkamazi.info\\\/darka-content\\\/uploads\\\/2023\\\/01\\\/pkk-xx.jpg\",\"width\":900,\"height\":497,\"caption\":\"Darka Maz\u00ee t\u00eakiliy\u00ean seks\u00ee y\u00ean di n\u00eavbera berpirseka PKK\u2019\u00ea \u00fb \u015fof\u00ear\u00ea w\u00ea de e\u015fkere dike\"},{\"@type\":\"BreadcrumbList\",\"@id\":\"https:\\\/\\\/darkamazi.info\\\/archives\\\/1034889#breadcrumb\",\"itemListElement\":[{\"@type\":\"ListItem\",\"position\":1,\"name\":\"Home\",\"item\":\"https:\\\/\\\/darkamazi.info\\\/\"},{\"@type\":\"ListItem\",\"position\":2,\"name\":\"Darka Maz\u00ee t\u00eakiliy\u00ean seks\u00ee y\u00ean di n\u00eavbera berpirseka PKK\u2019\u00ea \u00fb \u015fof\u00ear\u00ea w\u00ea de e\u015fkere dike\"}]},{\"@type\":\"WebSite\",\"@id\":\"https:\\\/\\\/darkamazi.info\\\/#website\",\"url\":\"https:\\\/\\\/darkamazi.info\\\/\",\"name\":\"Darka Maz\u00ee\",\"description\":\"P\u00eageha Zanyariy\u00ean Nebih\u00eest\u00ee\",\"publisher\":{\"@id\":\"https:\\\/\\\/darkamazi.info\\\/#organization\"},\"potentialAction\":[{\"@type\":\"SearchAction\",\"target\":{\"@type\":\"EntryPoint\",\"urlTemplate\":\"https:\\\/\\\/darkamazi.info\\\/?s={search_term_string}\"},\"query-input\":{\"@type\":\"PropertyValueSpecification\",\"valueRequired\":true,\"valueName\":\"search_term_string\"}}],\"inLanguage\":\"en-US\"},{\"@type\":\"Organization\",\"@id\":\"https:\\\/\\\/darkamazi.info\\\/#organization\",\"name\":\"Darka Maz\u00ee\",\"url\":\"https:\\\/\\\/darkamazi.info\\\/\",\"logo\":{\"@type\":\"ImageObject\",\"inLanguage\":\"en-US\",\"@id\":\"https:\\\/\\\/darkamazi.info\\\/#\\\/schema\\\/logo\\\/image\\\/\",\"url\":\"https:\\\/\\\/darkamazi.info\\\/darka-content\\\/uploads\\\/2017\\\/12\\\/darka-mazi-logo.png\",\"contentUrl\":\"https:\\\/\\\/darkamazi.info\\\/darka-content\\\/uploads\\\/2017\\\/12\\\/darka-mazi-logo.png\",\"width\":151,\"height\":75,\"caption\":\"Darka Maz\u00ee\"},\"image\":{\"@id\":\"https:\\\/\\\/darkamazi.info\\\/#\\\/schema\\\/logo\\\/image\\\/\"},\"sameAs\":[\"https:\\\/\\\/www.facebook.com\\\/DarMaziKurmanci\",\"https:\\\/\\\/x.com\\\/DarkaMaziLatini\",\"https:\\\/\\\/www.instagram.com\\\/darkamazi.kurmanci\\\/\",\"https:\\\/\\\/www.youtube.com\\\/channel\\\/UCa5HkTdmI8U1qCUFuTw8B2g\"]},{\"@type\":\"Person\",\"@id\":\"https:\\\/\\\/darkamazi.info\\\/#\\\/schema\\\/person\\\/5ad3e24553a0567993fa8ed4bd0a776c\",\"name\":\"darka mazi\",\"sameAs\":[\"https:\\\/\\\/darkamazi.info\\\/\"],\"url\":\"https:\\\/\\\/darkamazi.info\\\/archives\\\/author\\\/kurdi\"}]}<\/script>\n<!-- \/ Yoast SEO plugin. -->","seo_head_json":{"title":"Darka Maz\u00ee t\u00eakiliy\u00ean seks\u00ee y\u00ean di n\u00eavbera berpirseka PKK\u2019\u00ea \u00fb \u015fof\u00ear\u00ea w\u00ea de e\u015fkere dike - Darka Maz\u00ee","robots":{"index":"index","follow":"follow","max-snippet":"max-snippet:-1","max-image-preview":"max-image-preview:large","max-video-preview":"max-video-preview:-1"},"canonical":"https:\/\/darkamazi.info\/archives\/1034889","og_locale":"en_US","og_type":"article","og_title":"Darka Maz\u00ee t\u00eakiliy\u00ean seks\u00ee y\u00ean di n\u00eavbera berpirseka PKK\u2019\u00ea \u00fb \u015fof\u00ear\u00ea w\u00ea de e\u015fkere dike - Darka Maz\u00ee","og_description":"Di be\u015fa bor\u00ee ya niv\u00eesa xwe de bi ser nav\u00ea &#8220;20 Serp\u00eahat\u00ee ji t\u00eakiliy\u00ean cins\u00ee di n\u00eavbera berpirs\u00ean PKK\u2019\u00ea de&#8221; me amaje bi t\u00eakiliy\u00ean seks\u00ee y\u00ean di n\u00eavbera Bahoz Erdal \u00fb her du B\u00ear\u00eetanan, her weha t\u00eakiliy\u00ean seks\u00ee y\u00ean di n\u00eavbera du berpirs\u00ean asay\u00ee\u015f\u00ea y\u00ean YPG\u2019\u00ea bi ke\u00e7 \u00fb jina bazirganek\u00ee bi nav\u00ea Merwan re [&hellip;]","og_url":"https:\/\/darkamazi.info\/archives\/1034889","og_site_name":"Darka Maz\u00ee","article_publisher":"https:\/\/www.facebook.com\/DarMaziKurmanci","article_published_time":"2023-01-29T15:08:35+00:00","og_image":[{"width":900,"height":497,"url":"https:\/\/darkamazi.info\/file\/2023\/01\/pkk-xx.jpg","type":"image\/jpeg"}],"author":"darka mazi","twitter_card":"summary_large_image","twitter_creator":"@DarkaMaziLatini","twitter_site":"@DarkaMaziLatini","twitter_misc":{"Written by":"darka mazi","Est. reading time":"3 minutes"},"schema":{"@context":"https:\/\/schema.org","@graph":[{"@type":"Article","@id":"https:\/\/darkamazi.info\/archives\/1034889#article","isPartOf":{"@id":"https:\/\/darkamazi.info\/archives\/1034889"},"author":{"name":"darka mazi","@id":"https:\/\/darkamazi.info\/#\/schema\/person\/5ad3e24553a0567993fa8ed4bd0a776c"},"headline":"Darka Maz\u00ee t\u00eakiliy\u00ean seks\u00ee y\u00ean di n\u00eavbera berpirseka PKK\u2019\u00ea \u00fb \u015fof\u00ear\u00ea w\u00ea de e\u015fkere dike","datePublished":"2023-01-29T15:08:35+00:00","mainEntityOfPage":{"@id":"https:\/\/darkamazi.info\/archives\/1034889"},"wordCount":621,"publisher":{"@id":"https:\/\/darkamazi.info\/#organization"},"image":{"@id":"https:\/\/darkamazi.info\/archives\/1034889#primaryimage"},"thumbnailUrl":"https:\/\/darkamazi.info\/file\/2023\/01\/pkk-xx.jpg","keywords":["sereke"],"articleSection":["Nih\u00ean\u00ee"],"inLanguage":"en-US"},{"@type":"WebPage","@id":"https:\/\/darkamazi.info\/archives\/1034889","url":"https:\/\/darkamazi.info\/archives\/1034889","name":"Darka Maz\u00ee t\u00eakiliy\u00ean seks\u00ee y\u00ean di n\u00eavbera berpirseka PKK\u2019\u00ea \u00fb \u015fof\u00ear\u00ea w\u00ea de e\u015fkere dike - Darka Maz\u00ee","isPartOf":{"@id":"https:\/\/darkamazi.info\/#website"},"primaryImageOfPage":{"@id":"https:\/\/darkamazi.info\/archives\/1034889#primaryimage"},"image":{"@id":"https:\/\/darkamazi.info\/archives\/1034889#primaryimage"},"thumbnailUrl":"https:\/\/darkamazi.info\/file\/2023\/01\/pkk-xx.jpg","datePublished":"2023-01-29T15:08:35+00:00","breadcrumb":{"@id":"https:\/\/darkamazi.info\/archives\/1034889#breadcrumb"},"inLanguage":"en-US","potentialAction":[{"@type":"ReadAction","target":["https:\/\/darkamazi.info\/archives\/1034889"]}]},{"@type":"ImageObject","inLanguage":"en-US","@id":"https:\/\/darkamazi.info\/archives\/1034889#primaryimage","url":"https:\/\/darkamazi.info\/file\/2023\/01\/pkk-xx.jpg","contentUrl":"https:\/\/darkamazi.info\/file\/2023\/01\/pkk-xx.jpg","width":900,"height":497,"caption":"Darka Maz\u00ee t\u00eakiliy\u00ean seks\u00ee y\u00ean di n\u00eavbera berpirseka PKK\u2019\u00ea \u00fb \u015fof\u00ear\u00ea w\u00ea de e\u015fkere dike"},{"@type":"BreadcrumbList","@id":"https:\/\/darkamazi.info\/archives\/1034889#breadcrumb","itemListElement":[{"@type":"ListItem","position":1,"name":"Home","item":"https:\/\/darkamazi.info\/"},{"@type":"ListItem","position":2,"name":"Darka Maz\u00ee t\u00eakiliy\u00ean seks\u00ee y\u00ean di n\u00eavbera berpirseka PKK\u2019\u00ea \u00fb \u015fof\u00ear\u00ea w\u00ea de e\u015fkere dike"}]},{"@type":"WebSite","@id":"https:\/\/darkamazi.info\/#website","url":"https:\/\/darkamazi.info\/","name":"Darka Maz\u00ee","description":"P\u00eageha Zanyariy\u00ean Nebih\u00eest\u00ee","publisher":{"@id":"https:\/\/darkamazi.info\/#organization"},"potentialAction":[{"@type":"SearchAction","target":{"@type":"EntryPoint","urlTemplate":"https:\/\/darkamazi.info\/?s={search_term_string}"},"query-input":{"@type":"PropertyValueSpecification","valueRequired":true,"valueName":"search_term_string"}}],"inLanguage":"en-US"},{"@type":"Organization","@id":"https:\/\/darkamazi.info\/#organization","name":"Darka Maz\u00ee","url":"https:\/\/darkamazi.info\/","logo":{"@type":"ImageObject","inLanguage":"en-US","@id":"https:\/\/darkamazi.info\/#\/schema\/logo\/image\/","url":"https:\/\/darkamazi.info\/file\/2017\/12\/darka-mazi-logo.png","contentUrl":"https:\/\/darkamazi.info\/file\/2017\/12\/darka-mazi-logo.png","width":151,"height":75,"caption":"Darka Maz\u00ee"},"image":{"@id":"https:\/\/darkamazi.info\/#\/schema\/logo\/image\/"},"sameAs":["https:\/\/www.facebook.com\/DarMaziKurmanci","https:\/\/x.com\/DarkaMaziLatini","https:\/\/www.instagram.com\/darkamazi.kurmanci\/","https:\/\/www.youtube.com\/channel\/UCa5HkTdmI8U1qCUFuTw8B2g"]},{"@type":"Person","@id":"https:\/\/darkamazi.info\/#\/schema\/person\/5ad3e24553a0567993fa8ed4bd0a776c","name":"darka mazi","sameAs":["https:\/\/darkamazi.info\/"],"url":"https:\/\/darkamazi.info\/archives\/author\/kurdi"}]}},"_links":{"self":[{"href":"https:\/\/darkamazi.info\/funavuv\/wp\/v2\/posts\/1034889","targetHints":{"allow":["GET"]}}],"collection":[{"href":"https:\/\/darkamazi.info\/funavuv\/wp\/v2\/posts"}],"about":[{"href":"https:\/\/darkamazi.info\/funavuv\/wp\/v2\/types\/post"}],"author":[{"embeddable":true,"href":"https:\/\/darkamazi.info\/funavuv\/wp\/v2\/users\/2"}],"replies":[{"embeddable":true,"href":"https:\/\/darkamazi.info\/funavuv\/wp\/v2\/comments?post=1034889"}],"version-history":[{"count":0,"href":"https:\/\/darkamazi.info\/funavuv\/wp\/v2\/posts\/1034889\/revisions"}],"wp:featuredmedia":[{"embeddable":true,"href":"https:\/\/darkamazi.info\/funavuv\/wp\/v2\/media\/1034894"}],"wp:attachment":[{"href":"https:\/\/darkamazi.info\/funavuv\/wp\/v2\/media?parent=1034889"}],"wp:term":[{"taxonomy":"category","embeddable":true,"href":"https:\/\/darkamazi.info\/funavuv\/wp\/v2\/categories?post=1034889"},{"taxonomy":"post_tag","embeddable":true,"href":"https:\/\/darkamazi.info\/funavuv\/wp\/v2\/tags?post=1034889"}],"curies":[{"name":"wp","href":"https:\/\/api.w.org\/{rel}","templated":true}]}}