{"id":1034906,"date":"2023-01-30T17:54:05","date_gmt":"2023-01-30T14:54:05","guid":{"rendered":"https:\/\/darkamazi.info\/?p=1034906"},"modified":"2023-01-30T17:54:05","modified_gmt":"2023-01-30T14:54:05","slug":"parlamentera-meclisa-federal-a-elmanya-ye-sevim-dagdelen-buxtan-li-pesmerge-kir","status":"publish","type":"post","link":"https:\/\/darkamazi.info\/archives\/1034906","title":{"rendered":"Parlamentera mecl\u00eesa Federal a Elmanya y\u00ea Sev\u00eem Dagdelen buxtan li P\u00ea\u015fmerge kir"},"content":{"rendered":"<h3 style=\"text-align: justify\"><span style=\"font-family: 'arial black', sans-serif\">Hat zan\u00een ku Sev\u00eem Dagdelen ku parlementera mecl\u00eesa federal a Almanyay\u00ea ye, di axaftina xwe ya li parlamentoy\u00ea de buxtan\u00ean b\u00eabingeh li h\u00eaz\u00ean P\u00ea\u015fmergey\u00ean Kurdistan\u00ea kiriye. Hate zan\u00een ku Sev\u00eem Dagdelen \u00eed\u00eea kiriye ku \u201cDi Komkujiya \u015eingal\u00ea de p\u00ea\u015fmergeyan \u00e7ek\u00ean \u00cazidiyan kom kirin da ku \u00cazid\u00ee b\u00ean qetilkirin.\u201d<\/span><\/h3>\n<h3 style=\"text-align: justify\">Di 18 \u00ea \u00c7ile de Mecl\u00eesa Federal a Ewropay\u00ea komkujiya \u00cazidiyan a di sala 2014 an de weke jenos\u00eed qeb\u00fbl kir. Di r\u00fbni\u015ftina qeb\u00fblkirin\u00ea ya Mecl\u00ees\u00ea de parlamenter\u00ean Elman j\u00ee li ser nav\u00ea kom\u00ean xwe maf\u00ea axaftin\u00ea girtin \u00fb peyiv\u00een.<\/h3>\n<h3 style=\"text-align: center\"><span style=\"color: #8c0808;font-family: 'arial black', sans-serif\">M\u00eemar\u00ea gotina Sev\u00eem Dagdelen k\u00ee ye?<\/span><\/h3>\n<h3 style=\"text-align: justify\">Di man\u015feta Rojnameya PKK \u00ea Ozg\u00fbr Pol\u00eet\u00eeka ku li Ewropay\u00ea we\u015fana xwe dike de n\u00fb\u00e7eyek hate we\u015fandin, n\u00fb\u00e7e dib\u00eaje Sev\u00eem Dagdelen li Mecl\u00ees\u00ea axaftinek kir \u00fb got; \u201cDema ku p\u00ea\u015fmergeyan \u00e7ek\u00ean \u00cazidiyan kom dikirin \u00fb ji \u015eengal\u00ea direviyan, YPG \u00ea gihi\u015ft \u015eingal\u00ea \u00fb \u00cazid\u00ee ji komkuj\u00eey\u00ea rizgar kirin. L\u00ea bel\u00ea tev\u00ee v\u00ea rastiy\u00ea j\u00ee nav\u00ea YPG \u00ea di re\u015fniv\u00ees\u00ea de cih nagire. Ev nay\u00ea qeb\u00fblkirin\u201d<\/h3>\n<h3 style=\"text-align: justify\">Gotina Sev\u00eem Dagdelen a \u201cPeshmerga \u00e7ek\u00ean \u00cazidiyan kom kirin \u00fb reviyan\u201d bi rast\u00ee j\u00ee hevokeke ji bo \u00e7\u00eakirina t\u00eagih\u00ee\u015ftina ku dib\u00eaje, \u2018p\u00ea\u015fmerge b\u00fbne sedema qirkirina \u00cazidiyan\u2019. M\u00eemar\u00ea v\u00ea hevok\u00ea ne Sev\u00eem Dagdelen e. Ji sala 2014 an \u00fb vir ve PKK e bi awayek\u00ee s\u00eestemat\u00eek hewl dide ku t\u00eagihi\u015ftinek\u00ea biafir\u00eene ku p\u00ea\u015fmerge li \u015eingal\u00ea bi Da\u00ee\u015f \u00ea re hevkar\u00ee kiriye. Di v\u00ea mijar\u00ea de bi taybet\u00ee li Elmanyay\u00ea l\u00eakol\u00eeneke d\u00eeplomat\u00eek hat kirin. Her wiha medya PKK \u00ea karek\u00ee xas li ser v\u00ea mijar\u00ea dime\u015f\u00eene.<\/h3>\n<h3 style=\"text-align: center\"><span style=\"color: #8c0808;font-family: 'arial black', sans-serif\">Rojnameya Elman\u00ee j\u00ee axaftina Cem\u00eel Bayik wek \u201cKurd li dij\u00ee Kurd\u201d belav kir<\/span><\/h3>\n<h3 style=\"text-align: justify\">Di hevpeyv\u00eena xwe ya bi Rojnameya Frankfurter Allgemeine re serok\u00ea KCK \u00ea Cem\u00eel Bayik got, \u201c\u00e7ekan nedin P\u00ea\u015fmerge bidin me, \u00e7ek\u00ean ku h\u00fbn didin wan ji Da\u00ee\u015f \u00ea re di\u00e7in\u201d. Bayik di heman gotara xwe de \u00eedia kir ku \u201cP\u00ea\u015fmerge ji bo ku welat\u00ean Rojavay\u00ee destwerdan\u00ea li her\u00eam\u00ea bikin reviyan \u00fb bi zaneb\u00fbn helan ku \u00cazid\u00ee bimirin\u201d rojnameya Allegeminine man\u015feta v\u00ea hevpeyv\u00een\u00ea weke \u201cKurd li dij\u00ee Kurdan\u201d binavkir.<\/h3>\n<h3 style=\"text-align: justify\">Cem\u00eel Bayik ten\u00ea bi v\u00ea yek\u00ea t\u00ear neb\u00fb, di sala 2014 an de hevpeyv\u00eena xwe ya bi R\u00fb\u015fen \u00c7akir re kirib\u00fb de j\u00ee got, \u201cP\u00ea\u015fmerge reviyan\u201d<\/h3>\n<h3 style=\"text-align: justify\">W\u00ea dem\u00ea ji aliy\u00ea Berdevk\u00ea Wezareta P\u00ea\u015fmerge ve li dij\u00ee Cem\u00eel Bayik daxuyaniyek tund hatib\u00fb day\u00een.<\/h3>\n<h3 style=\"text-align: justify\">L\u00ea bel\u00ea PKK hewldan\u00ean xwe y\u00ean re\u015fkirina P\u00ea\u015fmerge berdewam kirin. her w\u00ea dema ku P\u00ea\u015fmerg\u00ea Kurdistan\u00ea senger\u00ean \u015fer\u00ee de parastina xak \u00fb ni\u015ftiman dikir, PKK \u00ea komek jin ku di nav wan de Sev\u00eem Dagdelen j\u00ee heb\u00fb \u015fandin mecl\u00eesa Elmanyay\u00ea \u00e7alakiya r\u00fbni\u015ftin\u00ea p\u00eak an\u00een \u00fb bang li dewlet\u00ean Rojavay\u00ee kir ku \u00e7ekan nedin p\u00ea\u015fmergeyan.<\/h3>\n<h3 style=\"text-align: justify\">Ji w\u00ea roj\u00ea \u00fb vir ve PKK bi awayek\u00ee s\u00eestemat\u00eek dezenformasyon\u00ean xwe y\u00ean li ser \u015eingal, \u00caz\u00eed\u00ee \u00fb P\u00ea\u015fmergeyan berdewam dike.<\/h3>\n<h3 style=\"text-align: center\"><span style=\"color: #8c0808;font-family: 'arial black', sans-serif\">Div\u00ea p\u00ea\u015fmerge li dij\u00ee Partiya \u00c7ep \u00fb Sev\u00eem Dagdelen doz\u00ea veke<\/span><\/h3>\n<h3 style=\"text-align: justify\">Sev\u00eem Dagdelen ji bajar\u00ea Ez\u00eencan\u00ea ye \u00fb li Elmanyay\u00ea ji dayik b\u00fbye. Her \u00e7iqas Kurd e \u00fb bi deng\u00ean Kurdan b\u00fbye parlementer j\u00ee, ew li gel r\u00eaxistin\u00ean \u00e7ep\u00ea tirkan \u00fb PKK \u00ea t\u00eakildar e. L\u00ea wek m\u00eesyonerek\u00ee diplomatik y\u00ea PKK \u00ea tevdigere. Bi v\u00ee away\u00ee PKK pi\u015ftgiriya xwe ya di hilbijartinan de dide w\u00ea. Sev\u00eem Dagdelen erka xwe ya perleman\u00ee li dij\u00ee Kurdan bi kar t\u00eene.<\/h3>\n<h3 style=\"text-align: justify\">T\u00eakiliy\u00ean di navbera wan de y\u00ean pi\u015ftgir\u00eeya dengdan\u00ea \u00fb hwd heta radeyek\u00ea t\u00ea f\u00eamkirin, l\u00ea daxuyaniy\u00ean Sev\u00eem Dagdelen li dij\u00ee Her\u00eama Kurdistan\u00ea, P\u00ea\u015fmerge \u00fb PDK \u00ea di her firsend\u00ea de \u00e7\u00eadibin. Dijminatiya w\u00ea ji \u00e7ep\u00ea tirk \u00fb j\u00ee p\u00eakhatey\u00ean k\u00fbr \u00ean li pi\u015ft wan destn\u00ee\u015fan dike.<\/h3>\n<h3 style=\"text-align: justify\">Di nava p\u00eakhatey\u00ean \u00c7ep \u00ean Elman de, be\u015fek ji wan \u00e7ep\u00ea tirk ve gir\u00eaday\u00ee ne. \u00c7ep\u00ea Tirk Her\u00eama Kurdistan\u00ea weke organ\u00eezasyonek\u00ee netewdewleta Kurd d\u00eeb\u00eene loma j\u00ee pirr bi t\u00fbnd\u00ee \u00eari\u015f dikin.<\/h3>\n<h3 style=\"text-align: justify\">Ango Sev\u00eem Dagdelen di v\u00ee war\u00ee de am\u00fbra PKK \u00fb \u00e7ep\u00ea tirka ne. Di v\u00ea post\u00ea de be\u015fdar\u00ee di helmeta re\u015fkirina h\u00eaz\u00ean P\u00ea\u015fmerge kir\u00ee ye. Heta niha Her\u00eama Kurdistan\u00ea \u00fb h\u00eaz\u00ean P\u00ea\u015fmerge li ser v\u00ea mijar\u00ea nesekin\u00ee ne. Bi taybet\u00ee n\u00fbner\u00ean li Elmanyay\u00ea kar dikin \u00fb xebatkar\u00ean d\u00eeplomas\u00ee dikin ev mijar wek mijarek\u00ee asay\u00ee destgirt\u00ee ye.<\/h3>\n<h3 style=\"text-align: justify\">Di rastiy\u00ea de her \u00e7end ev \u00ear\u00ee\u015f h\u00easan b\u00ean d\u00eetin j\u00ee, l\u00ea pi\u015ft\u00ee demek\u00ea div\u00ea ji van \u00eari\u015f\u00ean b\u00eabext re bibijin bisekine. Heya ku bersiv ji van p\u00eakhateyan re ney\u00ea day\u00een, ew h\u00ea b\u00eahtir b\u00eas\u00eenor \u00eari\u015fker dibin. Ji bo v\u00ea j\u00ee div\u00ea Partiya \u00c7ep a Elman ji ber van buxtanan b\u00ea \u015fermezarkirin \u00fb li dij\u00ee v\u00ea helwest b\u00ea dan\u00een.<\/h3>\n<h3 style=\"text-align: center\"><span style=\"color: #8c0808;font-family: 'arial black', sans-serif\">Di ten\u00ea du sal\u00ean \u015fer\u00ea li dij\u00ee Da\u00ee\u015f \u00ea de 1466 P\u00ea\u015fmerge \u015feh\u00eed b\u00fbn<\/span><\/h3>\n<h3 style=\"text-align: justify\">Ti\u015fta ku li \u015eingal\u00ea qewim\u00ee ji bo Her\u00eama Kurdistan\u00ea pirr zelal in. Di derbar\u00ea b\u00fbyer\u00ea de l\u00eakol\u00een hat kirin. Serok Barzan\u00ee li hember k\u00eamasiy\u00ean ku di ser\u00ee de hatin d\u00eetin helwest n\u00ee\u015fan da. Serok Barzan\u00ee bi xwe operaya rizgarkirina \u015eingal\u00ea bir\u00eave bir.<\/h3>\n<h3 style=\"text-align: justify\">Her wiha ji bo hewar\u00e7\u00fbna \u015eingal\u00ea fermana 2014 an de bi dehan p\u00ea\u015fmergey\u00ean li her\u00eama Z\u00fbmar \u015feh\u00eed b\u00fbn. Ten\u00ea di heyama salek\u00ea ya navbera 2014-2016 de 1466 p\u00ea\u015fmerge \u015feh\u00eed b\u00fbne. Piraniya wan \u015feh\u00eedan ewin y\u00ean ku bi hewara jenos\u00eeda \u015eingal\u00ea \u00e7\u00fb y\u00ee.<\/h3>\n<h3 style=\"text-align: justify\">Her\u00eama Kurdistan\u00ea ji bo rizgarkirina jin\u00ean \u00eaz\u00eed\u00ee hewleke mezin da \u00fb ji bo v\u00ea yek\u00ea hem\u00fb derfet\u00ean mad\u00ee, manew\u00ee \u00fb \u00eestixbarat\u00ee seferber kir. Serok Barzan\u00ee Jin\u00ean \u00cazid\u00ee weke \u201c\u015ferefa netewa Kurd\u201d dit.<\/h3>\n<h3 style=\"text-align: justify\">Ti\u015ft\u00ean ku li \u015eingal\u00ea qewim\u00een b\u00fbyer\u00ean tevlihev in \u00fb li \u015eingal\u00ea komployek li dij\u00ee Her\u00eama Kurdistan\u00ea hate organ\u00eezekirin. PKK serper\u015ft\u00eeya v\u00ea komploy\u00ea dike. PKK weke ta\u015feron\u00ea h\u00eaz\u00ean komploger li \u015eingal\u00ea tevdigere \u00fb p\u00eakhatey\u00ean xwe y\u00ean li Ewropa, Bakur \u00fb Rojava j\u00ee bi heman armanc\u00ea bi kar t\u00eene.<\/h3>\n<h3 style=\"text-align: justify\">Gava ku mirov bi v\u00ea perspekt\u00eef\u00ea li tabloy\u00ea din\u00eare bi zelal\u00ee dibine ku \u015eagirta Yal\u00e7in Ku\u00e7ik anku Sev\u00eem Dagdelen j\u00ee komploger e. H\u00eaz\u00ean komploger bi dur\u00fbti \u00fb b\u00eabext\u00eeyek mezin tevdigerin. Ya ku hatiye kirin j\u00ee ev e.<\/h3>\n<h3 style=\"text-align: justify\">PKK dizane ku pi\u015ft\u00ee naskirina jenosay\u00eeda \u00cazidiyan ji aliy\u00ea Elmanyay\u00ea ve w\u00ea projey\u00ean n\u00fb b\u00ean \u00e7\u00eakirin \u00fb gav\u00ean n\u00fb b\u00ean av\u00eatin. Ji ber v\u00ea yek\u00ea j\u00ee PKK \u00fb p\u00eakhatey\u00ean w\u00ea, li Elmanya \u00fb hem\u00fb Ewropa manip\u00fclasyona xwe ya li ser \u015eingal\u00ea d\u00ea z\u00eadetir bike.<\/h3>\n","protected":false},"excerpt":{"rendered":"<p>Hat zan\u00een ku Sev\u00eem Dagdelen ku parlementera mecl\u00eesa federal a Almanyay\u00ea ye, di axaftina xwe ya li parlamentoy\u00ea de buxtan\u00ean b\u00eabingeh li h\u00eaz\u00ean P\u00ea\u015fmergey\u00ean Kurdistan\u00ea kiriye. Hate zan\u00een ku Sev\u00eem Dagdelen \u00eed\u00eea kiriye ku \u201cDi Komkujiya \u015eingal\u00ea de p\u00ea\u015fmergeyan \u00e7ek\u00ean \u00cazidiyan kom kirin da ku \u00cazid\u00ee b\u00ean qetilkirin.\u201d Di 18 \u00ea \u00c7ile de Mecl\u00eesa Federal [&hellip;]<\/p>\n","protected":false},"author":2,"featured_media":1034911,"comment_status":"closed","ping_status":"closed","sticky":false,"template":"","format":"standard","meta":{"footnotes":""},"categories":[68],"tags":[37],"class_list":["post-1034906","post","type-post","status-publish","format-standard","has-post-thumbnail","hentry","category-analiz","tag-sereke"],"blocksy_meta":[],"seo_head":"<!-- This site is optimized with the Yoast SEO plugin v27.5 - https:\/\/yoast.com\/product\/yoast-seo-wordpress\/ -->\n<title>Parlamentera mecl\u00eesa Federal a Elmanya y\u00ea Sev\u00eem Dagdelen buxtan li P\u00ea\u015fmerge kir - Darka Maz\u00ee<\/title>\n<meta name=\"robots\" content=\"index, follow, max-snippet:-1, max-image-preview:large, max-video-preview:-1\" \/>\n<link rel=\"canonical\" href=\"https:\/\/darkamazi.info\/archives\/1034906\" \/>\n<meta property=\"og:locale\" content=\"en_US\" \/>\n<meta property=\"og:type\" content=\"article\" \/>\n<meta property=\"og:title\" content=\"Parlamentera mecl\u00eesa Federal a Elmanya y\u00ea Sev\u00eem Dagdelen buxtan li P\u00ea\u015fmerge kir - Darka Maz\u00ee\" \/>\n<meta property=\"og:description\" content=\"Hat zan\u00een ku Sev\u00eem Dagdelen ku parlementera mecl\u00eesa federal a Almanyay\u00ea ye, di axaftina xwe ya li parlamentoy\u00ea de buxtan\u00ean b\u00eabingeh li h\u00eaz\u00ean P\u00ea\u015fmergey\u00ean Kurdistan\u00ea kiriye. Hate zan\u00een ku Sev\u00eem Dagdelen \u00eed\u00eea kiriye ku \u201cDi Komkujiya \u015eingal\u00ea de p\u00ea\u015fmergeyan \u00e7ek\u00ean \u00cazidiyan kom kirin da ku \u00cazid\u00ee b\u00ean qetilkirin.\u201d Di 18 \u00ea \u00c7ile de Mecl\u00eesa Federal [&hellip;]\" \/>\n<meta property=\"og:url\" content=\"https:\/\/darkamazi.info\/archives\/1034906\" \/>\n<meta property=\"og:site_name\" content=\"Darka Maz\u00ee\" \/>\n<meta property=\"article:publisher\" content=\"https:\/\/www.facebook.com\/DarMaziKurmanci\" \/>\n<meta property=\"article:published_time\" content=\"2023-01-30T14:54:05+00:00\" \/>\n<meta property=\"og:image\" content=\"https:\/\/darkamazi.info\/file\/2023\/01\/sevim-darkamazi.jpg\" \/>\n\t<meta property=\"og:image:width\" content=\"900\" \/>\n\t<meta property=\"og:image:height\" content=\"497\" \/>\n\t<meta property=\"og:image:type\" content=\"image\/jpeg\" \/>\n<meta name=\"author\" content=\"darka mazi\" \/>\n<meta name=\"twitter:card\" content=\"summary_large_image\" \/>\n<meta name=\"twitter:creator\" content=\"@DarkaMaziLatini\" \/>\n<meta name=\"twitter:site\" content=\"@DarkaMaziLatini\" \/>\n<meta name=\"twitter:label1\" content=\"Written by\" \/>\n\t<meta name=\"twitter:data1\" content=\"darka mazi\" \/>\n\t<meta name=\"twitter:label2\" content=\"Est. reading time\" \/>\n\t<meta name=\"twitter:data2\" content=\"5 minutes\" \/>\n<script type=\"application\/ld+json\" class=\"seo-schema-graph\">{\"@context\":\"https:\\\/\\\/schema.org\",\"@graph\":[{\"@type\":\"Article\",\"@id\":\"https:\\\/\\\/darkamazi.info\\\/archives\\\/1034906#article\",\"isPartOf\":{\"@id\":\"https:\\\/\\\/darkamazi.info\\\/archives\\\/1034906\"},\"author\":{\"name\":\"darka mazi\",\"@id\":\"https:\\\/\\\/darkamazi.info\\\/#\\\/schema\\\/person\\\/5ad3e24553a0567993fa8ed4bd0a776c\"},\"headline\":\"Parlamentera mecl\u00eesa Federal a Elmanya y\u00ea Sev\u00eem Dagdelen buxtan li P\u00ea\u015fmerge kir\",\"datePublished\":\"2023-01-30T14:54:05+00:00\",\"mainEntityOfPage\":{\"@id\":\"https:\\\/\\\/darkamazi.info\\\/archives\\\/1034906\"},\"wordCount\":1173,\"publisher\":{\"@id\":\"https:\\\/\\\/darkamazi.info\\\/#organization\"},\"image\":{\"@id\":\"https:\\\/\\\/darkamazi.info\\\/archives\\\/1034906#primaryimage\"},\"thumbnailUrl\":\"https:\\\/\\\/darkamazi.info\\\/darka-content\\\/uploads\\\/2023\\\/01\\\/sevim-darkamazi.jpg\",\"keywords\":[\"sereke\"],\"articleSection\":[\"Anal\u00eez\"],\"inLanguage\":\"en-US\"},{\"@type\":\"WebPage\",\"@id\":\"https:\\\/\\\/darkamazi.info\\\/archives\\\/1034906\",\"url\":\"https:\\\/\\\/darkamazi.info\\\/archives\\\/1034906\",\"name\":\"Parlamentera mecl\u00eesa Federal a Elmanya y\u00ea Sev\u00eem Dagdelen buxtan li P\u00ea\u015fmerge kir - Darka Maz\u00ee\",\"isPartOf\":{\"@id\":\"https:\\\/\\\/darkamazi.info\\\/#website\"},\"primaryImageOfPage\":{\"@id\":\"https:\\\/\\\/darkamazi.info\\\/archives\\\/1034906#primaryimage\"},\"image\":{\"@id\":\"https:\\\/\\\/darkamazi.info\\\/archives\\\/1034906#primaryimage\"},\"thumbnailUrl\":\"https:\\\/\\\/darkamazi.info\\\/darka-content\\\/uploads\\\/2023\\\/01\\\/sevim-darkamazi.jpg\",\"datePublished\":\"2023-01-30T14:54:05+00:00\",\"breadcrumb\":{\"@id\":\"https:\\\/\\\/darkamazi.info\\\/archives\\\/1034906#breadcrumb\"},\"inLanguage\":\"en-US\",\"potentialAction\":[{\"@type\":\"ReadAction\",\"target\":[\"https:\\\/\\\/darkamazi.info\\\/archives\\\/1034906\"]}]},{\"@type\":\"ImageObject\",\"inLanguage\":\"en-US\",\"@id\":\"https:\\\/\\\/darkamazi.info\\\/archives\\\/1034906#primaryimage\",\"url\":\"https:\\\/\\\/darkamazi.info\\\/darka-content\\\/uploads\\\/2023\\\/01\\\/sevim-darkamazi.jpg\",\"contentUrl\":\"https:\\\/\\\/darkamazi.info\\\/darka-content\\\/uploads\\\/2023\\\/01\\\/sevim-darkamazi.jpg\",\"width\":900,\"height\":497,\"caption\":\"Parlamentera mecl\u00eesa Federal a Elmanya y\u00ea Sev\u00eem Dagdelen buxtan li P\u00ea\u015fmerge kir\"},{\"@type\":\"BreadcrumbList\",\"@id\":\"https:\\\/\\\/darkamazi.info\\\/archives\\\/1034906#breadcrumb\",\"itemListElement\":[{\"@type\":\"ListItem\",\"position\":1,\"name\":\"Home\",\"item\":\"https:\\\/\\\/darkamazi.info\\\/\"},{\"@type\":\"ListItem\",\"position\":2,\"name\":\"Parlamentera mecl\u00eesa Federal a Elmanya y\u00ea Sev\u00eem Dagdelen buxtan li P\u00ea\u015fmerge kir\"}]},{\"@type\":\"WebSite\",\"@id\":\"https:\\\/\\\/darkamazi.info\\\/#website\",\"url\":\"https:\\\/\\\/darkamazi.info\\\/\",\"name\":\"Darka Maz\u00ee\",\"description\":\"P\u00eageha Zanyariy\u00ean Nebih\u00eest\u00ee\",\"publisher\":{\"@id\":\"https:\\\/\\\/darkamazi.info\\\/#organization\"},\"potentialAction\":[{\"@type\":\"SearchAction\",\"target\":{\"@type\":\"EntryPoint\",\"urlTemplate\":\"https:\\\/\\\/darkamazi.info\\\/?s={search_term_string}\"},\"query-input\":{\"@type\":\"PropertyValueSpecification\",\"valueRequired\":true,\"valueName\":\"search_term_string\"}}],\"inLanguage\":\"en-US\"},{\"@type\":\"Organization\",\"@id\":\"https:\\\/\\\/darkamazi.info\\\/#organization\",\"name\":\"Darka Maz\u00ee\",\"url\":\"https:\\\/\\\/darkamazi.info\\\/\",\"logo\":{\"@type\":\"ImageObject\",\"inLanguage\":\"en-US\",\"@id\":\"https:\\\/\\\/darkamazi.info\\\/#\\\/schema\\\/logo\\\/image\\\/\",\"url\":\"https:\\\/\\\/darkamazi.info\\\/darka-content\\\/uploads\\\/2017\\\/12\\\/darka-mazi-logo.png\",\"contentUrl\":\"https:\\\/\\\/darkamazi.info\\\/darka-content\\\/uploads\\\/2017\\\/12\\\/darka-mazi-logo.png\",\"width\":151,\"height\":75,\"caption\":\"Darka Maz\u00ee\"},\"image\":{\"@id\":\"https:\\\/\\\/darkamazi.info\\\/#\\\/schema\\\/logo\\\/image\\\/\"},\"sameAs\":[\"https:\\\/\\\/www.facebook.com\\\/DarMaziKurmanci\",\"https:\\\/\\\/x.com\\\/DarkaMaziLatini\",\"https:\\\/\\\/www.instagram.com\\\/darkamazi.kurmanci\\\/\",\"https:\\\/\\\/www.youtube.com\\\/channel\\\/UCa5HkTdmI8U1qCUFuTw8B2g\"]},{\"@type\":\"Person\",\"@id\":\"https:\\\/\\\/darkamazi.info\\\/#\\\/schema\\\/person\\\/5ad3e24553a0567993fa8ed4bd0a776c\",\"name\":\"darka mazi\",\"sameAs\":[\"https:\\\/\\\/darkamazi.info\\\/\"],\"url\":\"https:\\\/\\\/darkamazi.info\\\/archives\\\/author\\\/kurdi\"}]}<\/script>\n<!-- \/ Yoast SEO plugin. -->","seo_head_json":{"title":"Parlamentera mecl\u00eesa Federal a Elmanya y\u00ea Sev\u00eem Dagdelen buxtan li P\u00ea\u015fmerge kir - Darka Maz\u00ee","robots":{"index":"index","follow":"follow","max-snippet":"max-snippet:-1","max-image-preview":"max-image-preview:large","max-video-preview":"max-video-preview:-1"},"canonical":"https:\/\/darkamazi.info\/archives\/1034906","og_locale":"en_US","og_type":"article","og_title":"Parlamentera mecl\u00eesa Federal a Elmanya y\u00ea Sev\u00eem Dagdelen buxtan li P\u00ea\u015fmerge kir - Darka Maz\u00ee","og_description":"Hat zan\u00een ku Sev\u00eem Dagdelen ku parlementera mecl\u00eesa federal a Almanyay\u00ea ye, di axaftina xwe ya li parlamentoy\u00ea de buxtan\u00ean b\u00eabingeh li h\u00eaz\u00ean P\u00ea\u015fmergey\u00ean Kurdistan\u00ea kiriye. Hate zan\u00een ku Sev\u00eem Dagdelen \u00eed\u00eea kiriye ku \u201cDi Komkujiya \u015eingal\u00ea de p\u00ea\u015fmergeyan \u00e7ek\u00ean \u00cazidiyan kom kirin da ku \u00cazid\u00ee b\u00ean qetilkirin.\u201d Di 18 \u00ea \u00c7ile de Mecl\u00eesa Federal [&hellip;]","og_url":"https:\/\/darkamazi.info\/archives\/1034906","og_site_name":"Darka Maz\u00ee","article_publisher":"https:\/\/www.facebook.com\/DarMaziKurmanci","article_published_time":"2023-01-30T14:54:05+00:00","og_image":[{"width":900,"height":497,"url":"https:\/\/darkamazi.info\/file\/2023\/01\/sevim-darkamazi.jpg","type":"image\/jpeg"}],"author":"darka mazi","twitter_card":"summary_large_image","twitter_creator":"@DarkaMaziLatini","twitter_site":"@DarkaMaziLatini","twitter_misc":{"Written by":"darka mazi","Est. reading time":"5 minutes"},"schema":{"@context":"https:\/\/schema.org","@graph":[{"@type":"Article","@id":"https:\/\/darkamazi.info\/archives\/1034906#article","isPartOf":{"@id":"https:\/\/darkamazi.info\/archives\/1034906"},"author":{"name":"darka mazi","@id":"https:\/\/darkamazi.info\/#\/schema\/person\/5ad3e24553a0567993fa8ed4bd0a776c"},"headline":"Parlamentera mecl\u00eesa Federal a Elmanya y\u00ea Sev\u00eem Dagdelen buxtan li P\u00ea\u015fmerge kir","datePublished":"2023-01-30T14:54:05+00:00","mainEntityOfPage":{"@id":"https:\/\/darkamazi.info\/archives\/1034906"},"wordCount":1173,"publisher":{"@id":"https:\/\/darkamazi.info\/#organization"},"image":{"@id":"https:\/\/darkamazi.info\/archives\/1034906#primaryimage"},"thumbnailUrl":"https:\/\/darkamazi.info\/file\/2023\/01\/sevim-darkamazi.jpg","keywords":["sereke"],"articleSection":["Anal\u00eez"],"inLanguage":"en-US"},{"@type":"WebPage","@id":"https:\/\/darkamazi.info\/archives\/1034906","url":"https:\/\/darkamazi.info\/archives\/1034906","name":"Parlamentera mecl\u00eesa Federal a Elmanya y\u00ea Sev\u00eem Dagdelen buxtan li P\u00ea\u015fmerge kir - Darka Maz\u00ee","isPartOf":{"@id":"https:\/\/darkamazi.info\/#website"},"primaryImageOfPage":{"@id":"https:\/\/darkamazi.info\/archives\/1034906#primaryimage"},"image":{"@id":"https:\/\/darkamazi.info\/archives\/1034906#primaryimage"},"thumbnailUrl":"https:\/\/darkamazi.info\/file\/2023\/01\/sevim-darkamazi.jpg","datePublished":"2023-01-30T14:54:05+00:00","breadcrumb":{"@id":"https:\/\/darkamazi.info\/archives\/1034906#breadcrumb"},"inLanguage":"en-US","potentialAction":[{"@type":"ReadAction","target":["https:\/\/darkamazi.info\/archives\/1034906"]}]},{"@type":"ImageObject","inLanguage":"en-US","@id":"https:\/\/darkamazi.info\/archives\/1034906#primaryimage","url":"https:\/\/darkamazi.info\/file\/2023\/01\/sevim-darkamazi.jpg","contentUrl":"https:\/\/darkamazi.info\/file\/2023\/01\/sevim-darkamazi.jpg","width":900,"height":497,"caption":"Parlamentera mecl\u00eesa Federal a Elmanya y\u00ea Sev\u00eem Dagdelen buxtan li P\u00ea\u015fmerge kir"},{"@type":"BreadcrumbList","@id":"https:\/\/darkamazi.info\/archives\/1034906#breadcrumb","itemListElement":[{"@type":"ListItem","position":1,"name":"Home","item":"https:\/\/darkamazi.info\/"},{"@type":"ListItem","position":2,"name":"Parlamentera mecl\u00eesa Federal a Elmanya y\u00ea Sev\u00eem Dagdelen buxtan li P\u00ea\u015fmerge kir"}]},{"@type":"WebSite","@id":"https:\/\/darkamazi.info\/#website","url":"https:\/\/darkamazi.info\/","name":"Darka Maz\u00ee","description":"P\u00eageha Zanyariy\u00ean Nebih\u00eest\u00ee","publisher":{"@id":"https:\/\/darkamazi.info\/#organization"},"potentialAction":[{"@type":"SearchAction","target":{"@type":"EntryPoint","urlTemplate":"https:\/\/darkamazi.info\/?s={search_term_string}"},"query-input":{"@type":"PropertyValueSpecification","valueRequired":true,"valueName":"search_term_string"}}],"inLanguage":"en-US"},{"@type":"Organization","@id":"https:\/\/darkamazi.info\/#organization","name":"Darka Maz\u00ee","url":"https:\/\/darkamazi.info\/","logo":{"@type":"ImageObject","inLanguage":"en-US","@id":"https:\/\/darkamazi.info\/#\/schema\/logo\/image\/","url":"https:\/\/darkamazi.info\/file\/2017\/12\/darka-mazi-logo.png","contentUrl":"https:\/\/darkamazi.info\/file\/2017\/12\/darka-mazi-logo.png","width":151,"height":75,"caption":"Darka Maz\u00ee"},"image":{"@id":"https:\/\/darkamazi.info\/#\/schema\/logo\/image\/"},"sameAs":["https:\/\/www.facebook.com\/DarMaziKurmanci","https:\/\/x.com\/DarkaMaziLatini","https:\/\/www.instagram.com\/darkamazi.kurmanci\/","https:\/\/www.youtube.com\/channel\/UCa5HkTdmI8U1qCUFuTw8B2g"]},{"@type":"Person","@id":"https:\/\/darkamazi.info\/#\/schema\/person\/5ad3e24553a0567993fa8ed4bd0a776c","name":"darka mazi","sameAs":["https:\/\/darkamazi.info\/"],"url":"https:\/\/darkamazi.info\/archives\/author\/kurdi"}]}},"_links":{"self":[{"href":"https:\/\/darkamazi.info\/funavuv\/wp\/v2\/posts\/1034906","targetHints":{"allow":["GET"]}}],"collection":[{"href":"https:\/\/darkamazi.info\/funavuv\/wp\/v2\/posts"}],"about":[{"href":"https:\/\/darkamazi.info\/funavuv\/wp\/v2\/types\/post"}],"author":[{"embeddable":true,"href":"https:\/\/darkamazi.info\/funavuv\/wp\/v2\/users\/2"}],"replies":[{"embeddable":true,"href":"https:\/\/darkamazi.info\/funavuv\/wp\/v2\/comments?post=1034906"}],"version-history":[{"count":0,"href":"https:\/\/darkamazi.info\/funavuv\/wp\/v2\/posts\/1034906\/revisions"}],"wp:featuredmedia":[{"embeddable":true,"href":"https:\/\/darkamazi.info\/funavuv\/wp\/v2\/media\/1034911"}],"wp:attachment":[{"href":"https:\/\/darkamazi.info\/funavuv\/wp\/v2\/media?parent=1034906"}],"wp:term":[{"taxonomy":"category","embeddable":true,"href":"https:\/\/darkamazi.info\/funavuv\/wp\/v2\/categories?post=1034906"},{"taxonomy":"post_tag","embeddable":true,"href":"https:\/\/darkamazi.info\/funavuv\/wp\/v2\/tags?post=1034906"}],"curies":[{"name":"wp","href":"https:\/\/api.w.org\/{rel}","templated":true}]}}