{"id":1034930,"date":"2023-02-01T09:55:31","date_gmt":"2023-02-01T06:55:31","guid":{"rendered":"https:\/\/darkamazi.info\/?p=1034930"},"modified":"2023-02-01T09:55:31","modified_gmt":"2023-02-01T06:55:31","slug":"li-basike-bi-hest-musekan-erisi-baregeha-serbazi-ya-tirkiye-hat-kirin","status":"publish","type":"post","link":"https:\/\/darkamazi.info\/archives\/1034930","title":{"rendered":"Li Ba\u015f\u00eek\u00ea bi he\u015ft m\u00fb\u015fekan \u00ear\u00ee\u015f\u00ee baregeha serbaz\u00ee ya Tirkiy\u00ea hat kirin"},"content":{"rendered":"<h3 style=\"text-align: justify\"><span style=\"font-family: 'arial black', sans-serif\">Dije Terora Kurdistan\u00ea ragihand, v\u00ea sib\u00ea he\u015ft m\u00fb\u015fek arastey\u00ee baregeha serbaz\u00ee ya Tirkiy\u00ea ya li Z\u00ealkan\u00ea ya li Ba\u015f\u00eek\u00ea hatin kirin.<\/span><\/h3>\n<h3 style=\"text-align: justify\"><span style=\"font-family: arial, helvetica, sans-serif\">\u00cero \u00c7ar\u015fem\u00ea 1\u00ea Sibata 2023an, Dije Terora Kurdistan\u00ea di daxuyaniyek\u00ea de ragihand, v\u00ea sib\u00ea di demjim\u00ear 07:45 xulekan de, he\u015ft m\u00fb\u015fek arastey\u00ee serbazgeha Z\u00ealkan a li nahiya Ba\u015f\u00eek\u00ea ya ser par\u00eazgeha Neyneway\u00ea hatin kirin, ku h\u00eaz\u00ean art\u00ea\u015fa Tirkiy\u00ea t\u00ea de ne.<\/span><\/h3>\n<h3 style=\"text-align: justify\"><span style=\"font-family: arial, helvetica, sans-serif\">Li gor daxuyaniya Dije Terora Kurdistan\u00ea, du ji wan m\u00fb\u015fekan li nav serbazgeh\u00ea ketine xwar\u00ea \u00fb m\u00fb\u015fek\u00ean din li derdora serbazgeh\u00ea ketine.<\/span><\/h3>\n<h3 style=\"text-align: justify\"><span style=\"font-family: arial, helvetica, sans-serif\">Derbar\u00ea ziyan\u00ean \u00ear\u00ee\u015fa m\u00fb\u015fek\u00ee ya li ser baregeha serbaz\u00ee ya Z\u00ealkan\u00ea de, Dije Terora Kurdistan\u00ea didaxuyaniya xwe de e\u015fkere kiriye: \u201cDi \u00ear\u00ee\u015fa m\u00fb\u015fek\u00ee de ti ziyanek\u00ee can\u00ee derneketiye hol\u00ea\u201d.<\/span><\/h3>\n","protected":false},"excerpt":{"rendered":"<p>Dije Terora Kurdistan\u00ea ragihand, v\u00ea sib\u00ea he\u015ft m\u00fb\u015fek arastey\u00ee baregeha serbaz\u00ee ya Tirkiy\u00ea ya li Z\u00ealkan\u00ea ya li Ba\u015f\u00eek\u00ea hatin kirin. \u00cero \u00c7ar\u015fem\u00ea 1\u00ea Sibata 2023an, Dije Terora Kurdistan\u00ea di daxuyaniyek\u00ea de ragihand, v\u00ea sib\u00ea di demjim\u00ear 07:45 xulekan de, he\u015ft m\u00fb\u015fek arastey\u00ee serbazgeha Z\u00ealkan a li nahiya Ba\u015f\u00eek\u00ea ya ser par\u00eazgeha Neyneway\u00ea hatin kirin, [&hellip;]<\/p>\n","protected":false},"author":2,"featured_media":1034931,"comment_status":"closed","ping_status":"closed","sticky":false,"template":"","format":"standard","meta":{"footnotes":""},"categories":[29],"tags":[37],"class_list":["post-1034930","post","type-post","status-publish","format-standard","has-post-thumbnail","hentry","category-kurdistan","tag-sereke"],"blocksy_meta":[],"seo_head":"<!-- This site is optimized with the Yoast SEO plugin v27.5 - https:\/\/yoast.com\/product\/yoast-seo-wordpress\/ -->\n<title>Li Ba\u015f\u00eek\u00ea bi he\u015ft m\u00fb\u015fekan \u00ear\u00ee\u015f\u00ee baregeha serbaz\u00ee ya Tirkiy\u00ea hat kirin - Darka Maz\u00ee<\/title>\n<meta name=\"robots\" content=\"index, follow, max-snippet:-1, max-image-preview:large, max-video-preview:-1\" \/>\n<link rel=\"canonical\" href=\"https:\/\/darkamazi.info\/archives\/1034930\" \/>\n<meta property=\"og:locale\" content=\"en_US\" \/>\n<meta property=\"og:type\" content=\"article\" \/>\n<meta property=\"og:title\" content=\"Li Ba\u015f\u00eek\u00ea bi he\u015ft m\u00fb\u015fekan \u00ear\u00ee\u015f\u00ee baregeha serbaz\u00ee ya Tirkiy\u00ea hat kirin - Darka Maz\u00ee\" \/>\n<meta property=\"og:description\" content=\"Dije Terora Kurdistan\u00ea ragihand, v\u00ea sib\u00ea he\u015ft m\u00fb\u015fek arastey\u00ee baregeha serbaz\u00ee ya Tirkiy\u00ea ya li Z\u00ealkan\u00ea ya li Ba\u015f\u00eek\u00ea hatin kirin. \u00cero \u00c7ar\u015fem\u00ea 1\u00ea Sibata 2023an, Dije Terora Kurdistan\u00ea di daxuyaniyek\u00ea de ragihand, v\u00ea sib\u00ea di demjim\u00ear 07:45 xulekan de, he\u015ft m\u00fb\u015fek arastey\u00ee serbazgeha Z\u00ealkan a li nahiya Ba\u015f\u00eek\u00ea ya ser par\u00eazgeha Neyneway\u00ea hatin kirin, [&hellip;]\" \/>\n<meta property=\"og:url\" content=\"https:\/\/darkamazi.info\/archives\/1034930\" \/>\n<meta property=\"og:site_name\" content=\"Darka Maz\u00ee\" \/>\n<meta property=\"article:publisher\" content=\"https:\/\/www.facebook.com\/DarMaziKurmanci\" \/>\n<meta property=\"article:published_time\" content=\"2023-02-01T06:55:31+00:00\" \/>\n<meta property=\"og:image\" content=\"https:\/\/darkamazi.info\/file\/2023\/02\/turkey-zelkan-army-bomb-drone.jpg\" \/>\n\t<meta property=\"og:image:width\" content=\"781\" \/>\n\t<meta property=\"og:image:height\" content=\"439\" \/>\n\t<meta property=\"og:image:type\" content=\"image\/jpeg\" \/>\n<meta name=\"author\" content=\"darka mazi\" \/>\n<meta name=\"twitter:card\" content=\"summary_large_image\" \/>\n<meta name=\"twitter:creator\" content=\"@DarkaMaziLatini\" \/>\n<meta name=\"twitter:site\" content=\"@DarkaMaziLatini\" \/>\n<meta name=\"twitter:label1\" content=\"Written by\" \/>\n\t<meta name=\"twitter:data1\" content=\"darka mazi\" \/>\n\t<meta name=\"twitter:label2\" content=\"Est. reading time\" \/>\n\t<meta name=\"twitter:data2\" content=\"1 minute\" \/>\n<script type=\"application\/ld+json\" class=\"seo-schema-graph\">{\"@context\":\"https:\\\/\\\/schema.org\",\"@graph\":[{\"@type\":\"Article\",\"@id\":\"https:\\\/\\\/darkamazi.info\\\/archives\\\/1034930#article\",\"isPartOf\":{\"@id\":\"https:\\\/\\\/darkamazi.info\\\/archives\\\/1034930\"},\"author\":{\"name\":\"darka mazi\",\"@id\":\"https:\\\/\\\/darkamazi.info\\\/#\\\/schema\\\/person\\\/5ad3e24553a0567993fa8ed4bd0a776c\"},\"headline\":\"Li Ba\u015f\u00eek\u00ea bi he\u015ft m\u00fb\u015fekan \u00ear\u00ee\u015f\u00ee baregeha serbaz\u00ee ya Tirkiy\u00ea hat kirin\",\"datePublished\":\"2023-02-01T06:55:31+00:00\",\"mainEntityOfPage\":{\"@id\":\"https:\\\/\\\/darkamazi.info\\\/archives\\\/1034930\"},\"wordCount\":149,\"publisher\":{\"@id\":\"https:\\\/\\\/darkamazi.info\\\/#organization\"},\"image\":{\"@id\":\"https:\\\/\\\/darkamazi.info\\\/archives\\\/1034930#primaryimage\"},\"thumbnailUrl\":\"https:\\\/\\\/darkamazi.info\\\/darka-content\\\/uploads\\\/2023\\\/02\\\/turkey-zelkan-army-bomb-drone.jpg\",\"keywords\":[\"sereke\"],\"articleSection\":[\"Kurdistan\"],\"inLanguage\":\"en-US\"},{\"@type\":\"WebPage\",\"@id\":\"https:\\\/\\\/darkamazi.info\\\/archives\\\/1034930\",\"url\":\"https:\\\/\\\/darkamazi.info\\\/archives\\\/1034930\",\"name\":\"Li Ba\u015f\u00eek\u00ea bi he\u015ft m\u00fb\u015fekan \u00ear\u00ee\u015f\u00ee baregeha serbaz\u00ee ya Tirkiy\u00ea hat kirin - Darka Maz\u00ee\",\"isPartOf\":{\"@id\":\"https:\\\/\\\/darkamazi.info\\\/#website\"},\"primaryImageOfPage\":{\"@id\":\"https:\\\/\\\/darkamazi.info\\\/archives\\\/1034930#primaryimage\"},\"image\":{\"@id\":\"https:\\\/\\\/darkamazi.info\\\/archives\\\/1034930#primaryimage\"},\"thumbnailUrl\":\"https:\\\/\\\/darkamazi.info\\\/darka-content\\\/uploads\\\/2023\\\/02\\\/turkey-zelkan-army-bomb-drone.jpg\",\"datePublished\":\"2023-02-01T06:55:31+00:00\",\"breadcrumb\":{\"@id\":\"https:\\\/\\\/darkamazi.info\\\/archives\\\/1034930#breadcrumb\"},\"inLanguage\":\"en-US\",\"potentialAction\":[{\"@type\":\"ReadAction\",\"target\":[\"https:\\\/\\\/darkamazi.info\\\/archives\\\/1034930\"]}]},{\"@type\":\"ImageObject\",\"inLanguage\":\"en-US\",\"@id\":\"https:\\\/\\\/darkamazi.info\\\/archives\\\/1034930#primaryimage\",\"url\":\"https:\\\/\\\/darkamazi.info\\\/darka-content\\\/uploads\\\/2023\\\/02\\\/turkey-zelkan-army-bomb-drone.jpg\",\"contentUrl\":\"https:\\\/\\\/darkamazi.info\\\/darka-content\\\/uploads\\\/2023\\\/02\\\/turkey-zelkan-army-bomb-drone.jpg\",\"width\":781,\"height\":439,\"caption\":\"turkey-zelkan-army-bomb-drone\"},{\"@type\":\"BreadcrumbList\",\"@id\":\"https:\\\/\\\/darkamazi.info\\\/archives\\\/1034930#breadcrumb\",\"itemListElement\":[{\"@type\":\"ListItem\",\"position\":1,\"name\":\"Home\",\"item\":\"https:\\\/\\\/darkamazi.info\\\/\"},{\"@type\":\"ListItem\",\"position\":2,\"name\":\"Li Ba\u015f\u00eek\u00ea bi he\u015ft m\u00fb\u015fekan \u00ear\u00ee\u015f\u00ee baregeha serbaz\u00ee ya Tirkiy\u00ea hat kirin\"}]},{\"@type\":\"WebSite\",\"@id\":\"https:\\\/\\\/darkamazi.info\\\/#website\",\"url\":\"https:\\\/\\\/darkamazi.info\\\/\",\"name\":\"Darka Maz\u00ee\",\"description\":\"P\u00eageha Zanyariy\u00ean Nebih\u00eest\u00ee\",\"publisher\":{\"@id\":\"https:\\\/\\\/darkamazi.info\\\/#organization\"},\"potentialAction\":[{\"@type\":\"SearchAction\",\"target\":{\"@type\":\"EntryPoint\",\"urlTemplate\":\"https:\\\/\\\/darkamazi.info\\\/?s={search_term_string}\"},\"query-input\":{\"@type\":\"PropertyValueSpecification\",\"valueRequired\":true,\"valueName\":\"search_term_string\"}}],\"inLanguage\":\"en-US\"},{\"@type\":\"Organization\",\"@id\":\"https:\\\/\\\/darkamazi.info\\\/#organization\",\"name\":\"Darka Maz\u00ee\",\"url\":\"https:\\\/\\\/darkamazi.info\\\/\",\"logo\":{\"@type\":\"ImageObject\",\"inLanguage\":\"en-US\",\"@id\":\"https:\\\/\\\/darkamazi.info\\\/#\\\/schema\\\/logo\\\/image\\\/\",\"url\":\"https:\\\/\\\/darkamazi.info\\\/darka-content\\\/uploads\\\/2017\\\/12\\\/darka-mazi-logo.png\",\"contentUrl\":\"https:\\\/\\\/darkamazi.info\\\/darka-content\\\/uploads\\\/2017\\\/12\\\/darka-mazi-logo.png\",\"width\":151,\"height\":75,\"caption\":\"Darka Maz\u00ee\"},\"image\":{\"@id\":\"https:\\\/\\\/darkamazi.info\\\/#\\\/schema\\\/logo\\\/image\\\/\"},\"sameAs\":[\"https:\\\/\\\/www.facebook.com\\\/DarMaziKurmanci\",\"https:\\\/\\\/x.com\\\/DarkaMaziLatini\",\"https:\\\/\\\/www.instagram.com\\\/darkamazi.kurmanci\\\/\",\"https:\\\/\\\/www.youtube.com\\\/channel\\\/UCa5HkTdmI8U1qCUFuTw8B2g\"]},{\"@type\":\"Person\",\"@id\":\"https:\\\/\\\/darkamazi.info\\\/#\\\/schema\\\/person\\\/5ad3e24553a0567993fa8ed4bd0a776c\",\"name\":\"darka mazi\",\"sameAs\":[\"https:\\\/\\\/darkamazi.info\\\/\"],\"url\":\"https:\\\/\\\/darkamazi.info\\\/archives\\\/author\\\/kurdi\"}]}<\/script>\n<!-- \/ Yoast SEO plugin. -->","seo_head_json":{"title":"Li Ba\u015f\u00eek\u00ea bi he\u015ft m\u00fb\u015fekan \u00ear\u00ee\u015f\u00ee baregeha serbaz\u00ee ya Tirkiy\u00ea hat kirin - Darka Maz\u00ee","robots":{"index":"index","follow":"follow","max-snippet":"max-snippet:-1","max-image-preview":"max-image-preview:large","max-video-preview":"max-video-preview:-1"},"canonical":"https:\/\/darkamazi.info\/archives\/1034930","og_locale":"en_US","og_type":"article","og_title":"Li Ba\u015f\u00eek\u00ea bi he\u015ft m\u00fb\u015fekan \u00ear\u00ee\u015f\u00ee baregeha serbaz\u00ee ya Tirkiy\u00ea hat kirin - Darka Maz\u00ee","og_description":"Dije Terora Kurdistan\u00ea ragihand, v\u00ea sib\u00ea he\u015ft m\u00fb\u015fek arastey\u00ee baregeha serbaz\u00ee ya Tirkiy\u00ea ya li Z\u00ealkan\u00ea ya li Ba\u015f\u00eek\u00ea hatin kirin. \u00cero \u00c7ar\u015fem\u00ea 1\u00ea Sibata 2023an, Dije Terora Kurdistan\u00ea di daxuyaniyek\u00ea de ragihand, v\u00ea sib\u00ea di demjim\u00ear 07:45 xulekan de, he\u015ft m\u00fb\u015fek arastey\u00ee serbazgeha Z\u00ealkan a li nahiya Ba\u015f\u00eek\u00ea ya ser par\u00eazgeha Neyneway\u00ea hatin kirin, [&hellip;]","og_url":"https:\/\/darkamazi.info\/archives\/1034930","og_site_name":"Darka Maz\u00ee","article_publisher":"https:\/\/www.facebook.com\/DarMaziKurmanci","article_published_time":"2023-02-01T06:55:31+00:00","og_image":[{"width":781,"height":439,"url":"https:\/\/darkamazi.info\/file\/2023\/02\/turkey-zelkan-army-bomb-drone.jpg","type":"image\/jpeg"}],"author":"darka mazi","twitter_card":"summary_large_image","twitter_creator":"@DarkaMaziLatini","twitter_site":"@DarkaMaziLatini","twitter_misc":{"Written by":"darka mazi","Est. reading time":"1 minute"},"schema":{"@context":"https:\/\/schema.org","@graph":[{"@type":"Article","@id":"https:\/\/darkamazi.info\/archives\/1034930#article","isPartOf":{"@id":"https:\/\/darkamazi.info\/archives\/1034930"},"author":{"name":"darka mazi","@id":"https:\/\/darkamazi.info\/#\/schema\/person\/5ad3e24553a0567993fa8ed4bd0a776c"},"headline":"Li Ba\u015f\u00eek\u00ea bi he\u015ft m\u00fb\u015fekan \u00ear\u00ee\u015f\u00ee baregeha serbaz\u00ee ya Tirkiy\u00ea hat kirin","datePublished":"2023-02-01T06:55:31+00:00","mainEntityOfPage":{"@id":"https:\/\/darkamazi.info\/archives\/1034930"},"wordCount":149,"publisher":{"@id":"https:\/\/darkamazi.info\/#organization"},"image":{"@id":"https:\/\/darkamazi.info\/archives\/1034930#primaryimage"},"thumbnailUrl":"https:\/\/darkamazi.info\/file\/2023\/02\/turkey-zelkan-army-bomb-drone.jpg","keywords":["sereke"],"articleSection":["Kurdistan"],"inLanguage":"en-US"},{"@type":"WebPage","@id":"https:\/\/darkamazi.info\/archives\/1034930","url":"https:\/\/darkamazi.info\/archives\/1034930","name":"Li Ba\u015f\u00eek\u00ea bi he\u015ft m\u00fb\u015fekan \u00ear\u00ee\u015f\u00ee baregeha serbaz\u00ee ya Tirkiy\u00ea hat kirin - Darka Maz\u00ee","isPartOf":{"@id":"https:\/\/darkamazi.info\/#website"},"primaryImageOfPage":{"@id":"https:\/\/darkamazi.info\/archives\/1034930#primaryimage"},"image":{"@id":"https:\/\/darkamazi.info\/archives\/1034930#primaryimage"},"thumbnailUrl":"https:\/\/darkamazi.info\/file\/2023\/02\/turkey-zelkan-army-bomb-drone.jpg","datePublished":"2023-02-01T06:55:31+00:00","breadcrumb":{"@id":"https:\/\/darkamazi.info\/archives\/1034930#breadcrumb"},"inLanguage":"en-US","potentialAction":[{"@type":"ReadAction","target":["https:\/\/darkamazi.info\/archives\/1034930"]}]},{"@type":"ImageObject","inLanguage":"en-US","@id":"https:\/\/darkamazi.info\/archives\/1034930#primaryimage","url":"https:\/\/darkamazi.info\/file\/2023\/02\/turkey-zelkan-army-bomb-drone.jpg","contentUrl":"https:\/\/darkamazi.info\/file\/2023\/02\/turkey-zelkan-army-bomb-drone.jpg","width":781,"height":439,"caption":"turkey-zelkan-army-bomb-drone"},{"@type":"BreadcrumbList","@id":"https:\/\/darkamazi.info\/archives\/1034930#breadcrumb","itemListElement":[{"@type":"ListItem","position":1,"name":"Home","item":"https:\/\/darkamazi.info\/"},{"@type":"ListItem","position":2,"name":"Li Ba\u015f\u00eek\u00ea bi he\u015ft m\u00fb\u015fekan \u00ear\u00ee\u015f\u00ee baregeha serbaz\u00ee ya Tirkiy\u00ea hat kirin"}]},{"@type":"WebSite","@id":"https:\/\/darkamazi.info\/#website","url":"https:\/\/darkamazi.info\/","name":"Darka Maz\u00ee","description":"P\u00eageha Zanyariy\u00ean Nebih\u00eest\u00ee","publisher":{"@id":"https:\/\/darkamazi.info\/#organization"},"potentialAction":[{"@type":"SearchAction","target":{"@type":"EntryPoint","urlTemplate":"https:\/\/darkamazi.info\/?s={search_term_string}"},"query-input":{"@type":"PropertyValueSpecification","valueRequired":true,"valueName":"search_term_string"}}],"inLanguage":"en-US"},{"@type":"Organization","@id":"https:\/\/darkamazi.info\/#organization","name":"Darka Maz\u00ee","url":"https:\/\/darkamazi.info\/","logo":{"@type":"ImageObject","inLanguage":"en-US","@id":"https:\/\/darkamazi.info\/#\/schema\/logo\/image\/","url":"https:\/\/darkamazi.info\/file\/2017\/12\/darka-mazi-logo.png","contentUrl":"https:\/\/darkamazi.info\/file\/2017\/12\/darka-mazi-logo.png","width":151,"height":75,"caption":"Darka Maz\u00ee"},"image":{"@id":"https:\/\/darkamazi.info\/#\/schema\/logo\/image\/"},"sameAs":["https:\/\/www.facebook.com\/DarMaziKurmanci","https:\/\/x.com\/DarkaMaziLatini","https:\/\/www.instagram.com\/darkamazi.kurmanci\/","https:\/\/www.youtube.com\/channel\/UCa5HkTdmI8U1qCUFuTw8B2g"]},{"@type":"Person","@id":"https:\/\/darkamazi.info\/#\/schema\/person\/5ad3e24553a0567993fa8ed4bd0a776c","name":"darka mazi","sameAs":["https:\/\/darkamazi.info\/"],"url":"https:\/\/darkamazi.info\/archives\/author\/kurdi"}]}},"_links":{"self":[{"href":"https:\/\/darkamazi.info\/funavuv\/wp\/v2\/posts\/1034930","targetHints":{"allow":["GET"]}}],"collection":[{"href":"https:\/\/darkamazi.info\/funavuv\/wp\/v2\/posts"}],"about":[{"href":"https:\/\/darkamazi.info\/funavuv\/wp\/v2\/types\/post"}],"author":[{"embeddable":true,"href":"https:\/\/darkamazi.info\/funavuv\/wp\/v2\/users\/2"}],"replies":[{"embeddable":true,"href":"https:\/\/darkamazi.info\/funavuv\/wp\/v2\/comments?post=1034930"}],"version-history":[{"count":0,"href":"https:\/\/darkamazi.info\/funavuv\/wp\/v2\/posts\/1034930\/revisions"}],"wp:featuredmedia":[{"embeddable":true,"href":"https:\/\/darkamazi.info\/funavuv\/wp\/v2\/media\/1034931"}],"wp:attachment":[{"href":"https:\/\/darkamazi.info\/funavuv\/wp\/v2\/media?parent=1034930"}],"wp:term":[{"taxonomy":"category","embeddable":true,"href":"https:\/\/darkamazi.info\/funavuv\/wp\/v2\/categories?post=1034930"},{"taxonomy":"post_tag","embeddable":true,"href":"https:\/\/darkamazi.info\/funavuv\/wp\/v2\/tags?post=1034930"}],"curies":[{"name":"wp","href":"https:\/\/api.w.org\/{rel}","templated":true}]}}