{"id":1034943,"date":"2023-02-01T15:16:27","date_gmt":"2023-02-01T12:16:27","guid":{"rendered":"https:\/\/darkamazi.info\/?p=1034943"},"modified":"2023-02-01T15:16:27","modified_gmt":"2023-02-01T12:16:27","slug":"akar-eme-bersiva-pewist-bo-erisa-ser-zelkane-bidin","status":"publish","type":"post","link":"https:\/\/darkamazi.info\/archives\/1034943","title":{"rendered":"Akar: Em\u00ea bersiva p\u00eaw\u00eest bo \u00ear\u00ee\u015fa ser Z\u00ealkan\u00ea bidin"},"content":{"rendered":"<h3 style=\"text-align: justify\"><span style=\"font-family: 'arial black', sans-serif\">Wez\u00eer\u00ea Berevaniy\u00ea y\u00ea Tirkiy\u00ea Hulus\u00ee Akar ragihand, ew d\u00ea operasyon\u00ean xwe y\u00ean li dij\u00ee PKK\u00ea y\u00ean li \u201cbakur\u00ea S\u00fbriy\u00ea\u201d \u00fb \u201cbakur\u00ea Iraq\u00ea\u201d berdewam bikin.<\/span><\/h3>\n<h3 style=\"text-align: justify\">Hulus\u00ee Akar li Parlamentoya Tirkiy\u00ea ji rojnamevanan re got, le\u015fker\u00ean w\u00ee welat\u00ee li \u201cbakur\u00ea S\u00fbriy\u00ea\u201d \u00fb \u201cbakur\u00ea Iraq\u00ea\u201d ne \u00fb operasyon \u00fb \u00e7alakiy\u00ean wan \u00ean le\u015fker\u00ee li wan her\u00eaman b\u00ea navber didom in.<\/h3>\n<h3 style=\"text-align: justify\">Wez\u00eer\u00ea Berevaniy\u00ea y\u00ea Tirkiy\u00ea t\u00eakildar\u00ee \u00ear\u00ee\u015fa \u00eero ya bo ser binkeya le\u015fker\u00ee ya w\u00ee welat\u00ee ya li Z\u00ealkan\u00ea j\u00ee got: \u201cEm j\u00ee bersiva p\u00eaw\u00eest didin\u201d \u00fb destn\u00ee\u015fan kir ku tedb\u00eer hatine wergirtin.<\/h3>\n<h3 style=\"text-align: justify\">V\u00ea sib\u00ea di demjim\u00ear 07:45 xulekan de, he\u015ft m\u00fb\u015fek arastey\u00ee serbazgeha Z\u00ealkan a li nahiya Ba\u015f\u00eek\u00ea ya ser par\u00eazgeha Neyneway\u00ea hatin kirin, ku h\u00eaz\u00ean art\u00ea\u015fa Tirkiy\u00ea t\u00ea de ne.<\/h3>\n","protected":false},"excerpt":{"rendered":"<p>Wez\u00eer\u00ea Berevaniy\u00ea y\u00ea Tirkiy\u00ea Hulus\u00ee Akar ragihand, ew d\u00ea operasyon\u00ean xwe y\u00ean li dij\u00ee PKK\u00ea y\u00ean li \u201cbakur\u00ea S\u00fbriy\u00ea\u201d \u00fb \u201cbakur\u00ea Iraq\u00ea\u201d berdewam bikin. Hulus\u00ee Akar li Parlamentoya Tirkiy\u00ea ji rojnamevanan re got, le\u015fker\u00ean w\u00ee welat\u00ee li \u201cbakur\u00ea S\u00fbriy\u00ea\u201d \u00fb \u201cbakur\u00ea Iraq\u00ea\u201d ne \u00fb operasyon \u00fb \u00e7alakiy\u00ean wan \u00ean le\u015fker\u00ee li wan her\u00eaman b\u00ea navber [&hellip;]<\/p>\n","protected":false},"author":2,"featured_media":1034944,"comment_status":"closed","ping_status":"closed","sticky":false,"template":"","format":"standard","meta":{"footnotes":""},"categories":[31],"tags":[37],"class_list":["post-1034943","post","type-post","status-publish","format-standard","has-post-thumbnail","hentry","category-rojhelata-navin","tag-sereke"],"blocksy_meta":[],"seo_head":"<!-- This site is optimized with the Yoast SEO plugin v27.5 - https:\/\/yoast.com\/product\/yoast-seo-wordpress\/ -->\n<title>Akar: Em\u00ea bersiva p\u00eaw\u00eest bo \u00ear\u00ee\u015fa ser Z\u00ealkan\u00ea bidin - Darka Maz\u00ee<\/title>\n<meta name=\"robots\" content=\"index, follow, max-snippet:-1, max-image-preview:large, max-video-preview:-1\" \/>\n<link rel=\"canonical\" href=\"https:\/\/darkamazi.info\/archives\/1034943\" \/>\n<meta property=\"og:locale\" content=\"en_US\" \/>\n<meta property=\"og:type\" content=\"article\" \/>\n<meta property=\"og:title\" content=\"Akar: Em\u00ea bersiva p\u00eaw\u00eest bo \u00ear\u00ee\u015fa ser Z\u00ealkan\u00ea bidin - Darka Maz\u00ee\" \/>\n<meta property=\"og:description\" content=\"Wez\u00eer\u00ea Berevaniy\u00ea y\u00ea Tirkiy\u00ea Hulus\u00ee Akar ragihand, ew d\u00ea operasyon\u00ean xwe y\u00ean li dij\u00ee PKK\u00ea y\u00ean li \u201cbakur\u00ea S\u00fbriy\u00ea\u201d \u00fb \u201cbakur\u00ea Iraq\u00ea\u201d berdewam bikin. Hulus\u00ee Akar li Parlamentoya Tirkiy\u00ea ji rojnamevanan re got, le\u015fker\u00ean w\u00ee welat\u00ee li \u201cbakur\u00ea S\u00fbriy\u00ea\u201d \u00fb \u201cbakur\u00ea Iraq\u00ea\u201d ne \u00fb operasyon \u00fb \u00e7alakiy\u00ean wan \u00ean le\u015fker\u00ee li wan her\u00eaman b\u00ea navber [&hellip;]\" \/>\n<meta property=\"og:url\" content=\"https:\/\/darkamazi.info\/archives\/1034943\" \/>\n<meta property=\"og:site_name\" content=\"Darka Maz\u00ee\" \/>\n<meta property=\"article:publisher\" content=\"https:\/\/www.facebook.com\/DarMaziKurmanci\" \/>\n<meta property=\"article:published_time\" content=\"2023-02-01T12:16:27+00:00\" \/>\n<meta property=\"og:image\" content=\"https:\/\/darkamazi.info\/file\/2023\/02\/Hulusi-Akar-pkk-zelkan-2023.jpg\" \/>\n\t<meta property=\"og:image:width\" content=\"900\" \/>\n\t<meta property=\"og:image:height\" content=\"497\" \/>\n\t<meta property=\"og:image:type\" content=\"image\/jpeg\" \/>\n<meta name=\"author\" content=\"darka mazi\" \/>\n<meta name=\"twitter:card\" content=\"summary_large_image\" \/>\n<meta name=\"twitter:creator\" content=\"@DarkaMaziLatini\" \/>\n<meta name=\"twitter:site\" content=\"@DarkaMaziLatini\" \/>\n<meta name=\"twitter:label1\" content=\"Written by\" \/>\n\t<meta name=\"twitter:data1\" content=\"darka mazi\" \/>\n\t<meta name=\"twitter:label2\" content=\"Est. reading time\" \/>\n\t<meta name=\"twitter:data2\" content=\"1 minute\" \/>\n<script type=\"application\/ld+json\" class=\"seo-schema-graph\">{\"@context\":\"https:\\\/\\\/schema.org\",\"@graph\":[{\"@type\":\"Article\",\"@id\":\"https:\\\/\\\/darkamazi.info\\\/archives\\\/1034943#article\",\"isPartOf\":{\"@id\":\"https:\\\/\\\/darkamazi.info\\\/archives\\\/1034943\"},\"author\":{\"name\":\"darka mazi\",\"@id\":\"https:\\\/\\\/darkamazi.info\\\/#\\\/schema\\\/person\\\/5ad3e24553a0567993fa8ed4bd0a776c\"},\"headline\":\"Akar: Em\u00ea bersiva p\u00eaw\u00eest bo \u00ear\u00ee\u015fa ser Z\u00ealkan\u00ea bidin\",\"datePublished\":\"2023-02-01T12:16:27+00:00\",\"mainEntityOfPage\":{\"@id\":\"https:\\\/\\\/darkamazi.info\\\/archives\\\/1034943\"},\"wordCount\":154,\"publisher\":{\"@id\":\"https:\\\/\\\/darkamazi.info\\\/#organization\"},\"image\":{\"@id\":\"https:\\\/\\\/darkamazi.info\\\/archives\\\/1034943#primaryimage\"},\"thumbnailUrl\":\"https:\\\/\\\/darkamazi.info\\\/darka-content\\\/uploads\\\/2023\\\/02\\\/Hulusi-Akar-pkk-zelkan-2023.jpg\",\"keywords\":[\"sereke\"],\"articleSection\":[\"Rojhelata nav\u00een\"],\"inLanguage\":\"en-US\"},{\"@type\":\"WebPage\",\"@id\":\"https:\\\/\\\/darkamazi.info\\\/archives\\\/1034943\",\"url\":\"https:\\\/\\\/darkamazi.info\\\/archives\\\/1034943\",\"name\":\"Akar: Em\u00ea bersiva p\u00eaw\u00eest bo \u00ear\u00ee\u015fa ser Z\u00ealkan\u00ea bidin - Darka Maz\u00ee\",\"isPartOf\":{\"@id\":\"https:\\\/\\\/darkamazi.info\\\/#website\"},\"primaryImageOfPage\":{\"@id\":\"https:\\\/\\\/darkamazi.info\\\/archives\\\/1034943#primaryimage\"},\"image\":{\"@id\":\"https:\\\/\\\/darkamazi.info\\\/archives\\\/1034943#primaryimage\"},\"thumbnailUrl\":\"https:\\\/\\\/darkamazi.info\\\/darka-content\\\/uploads\\\/2023\\\/02\\\/Hulusi-Akar-pkk-zelkan-2023.jpg\",\"datePublished\":\"2023-02-01T12:16:27+00:00\",\"breadcrumb\":{\"@id\":\"https:\\\/\\\/darkamazi.info\\\/archives\\\/1034943#breadcrumb\"},\"inLanguage\":\"en-US\",\"potentialAction\":[{\"@type\":\"ReadAction\",\"target\":[\"https:\\\/\\\/darkamazi.info\\\/archives\\\/1034943\"]}]},{\"@type\":\"ImageObject\",\"inLanguage\":\"en-US\",\"@id\":\"https:\\\/\\\/darkamazi.info\\\/archives\\\/1034943#primaryimage\",\"url\":\"https:\\\/\\\/darkamazi.info\\\/darka-content\\\/uploads\\\/2023\\\/02\\\/Hulusi-Akar-pkk-zelkan-2023.jpg\",\"contentUrl\":\"https:\\\/\\\/darkamazi.info\\\/darka-content\\\/uploads\\\/2023\\\/02\\\/Hulusi-Akar-pkk-zelkan-2023.jpg\",\"width\":900,\"height\":497,\"caption\":\"Akar: Em\u00ea bersiva p\u00eaw\u00eest bo \u00ear\u00ee\u015fa ser Z\u00ealkan\u00ea bidin\"},{\"@type\":\"BreadcrumbList\",\"@id\":\"https:\\\/\\\/darkamazi.info\\\/archives\\\/1034943#breadcrumb\",\"itemListElement\":[{\"@type\":\"ListItem\",\"position\":1,\"name\":\"Home\",\"item\":\"https:\\\/\\\/darkamazi.info\\\/\"},{\"@type\":\"ListItem\",\"position\":2,\"name\":\"Akar: Em\u00ea bersiva p\u00eaw\u00eest bo \u00ear\u00ee\u015fa ser Z\u00ealkan\u00ea bidin\"}]},{\"@type\":\"WebSite\",\"@id\":\"https:\\\/\\\/darkamazi.info\\\/#website\",\"url\":\"https:\\\/\\\/darkamazi.info\\\/\",\"name\":\"Darka Maz\u00ee\",\"description\":\"P\u00eageha Zanyariy\u00ean Nebih\u00eest\u00ee\",\"publisher\":{\"@id\":\"https:\\\/\\\/darkamazi.info\\\/#organization\"},\"potentialAction\":[{\"@type\":\"SearchAction\",\"target\":{\"@type\":\"EntryPoint\",\"urlTemplate\":\"https:\\\/\\\/darkamazi.info\\\/?s={search_term_string}\"},\"query-input\":{\"@type\":\"PropertyValueSpecification\",\"valueRequired\":true,\"valueName\":\"search_term_string\"}}],\"inLanguage\":\"en-US\"},{\"@type\":\"Organization\",\"@id\":\"https:\\\/\\\/darkamazi.info\\\/#organization\",\"name\":\"Darka Maz\u00ee\",\"url\":\"https:\\\/\\\/darkamazi.info\\\/\",\"logo\":{\"@type\":\"ImageObject\",\"inLanguage\":\"en-US\",\"@id\":\"https:\\\/\\\/darkamazi.info\\\/#\\\/schema\\\/logo\\\/image\\\/\",\"url\":\"https:\\\/\\\/darkamazi.info\\\/darka-content\\\/uploads\\\/2017\\\/12\\\/darka-mazi-logo.png\",\"contentUrl\":\"https:\\\/\\\/darkamazi.info\\\/darka-content\\\/uploads\\\/2017\\\/12\\\/darka-mazi-logo.png\",\"width\":151,\"height\":75,\"caption\":\"Darka Maz\u00ee\"},\"image\":{\"@id\":\"https:\\\/\\\/darkamazi.info\\\/#\\\/schema\\\/logo\\\/image\\\/\"},\"sameAs\":[\"https:\\\/\\\/www.facebook.com\\\/DarMaziKurmanci\",\"https:\\\/\\\/x.com\\\/DarkaMaziLatini\",\"https:\\\/\\\/www.instagram.com\\\/darkamazi.kurmanci\\\/\",\"https:\\\/\\\/www.youtube.com\\\/channel\\\/UCa5HkTdmI8U1qCUFuTw8B2g\"]},{\"@type\":\"Person\",\"@id\":\"https:\\\/\\\/darkamazi.info\\\/#\\\/schema\\\/person\\\/5ad3e24553a0567993fa8ed4bd0a776c\",\"name\":\"darka mazi\",\"sameAs\":[\"https:\\\/\\\/darkamazi.info\\\/\"],\"url\":\"https:\\\/\\\/darkamazi.info\\\/archives\\\/author\\\/kurdi\"}]}<\/script>\n<!-- \/ Yoast SEO plugin. -->","seo_head_json":{"title":"Akar: Em\u00ea bersiva p\u00eaw\u00eest bo \u00ear\u00ee\u015fa ser Z\u00ealkan\u00ea bidin - Darka Maz\u00ee","robots":{"index":"index","follow":"follow","max-snippet":"max-snippet:-1","max-image-preview":"max-image-preview:large","max-video-preview":"max-video-preview:-1"},"canonical":"https:\/\/darkamazi.info\/archives\/1034943","og_locale":"en_US","og_type":"article","og_title":"Akar: Em\u00ea bersiva p\u00eaw\u00eest bo \u00ear\u00ee\u015fa ser Z\u00ealkan\u00ea bidin - Darka Maz\u00ee","og_description":"Wez\u00eer\u00ea Berevaniy\u00ea y\u00ea Tirkiy\u00ea Hulus\u00ee Akar ragihand, ew d\u00ea operasyon\u00ean xwe y\u00ean li dij\u00ee PKK\u00ea y\u00ean li \u201cbakur\u00ea S\u00fbriy\u00ea\u201d \u00fb \u201cbakur\u00ea Iraq\u00ea\u201d berdewam bikin. Hulus\u00ee Akar li Parlamentoya Tirkiy\u00ea ji rojnamevanan re got, le\u015fker\u00ean w\u00ee welat\u00ee li \u201cbakur\u00ea S\u00fbriy\u00ea\u201d \u00fb \u201cbakur\u00ea Iraq\u00ea\u201d ne \u00fb operasyon \u00fb \u00e7alakiy\u00ean wan \u00ean le\u015fker\u00ee li wan her\u00eaman b\u00ea navber [&hellip;]","og_url":"https:\/\/darkamazi.info\/archives\/1034943","og_site_name":"Darka Maz\u00ee","article_publisher":"https:\/\/www.facebook.com\/DarMaziKurmanci","article_published_time":"2023-02-01T12:16:27+00:00","og_image":[{"width":900,"height":497,"url":"https:\/\/darkamazi.info\/file\/2023\/02\/Hulusi-Akar-pkk-zelkan-2023.jpg","type":"image\/jpeg"}],"author":"darka mazi","twitter_card":"summary_large_image","twitter_creator":"@DarkaMaziLatini","twitter_site":"@DarkaMaziLatini","twitter_misc":{"Written by":"darka mazi","Est. reading time":"1 minute"},"schema":{"@context":"https:\/\/schema.org","@graph":[{"@type":"Article","@id":"https:\/\/darkamazi.info\/archives\/1034943#article","isPartOf":{"@id":"https:\/\/darkamazi.info\/archives\/1034943"},"author":{"name":"darka mazi","@id":"https:\/\/darkamazi.info\/#\/schema\/person\/5ad3e24553a0567993fa8ed4bd0a776c"},"headline":"Akar: Em\u00ea bersiva p\u00eaw\u00eest bo \u00ear\u00ee\u015fa ser Z\u00ealkan\u00ea bidin","datePublished":"2023-02-01T12:16:27+00:00","mainEntityOfPage":{"@id":"https:\/\/darkamazi.info\/archives\/1034943"},"wordCount":154,"publisher":{"@id":"https:\/\/darkamazi.info\/#organization"},"image":{"@id":"https:\/\/darkamazi.info\/archives\/1034943#primaryimage"},"thumbnailUrl":"https:\/\/darkamazi.info\/file\/2023\/02\/Hulusi-Akar-pkk-zelkan-2023.jpg","keywords":["sereke"],"articleSection":["Rojhelata nav\u00een"],"inLanguage":"en-US"},{"@type":"WebPage","@id":"https:\/\/darkamazi.info\/archives\/1034943","url":"https:\/\/darkamazi.info\/archives\/1034943","name":"Akar: Em\u00ea bersiva p\u00eaw\u00eest bo \u00ear\u00ee\u015fa ser Z\u00ealkan\u00ea bidin - Darka Maz\u00ee","isPartOf":{"@id":"https:\/\/darkamazi.info\/#website"},"primaryImageOfPage":{"@id":"https:\/\/darkamazi.info\/archives\/1034943#primaryimage"},"image":{"@id":"https:\/\/darkamazi.info\/archives\/1034943#primaryimage"},"thumbnailUrl":"https:\/\/darkamazi.info\/file\/2023\/02\/Hulusi-Akar-pkk-zelkan-2023.jpg","datePublished":"2023-02-01T12:16:27+00:00","breadcrumb":{"@id":"https:\/\/darkamazi.info\/archives\/1034943#breadcrumb"},"inLanguage":"en-US","potentialAction":[{"@type":"ReadAction","target":["https:\/\/darkamazi.info\/archives\/1034943"]}]},{"@type":"ImageObject","inLanguage":"en-US","@id":"https:\/\/darkamazi.info\/archives\/1034943#primaryimage","url":"https:\/\/darkamazi.info\/file\/2023\/02\/Hulusi-Akar-pkk-zelkan-2023.jpg","contentUrl":"https:\/\/darkamazi.info\/file\/2023\/02\/Hulusi-Akar-pkk-zelkan-2023.jpg","width":900,"height":497,"caption":"Akar: Em\u00ea bersiva p\u00eaw\u00eest bo \u00ear\u00ee\u015fa ser Z\u00ealkan\u00ea bidin"},{"@type":"BreadcrumbList","@id":"https:\/\/darkamazi.info\/archives\/1034943#breadcrumb","itemListElement":[{"@type":"ListItem","position":1,"name":"Home","item":"https:\/\/darkamazi.info\/"},{"@type":"ListItem","position":2,"name":"Akar: Em\u00ea bersiva p\u00eaw\u00eest bo \u00ear\u00ee\u015fa ser Z\u00ealkan\u00ea bidin"}]},{"@type":"WebSite","@id":"https:\/\/darkamazi.info\/#website","url":"https:\/\/darkamazi.info\/","name":"Darka Maz\u00ee","description":"P\u00eageha Zanyariy\u00ean Nebih\u00eest\u00ee","publisher":{"@id":"https:\/\/darkamazi.info\/#organization"},"potentialAction":[{"@type":"SearchAction","target":{"@type":"EntryPoint","urlTemplate":"https:\/\/darkamazi.info\/?s={search_term_string}"},"query-input":{"@type":"PropertyValueSpecification","valueRequired":true,"valueName":"search_term_string"}}],"inLanguage":"en-US"},{"@type":"Organization","@id":"https:\/\/darkamazi.info\/#organization","name":"Darka Maz\u00ee","url":"https:\/\/darkamazi.info\/","logo":{"@type":"ImageObject","inLanguage":"en-US","@id":"https:\/\/darkamazi.info\/#\/schema\/logo\/image\/","url":"https:\/\/darkamazi.info\/file\/2017\/12\/darka-mazi-logo.png","contentUrl":"https:\/\/darkamazi.info\/file\/2017\/12\/darka-mazi-logo.png","width":151,"height":75,"caption":"Darka Maz\u00ee"},"image":{"@id":"https:\/\/darkamazi.info\/#\/schema\/logo\/image\/"},"sameAs":["https:\/\/www.facebook.com\/DarMaziKurmanci","https:\/\/x.com\/DarkaMaziLatini","https:\/\/www.instagram.com\/darkamazi.kurmanci\/","https:\/\/www.youtube.com\/channel\/UCa5HkTdmI8U1qCUFuTw8B2g"]},{"@type":"Person","@id":"https:\/\/darkamazi.info\/#\/schema\/person\/5ad3e24553a0567993fa8ed4bd0a776c","name":"darka mazi","sameAs":["https:\/\/darkamazi.info\/"],"url":"https:\/\/darkamazi.info\/archives\/author\/kurdi"}]}},"_links":{"self":[{"href":"https:\/\/darkamazi.info\/funavuv\/wp\/v2\/posts\/1034943","targetHints":{"allow":["GET"]}}],"collection":[{"href":"https:\/\/darkamazi.info\/funavuv\/wp\/v2\/posts"}],"about":[{"href":"https:\/\/darkamazi.info\/funavuv\/wp\/v2\/types\/post"}],"author":[{"embeddable":true,"href":"https:\/\/darkamazi.info\/funavuv\/wp\/v2\/users\/2"}],"replies":[{"embeddable":true,"href":"https:\/\/darkamazi.info\/funavuv\/wp\/v2\/comments?post=1034943"}],"version-history":[{"count":0,"href":"https:\/\/darkamazi.info\/funavuv\/wp\/v2\/posts\/1034943\/revisions"}],"wp:featuredmedia":[{"embeddable":true,"href":"https:\/\/darkamazi.info\/funavuv\/wp\/v2\/media\/1034944"}],"wp:attachment":[{"href":"https:\/\/darkamazi.info\/funavuv\/wp\/v2\/media?parent=1034943"}],"wp:term":[{"taxonomy":"category","embeddable":true,"href":"https:\/\/darkamazi.info\/funavuv\/wp\/v2\/categories?post=1034943"},{"taxonomy":"post_tag","embeddable":true,"href":"https:\/\/darkamazi.info\/funavuv\/wp\/v2\/tags?post=1034943"}],"curies":[{"name":"wp","href":"https:\/\/api.w.org\/{rel}","templated":true}]}}