{"id":1034968,"date":"2023-02-05T11:30:34","date_gmt":"2023-02-05T08:30:34","guid":{"rendered":"https:\/\/darkamazi.info\/?p=1034968"},"modified":"2023-02-05T11:30:34","modified_gmt":"2023-02-05T08:30:34","slug":"pkke-mirina-vi-ciwane-sirnexe-ji-3-salan-vesartbu","status":"publish","type":"post","link":"https:\/\/darkamazi.info\/archives\/1034968","title":{"rendered":"PKK\u00ea mirina v\u00ee ciwan\u00ea \u015eirnex\u00ea j\u00ee 3 salan ve\u015fartb\u00fb"},"content":{"rendered":"<h3 style=\"text-align: justify\"><span style=\"font-family: 'arial black', sans-serif\">R\u00eaxistina PKK\u00ea nasnameya \u00e7ekdarek\u00ee xwe a\u015fkere kir, ew j\u00ee 3 salan ber\u00ea ketiye ber \u00ear\u00ee\u015feke dewleta Tirk \u00fb ji n\u00fb ve mirina w\u00ee \u00eef\u015fa kiriye.<\/span><\/h3>\n<h3 style=\"text-align: justify\"><span style=\"font-family: arial, helvetica, sans-serif\">HPG\u00ea bask\u00ea le\u015fker\u00ee y\u00ea PKK\u00ea roja \u015fem\u00ee 4\/2\/2023 nasnameya \u00e7ekdarek\u00ee xwe y\u00ea bi nav\u00ea \u201cVedat Otun\u201d ku ji \u015eirnex a Bakur\u00ea Kurdistan\u00ea ye, a\u015fkere kir Vedat li 31 t\u00eermeha sala 2019an li Ba\u015f\u00fbr\u00ea Kurdistan\u00ea ketiye ber \u00ear\u00ee\u015f\u00ean dewleta Tirk \u00fb pa\u015f derbasb\u00fbna p\u00eatir\u00ee 3 salan ji n\u00fbve PKK\u00ea mirina w\u00ee \u00eef\u015fa kir.<\/span><\/h3>\n<h3 style=\"text-align: justify\"><span style=\"font-family: arial, helvetica, sans-serif\">HPG\u00ea weke hertim di pesn\u00ea v\u00ee belengaz\u00ee j\u00ee de got\u00eeye: \u201cEw mir\u00eed\u00ea Apo b\u00fb \u00fb madem mir wate ew lay\u00eeq\u00ee Apo derket\u201d.<\/span><\/h3>\n<h3 style=\"text-align: justify\"><span style=\"font-family: arial, helvetica, sans-serif\">PKKe her roj ciwan\u00ean Kurdan dide ku\u015ftin, rojane w\u00eaney\u00ean wan di medyaya xwe de parvedike, piran\u00ee j\u00ea li sal\u00ean ber\u00ea hatine feda kirin, t\u00ea texm\u00een kirin bi hezaran ciwan mabin ku h\u00eajan PKK\u00ea mirina wan \u00eef\u015fa nekirbe.<\/span><\/h3>\n","protected":false},"excerpt":{"rendered":"<p>R\u00eaxistina PKK\u00ea nasnameya \u00e7ekdarek\u00ee xwe a\u015fkere kir, ew j\u00ee 3 salan ber\u00ea ketiye ber \u00ear\u00ee\u015feke dewleta Tirk \u00fb ji n\u00fb ve mirina w\u00ee \u00eef\u015fa kiriye. HPG\u00ea bask\u00ea le\u015fker\u00ee y\u00ea PKK\u00ea roja \u015fem\u00ee 4\/2\/2023 nasnameya \u00e7ekdarek\u00ee xwe y\u00ea bi nav\u00ea \u201cVedat Otun\u201d ku ji \u015eirnex a Bakur\u00ea Kurdistan\u00ea ye, a\u015fkere kir Vedat li 31 t\u00eermeha sala [&hellip;]<\/p>\n","protected":false},"author":2,"featured_media":1034969,"comment_status":"closed","ping_status":"closed","sticky":false,"template":"","format":"standard","meta":{"footnotes":""},"categories":[29],"tags":[37],"class_list":["post-1034968","post","type-post","status-publish","format-standard","has-post-thumbnail","hentry","category-kurdistan","tag-sereke"],"blocksy_meta":[],"seo_head":"<!-- This site is optimized with the Yoast SEO plugin v27.5 - https:\/\/yoast.com\/product\/yoast-seo-wordpress\/ -->\n<title>PKK\u00ea mirina v\u00ee ciwan\u00ea \u015eirnex\u00ea j\u00ee 3 salan ve\u015fartb\u00fb - Darka Maz\u00ee<\/title>\n<meta name=\"robots\" content=\"index, follow, max-snippet:-1, max-image-preview:large, max-video-preview:-1\" \/>\n<link rel=\"canonical\" href=\"https:\/\/darkamazi.info\/archives\/1034968\" \/>\n<meta property=\"og:locale\" content=\"en_US\" \/>\n<meta property=\"og:type\" content=\"article\" \/>\n<meta property=\"og:title\" content=\"PKK\u00ea mirina v\u00ee ciwan\u00ea \u015eirnex\u00ea j\u00ee 3 salan ve\u015fartb\u00fb - Darka Maz\u00ee\" \/>\n<meta property=\"og:description\" content=\"R\u00eaxistina PKK\u00ea nasnameya \u00e7ekdarek\u00ee xwe a\u015fkere kir, ew j\u00ee 3 salan ber\u00ea ketiye ber \u00ear\u00ee\u015feke dewleta Tirk \u00fb ji n\u00fb ve mirina w\u00ee \u00eef\u015fa kiriye. HPG\u00ea bask\u00ea le\u015fker\u00ee y\u00ea PKK\u00ea roja \u015fem\u00ee 4\/2\/2023 nasnameya \u00e7ekdarek\u00ee xwe y\u00ea bi nav\u00ea \u201cVedat Otun\u201d ku ji \u015eirnex a Bakur\u00ea Kurdistan\u00ea ye, a\u015fkere kir Vedat li 31 t\u00eermeha sala [&hellip;]\" \/>\n<meta property=\"og:url\" content=\"https:\/\/darkamazi.info\/archives\/1034968\" \/>\n<meta property=\"og:site_name\" content=\"Darka Maz\u00ee\" \/>\n<meta property=\"article:publisher\" content=\"https:\/\/www.facebook.com\/DarMaziKurmanci\" \/>\n<meta property=\"article:published_time\" content=\"2023-02-05T08:30:34+00:00\" \/>\n<meta property=\"og:image\" content=\"https:\/\/darkamazi.info\/file\/2023\/02\/Vedat-Otun-pkk-hpg-kck-kurd-kurdistan-turkey-2.jpg\" \/>\n\t<meta property=\"og:image:width\" content=\"900\" \/>\n\t<meta property=\"og:image:height\" content=\"497\" \/>\n\t<meta property=\"og:image:type\" content=\"image\/jpeg\" \/>\n<meta name=\"author\" content=\"darka mazi\" \/>\n<meta name=\"twitter:card\" content=\"summary_large_image\" \/>\n<meta name=\"twitter:creator\" content=\"@DarkaMaziLatini\" \/>\n<meta name=\"twitter:site\" content=\"@DarkaMaziLatini\" \/>\n<meta name=\"twitter:label1\" content=\"Written by\" \/>\n\t<meta name=\"twitter:data1\" content=\"darka mazi\" \/>\n\t<meta name=\"twitter:label2\" content=\"Est. reading time\" \/>\n\t<meta name=\"twitter:data2\" content=\"1 minute\" \/>\n<script type=\"application\/ld+json\" class=\"seo-schema-graph\">{\"@context\":\"https:\\\/\\\/schema.org\",\"@graph\":[{\"@type\":\"Article\",\"@id\":\"https:\\\/\\\/darkamazi.info\\\/archives\\\/1034968#article\",\"isPartOf\":{\"@id\":\"https:\\\/\\\/darkamazi.info\\\/archives\\\/1034968\"},\"author\":{\"name\":\"darka mazi\",\"@id\":\"https:\\\/\\\/darkamazi.info\\\/#\\\/schema\\\/person\\\/5ad3e24553a0567993fa8ed4bd0a776c\"},\"headline\":\"PKK\u00ea mirina v\u00ee ciwan\u00ea \u015eirnex\u00ea j\u00ee 3 salan ve\u015fartb\u00fb\",\"datePublished\":\"2023-02-05T08:30:34+00:00\",\"mainEntityOfPage\":{\"@id\":\"https:\\\/\\\/darkamazi.info\\\/archives\\\/1034968\"},\"wordCount\":162,\"publisher\":{\"@id\":\"https:\\\/\\\/darkamazi.info\\\/#organization\"},\"image\":{\"@id\":\"https:\\\/\\\/darkamazi.info\\\/archives\\\/1034968#primaryimage\"},\"thumbnailUrl\":\"https:\\\/\\\/darkamazi.info\\\/darka-content\\\/uploads\\\/2023\\\/02\\\/Vedat-Otun-pkk-hpg-kck-kurd-kurdistan-turkey-2.jpg\",\"keywords\":[\"sereke\"],\"articleSection\":[\"Kurdistan\"],\"inLanguage\":\"en-US\"},{\"@type\":\"WebPage\",\"@id\":\"https:\\\/\\\/darkamazi.info\\\/archives\\\/1034968\",\"url\":\"https:\\\/\\\/darkamazi.info\\\/archives\\\/1034968\",\"name\":\"PKK\u00ea mirina v\u00ee ciwan\u00ea \u015eirnex\u00ea j\u00ee 3 salan ve\u015fartb\u00fb - Darka Maz\u00ee\",\"isPartOf\":{\"@id\":\"https:\\\/\\\/darkamazi.info\\\/#website\"},\"primaryImageOfPage\":{\"@id\":\"https:\\\/\\\/darkamazi.info\\\/archives\\\/1034968#primaryimage\"},\"image\":{\"@id\":\"https:\\\/\\\/darkamazi.info\\\/archives\\\/1034968#primaryimage\"},\"thumbnailUrl\":\"https:\\\/\\\/darkamazi.info\\\/darka-content\\\/uploads\\\/2023\\\/02\\\/Vedat-Otun-pkk-hpg-kck-kurd-kurdistan-turkey-2.jpg\",\"datePublished\":\"2023-02-05T08:30:34+00:00\",\"breadcrumb\":{\"@id\":\"https:\\\/\\\/darkamazi.info\\\/archives\\\/1034968#breadcrumb\"},\"inLanguage\":\"en-US\",\"potentialAction\":[{\"@type\":\"ReadAction\",\"target\":[\"https:\\\/\\\/darkamazi.info\\\/archives\\\/1034968\"]}]},{\"@type\":\"ImageObject\",\"inLanguage\":\"en-US\",\"@id\":\"https:\\\/\\\/darkamazi.info\\\/archives\\\/1034968#primaryimage\",\"url\":\"https:\\\/\\\/darkamazi.info\\\/darka-content\\\/uploads\\\/2023\\\/02\\\/Vedat-Otun-pkk-hpg-kck-kurd-kurdistan-turkey-2.jpg\",\"contentUrl\":\"https:\\\/\\\/darkamazi.info\\\/darka-content\\\/uploads\\\/2023\\\/02\\\/Vedat-Otun-pkk-hpg-kck-kurd-kurdistan-turkey-2.jpg\",\"width\":900,\"height\":497,\"caption\":\"Vedat Otun-pkk-hpg-kck-kurd-kurdistan-turkey (2)\"},{\"@type\":\"BreadcrumbList\",\"@id\":\"https:\\\/\\\/darkamazi.info\\\/archives\\\/1034968#breadcrumb\",\"itemListElement\":[{\"@type\":\"ListItem\",\"position\":1,\"name\":\"Home\",\"item\":\"https:\\\/\\\/darkamazi.info\\\/\"},{\"@type\":\"ListItem\",\"position\":2,\"name\":\"PKK\u00ea mirina v\u00ee ciwan\u00ea \u015eirnex\u00ea j\u00ee 3 salan ve\u015fartb\u00fb\"}]},{\"@type\":\"WebSite\",\"@id\":\"https:\\\/\\\/darkamazi.info\\\/#website\",\"url\":\"https:\\\/\\\/darkamazi.info\\\/\",\"name\":\"Darka Maz\u00ee\",\"description\":\"P\u00eageha Zanyariy\u00ean Nebih\u00eest\u00ee\",\"publisher\":{\"@id\":\"https:\\\/\\\/darkamazi.info\\\/#organization\"},\"potentialAction\":[{\"@type\":\"SearchAction\",\"target\":{\"@type\":\"EntryPoint\",\"urlTemplate\":\"https:\\\/\\\/darkamazi.info\\\/?s={search_term_string}\"},\"query-input\":{\"@type\":\"PropertyValueSpecification\",\"valueRequired\":true,\"valueName\":\"search_term_string\"}}],\"inLanguage\":\"en-US\"},{\"@type\":\"Organization\",\"@id\":\"https:\\\/\\\/darkamazi.info\\\/#organization\",\"name\":\"Darka Maz\u00ee\",\"url\":\"https:\\\/\\\/darkamazi.info\\\/\",\"logo\":{\"@type\":\"ImageObject\",\"inLanguage\":\"en-US\",\"@id\":\"https:\\\/\\\/darkamazi.info\\\/#\\\/schema\\\/logo\\\/image\\\/\",\"url\":\"https:\\\/\\\/darkamazi.info\\\/darka-content\\\/uploads\\\/2017\\\/12\\\/darka-mazi-logo.png\",\"contentUrl\":\"https:\\\/\\\/darkamazi.info\\\/darka-content\\\/uploads\\\/2017\\\/12\\\/darka-mazi-logo.png\",\"width\":151,\"height\":75,\"caption\":\"Darka Maz\u00ee\"},\"image\":{\"@id\":\"https:\\\/\\\/darkamazi.info\\\/#\\\/schema\\\/logo\\\/image\\\/\"},\"sameAs\":[\"https:\\\/\\\/www.facebook.com\\\/DarMaziKurmanci\",\"https:\\\/\\\/x.com\\\/DarkaMaziLatini\",\"https:\\\/\\\/www.instagram.com\\\/darkamazi.kurmanci\\\/\",\"https:\\\/\\\/www.youtube.com\\\/channel\\\/UCa5HkTdmI8U1qCUFuTw8B2g\"]},{\"@type\":\"Person\",\"@id\":\"https:\\\/\\\/darkamazi.info\\\/#\\\/schema\\\/person\\\/5ad3e24553a0567993fa8ed4bd0a776c\",\"name\":\"darka mazi\",\"sameAs\":[\"https:\\\/\\\/darkamazi.info\\\/\"],\"url\":\"https:\\\/\\\/darkamazi.info\\\/archives\\\/author\\\/kurdi\"}]}<\/script>\n<!-- \/ Yoast SEO plugin. -->","seo_head_json":{"title":"PKK\u00ea mirina v\u00ee ciwan\u00ea \u015eirnex\u00ea j\u00ee 3 salan ve\u015fartb\u00fb - Darka Maz\u00ee","robots":{"index":"index","follow":"follow","max-snippet":"max-snippet:-1","max-image-preview":"max-image-preview:large","max-video-preview":"max-video-preview:-1"},"canonical":"https:\/\/darkamazi.info\/archives\/1034968","og_locale":"en_US","og_type":"article","og_title":"PKK\u00ea mirina v\u00ee ciwan\u00ea \u015eirnex\u00ea j\u00ee 3 salan ve\u015fartb\u00fb - Darka Maz\u00ee","og_description":"R\u00eaxistina PKK\u00ea nasnameya \u00e7ekdarek\u00ee xwe a\u015fkere kir, ew j\u00ee 3 salan ber\u00ea ketiye ber \u00ear\u00ee\u015feke dewleta Tirk \u00fb ji n\u00fb ve mirina w\u00ee \u00eef\u015fa kiriye. HPG\u00ea bask\u00ea le\u015fker\u00ee y\u00ea PKK\u00ea roja \u015fem\u00ee 4\/2\/2023 nasnameya \u00e7ekdarek\u00ee xwe y\u00ea bi nav\u00ea \u201cVedat Otun\u201d ku ji \u015eirnex a Bakur\u00ea Kurdistan\u00ea ye, a\u015fkere kir Vedat li 31 t\u00eermeha sala [&hellip;]","og_url":"https:\/\/darkamazi.info\/archives\/1034968","og_site_name":"Darka Maz\u00ee","article_publisher":"https:\/\/www.facebook.com\/DarMaziKurmanci","article_published_time":"2023-02-05T08:30:34+00:00","og_image":[{"width":900,"height":497,"url":"https:\/\/darkamazi.info\/file\/2023\/02\/Vedat-Otun-pkk-hpg-kck-kurd-kurdistan-turkey-2.jpg","type":"image\/jpeg"}],"author":"darka mazi","twitter_card":"summary_large_image","twitter_creator":"@DarkaMaziLatini","twitter_site":"@DarkaMaziLatini","twitter_misc":{"Written by":"darka mazi","Est. reading time":"1 minute"},"schema":{"@context":"https:\/\/schema.org","@graph":[{"@type":"Article","@id":"https:\/\/darkamazi.info\/archives\/1034968#article","isPartOf":{"@id":"https:\/\/darkamazi.info\/archives\/1034968"},"author":{"name":"darka mazi","@id":"https:\/\/darkamazi.info\/#\/schema\/person\/5ad3e24553a0567993fa8ed4bd0a776c"},"headline":"PKK\u00ea mirina v\u00ee ciwan\u00ea \u015eirnex\u00ea j\u00ee 3 salan ve\u015fartb\u00fb","datePublished":"2023-02-05T08:30:34+00:00","mainEntityOfPage":{"@id":"https:\/\/darkamazi.info\/archives\/1034968"},"wordCount":162,"publisher":{"@id":"https:\/\/darkamazi.info\/#organization"},"image":{"@id":"https:\/\/darkamazi.info\/archives\/1034968#primaryimage"},"thumbnailUrl":"https:\/\/darkamazi.info\/file\/2023\/02\/Vedat-Otun-pkk-hpg-kck-kurd-kurdistan-turkey-2.jpg","keywords":["sereke"],"articleSection":["Kurdistan"],"inLanguage":"en-US"},{"@type":"WebPage","@id":"https:\/\/darkamazi.info\/archives\/1034968","url":"https:\/\/darkamazi.info\/archives\/1034968","name":"PKK\u00ea mirina v\u00ee ciwan\u00ea \u015eirnex\u00ea j\u00ee 3 salan ve\u015fartb\u00fb - Darka Maz\u00ee","isPartOf":{"@id":"https:\/\/darkamazi.info\/#website"},"primaryImageOfPage":{"@id":"https:\/\/darkamazi.info\/archives\/1034968#primaryimage"},"image":{"@id":"https:\/\/darkamazi.info\/archives\/1034968#primaryimage"},"thumbnailUrl":"https:\/\/darkamazi.info\/file\/2023\/02\/Vedat-Otun-pkk-hpg-kck-kurd-kurdistan-turkey-2.jpg","datePublished":"2023-02-05T08:30:34+00:00","breadcrumb":{"@id":"https:\/\/darkamazi.info\/archives\/1034968#breadcrumb"},"inLanguage":"en-US","potentialAction":[{"@type":"ReadAction","target":["https:\/\/darkamazi.info\/archives\/1034968"]}]},{"@type":"ImageObject","inLanguage":"en-US","@id":"https:\/\/darkamazi.info\/archives\/1034968#primaryimage","url":"https:\/\/darkamazi.info\/file\/2023\/02\/Vedat-Otun-pkk-hpg-kck-kurd-kurdistan-turkey-2.jpg","contentUrl":"https:\/\/darkamazi.info\/file\/2023\/02\/Vedat-Otun-pkk-hpg-kck-kurd-kurdistan-turkey-2.jpg","width":900,"height":497,"caption":"Vedat Otun-pkk-hpg-kck-kurd-kurdistan-turkey (2)"},{"@type":"BreadcrumbList","@id":"https:\/\/darkamazi.info\/archives\/1034968#breadcrumb","itemListElement":[{"@type":"ListItem","position":1,"name":"Home","item":"https:\/\/darkamazi.info\/"},{"@type":"ListItem","position":2,"name":"PKK\u00ea mirina v\u00ee ciwan\u00ea \u015eirnex\u00ea j\u00ee 3 salan ve\u015fartb\u00fb"}]},{"@type":"WebSite","@id":"https:\/\/darkamazi.info\/#website","url":"https:\/\/darkamazi.info\/","name":"Darka Maz\u00ee","description":"P\u00eageha Zanyariy\u00ean Nebih\u00eest\u00ee","publisher":{"@id":"https:\/\/darkamazi.info\/#organization"},"potentialAction":[{"@type":"SearchAction","target":{"@type":"EntryPoint","urlTemplate":"https:\/\/darkamazi.info\/?s={search_term_string}"},"query-input":{"@type":"PropertyValueSpecification","valueRequired":true,"valueName":"search_term_string"}}],"inLanguage":"en-US"},{"@type":"Organization","@id":"https:\/\/darkamazi.info\/#organization","name":"Darka Maz\u00ee","url":"https:\/\/darkamazi.info\/","logo":{"@type":"ImageObject","inLanguage":"en-US","@id":"https:\/\/darkamazi.info\/#\/schema\/logo\/image\/","url":"https:\/\/darkamazi.info\/file\/2017\/12\/darka-mazi-logo.png","contentUrl":"https:\/\/darkamazi.info\/file\/2017\/12\/darka-mazi-logo.png","width":151,"height":75,"caption":"Darka Maz\u00ee"},"image":{"@id":"https:\/\/darkamazi.info\/#\/schema\/logo\/image\/"},"sameAs":["https:\/\/www.facebook.com\/DarMaziKurmanci","https:\/\/x.com\/DarkaMaziLatini","https:\/\/www.instagram.com\/darkamazi.kurmanci\/","https:\/\/www.youtube.com\/channel\/UCa5HkTdmI8U1qCUFuTw8B2g"]},{"@type":"Person","@id":"https:\/\/darkamazi.info\/#\/schema\/person\/5ad3e24553a0567993fa8ed4bd0a776c","name":"darka mazi","sameAs":["https:\/\/darkamazi.info\/"],"url":"https:\/\/darkamazi.info\/archives\/author\/kurdi"}]}},"_links":{"self":[{"href":"https:\/\/darkamazi.info\/funavuv\/wp\/v2\/posts\/1034968","targetHints":{"allow":["GET"]}}],"collection":[{"href":"https:\/\/darkamazi.info\/funavuv\/wp\/v2\/posts"}],"about":[{"href":"https:\/\/darkamazi.info\/funavuv\/wp\/v2\/types\/post"}],"author":[{"embeddable":true,"href":"https:\/\/darkamazi.info\/funavuv\/wp\/v2\/users\/2"}],"replies":[{"embeddable":true,"href":"https:\/\/darkamazi.info\/funavuv\/wp\/v2\/comments?post=1034968"}],"version-history":[{"count":0,"href":"https:\/\/darkamazi.info\/funavuv\/wp\/v2\/posts\/1034968\/revisions"}],"wp:featuredmedia":[{"embeddable":true,"href":"https:\/\/darkamazi.info\/funavuv\/wp\/v2\/media\/1034969"}],"wp:attachment":[{"href":"https:\/\/darkamazi.info\/funavuv\/wp\/v2\/media?parent=1034968"}],"wp:term":[{"taxonomy":"category","embeddable":true,"href":"https:\/\/darkamazi.info\/funavuv\/wp\/v2\/categories?post=1034968"},{"taxonomy":"post_tag","embeddable":true,"href":"https:\/\/darkamazi.info\/funavuv\/wp\/v2\/tags?post=1034968"}],"curies":[{"name":"wp","href":"https:\/\/api.w.org\/{rel}","templated":true}]}}