{"id":1034983,"date":"2023-02-05T20:14:13","date_gmt":"2023-02-05T17:14:13","guid":{"rendered":"https:\/\/darkamazi.info\/?p=1034983"},"modified":"2023-02-05T20:14:13","modified_gmt":"2023-02-05T17:14:13","slug":"guren-kurdan-u-kurden-resen","status":"publish","type":"post","link":"https:\/\/darkamazi.info\/archives\/1034983","title":{"rendered":"Gur\u00ean kurdan \u00fb kurd\u00ean resen"},"content":{"rendered":"<h3 style=\"text-align: justify\"><span style=\"font-family: 'arial black', sans-serif\">Derbar\u00ea karesata \u015eengal\u00ea pirr babet, \u00e7\u00eerok \u00fb serp\u00eahat\u00ee hatine vegotin, l\u00eabel\u00ea gomana ku v\u00ea karesat\u00ea bi xwe re an\u00ee bi daw\u00ee nekir, gel\u00ea kurd tev\u00ee ku 9 sal derbasb\u00fbn heya roja me ya \u00eero dipirse &#8220;Qey dikar\u00eeb\u00fb p\u00ea\u015f\u00ee li ferman\u00ea b\u00ea girtin&#8221;?!, aliy\u00ea ber bi \u00e7av y\u00ea b\u00fbyer\u00ea DAI\u015e b\u00fb \u00fb em\u00ea behis nekin, l\u00ea aliy\u00ea tar\u00ee gur\u00ean kurdan b\u00fbn, bi muhra wan qetilama ku \u00eazd\u00ee j\u00ea re dib\u00eajin &#8220;fermana 73an&#8221; p\u00eakhat.<\/span><\/h3>\n<h3 style=\"text-align: justify\">&#8220;Darka Maz\u00ee&#8221; agahiy\u00ean taybet derbar\u00ea dem\u00ean ber\u00ee ferman\u00ea \u00fb b\u00fbyer\u00ean v\u00ea ferman\u00ea li pey xwe hi\u015ft\u00ee bi dest xistine, ku h\u00fbn\u00ea di v\u00ea niv\u00ees\u00ea de ji bo yekem car bibih\u00eezin.<\/h3>\n<h3 style=\"text-align: justify\">Li \u015feva 3 Tebaxa 2014an li dema teror\u00eest\u00ean DAI\u015e\u00ea ber bi \u015fengal\u00ea ve di\u00e7\u00fbn, PKK\u2019\u00ea h\u00eaz\u00ean xwe seferber kirin, ne ji bo p\u00ea\u015f\u00ee girtina li teror\u00eestan \u00fb rizgar kirina \u00cazd\u00eeyan ji helaket\u00ea, l\u00ea ji bo ku p\u00ea\u015fmergey\u00ean Kurdistan\u00ea asteng bikin, p\u00ea\u015fmergey\u00ean ku li yekem\u00een deqey\u00ean v\u00ea karesat\u00ea li hawara \u015eengal\u00ea \u00fb \u015f\u00eaniy\u00ean w\u00ea de \u00e7\u00fbyn.<\/h3>\n<h3 style=\"text-align: justify\">Dem berbanga sib\u00ea ya 3\u00ee Tebaxa 2014ane, fermandar Se\u00eed K\u00eastey\u00ee bi hevaltiya fermandar\u00ean p\u00ea\u015fmerge A\u015ft\u00ee Ko\u00e7er \u00fb Mihemed \u00ces\u00ea \u00fb 400 p\u00ea\u015fmergehan re, her wiha bi berpirs \u00fb heyeta liqa 17 a PDK\u2019\u00ea re, li ser fermana Serok Barzan\u00ee ji Sih\u00eala ber bi Rojava Kurdistan\u00ea ketin r\u00ea, Serok Barzan\u00ee ji v\u00ea h\u00eaz\u00ea re got ku di bin her \u015fert \u00fb mercek\u00ea de div\u00ea h\u00fbn bikevin \u00e7iyay\u00ea \u015eengal\u00ea \u00fb gel\u00ea me y\u00ea \u00eazd\u00ee ji helaket\u00ea rizgar bikin.<\/h3>\n<h3 style=\"text-align: justify\">R\u00eeya v\u00ea h\u00eaza p\u00ea\u015fmergehan p\u00ea\u015fab\u00fbr bo Rojava Kurdistan\u00ea \u00fb pi\u015ftre bo \u00e7iyay\u00ea \u015eengal\u00ea b\u00fb, ew ketin r\u00ea \u00fb dema ku gih\u00ee\u015ftin gund\u00ea Al-Wel\u00eed li ser s\u00eenor, PKK\u2019\u00ea p\u00ea\u015f\u00ee li wan girt \u00fb nehi\u015ft derbas\u00ee Rojava bibin, ev h\u00eaza p\u00ea\u015fmergehan 48 saetan li wir man.<\/h3>\n<h3 style=\"text-align: center\"><span style=\"font-family: 'arial black', sans-serif;color: #8c0808\">H\u00eaza p\u00ea\u015fmergehan ku ji sih\u00eala di aliy\u00ea P\u00ea\u015fab\u00fbr\u00ea re ber bi Rojava ve \u00e7\u00fby bi fermandar\u00eeya van p\u00ea\u015fmergehan b\u00fb:<\/span><\/h3>\n<ul style=\"text-align: justify\">\n<li>\n<h3><span style=\"font-family: 'arial black', sans-serif\">Se\u00eed K\u00eastey\u00ee.<\/span><\/h3>\n<\/li>\n<li>\n<h3><span style=\"font-family: 'arial black', sans-serif\">A\u015ft\u00ee Ko\u00e7er.<\/span><\/h3>\n<\/li>\n<li>\n<h3><span style=\"font-family: 'arial black', sans-serif\">Mihemed \u00ces\u00ea.<\/span><\/h3>\n<\/li>\n<li>\n<h3><span style=\"font-family: 'arial black', sans-serif\">Her wiha fermandar\u00ea bi nav\u00ea Bab\u00ea D\u00fbrkes kar\u00ean loj\u00eest\u00eek y\u00ean v\u00ea h\u00eaz\u00ea li Sih\u00eala bir\u00eave dibir.<\/span><\/h3>\n<\/li>\n<\/ul>\n<h3 style=\"text-align: justify\">Bav\u00ea D\u00fbrkes ji Darka Maz\u00ee re dib\u00eaje: &#8220;h\u00eaza p\u00ea\u015fmergehan ya ku ji sih\u00eala ber bi rojava ketiye r\u00ea li s\u00eenor as\u00ea ma, du roj derbasb\u00fbn ji n\u00fb ve PKK\u2019\u00ea r\u00ea vekir, ew du roj b\u00fbn gel\u00ea me y\u00ea \u00eazd\u00ee rast\u00ee qetilam\u00ea dihat, PKK\u2019e li s\u00eenor nesekin\u00ee \u00fb pi\u015ft\u00ee ku p\u00ea\u015fmerge derbas\u00ee Rojava b\u00fby \u00e7ekdar\u00ean PKK\u2019\u00ea d\u00eesa li nahiya Cize ev h\u00eaza p\u00ea\u015fmergehan bo dema 24 saetan asteng kirin, p\u00ea\u015fmergehan dikar\u00eeb\u00fb di van s\u00ea rojan de bi sedan \u00cazd\u00eeyan ji mirin\u00ea rizgar bikin, ne ji PKK\u2019\u00ea baye me dikar\u00eeb\u00fb bi rengek\u00ee p\u00ea\u015fiy\u00ea li qetilama \u00cazd\u00eey\u00ean \u015eengal\u00ea bigrin&#8221;.<\/h3>\n<h3 style=\"text-align: center\"><span style=\"color: #8c0808;font-family: 'arial black', sans-serif\">Fermandar\u00ean PKK\u2019\u00ea y\u00ean ku p\u00ea\u015fmerge asteng kir\u00een ev b\u00fbn:<\/span><\/h3>\n<ul style=\"text-align: justify\">\n<li>\n<h3><span style=\"font-family: 'arial black', sans-serif\">Eg\u00eed Civyan Oremar\u00ee \u2013 di 11\u00ea \u00eelona 2020an de li M\u00eard\u00een\u00ea hat\u00eeye ku\u015ftin. Ew kes\u00ea yekem b\u00fb.<\/span><\/h3>\n<\/li>\n<li>\n<h3><span style=\"font-family: 'arial black', sans-serif\">Azad D\u00eark\u00ee \u2013 Berpirs\u00ea PYD\u2019\u00ea.<\/span><\/h3>\n<\/li>\n<li>\n<h3><span style=\"font-family: 'arial black', sans-serif\">Adar \u2013 Fermandara Bask\u00ea jinan y\u00ea PKK\u2019\u00ea.<\/span><\/h3>\n<\/li>\n<li>\n<h3><span style=\"font-family: 'arial black', sans-serif\">Soran \u2013 C\u00eagir\u00ea berpirs\u00ea PYD\u2019\u00ea b\u00fb. Niha veqetiyaye \u00fb li Germ\u00eeyan e.<\/span><\/h3>\n<\/li>\n<li>\n<h3><span style=\"font-family: 'arial black', sans-serif\">Mazl\u00fbm Ros \u2013 Berpirs\u00ea \u00cestixbarata PKK\u2019\u00ea b\u00fb.<\/span><\/h3>\n<\/li>\n<\/ul>\n<h3 style=\"text-align: center\"><span style=\"color: #8c0808;font-family: 'arial black', sans-serif\">DAI\u015e\u00ea ne\u015fk\u00eenin, PDK\u2019\u00ea bi\u015fk\u00eenin<\/span><\/h3>\n<h3 style=\"text-align: justify\">Ber\u00ee ku DAI\u015e bikeve di \u015eengal\u00ea de, PKK\u2019\u00ea p\u00eelan ji boy kontrol kirina \u00e7iyay\u00ea \u015eengal\u00ea dan\u00eeb\u00fb, DAI\u015e ji boy PKK\u2019\u00ea al\u00eekar b\u00fb ku ev p\u00eelana wan were c\u00ee bi c\u00ee kirin, bav\u00ea D\u00fbrkes dib\u00eaje: &#8220;plana PKK\u2019\u00ea a vekirina r\u00eeya \u00e7iyay\u00ea \u015fengal\u00ea \u00fb rizgarkirina \u00cazd\u00eeyan tune b\u00fb, \u00e7ek\u00ean giran bi p\u00ea\u015fmergehan re heb\u00fbn, PKK\u2019\u00ea di kar\u00ee al\u00eekariya p\u00ea\u015fmerge bike, l\u00eabel\u00ea pi\u015ft\u00ee ku 3 rojan wan p\u00ea\u015fmerge asteng kir\u00ee ji n\u00fb ve r\u00eeya Dugur\u00ea vekir, p\u00ea\u015fmerge erka parastina w\u00ea r\u00eey\u00ea \u00fb derbasb\u00fbna \u00cazd\u00eeyan hilda ser mil\u00ea xwe, PKK\u2019e j\u00ee derbas\u00ee \u00e7iyay\u00ea \u015eengal\u00ea b\u00fb \u00fb li c\u00eeh\u00ea ku xema \u00cazd\u00eeyan sivik bike ku rast\u00ee qetilam\u00ea hatib\u00fbn, ewan DAI\u015e jib\u00eer kir \u00fb ji \u00cazd\u00eeyan re go ku PDK\u2019\u00ea \u00eexanet kir, PDK\u2019\u00ea h\u00fbn firotin \u00fb ji \u00cazd\u00eeyan re nego ku wan ew p\u00ea\u015fmerge 3 rojan asteng kirin y\u00ean ku di xwestin we rizgar bikin&#8221;.<\/h3>\n<h3 style=\"text-align: center\"><span style=\"color: #8c0808;font-family: 'arial black', sans-serif\">P\u00ea\u015fmergey\u00ean operasyon\u00ean taybet \u00fb yek\u00eeney\u00ean PKK\u2019\u00ea li geliy\u00ea Kers\u00ea<\/span><\/h3>\n<h3 style=\"text-align: justify\">Tev\u00ee asteng\u00ean PKK\u2019\u00ea, h\u00eaza 400 kes ya bi fermandariya Se\u00eed K\u00eastey\u00ee gih\u00ee\u015ftin \u00e7iyay\u00ea \u015eengal\u00ea, wan r\u00eeya \u00cazd\u00eeyan vekir \u00fb al\u00eekar\u00ee j\u00ee dan \u00eazd\u00eey\u00ean ku li \u00e7iyay\u00ee mane.<\/h3>\n<h3 style=\"text-align: justify\">Q\u00fbnaxa duyem\u00een ya plana fermandar\u00eeya gi\u015ft\u00eeya p\u00ea\u015fmergey\u00ean Kurdistan\u00ea, \u015fandina h\u00eazeke 30 kes\u00ee ya p\u00ea\u015fmergey\u00ean operasyon\u00ean taybet b\u00fb ji boy \u00e7iyay\u00ea \u015eengal\u00ea.<\/h3>\n<h3 style=\"text-align: justify\">Li roja 9 Tebaxa 2014an ev h\u00eaz bi fermandariya bav\u00ea D\u00fbrkes ketin r\u00ea, erka v\u00ea h\u00eaza p\u00ea\u015fmergehan ewlekirina c\u00eeh\u00ea h\u00eaz\u00ean taybet y\u00ean Amer\u00eek\u00ee b\u00fb ku di xwestin li \u00e7iyay\u00ea \u015eengal\u00ea bi c\u00eeh bin.<\/h3>\n<h3 style=\"text-align: justify\">PKK\u2019e bi hatina v\u00ea h\u00eaza p\u00ea\u015fmergehan dizane, her di z\u00fb de yek\u00eeney\u00ean xwe \u015fandin geliy\u00ea Kers\u00ea \u00fb xala kontrola r\u00ea li wir dan, wexta p\u00ea\u015fmerge gih\u00ee\u015ftin geliy\u00ea Kers\u00ea li xala kontrola r\u00ea ya PKK\u2019\u00ea nesekin\u00een \u00fb derbas\u00ee \u00e7iyay\u00ea \u015eengal\u00ea b\u00fbn.<\/h3>\n<h3 style=\"text-align: justify\">H\u00eaza 30 kes\u00ee ya p\u00ea\u015fmergehan gih\u00ee\u015ft ser\u00ea \u00e7iyay\u00ea \u015eengal\u00ea ku li wir fermandar A\u015ft\u00ee Ko\u00e7er li bend\u00ea b\u00fb, di van k\u00ealekan de yek\u00eeney\u00ean PKK\u2019\u00ea y\u00ean ku li geliy\u00ea Kers\u00ea di xwestin wan asteng bikin serketin \u00e7iya \u00fb ji p\u00ea\u015fmergehan re go: &#8220;h\u00fbn \u00e7ima li nuqtey\u00ean me nesekin\u00een \u00fb b\u00ea fermana me derbas\u00ee \u00e7iya b\u00fbn&#8221;!<\/h3>\n<h3 style=\"text-align: justify\">Li wir pev\u00e7\u00fbn \u00fb \u015fere dev \u00e7\u00eab\u00fbn \u00fb p\u00ea\u015fmergehan ji yek\u00eeney\u00ean PKK\u2019\u00ea re go ku ev der axa meye \u00fb tekane h\u00eaza neme\u015fr\u00fb ya li vir PKK\u2019e ye.<\/h3>\n<h3 style=\"text-align: justify\">Du saet derbasb\u00fbn pi\u015ftre h\u00eaza komando ya Amer\u00eek\u00ee gih\u00ee\u015ft ser\u00ea \u00e7iya.<\/h3>\n<h3 style=\"text-align: center\"><span style=\"color: #8c0808;font-family: 'arial black', sans-serif\">PKK\u2019\u00ea erzaq\u00ea ku gih\u00ee\u015ft\u00ee ser\u00ea \u00e7iyay\u00ea \u015eengal\u00ea ji xwe re bir<\/span><\/h3>\n<h3 style=\"text-align: justify\">Di navbera 3 heya 9 Tebax\u00ea de du caran al\u00eekariy\u00ean xwarin, derman \u00fb \u00e7ek bi r\u00eeya p\u00ea\u015fmergehan \u00fb Emer\u00eek\u00eeyan gihi\u015ftin \u00e7iyay\u00ea \u015eengal\u00ea, fermandar bav\u00ea D\u00fbrkes dib\u00eaje: cara yek\u00ea p\u00ea\u015fmergehan al\u00eekariy\u00ean Dezgeh\u00ea X\u00earxwaz\u00ee y\u00ea Barzan\u00ee birin \u00e7iya \u00fb PKK\u2019\u00ea hewl da bo xwe bibe, l\u00ea p\u00ea\u015fmergehan nehi\u015ft, l\u00eabel\u00ea erzaq \u00fb al\u00eekariy\u00ean ku Emer\u00eek\u00eeyan bi r\u00eeya pere\u015fotan bo gel\u00ea \u00eazd\u00ee ji balafiran av\u00eatin, PKK\u2019\u00ea piran\u00ee ji xwe re bir \u00fb ten\u00ea hinek ji \u00cazd\u00eeyan re hi\u015ft.<\/h3>\n<h3 style=\"text-align: center\"><span style=\"color: #8c0808;font-family: 'arial black', sans-serif\">P\u00ea\u015fmergey\u00ean ku di \u015fengal\u00ea de b\u00fbn bi ku de \u00e7\u00fbn?<\/span><\/h3>\n<h3 style=\"text-align: justify\">Mijara ku p\u00ea\u015fmergey\u00ean ber\u00ee 3\u00ee Tebax\u00ea di \u015fengal\u00ea de b\u00fbn bi ku de \u00e7\u00fbn, h\u00eajan j\u00ee bi ba\u015f\u00ee nehat\u00eeye zelalkirin, PKK\u2019e j\u00ee h\u00eajan pirobagindeye dike \u00fb ji \u00cazd\u00eeyan re dib\u00eaje ku p\u00ea\u015fmerge rev\u00eeyan!.<\/h3>\n<h3 style=\"text-align: justify\">P\u00ea\u015fmergey\u00ean ku ber\u00ee 3\u00ee Tebax\u00ea erka wan li \u015eengal\u00ea heb\u00fb, ji h\u00eaz\u00ean &#8220;Qasim \u015ee\u015fo, Qasim Sm\u00eal \u00fb h\u00eaza Se\u00eed \u00c7elk\u00ee \u00fb Em\u00eed Sim\u00ea&#8221; \u00fb hinek p\u00ea\u015fmergey\u00ean din p\u00eakdihatin, \u00e7ek\u00ean giran bi wan re neb\u00fbn, ew bi \u00cazd\u00eeyan re derbas\u00ee \u00e7iyay\u00ea \u015eengal\u00ea b\u00fbn.<\/h3>\n<h3 style=\"text-align: justify\">Bav\u00ea D\u00fbrkes ku ev b\u00fbyer hem\u00fb bi \u00e7av d\u00eetine \u00fb hinek j\u00ea bi kam\u00eera mob\u00eela xwe w\u00eane kirine, ji &#8220;Darka Maz\u00ee&#8221; re \u00e7\u00eeroka vekirina r\u00eeya \u00e7iyay\u00ea \u015eengal\u00ea \u00fb rizgarkirina \u00cazd\u00eeyan vedib\u00eaje.<\/h3>\n<h3 style=\"text-align: center\"><span style=\"color: #8c0808;font-family: 'arial black', sans-serif\">Fermandariya ser\u00ea \u00e7iyay\u00ea \u015eengal\u00ea<\/span><\/h3>\n<h3 style=\"text-align: justify\">Pi\u015ft\u00ee vekirina r\u00eeya \u00e7iyay\u00ea \u015eengal\u00ea di &#8220;Dugur\u00ea&#8221; re \u00fb rizgakirina be\u015fek\u00ee \u00cazd\u00eeyan, p\u00ea\u015fmergey\u00ean ku ji \u015fengal\u00ea bi \u00cazd\u00eeyan re \u00e7\u00fbb\u00fbn \u00e7iya \u00fb p\u00ea\u015fmergey\u00ean ku ji Sih\u00eala gihi\u015ftine \u00e7iya, fermandar\u00ee yek p\u00eakan\u00ee \u00fb bi v\u00ee awa:<\/h3>\n<ul style=\"text-align: justify\">\n<li>\n<h3><span style=\"font-family: 'arial black', sans-serif\">Qasim \u015ee\u015fo.<\/span><\/h3>\n<\/li>\n<li>\n<h3><span style=\"font-family: 'arial black', sans-serif\">Qasim Sm\u00eal.<\/span><\/h3>\n<\/li>\n<li>\n<h3><span style=\"font-family: 'arial black', sans-serif\">Se\u00eed \u00c7elk\u00ee.<\/span><\/h3>\n<\/li>\n<\/ul>\n<h3 style=\"text-align: justify\">Erka v\u00ea fermandariy\u00ea du xal\u00ean sereke b\u00fbn, ya yekem w\u00ea \u00e7awa xelk\u00ea \u00eazd\u00ee rizgar bikin \u00fb xala duyem\u00een j\u00ee rizgarkirina ax\u00ea ye.<\/h3>\n<h3 style=\"text-align: justify\"><span style=\"font-family: 'arial black', sans-serif\">Erk bi v\u00ee away\u00ee hatin dabe\u015f kirin:<\/span><\/h3>\n<h3 style=\"text-align: justify\"><span style=\"font-family: 'arial black', sans-serif\">Qasim \u015ee\u015fo &#8211; Fermandar\u00ea gi\u015ft\u00ee.<\/span><\/h3>\n<h3 style=\"text-align: justify\"><span style=\"font-family: 'arial black', sans-serif\">Qasim Sm\u00eal \u2013 Berpirs\u00ea bakur\u00ea Dugur\u00ea \u00fb Sin\u00fbn\u00ea.<\/span><\/h3>\n<h3 style=\"text-align: justify\"><span style=\"font-family: 'arial black', sans-serif\">Qasim Dirbo \u2013 Berpirs\u00ea m\u00eehwer\u00ea Q\u00eebla \u015eengal\u00ea.<\/span><\/h3>\n<h3 style=\"text-align: justify\"><span style=\"font-family: 'arial black', sans-serif\">A\u015ft\u00ee ko\u00e7er \u2013 Berpirs\u00ea t\u00eakil\u00eey\u00ean bi gel\u00ea \u015eengal\u00ea re.<\/span><\/h3>\n<h3 style=\"text-align: justify\"><span style=\"font-family: 'arial black', sans-serif\">Bav\u00ea D\u00fbrkes \u2013 Berpirs\u00ea lojist\u00eek y\u00ea tev enya \u015fer.<\/span><\/h3>\n<h3 style=\"text-align: justify\">Yekem m\u00eesyona v\u00ea fermandariy\u00ea gihandina t\u00eemeke dixtoran \u00fb al\u00eekariy\u00ean derman \u00fb xwarn\u00ea b\u00fb ji bo \u00e7iyay\u00ea \u015eengal\u00ea, bav\u00ea D\u00fbrkes ev erke bi c\u00eeh an\u00ee \u00fb yekem t\u00eema dixtoran \u00fb erzaq\u00ee ji Duhok\u00ea bi serpiri\u015ftiya P\u00ea\u015fmergeyek\u00ee bi nav\u00ea &#8220;M\u00fbsa&#8221; gih\u00ee\u015ft \u00e7iyay\u00ea \u015eengal\u00ea, l\u00eabel\u00ea li gel gihi\u015ftina v\u00ee karwan\u00ea al\u00eekariy\u00ea PKK\u2019\u00ea ji p\u00ea\u015fmergehan re go em\u00ea bi tu away\u00ee r\u00ea nedin ev al\u00eekar\u00ee derbas\u00ee \u00e7iya bibin, yan h\u00fbn\u00ea tesl\u00eem\u00ee me bikin \u00fb em\u00ea bibin \u00e7iya yan j\u00ee h\u00fbn\u00ea bi tu away\u00ee derbas nebin.<\/h3>\n<h3 style=\"text-align: justify\">Fermandar\u00ean p\u00ea\u015fmerge li vir rast\u00ee du bijardeyan hatin, yan w\u00ea li PKK\u2019\u00ea bixin, yan j\u00ee w\u00ea bi merc\u00ean wan raz\u00ee bibin \u00fb bar\u00ea al\u00eekar\u00eeyan tesl\u00eem\u00ee wan bikin.<\/h3>\n<h3 style=\"text-align: justify\">Bav\u00ea D\u00fbrkes dib\u00eaje: &#8220;p\u00ea\u015fmergehan li ser fermana Serok Barzan\u00ee biryar dan bi tu away\u00ee \u015fer\u00ea PKK\u2019\u00ea nekin \u00fb rizgarkirina \u00eazd\u00eeyan erka wan ya sereke be&#8221;.<\/h3>\n<h3 style=\"text-align: justify\">Pi\u015ft\u00ee van b\u00fbyeran fermandar\u00ea p\u00ea\u015fmerge bav\u00ea D\u00fbrkes bi du p\u00ea\u015fmergey\u00ean din re bi nav\u00ean (T. E) vedgere Sih\u00eala ji bo ku al\u00eekariy\u00ean z\u00eadetir \u00fb \u00e7ekan bi\u015f\u00eene \u00e7iyay\u00ea \u015eengal\u00ea.<\/h3>\n<h3 style=\"text-align: justify\">Bav\u00ea D\u00fbrkes dib\u00eaje: \u00eero 9 sal derbasb\u00fbn \u00fb h\u00eajan li medyay\u00ea daxuyaniy\u00ean hinek aliyan dib\u00eenim ku sipas\u00eeya PKK\u2019\u00ea dikin ku \u00e7\u00fbne \u00e7iyay\u00ea \u015eengal\u00ea, bi ya min heger ew ji bo al\u00eekariya \u00cazd\u00eeyan bi\u00e7\u00fbna em j\u00ee da ji wan re b\u00eajin spas, l\u00ea ya rast al\u00eekariya \u00cazd\u00eeyan di rojeva PKK\u2019\u00ea de neb\u00fb, em\u00ea v\u00ea bi belge \u00fb del\u00eel ve zelal bikin:<\/h3>\n<h3 style=\"text-align: center\"><span style=\"color: #8c0808;font-family: 'arial black', sans-serif\">Pi\u015ft\u00ee komkujiya \u015eengal\u00ea PKK\u2019e bi ku de \u00e7\u00fb \u00fb \u00e7ima \u015fer\u00ea DAI\u015e\u00ea nekir?<\/span><\/h3>\n<h3 style=\"text-align: justify\">Pi\u015ft\u00ee rizgar kirina piraniya \u00cazd\u00eeyan \u00fb gih\u00ee\u015ftina wan bo par\u00eazgeha Duhok\u00ea, fermandariya p\u00ea\u015fmerge pilana rizgarkirina axa \u015eengal\u00ea dana \u00fb yekem car p\u00ea\u015fmerge ji Qesr\u00eec\u00ea bo Zumar \u00ear\u00ee\u015f\u00ee DAI\u015e\u00ea kir, ber bi gund\u00ea herdan li rojhilata \u00e7iyay\u00ea \u015eengal\u00ea ve \u00e7\u00fb, di v\u00ee \u015fer\u00ee de p\u00ea\u015fmergehan dehan \u015feh\u00eed dan, l\u00ea PKK\u2019e li ti c\u00eehek\u00ee xweya neb\u00fb!.<\/h3>\n<h3 style=\"text-align: justify\">Pi\u015ft\u00ee s\u00ea rojan h\u00eazeka din ya p\u00ea\u015fmergehan ji nahiya Reb\u00eee ber bi Sin\u00fbn\u00ea ve \u00e7\u00fbn \u00fb d\u00eesa DAI\u015e t\u00eakbir \u00fb heya gihi\u015ftin \u00e7iyay\u00ea \u015eengal\u00ea, d\u00eesa PKK\u2019e xweya neb\u00fb!<\/h3>\n<h3 style=\"text-align: justify\">Wexta Serok Barzan\u00ee li ser\u00ea \u00e7iyay\u00ea \u015eengal\u00ea mizg\u00een\u00eeya rizgarkirina \u00e7iyay\u00ea \u015eengal\u00ea ragihand\u00ee, d\u00eesa PKK\u2019e xweya neb\u00fb, pi\u015ftre bi salek\u00ea bajar\u00ea \u015eengal\u00ea hat rizgar kirin d\u00eesa PKK\u2019e xweya neb\u00fb!<\/h3>\n<h3 style=\"text-align: justify\">Ya rast di wan dem\u00ean PDK\u2019\u00ea \u00fb p\u00ea\u015fmergey\u00ean Kurdistan\u00ea tev h\u00eaz\u00ean xwe ji boy rizgarkirina \u00cazd\u00eeyan \u00fb xaka wan seferber kir\u00een \u00fb \u015fer\u00ea hovanetir\u00een r\u00eaxistina teror\u00ea li c\u00eehan\u00ea hilday ser mil\u00ea xwe, PKK\u2019\u00ea r\u00eaxistin\u00ean xwe seferberkirin \u00fb av\u00eatin nava jin \u00fb zarok\u00ean \u00cazd\u00eeyan de \u00fb hewla \u015f\u00fb\u015ftina mej\u00eek\u00ea wan dikir \u00fb ji wan re digo PDK\u2019\u00ea \u00eexanet li we kir!.<\/h3>\n<h3 style=\"text-align: center\"><span style=\"color: #8c0808;font-family: 'arial black', sans-serif\">P\u00ea\u015fmerge \u015eengal rizgar kir pi\u015ftre PKK\u2019\u00ea dag\u00eer kir<\/span><\/h3>\n<h3 style=\"text-align: justify\">P\u00ea\u015fmergey\u00ean Kurdistan\u00ea \u015eengal rizgar kir \u00fb pi\u015ftre PKK\u2019e hat dag\u00eer kir \u00fb nehi\u015ft awarey\u00ean \u00eazd\u00ee ku h\u00eajan di kampan de ne vegerin war\u00ean xwe, PKK\u2019e dib\u00eaje h\u00eajan kar\u00ea me di \u015eengal\u00ea de xelas neb\u00fbye, ya rast kar\u00ea wan h\u00eajan li wir maye, PKK\u2019e niha be\u015fek\u00ee &#8220;Mihwer\u00ea Miqawem\u00ea&#8221; ye \u00fb bi fermana \u00ceran\u00ea di \u015eengal\u00ea de hewla \u00e7\u00eakirin \u00fb parastina h\u00eelala \u015e\u00eee dike, zarok\u00ean \u00cazd\u00eeyan di rev\u00eene \u00fb bi dest\u00ea art\u00ea\u015fa dewleta tirk dide ku\u015ftin, bi kurtas\u00ee ya ku PKK\u2019e niha li \u015eengal\u00ea dike dewama ferman\u00ea ye, ti\u015fta ku DAI\u015e\u00ea nekir\u00ee PKK\u2019\u00ea kir\u00ee ye, ji ber van sedeman di v\u00ea kurd ji PKK\u2019\u00ea re neb\u00eajin spas.<\/h3>\n<h3 style=\"text-align: justify\">Gel\u00ea \u00eazd\u00ee ji her kes\u00ee ba\u015ftir dizane k\u00ea ew parastin, her wiha ba\u015f dizane k\u00ea nehi\u015ft ew werin rizgar kirin, dizane j\u00ee k\u00ee b\u00fbn r\u00eaya \u00e7iya vekir\u00ee \u00fb al\u00eekar\u00ee \u00fb \u00e7ek gihandin \u00e7iya, ew ji her kes\u00ee ba\u015ftir dizanin y\u00ean ku p\u00ea\u015fmerge li s\u00eenoran asteng kr\u00ee \u00fb nehi\u015ft\u00een di hewara wan bi\u00e7in k\u00ee b\u00fbn, propaganday\u00ean PKK\u2019\u00ea y\u00ean derew y\u00eak bi y\u00eak ji boy gel\u00ea \u00eazd\u00ee \u00eef\u015fa b\u00fbne, ji ber v\u00ea \u00eazd\u00ee ji PKK\u2019\u00ea re nab\u00eajin spas.<\/h3>\n<h3 style=\"text-align: justify\">Xwandevan\u00ean xwe y\u00ean bi r\u00fbmet agahdar dikin ku em\u00ea li roj\u00ean p\u00ea\u015f me \u00e7\u00eerok \u00fb serp\u00eahat\u00eey\u00ean rast y\u00ean b\u00fbyer\u00ean Tebaxa 2014\u00ea parve bikin, her wiha em\u00ea agahiy\u00ean her\u00ee taybet parve bikin \u00fb em\u00ea diyar bikin bi \u00e7i away\u00ee PKK\u2019\u00ea r\u00ea ji boy qetilama gund\u00ea Koco j\u00ee xwe\u015f kir.<\/h3>\n<h3 style=\"text-align: justify\"><span style=\"font-family: 'arial black', sans-serif\">Li benda me bin\u2026<\/span><\/h3>\n","protected":false},"excerpt":{"rendered":"<p>Derbar\u00ea karesata \u015eengal\u00ea pirr babet, \u00e7\u00eerok \u00fb serp\u00eahat\u00ee hatine vegotin, l\u00eabel\u00ea gomana ku v\u00ea karesat\u00ea bi xwe re an\u00ee bi daw\u00ee nekir, gel\u00ea kurd tev\u00ee ku 9 sal derbasb\u00fbn heya roja me ya \u00eero dipirse &#8220;Qey dikar\u00eeb\u00fb p\u00ea\u015f\u00ee li ferman\u00ea b\u00ea girtin&#8221;?!, aliy\u00ea ber bi \u00e7av y\u00ea b\u00fbyer\u00ea DAI\u015e b\u00fb \u00fb em\u00ea behis nekin, l\u00ea [&hellip;]<\/p>\n","protected":false},"author":2,"featured_media":1034984,"comment_status":"closed","ping_status":"closed","sticky":false,"template":"","format":"standard","meta":{"footnotes":""},"categories":[40],"tags":[37],"class_list":["post-1034983","post","type-post","status-publish","format-standard","has-post-thumbnail","hentry","category-niheni","tag-sereke"],"blocksy_meta":[],"seo_head":"<!-- This site is optimized with the Yoast SEO plugin v27.5 - https:\/\/yoast.com\/product\/yoast-seo-wordpress\/ -->\n<title>Gur\u00ean kurdan \u00fb kurd\u00ean resen - Darka Maz\u00ee<\/title>\n<meta name=\"robots\" content=\"index, follow, max-snippet:-1, max-image-preview:large, max-video-preview:-1\" \/>\n<link rel=\"canonical\" href=\"https:\/\/darkamazi.info\/archives\/1034983\" \/>\n<meta property=\"og:locale\" content=\"en_US\" \/>\n<meta property=\"og:type\" content=\"article\" \/>\n<meta property=\"og:title\" content=\"Gur\u00ean kurdan \u00fb kurd\u00ean resen - Darka Maz\u00ee\" \/>\n<meta property=\"og:description\" content=\"Derbar\u00ea karesata \u015eengal\u00ea pirr babet, \u00e7\u00eerok \u00fb serp\u00eahat\u00ee hatine vegotin, l\u00eabel\u00ea gomana ku v\u00ea karesat\u00ea bi xwe re an\u00ee bi daw\u00ee nekir, gel\u00ea kurd tev\u00ee ku 9 sal derbasb\u00fbn heya roja me ya \u00eero dipirse &#8220;Qey dikar\u00eeb\u00fb p\u00ea\u015f\u00ee li ferman\u00ea b\u00ea girtin&#8221;?!, aliy\u00ea ber bi \u00e7av y\u00ea b\u00fbyer\u00ea DAI\u015e b\u00fb \u00fb em\u00ea behis nekin, l\u00ea [&hellip;]\" \/>\n<meta property=\"og:url\" content=\"https:\/\/darkamazi.info\/archives\/1034983\" \/>\n<meta property=\"og:site_name\" content=\"Darka Maz\u00ee\" \/>\n<meta property=\"article:publisher\" content=\"https:\/\/www.facebook.com\/DarMaziKurmanci\" \/>\n<meta property=\"article:published_time\" content=\"2023-02-05T17:14:13+00:00\" \/>\n<meta property=\"og:image\" content=\"https:\/\/darkamazi.info\/file\/2023\/02\/Sinjar-mount-yazidi-pkk-peshmarga-kurdistan-kck-hpg-3-8-2014-genocide-2.jpg\" \/>\n\t<meta property=\"og:image:width\" content=\"900\" \/>\n\t<meta property=\"og:image:height\" content=\"497\" \/>\n\t<meta property=\"og:image:type\" content=\"image\/jpeg\" \/>\n<meta name=\"author\" content=\"darka mazi\" \/>\n<meta name=\"twitter:card\" content=\"summary_large_image\" \/>\n<meta name=\"twitter:creator\" content=\"@DarkaMaziLatini\" \/>\n<meta name=\"twitter:site\" content=\"@DarkaMaziLatini\" \/>\n<meta name=\"twitter:label1\" content=\"Written by\" \/>\n\t<meta name=\"twitter:data1\" content=\"darka mazi\" \/>\n\t<meta name=\"twitter:label2\" content=\"Est. reading time\" \/>\n\t<meta name=\"twitter:data2\" content=\"8 minutes\" \/>\n<script type=\"application\/ld+json\" class=\"seo-schema-graph\">{\"@context\":\"https:\\\/\\\/schema.org\",\"@graph\":[{\"@type\":\"Article\",\"@id\":\"https:\\\/\\\/darkamazi.info\\\/archives\\\/1034983#article\",\"isPartOf\":{\"@id\":\"https:\\\/\\\/darkamazi.info\\\/archives\\\/1034983\"},\"author\":{\"name\":\"darka mazi\",\"@id\":\"https:\\\/\\\/darkamazi.info\\\/#\\\/schema\\\/person\\\/5ad3e24553a0567993fa8ed4bd0a776c\"},\"headline\":\"Gur\u00ean kurdan \u00fb kurd\u00ean resen\",\"datePublished\":\"2023-02-05T17:14:13+00:00\",\"mainEntityOfPage\":{\"@id\":\"https:\\\/\\\/darkamazi.info\\\/archives\\\/1034983\"},\"wordCount\":2167,\"publisher\":{\"@id\":\"https:\\\/\\\/darkamazi.info\\\/#organization\"},\"image\":{\"@id\":\"https:\\\/\\\/darkamazi.info\\\/archives\\\/1034983#primaryimage\"},\"thumbnailUrl\":\"https:\\\/\\\/darkamazi.info\\\/darka-content\\\/uploads\\\/2023\\\/02\\\/Sinjar-mount-yazidi-pkk-peshmarga-kurdistan-kck-hpg-3-8-2014-genocide-2.jpg\",\"keywords\":[\"sereke\"],\"articleSection\":[\"Nih\u00ean\u00ee\"],\"inLanguage\":\"en-US\"},{\"@type\":\"WebPage\",\"@id\":\"https:\\\/\\\/darkamazi.info\\\/archives\\\/1034983\",\"url\":\"https:\\\/\\\/darkamazi.info\\\/archives\\\/1034983\",\"name\":\"Gur\u00ean kurdan \u00fb kurd\u00ean resen - Darka Maz\u00ee\",\"isPartOf\":{\"@id\":\"https:\\\/\\\/darkamazi.info\\\/#website\"},\"primaryImageOfPage\":{\"@id\":\"https:\\\/\\\/darkamazi.info\\\/archives\\\/1034983#primaryimage\"},\"image\":{\"@id\":\"https:\\\/\\\/darkamazi.info\\\/archives\\\/1034983#primaryimage\"},\"thumbnailUrl\":\"https:\\\/\\\/darkamazi.info\\\/darka-content\\\/uploads\\\/2023\\\/02\\\/Sinjar-mount-yazidi-pkk-peshmarga-kurdistan-kck-hpg-3-8-2014-genocide-2.jpg\",\"datePublished\":\"2023-02-05T17:14:13+00:00\",\"breadcrumb\":{\"@id\":\"https:\\\/\\\/darkamazi.info\\\/archives\\\/1034983#breadcrumb\"},\"inLanguage\":\"en-US\",\"potentialAction\":[{\"@type\":\"ReadAction\",\"target\":[\"https:\\\/\\\/darkamazi.info\\\/archives\\\/1034983\"]}]},{\"@type\":\"ImageObject\",\"inLanguage\":\"en-US\",\"@id\":\"https:\\\/\\\/darkamazi.info\\\/archives\\\/1034983#primaryimage\",\"url\":\"https:\\\/\\\/darkamazi.info\\\/darka-content\\\/uploads\\\/2023\\\/02\\\/Sinjar-mount-yazidi-pkk-peshmarga-kurdistan-kck-hpg-3-8-2014-genocide-2.jpg\",\"contentUrl\":\"https:\\\/\\\/darkamazi.info\\\/darka-content\\\/uploads\\\/2023\\\/02\\\/Sinjar-mount-yazidi-pkk-peshmarga-kurdistan-kck-hpg-3-8-2014-genocide-2.jpg\",\"width\":900,\"height\":497,\"caption\":\"Gur\u00ean kurdan \u00fb kurd\u00ean resen\"},{\"@type\":\"BreadcrumbList\",\"@id\":\"https:\\\/\\\/darkamazi.info\\\/archives\\\/1034983#breadcrumb\",\"itemListElement\":[{\"@type\":\"ListItem\",\"position\":1,\"name\":\"Home\",\"item\":\"https:\\\/\\\/darkamazi.info\\\/\"},{\"@type\":\"ListItem\",\"position\":2,\"name\":\"Gur\u00ean kurdan \u00fb kurd\u00ean resen\"}]},{\"@type\":\"WebSite\",\"@id\":\"https:\\\/\\\/darkamazi.info\\\/#website\",\"url\":\"https:\\\/\\\/darkamazi.info\\\/\",\"name\":\"Darka Maz\u00ee\",\"description\":\"P\u00eageha Zanyariy\u00ean Nebih\u00eest\u00ee\",\"publisher\":{\"@id\":\"https:\\\/\\\/darkamazi.info\\\/#organization\"},\"potentialAction\":[{\"@type\":\"SearchAction\",\"target\":{\"@type\":\"EntryPoint\",\"urlTemplate\":\"https:\\\/\\\/darkamazi.info\\\/?s={search_term_string}\"},\"query-input\":{\"@type\":\"PropertyValueSpecification\",\"valueRequired\":true,\"valueName\":\"search_term_string\"}}],\"inLanguage\":\"en-US\"},{\"@type\":\"Organization\",\"@id\":\"https:\\\/\\\/darkamazi.info\\\/#organization\",\"name\":\"Darka Maz\u00ee\",\"url\":\"https:\\\/\\\/darkamazi.info\\\/\",\"logo\":{\"@type\":\"ImageObject\",\"inLanguage\":\"en-US\",\"@id\":\"https:\\\/\\\/darkamazi.info\\\/#\\\/schema\\\/logo\\\/image\\\/\",\"url\":\"https:\\\/\\\/darkamazi.info\\\/darka-content\\\/uploads\\\/2017\\\/12\\\/darka-mazi-logo.png\",\"contentUrl\":\"https:\\\/\\\/darkamazi.info\\\/darka-content\\\/uploads\\\/2017\\\/12\\\/darka-mazi-logo.png\",\"width\":151,\"height\":75,\"caption\":\"Darka Maz\u00ee\"},\"image\":{\"@id\":\"https:\\\/\\\/darkamazi.info\\\/#\\\/schema\\\/logo\\\/image\\\/\"},\"sameAs\":[\"https:\\\/\\\/www.facebook.com\\\/DarMaziKurmanci\",\"https:\\\/\\\/x.com\\\/DarkaMaziLatini\",\"https:\\\/\\\/www.instagram.com\\\/darkamazi.kurmanci\\\/\",\"https:\\\/\\\/www.youtube.com\\\/channel\\\/UCa5HkTdmI8U1qCUFuTw8B2g\"]},{\"@type\":\"Person\",\"@id\":\"https:\\\/\\\/darkamazi.info\\\/#\\\/schema\\\/person\\\/5ad3e24553a0567993fa8ed4bd0a776c\",\"name\":\"darka mazi\",\"sameAs\":[\"https:\\\/\\\/darkamazi.info\\\/\"],\"url\":\"https:\\\/\\\/darkamazi.info\\\/archives\\\/author\\\/kurdi\"}]}<\/script>\n<!-- \/ Yoast SEO plugin. -->","seo_head_json":{"title":"Gur\u00ean kurdan \u00fb kurd\u00ean resen - Darka Maz\u00ee","robots":{"index":"index","follow":"follow","max-snippet":"max-snippet:-1","max-image-preview":"max-image-preview:large","max-video-preview":"max-video-preview:-1"},"canonical":"https:\/\/darkamazi.info\/archives\/1034983","og_locale":"en_US","og_type":"article","og_title":"Gur\u00ean kurdan \u00fb kurd\u00ean resen - Darka Maz\u00ee","og_description":"Derbar\u00ea karesata \u015eengal\u00ea pirr babet, \u00e7\u00eerok \u00fb serp\u00eahat\u00ee hatine vegotin, l\u00eabel\u00ea gomana ku v\u00ea karesat\u00ea bi xwe re an\u00ee bi daw\u00ee nekir, gel\u00ea kurd tev\u00ee ku 9 sal derbasb\u00fbn heya roja me ya \u00eero dipirse &#8220;Qey dikar\u00eeb\u00fb p\u00ea\u015f\u00ee li ferman\u00ea b\u00ea girtin&#8221;?!, aliy\u00ea ber bi \u00e7av y\u00ea b\u00fbyer\u00ea DAI\u015e b\u00fb \u00fb em\u00ea behis nekin, l\u00ea [&hellip;]","og_url":"https:\/\/darkamazi.info\/archives\/1034983","og_site_name":"Darka Maz\u00ee","article_publisher":"https:\/\/www.facebook.com\/DarMaziKurmanci","article_published_time":"2023-02-05T17:14:13+00:00","og_image":[{"width":900,"height":497,"url":"https:\/\/darkamazi.info\/file\/2023\/02\/Sinjar-mount-yazidi-pkk-peshmarga-kurdistan-kck-hpg-3-8-2014-genocide-2.jpg","type":"image\/jpeg"}],"author":"darka mazi","twitter_card":"summary_large_image","twitter_creator":"@DarkaMaziLatini","twitter_site":"@DarkaMaziLatini","twitter_misc":{"Written by":"darka mazi","Est. reading time":"8 minutes"},"schema":{"@context":"https:\/\/schema.org","@graph":[{"@type":"Article","@id":"https:\/\/darkamazi.info\/archives\/1034983#article","isPartOf":{"@id":"https:\/\/darkamazi.info\/archives\/1034983"},"author":{"name":"darka mazi","@id":"https:\/\/darkamazi.info\/#\/schema\/person\/5ad3e24553a0567993fa8ed4bd0a776c"},"headline":"Gur\u00ean kurdan \u00fb kurd\u00ean resen","datePublished":"2023-02-05T17:14:13+00:00","mainEntityOfPage":{"@id":"https:\/\/darkamazi.info\/archives\/1034983"},"wordCount":2167,"publisher":{"@id":"https:\/\/darkamazi.info\/#organization"},"image":{"@id":"https:\/\/darkamazi.info\/archives\/1034983#primaryimage"},"thumbnailUrl":"https:\/\/darkamazi.info\/file\/2023\/02\/Sinjar-mount-yazidi-pkk-peshmarga-kurdistan-kck-hpg-3-8-2014-genocide-2.jpg","keywords":["sereke"],"articleSection":["Nih\u00ean\u00ee"],"inLanguage":"en-US"},{"@type":"WebPage","@id":"https:\/\/darkamazi.info\/archives\/1034983","url":"https:\/\/darkamazi.info\/archives\/1034983","name":"Gur\u00ean kurdan \u00fb kurd\u00ean resen - Darka Maz\u00ee","isPartOf":{"@id":"https:\/\/darkamazi.info\/#website"},"primaryImageOfPage":{"@id":"https:\/\/darkamazi.info\/archives\/1034983#primaryimage"},"image":{"@id":"https:\/\/darkamazi.info\/archives\/1034983#primaryimage"},"thumbnailUrl":"https:\/\/darkamazi.info\/file\/2023\/02\/Sinjar-mount-yazidi-pkk-peshmarga-kurdistan-kck-hpg-3-8-2014-genocide-2.jpg","datePublished":"2023-02-05T17:14:13+00:00","breadcrumb":{"@id":"https:\/\/darkamazi.info\/archives\/1034983#breadcrumb"},"inLanguage":"en-US","potentialAction":[{"@type":"ReadAction","target":["https:\/\/darkamazi.info\/archives\/1034983"]}]},{"@type":"ImageObject","inLanguage":"en-US","@id":"https:\/\/darkamazi.info\/archives\/1034983#primaryimage","url":"https:\/\/darkamazi.info\/file\/2023\/02\/Sinjar-mount-yazidi-pkk-peshmarga-kurdistan-kck-hpg-3-8-2014-genocide-2.jpg","contentUrl":"https:\/\/darkamazi.info\/file\/2023\/02\/Sinjar-mount-yazidi-pkk-peshmarga-kurdistan-kck-hpg-3-8-2014-genocide-2.jpg","width":900,"height":497,"caption":"Gur\u00ean kurdan \u00fb kurd\u00ean resen"},{"@type":"BreadcrumbList","@id":"https:\/\/darkamazi.info\/archives\/1034983#breadcrumb","itemListElement":[{"@type":"ListItem","position":1,"name":"Home","item":"https:\/\/darkamazi.info\/"},{"@type":"ListItem","position":2,"name":"Gur\u00ean kurdan \u00fb kurd\u00ean resen"}]},{"@type":"WebSite","@id":"https:\/\/darkamazi.info\/#website","url":"https:\/\/darkamazi.info\/","name":"Darka Maz\u00ee","description":"P\u00eageha Zanyariy\u00ean Nebih\u00eest\u00ee","publisher":{"@id":"https:\/\/darkamazi.info\/#organization"},"potentialAction":[{"@type":"SearchAction","target":{"@type":"EntryPoint","urlTemplate":"https:\/\/darkamazi.info\/?s={search_term_string}"},"query-input":{"@type":"PropertyValueSpecification","valueRequired":true,"valueName":"search_term_string"}}],"inLanguage":"en-US"},{"@type":"Organization","@id":"https:\/\/darkamazi.info\/#organization","name":"Darka Maz\u00ee","url":"https:\/\/darkamazi.info\/","logo":{"@type":"ImageObject","inLanguage":"en-US","@id":"https:\/\/darkamazi.info\/#\/schema\/logo\/image\/","url":"https:\/\/darkamazi.info\/file\/2017\/12\/darka-mazi-logo.png","contentUrl":"https:\/\/darkamazi.info\/file\/2017\/12\/darka-mazi-logo.png","width":151,"height":75,"caption":"Darka Maz\u00ee"},"image":{"@id":"https:\/\/darkamazi.info\/#\/schema\/logo\/image\/"},"sameAs":["https:\/\/www.facebook.com\/DarMaziKurmanci","https:\/\/x.com\/DarkaMaziLatini","https:\/\/www.instagram.com\/darkamazi.kurmanci\/","https:\/\/www.youtube.com\/channel\/UCa5HkTdmI8U1qCUFuTw8B2g"]},{"@type":"Person","@id":"https:\/\/darkamazi.info\/#\/schema\/person\/5ad3e24553a0567993fa8ed4bd0a776c","name":"darka mazi","sameAs":["https:\/\/darkamazi.info\/"],"url":"https:\/\/darkamazi.info\/archives\/author\/kurdi"}]}},"_links":{"self":[{"href":"https:\/\/darkamazi.info\/funavuv\/wp\/v2\/posts\/1034983","targetHints":{"allow":["GET"]}}],"collection":[{"href":"https:\/\/darkamazi.info\/funavuv\/wp\/v2\/posts"}],"about":[{"href":"https:\/\/darkamazi.info\/funavuv\/wp\/v2\/types\/post"}],"author":[{"embeddable":true,"href":"https:\/\/darkamazi.info\/funavuv\/wp\/v2\/users\/2"}],"replies":[{"embeddable":true,"href":"https:\/\/darkamazi.info\/funavuv\/wp\/v2\/comments?post=1034983"}],"version-history":[{"count":0,"href":"https:\/\/darkamazi.info\/funavuv\/wp\/v2\/posts\/1034983\/revisions"}],"wp:featuredmedia":[{"embeddable":true,"href":"https:\/\/darkamazi.info\/funavuv\/wp\/v2\/media\/1034984"}],"wp:attachment":[{"href":"https:\/\/darkamazi.info\/funavuv\/wp\/v2\/media?parent=1034983"}],"wp:term":[{"taxonomy":"category","embeddable":true,"href":"https:\/\/darkamazi.info\/funavuv\/wp\/v2\/categories?post=1034983"},{"taxonomy":"post_tag","embeddable":true,"href":"https:\/\/darkamazi.info\/funavuv\/wp\/v2\/tags?post=1034983"}],"curies":[{"name":"wp","href":"https:\/\/api.w.org\/{rel}","templated":true}]}}