{"id":1035028,"date":"2023-02-08T12:16:32","date_gmt":"2023-02-08T09:16:32","guid":{"rendered":"https:\/\/darkamazi.info\/?p=1035028"},"modified":"2023-02-08T12:16:32","modified_gmt":"2023-02-08T09:16:32","slug":"li-suriye-u-rojavaye-kurdistane-hejmara-qurbaniyen-erdheje-gihist-2150-kesi","status":"publish","type":"post","link":"https:\/\/darkamazi.info\/archives\/1035028","title":{"rendered":"Li S\u00fbriye \u00fb Rojavay\u00ea Kurdistan\u00ea hejmara qurbaniy\u00ean erdhej\u00ea gih\u00ee\u015ft 2150 kes\u00ee"},"content":{"rendered":"<h3 style=\"text-align: justify\"><span style=\"font-family: 'arial black', sans-serif\">Ji ber k\u00eamb\u00fbna kar\u00een\u00ean bij\u00ee\u015fk\u00ee \u00fb t\u00eem\u00ean hawarhatin\u00ea, hejmara qurbaniy\u00ean erdhej\u00ea li Efr\u00een \u00fb hem\u00fb her\u00eam\u00ean din \u00ean S\u00fbriy\u00ea z\u00eade dibe.<\/span><\/h3>\n<h3 style=\"text-align: justify\"><span style=\"font-family: arial, helvetica, sans-serif\">Rewangeha S\u00fbr\u00ee ya Maf\u00ean Mirovan belav kir, hejmara qurbaniy\u00ean erdhej\u00ea heta niha gihi\u015ftiye 2150 kes\u00ee, ji wan 1062 kes li dever\u00ean r\u00eaj\u00eem\u00ea ne \u00fb 1088 kes j\u00ee li Efr\u00een\u00ea \u00fb dever\u00ean din \u00ean di bin kontrola opoz\u00eesyona S\u00fbriy\u00ea de ne, her wiha z\u00eadetir ji 2 hezar kesan j\u00ee bir\u00eendar b\u00fbne.<\/span><\/h3>\n<h3 style=\"text-align: justify\"><span style=\"font-family: arial, helvetica, sans-serif\">Sibeha 6\u00ea Sibata 2023an li nav\u00e7eya Pazarcik a Mere\u015f\u00ea 2 erdhej\u00ean bi h\u00eaza 7,7 \u00fb 7,6 r\u00fb dab\u00fbn. Erdhej li bajar\u00ean Rojavay\u00ea Kurdistan\u00ea \u00fb S\u00fbriy\u00ea hest p\u00ea hate kirin \u00fb hejmarek mezin ji avahiyan hilwe\u015fiyan \u00fb welat\u00ee b\u00fbn qurban\u00ee.<\/span><\/h3>\n<h3 style=\"text-align: justify\"><span style=\"font-family: arial, helvetica, sans-serif\">Li gor\u00ee zanyariy\u00ean ji Efr\u00een\u00ea ketine dest\u00ea K24\u00ea, li Efr\u00een, gund \u00fb nav\u00e7ey\u00ean w\u00ea hejmarek mezin ji xan\u00ee \u00fb avahiyan hilwe\u015fiyan, bi taybet li bajarok\u00ea Cindir\u00eas\u00ea ku dora 50 avah\u00ee \u00fb xan\u00ee hilwe\u015fiyane \u00fb heta niha dora 100 kes\u00ee can\u00ea xwe ji dest dane \u00fb bi dehan kes j\u00ee di bin kavilan de as\u00ea mane.<\/span><\/h3>\n<h3 style=\"text-align: justify\"><span style=\"font-family: arial, helvetica, sans-serif\">Her wiha Rewangeh\u00ea got, hejmara z\u00eade ya qurbaniyan ji ber k\u00eamb\u00fbna kar\u00een\u00ean t\u00eem\u00ean bij\u00ee\u015fk\u00ee, k\u00eamb\u00fbna p\u00eadiviy\u00ean hawar\u00e7\u00fbn\u00ea \u00fb dermanan e. Rewangeh\u00ea bang li aliy\u00ean navdewlet\u00ee kir j\u00ee, bilez destwerdan\u00ea ji bo rizgarkirina bir\u00eendaran \u00fb r\u00fbbir\u00fbb\u00fbna karesata mirov\u00ee bikin.<\/span><\/h3>\n<h3 style=\"text-align: justify\"><span style=\"font-family: arial, helvetica, sans-serif\">Her di v\u00ea derbar\u00ea de j\u00ee, R\u00eaxistina Efr\u00een\u00ea ya Partiya Demokrat a Kurdistan\u00ea \u2013 S\u00fbriye (PDK-S) ji bo al\u00eekariya ziyand\u00eetiy\u00ean erdhej\u00ea y\u00ean li her\u00eama Efr\u00een\u00ea bang li raya gi\u015ft\u00ee \u00fb r\u00eaxistin\u00ean mirov\u00ee \u00fb welatan kir.\u00a0<\/span><\/h3>\n<h3 style=\"text-align: justify\"><span style=\"font-family: arial, helvetica, sans-serif\">R\u00eaxistina Efr\u00een\u00ea ya PDK-S\u00ea di bangewaziya xwe de got: \u201cBi nav\u00ea qurbaniy\u00ean ku h\u00een di bin kavilan de ne \u00fb bir\u00eendaran, bi nav\u00ea hezaran jin \u00fb zarok\u00ean ku li erd\u00ea radiz\u00ean \u00fb asman ban\u00ea wan e \u00fb bi nav\u00ea dayik\u00ean dil\u015fewit\u00ee, em bang li we dikin ku giyan\u00ea her kes\u00ee rizgar bikin \u00fb hem\u00fb ti\u015ft\u00ean p\u00eaw\u00eest ji bo ziyand\u00eetiy\u00ean v\u00ea karesata ku bi ser\u00ea ni\u015ftecih\u00ean her\u00eama Efr\u00een\u00ea \u00fb bi taybet\u00ee bajarok\u00ea Cindir\u00eas\u00ea de hatiye, p\u00ea\u015fk\u00ea\u015f bikin\u201d.<\/span><\/h3>\n","protected":false},"excerpt":{"rendered":"<p>Ji ber k\u00eamb\u00fbna kar\u00een\u00ean bij\u00ee\u015fk\u00ee \u00fb t\u00eem\u00ean hawarhatin\u00ea, hejmara qurbaniy\u00ean erdhej\u00ea li Efr\u00een \u00fb hem\u00fb her\u00eam\u00ean din \u00ean S\u00fbriy\u00ea z\u00eade dibe. Rewangeha S\u00fbr\u00ee ya Maf\u00ean Mirovan belav kir, hejmara qurbaniy\u00ean erdhej\u00ea heta niha gihi\u015ftiye 2150 kes\u00ee, ji wan 1062 kes li dever\u00ean r\u00eaj\u00eem\u00ea ne \u00fb 1088 kes j\u00ee li Efr\u00een\u00ea \u00fb dever\u00ean din \u00ean di [&hellip;]<\/p>\n","protected":false},"author":2,"featured_media":1035029,"comment_status":"closed","ping_status":"closed","sticky":false,"template":"","format":"standard","meta":{"footnotes":""},"categories":[29],"tags":[37],"class_list":["post-1035028","post","type-post","status-publish","format-standard","has-post-thumbnail","hentry","category-kurdistan","tag-sereke"],"blocksy_meta":[],"seo_head":"<!-- This site is optimized with the Yoast SEO plugin v27.5 - https:\/\/yoast.com\/product\/yoast-seo-wordpress\/ -->\n<title>Li S\u00fbriye \u00fb Rojavay\u00ea Kurdistan\u00ea hejmara qurbaniy\u00ean erdhej\u00ea gih\u00ee\u015ft 2150 kes\u00ee - Darka Maz\u00ee<\/title>\n<meta name=\"robots\" content=\"index, follow, max-snippet:-1, max-image-preview:large, max-video-preview:-1\" \/>\n<link rel=\"canonical\" href=\"https:\/\/darkamazi.info\/archives\/1035028\" \/>\n<meta property=\"og:locale\" content=\"en_US\" \/>\n<meta property=\"og:type\" content=\"article\" \/>\n<meta property=\"og:title\" content=\"Li S\u00fbriye \u00fb Rojavay\u00ea Kurdistan\u00ea hejmara qurbaniy\u00ean erdhej\u00ea gih\u00ee\u015ft 2150 kes\u00ee - Darka Maz\u00ee\" \/>\n<meta property=\"og:description\" content=\"Ji ber k\u00eamb\u00fbna kar\u00een\u00ean bij\u00ee\u015fk\u00ee \u00fb t\u00eem\u00ean hawarhatin\u00ea, hejmara qurbaniy\u00ean erdhej\u00ea li Efr\u00een \u00fb hem\u00fb her\u00eam\u00ean din \u00ean S\u00fbriy\u00ea z\u00eade dibe. Rewangeha S\u00fbr\u00ee ya Maf\u00ean Mirovan belav kir, hejmara qurbaniy\u00ean erdhej\u00ea heta niha gihi\u015ftiye 2150 kes\u00ee, ji wan 1062 kes li dever\u00ean r\u00eaj\u00eem\u00ea ne \u00fb 1088 kes j\u00ee li Efr\u00een\u00ea \u00fb dever\u00ean din \u00ean di [&hellip;]\" \/>\n<meta property=\"og:url\" content=\"https:\/\/darkamazi.info\/archives\/1035028\" \/>\n<meta property=\"og:site_name\" content=\"Darka Maz\u00ee\" \/>\n<meta property=\"article:publisher\" content=\"https:\/\/www.facebook.com\/DarMaziKurmanci\" \/>\n<meta property=\"article:published_time\" content=\"2023-02-08T09:16:32+00:00\" \/>\n<meta property=\"og:image\" content=\"https:\/\/darkamazi.info\/file\/2023\/02\/Rojava-Syria-Earthquack.jpg\" \/>\n\t<meta property=\"og:image:width\" content=\"900\" \/>\n\t<meta property=\"og:image:height\" content=\"497\" \/>\n\t<meta property=\"og:image:type\" content=\"image\/jpeg\" \/>\n<meta name=\"author\" content=\"darka mazi\" \/>\n<meta name=\"twitter:card\" content=\"summary_large_image\" \/>\n<meta name=\"twitter:creator\" content=\"@DarkaMaziLatini\" \/>\n<meta name=\"twitter:site\" content=\"@DarkaMaziLatini\" \/>\n<meta name=\"twitter:label1\" content=\"Written by\" \/>\n\t<meta name=\"twitter:data1\" content=\"darka mazi\" \/>\n\t<meta name=\"twitter:label2\" content=\"Est. reading time\" \/>\n\t<meta name=\"twitter:data2\" content=\"2 minutes\" \/>\n<script type=\"application\/ld+json\" class=\"seo-schema-graph\">{\"@context\":\"https:\\\/\\\/schema.org\",\"@graph\":[{\"@type\":\"Article\",\"@id\":\"https:\\\/\\\/darkamazi.info\\\/archives\\\/1035028#article\",\"isPartOf\":{\"@id\":\"https:\\\/\\\/darkamazi.info\\\/archives\\\/1035028\"},\"author\":{\"name\":\"darka mazi\",\"@id\":\"https:\\\/\\\/darkamazi.info\\\/#\\\/schema\\\/person\\\/5ad3e24553a0567993fa8ed4bd0a776c\"},\"headline\":\"Li S\u00fbriye \u00fb Rojavay\u00ea Kurdistan\u00ea hejmara qurbaniy\u00ean erdhej\u00ea gih\u00ee\u015ft 2150 kes\u00ee\",\"datePublished\":\"2023-02-08T09:16:32+00:00\",\"mainEntityOfPage\":{\"@id\":\"https:\\\/\\\/darkamazi.info\\\/archives\\\/1035028\"},\"wordCount\":386,\"publisher\":{\"@id\":\"https:\\\/\\\/darkamazi.info\\\/#organization\"},\"image\":{\"@id\":\"https:\\\/\\\/darkamazi.info\\\/archives\\\/1035028#primaryimage\"},\"thumbnailUrl\":\"https:\\\/\\\/darkamazi.info\\\/darka-content\\\/uploads\\\/2023\\\/02\\\/Rojava-Syria-Earthquack.jpg\",\"keywords\":[\"sereke\"],\"articleSection\":[\"Kurdistan\"],\"inLanguage\":\"en-US\"},{\"@type\":\"WebPage\",\"@id\":\"https:\\\/\\\/darkamazi.info\\\/archives\\\/1035028\",\"url\":\"https:\\\/\\\/darkamazi.info\\\/archives\\\/1035028\",\"name\":\"Li S\u00fbriye \u00fb Rojavay\u00ea Kurdistan\u00ea hejmara qurbaniy\u00ean erdhej\u00ea gih\u00ee\u015ft 2150 kes\u00ee - Darka Maz\u00ee\",\"isPartOf\":{\"@id\":\"https:\\\/\\\/darkamazi.info\\\/#website\"},\"primaryImageOfPage\":{\"@id\":\"https:\\\/\\\/darkamazi.info\\\/archives\\\/1035028#primaryimage\"},\"image\":{\"@id\":\"https:\\\/\\\/darkamazi.info\\\/archives\\\/1035028#primaryimage\"},\"thumbnailUrl\":\"https:\\\/\\\/darkamazi.info\\\/darka-content\\\/uploads\\\/2023\\\/02\\\/Rojava-Syria-Earthquack.jpg\",\"datePublished\":\"2023-02-08T09:16:32+00:00\",\"breadcrumb\":{\"@id\":\"https:\\\/\\\/darkamazi.info\\\/archives\\\/1035028#breadcrumb\"},\"inLanguage\":\"en-US\",\"potentialAction\":[{\"@type\":\"ReadAction\",\"target\":[\"https:\\\/\\\/darkamazi.info\\\/archives\\\/1035028\"]}]},{\"@type\":\"ImageObject\",\"inLanguage\":\"en-US\",\"@id\":\"https:\\\/\\\/darkamazi.info\\\/archives\\\/1035028#primaryimage\",\"url\":\"https:\\\/\\\/darkamazi.info\\\/darka-content\\\/uploads\\\/2023\\\/02\\\/Rojava-Syria-Earthquack.jpg\",\"contentUrl\":\"https:\\\/\\\/darkamazi.info\\\/darka-content\\\/uploads\\\/2023\\\/02\\\/Rojava-Syria-Earthquack.jpg\",\"width\":900,\"height\":497,\"caption\":\"Rojava-Syria-Earthquack\"},{\"@type\":\"BreadcrumbList\",\"@id\":\"https:\\\/\\\/darkamazi.info\\\/archives\\\/1035028#breadcrumb\",\"itemListElement\":[{\"@type\":\"ListItem\",\"position\":1,\"name\":\"Home\",\"item\":\"https:\\\/\\\/darkamazi.info\\\/\"},{\"@type\":\"ListItem\",\"position\":2,\"name\":\"Li S\u00fbriye \u00fb Rojavay\u00ea Kurdistan\u00ea hejmara qurbaniy\u00ean erdhej\u00ea gih\u00ee\u015ft 2150 kes\u00ee\"}]},{\"@type\":\"WebSite\",\"@id\":\"https:\\\/\\\/darkamazi.info\\\/#website\",\"url\":\"https:\\\/\\\/darkamazi.info\\\/\",\"name\":\"Darka Maz\u00ee\",\"description\":\"P\u00eageha Zanyariy\u00ean Nebih\u00eest\u00ee\",\"publisher\":{\"@id\":\"https:\\\/\\\/darkamazi.info\\\/#organization\"},\"potentialAction\":[{\"@type\":\"SearchAction\",\"target\":{\"@type\":\"EntryPoint\",\"urlTemplate\":\"https:\\\/\\\/darkamazi.info\\\/?s={search_term_string}\"},\"query-input\":{\"@type\":\"PropertyValueSpecification\",\"valueRequired\":true,\"valueName\":\"search_term_string\"}}],\"inLanguage\":\"en-US\"},{\"@type\":\"Organization\",\"@id\":\"https:\\\/\\\/darkamazi.info\\\/#organization\",\"name\":\"Darka Maz\u00ee\",\"url\":\"https:\\\/\\\/darkamazi.info\\\/\",\"logo\":{\"@type\":\"ImageObject\",\"inLanguage\":\"en-US\",\"@id\":\"https:\\\/\\\/darkamazi.info\\\/#\\\/schema\\\/logo\\\/image\\\/\",\"url\":\"https:\\\/\\\/darkamazi.info\\\/darka-content\\\/uploads\\\/2017\\\/12\\\/darka-mazi-logo.png\",\"contentUrl\":\"https:\\\/\\\/darkamazi.info\\\/darka-content\\\/uploads\\\/2017\\\/12\\\/darka-mazi-logo.png\",\"width\":151,\"height\":75,\"caption\":\"Darka Maz\u00ee\"},\"image\":{\"@id\":\"https:\\\/\\\/darkamazi.info\\\/#\\\/schema\\\/logo\\\/image\\\/\"},\"sameAs\":[\"https:\\\/\\\/www.facebook.com\\\/DarMaziKurmanci\",\"https:\\\/\\\/x.com\\\/DarkaMaziLatini\",\"https:\\\/\\\/www.instagram.com\\\/darkamazi.kurmanci\\\/\",\"https:\\\/\\\/www.youtube.com\\\/channel\\\/UCa5HkTdmI8U1qCUFuTw8B2g\"]},{\"@type\":\"Person\",\"@id\":\"https:\\\/\\\/darkamazi.info\\\/#\\\/schema\\\/person\\\/5ad3e24553a0567993fa8ed4bd0a776c\",\"name\":\"darka mazi\",\"sameAs\":[\"https:\\\/\\\/darkamazi.info\\\/\"],\"url\":\"https:\\\/\\\/darkamazi.info\\\/archives\\\/author\\\/kurdi\"}]}<\/script>\n<!-- \/ Yoast SEO plugin. -->","seo_head_json":{"title":"Li S\u00fbriye \u00fb Rojavay\u00ea Kurdistan\u00ea hejmara qurbaniy\u00ean erdhej\u00ea gih\u00ee\u015ft 2150 kes\u00ee - Darka Maz\u00ee","robots":{"index":"index","follow":"follow","max-snippet":"max-snippet:-1","max-image-preview":"max-image-preview:large","max-video-preview":"max-video-preview:-1"},"canonical":"https:\/\/darkamazi.info\/archives\/1035028","og_locale":"en_US","og_type":"article","og_title":"Li S\u00fbriye \u00fb Rojavay\u00ea Kurdistan\u00ea hejmara qurbaniy\u00ean erdhej\u00ea gih\u00ee\u015ft 2150 kes\u00ee - Darka Maz\u00ee","og_description":"Ji ber k\u00eamb\u00fbna kar\u00een\u00ean bij\u00ee\u015fk\u00ee \u00fb t\u00eem\u00ean hawarhatin\u00ea, hejmara qurbaniy\u00ean erdhej\u00ea li Efr\u00een \u00fb hem\u00fb her\u00eam\u00ean din \u00ean S\u00fbriy\u00ea z\u00eade dibe. Rewangeha S\u00fbr\u00ee ya Maf\u00ean Mirovan belav kir, hejmara qurbaniy\u00ean erdhej\u00ea heta niha gihi\u015ftiye 2150 kes\u00ee, ji wan 1062 kes li dever\u00ean r\u00eaj\u00eem\u00ea ne \u00fb 1088 kes j\u00ee li Efr\u00een\u00ea \u00fb dever\u00ean din \u00ean di [&hellip;]","og_url":"https:\/\/darkamazi.info\/archives\/1035028","og_site_name":"Darka Maz\u00ee","article_publisher":"https:\/\/www.facebook.com\/DarMaziKurmanci","article_published_time":"2023-02-08T09:16:32+00:00","og_image":[{"width":900,"height":497,"url":"https:\/\/darkamazi.info\/file\/2023\/02\/Rojava-Syria-Earthquack.jpg","type":"image\/jpeg"}],"author":"darka mazi","twitter_card":"summary_large_image","twitter_creator":"@DarkaMaziLatini","twitter_site":"@DarkaMaziLatini","twitter_misc":{"Written by":"darka mazi","Est. reading time":"2 minutes"},"schema":{"@context":"https:\/\/schema.org","@graph":[{"@type":"Article","@id":"https:\/\/darkamazi.info\/archives\/1035028#article","isPartOf":{"@id":"https:\/\/darkamazi.info\/archives\/1035028"},"author":{"name":"darka mazi","@id":"https:\/\/darkamazi.info\/#\/schema\/person\/5ad3e24553a0567993fa8ed4bd0a776c"},"headline":"Li S\u00fbriye \u00fb Rojavay\u00ea Kurdistan\u00ea hejmara qurbaniy\u00ean erdhej\u00ea gih\u00ee\u015ft 2150 kes\u00ee","datePublished":"2023-02-08T09:16:32+00:00","mainEntityOfPage":{"@id":"https:\/\/darkamazi.info\/archives\/1035028"},"wordCount":386,"publisher":{"@id":"https:\/\/darkamazi.info\/#organization"},"image":{"@id":"https:\/\/darkamazi.info\/archives\/1035028#primaryimage"},"thumbnailUrl":"https:\/\/darkamazi.info\/file\/2023\/02\/Rojava-Syria-Earthquack.jpg","keywords":["sereke"],"articleSection":["Kurdistan"],"inLanguage":"en-US"},{"@type":"WebPage","@id":"https:\/\/darkamazi.info\/archives\/1035028","url":"https:\/\/darkamazi.info\/archives\/1035028","name":"Li S\u00fbriye \u00fb Rojavay\u00ea Kurdistan\u00ea hejmara qurbaniy\u00ean erdhej\u00ea gih\u00ee\u015ft 2150 kes\u00ee - Darka Maz\u00ee","isPartOf":{"@id":"https:\/\/darkamazi.info\/#website"},"primaryImageOfPage":{"@id":"https:\/\/darkamazi.info\/archives\/1035028#primaryimage"},"image":{"@id":"https:\/\/darkamazi.info\/archives\/1035028#primaryimage"},"thumbnailUrl":"https:\/\/darkamazi.info\/file\/2023\/02\/Rojava-Syria-Earthquack.jpg","datePublished":"2023-02-08T09:16:32+00:00","breadcrumb":{"@id":"https:\/\/darkamazi.info\/archives\/1035028#breadcrumb"},"inLanguage":"en-US","potentialAction":[{"@type":"ReadAction","target":["https:\/\/darkamazi.info\/archives\/1035028"]}]},{"@type":"ImageObject","inLanguage":"en-US","@id":"https:\/\/darkamazi.info\/archives\/1035028#primaryimage","url":"https:\/\/darkamazi.info\/file\/2023\/02\/Rojava-Syria-Earthquack.jpg","contentUrl":"https:\/\/darkamazi.info\/file\/2023\/02\/Rojava-Syria-Earthquack.jpg","width":900,"height":497,"caption":"Rojava-Syria-Earthquack"},{"@type":"BreadcrumbList","@id":"https:\/\/darkamazi.info\/archives\/1035028#breadcrumb","itemListElement":[{"@type":"ListItem","position":1,"name":"Home","item":"https:\/\/darkamazi.info\/"},{"@type":"ListItem","position":2,"name":"Li S\u00fbriye \u00fb Rojavay\u00ea Kurdistan\u00ea hejmara qurbaniy\u00ean erdhej\u00ea gih\u00ee\u015ft 2150 kes\u00ee"}]},{"@type":"WebSite","@id":"https:\/\/darkamazi.info\/#website","url":"https:\/\/darkamazi.info\/","name":"Darka Maz\u00ee","description":"P\u00eageha Zanyariy\u00ean Nebih\u00eest\u00ee","publisher":{"@id":"https:\/\/darkamazi.info\/#organization"},"potentialAction":[{"@type":"SearchAction","target":{"@type":"EntryPoint","urlTemplate":"https:\/\/darkamazi.info\/?s={search_term_string}"},"query-input":{"@type":"PropertyValueSpecification","valueRequired":true,"valueName":"search_term_string"}}],"inLanguage":"en-US"},{"@type":"Organization","@id":"https:\/\/darkamazi.info\/#organization","name":"Darka Maz\u00ee","url":"https:\/\/darkamazi.info\/","logo":{"@type":"ImageObject","inLanguage":"en-US","@id":"https:\/\/darkamazi.info\/#\/schema\/logo\/image\/","url":"https:\/\/darkamazi.info\/file\/2017\/12\/darka-mazi-logo.png","contentUrl":"https:\/\/darkamazi.info\/file\/2017\/12\/darka-mazi-logo.png","width":151,"height":75,"caption":"Darka Maz\u00ee"},"image":{"@id":"https:\/\/darkamazi.info\/#\/schema\/logo\/image\/"},"sameAs":["https:\/\/www.facebook.com\/DarMaziKurmanci","https:\/\/x.com\/DarkaMaziLatini","https:\/\/www.instagram.com\/darkamazi.kurmanci\/","https:\/\/www.youtube.com\/channel\/UCa5HkTdmI8U1qCUFuTw8B2g"]},{"@type":"Person","@id":"https:\/\/darkamazi.info\/#\/schema\/person\/5ad3e24553a0567993fa8ed4bd0a776c","name":"darka mazi","sameAs":["https:\/\/darkamazi.info\/"],"url":"https:\/\/darkamazi.info\/archives\/author\/kurdi"}]}},"_links":{"self":[{"href":"https:\/\/darkamazi.info\/funavuv\/wp\/v2\/posts\/1035028","targetHints":{"allow":["GET"]}}],"collection":[{"href":"https:\/\/darkamazi.info\/funavuv\/wp\/v2\/posts"}],"about":[{"href":"https:\/\/darkamazi.info\/funavuv\/wp\/v2\/types\/post"}],"author":[{"embeddable":true,"href":"https:\/\/darkamazi.info\/funavuv\/wp\/v2\/users\/2"}],"replies":[{"embeddable":true,"href":"https:\/\/darkamazi.info\/funavuv\/wp\/v2\/comments?post=1035028"}],"version-history":[{"count":0,"href":"https:\/\/darkamazi.info\/funavuv\/wp\/v2\/posts\/1035028\/revisions"}],"wp:featuredmedia":[{"embeddable":true,"href":"https:\/\/darkamazi.info\/funavuv\/wp\/v2\/media\/1035029"}],"wp:attachment":[{"href":"https:\/\/darkamazi.info\/funavuv\/wp\/v2\/media?parent=1035028"}],"wp:term":[{"taxonomy":"category","embeddable":true,"href":"https:\/\/darkamazi.info\/funavuv\/wp\/v2\/categories?post=1035028"},{"taxonomy":"post_tag","embeddable":true,"href":"https:\/\/darkamazi.info\/funavuv\/wp\/v2\/tags?post=1035028"}],"curies":[{"name":"wp","href":"https:\/\/api.w.org\/{rel}","templated":true}]}}