{"id":1035079,"date":"2023-02-09T18:46:31","date_gmt":"2023-02-09T15:46:31","guid":{"rendered":"https:\/\/darkamazi.info\/?p=1035079"},"modified":"2023-02-09T18:46:31","modified_gmt":"2023-02-09T15:46:31","slug":"hejmara-qurbaniyen-li-surye-u-rojavaye-kurdistane-gehist-3773-kesan","status":"publish","type":"post","link":"https:\/\/darkamazi.info\/archives\/1035079","title":{"rendered":"Hejmara qurbaniy\u00ean li S\u00fbry\u00ea \u00fb Rojavay\u00ea Kurdistan\u00ea gehi\u015ft 3773 kesan"},"content":{"rendered":"<h3 style=\"text-align: justify\"><span style=\"font-family: 'arial black', sans-serif\">Rwangeha S\u00fbr\u00ee ya maf\u00ean mirovan amara her\u00ee daw\u00ee ya qurbaniy\u00ean erdheja ku navenda w\u00ea Mere\u015fa Bakur\u00ea Kurdistan\u00ea b\u00fb, e\u015fkere kir \u00fb ragihand, 3773 kesan can\u00ea xwe ji dest dane.<\/span><\/h3>\n<h3 style=\"text-align: justify\"><span style=\"font-family: arial, helvetica, sans-serif\">Rwangeha S\u00fbr\u00ee ya maf\u00ean mirovan \u00eero roja p\u00eanc\u015fem\u00ee 9\/2\/2023 \u00ea e\u015fkere kir, di erdhej\u00ea de her\u00ee k\u00eem 3773 kesan can\u00ea xwe ji dest da ne \u00fb p\u00eatir\u00ee 4 hezar kes j\u00ee bir\u00eendar b\u00fbne.<\/span><\/h3>\n<h3 style=\"text-align: justify\"><span style=\"font-family: arial, helvetica, sans-serif\">Dest n\u00ee\u015fan kir, piran\u00eeya qurbaniy\u00ean nav\u00e7ey\u00ean rej\u00eem\u00ea li Lazqiy\u00ea ne \u00fb y\u00ean Rojava Kurdistan\u00ea piran\u00ee li Cindir\u00eas a Efr\u00een\u00ea ne.<\/span><\/h3>\n<h3 style=\"text-align: justify\"><span style=\"font-family: arial, helvetica, sans-serif\">Li gor\u00ee Rwangeha S\u00fbr\u00ee, 120 bajar, nav\u00e7e \u00fb gund di erdheja 6 sibat\u00ea de hilwe\u015fiyane \u00fb h\u00eajan bi sedan malbat di bin kavil\u00ean herift\u00ee de mane.<\/span><\/h3>\n","protected":false},"excerpt":{"rendered":"<p>Rwangeha S\u00fbr\u00ee ya maf\u00ean mirovan amara her\u00ee daw\u00ee ya qurbaniy\u00ean erdheja ku navenda w\u00ea Mere\u015fa Bakur\u00ea Kurdistan\u00ea b\u00fb, e\u015fkere kir \u00fb ragihand, 3773 kesan can\u00ea xwe ji dest dane. Rwangeha S\u00fbr\u00ee ya maf\u00ean mirovan \u00eero roja p\u00eanc\u015fem\u00ee 9\/2\/2023 \u00ea e\u015fkere kir, di erdhej\u00ea de her\u00ee k\u00eem 3773 kesan can\u00ea xwe ji dest da ne \u00fb [&hellip;]<\/p>\n","protected":false},"author":2,"featured_media":1035080,"comment_status":"closed","ping_status":"closed","sticky":false,"template":"","format":"standard","meta":{"footnotes":""},"categories":[31],"tags":[37],"class_list":["post-1035079","post","type-post","status-publish","format-standard","has-post-thumbnail","hentry","category-rojhelata-navin","tag-sereke"],"blocksy_meta":[],"seo_head":"<!-- This site is optimized with the Yoast SEO plugin v27.5 - https:\/\/yoast.com\/product\/yoast-seo-wordpress\/ -->\n<title>Hejmara qurbaniy\u00ean li S\u00fbry\u00ea \u00fb Rojavay\u00ea Kurdistan\u00ea gehi\u015ft 3773 kesan - Darka Maz\u00ee<\/title>\n<meta name=\"robots\" content=\"index, follow, max-snippet:-1, max-image-preview:large, max-video-preview:-1\" \/>\n<link rel=\"canonical\" href=\"https:\/\/darkamazi.info\/archives\/1035079\" \/>\n<meta property=\"og:locale\" content=\"en_US\" \/>\n<meta property=\"og:type\" content=\"article\" \/>\n<meta property=\"og:title\" content=\"Hejmara qurbaniy\u00ean li S\u00fbry\u00ea \u00fb Rojavay\u00ea Kurdistan\u00ea gehi\u015ft 3773 kesan - Darka Maz\u00ee\" \/>\n<meta property=\"og:description\" content=\"Rwangeha S\u00fbr\u00ee ya maf\u00ean mirovan amara her\u00ee daw\u00ee ya qurbaniy\u00ean erdheja ku navenda w\u00ea Mere\u015fa Bakur\u00ea Kurdistan\u00ea b\u00fb, e\u015fkere kir \u00fb ragihand, 3773 kesan can\u00ea xwe ji dest dane. Rwangeha S\u00fbr\u00ee ya maf\u00ean mirovan \u00eero roja p\u00eanc\u015fem\u00ee 9\/2\/2023 \u00ea e\u015fkere kir, di erdhej\u00ea de her\u00ee k\u00eem 3773 kesan can\u00ea xwe ji dest da ne \u00fb [&hellip;]\" \/>\n<meta property=\"og:url\" content=\"https:\/\/darkamazi.info\/archives\/1035079\" \/>\n<meta property=\"og:site_name\" content=\"Darka Maz\u00ee\" \/>\n<meta property=\"article:publisher\" content=\"https:\/\/www.facebook.com\/DarMaziKurmanci\" \/>\n<meta property=\"article:published_time\" content=\"2023-02-09T15:46:31+00:00\" \/>\n<meta property=\"og:image\" content=\"https:\/\/darkamazi.info\/file\/2023\/02\/SOHR-Earthquak-2.jpg\" \/>\n\t<meta property=\"og:image:width\" content=\"900\" \/>\n\t<meta property=\"og:image:height\" content=\"497\" \/>\n\t<meta property=\"og:image:type\" content=\"image\/jpeg\" \/>\n<meta name=\"author\" content=\"darka mazi\" \/>\n<meta name=\"twitter:card\" content=\"summary_large_image\" \/>\n<meta name=\"twitter:creator\" content=\"@DarkaMaziLatini\" \/>\n<meta name=\"twitter:site\" content=\"@DarkaMaziLatini\" \/>\n<meta name=\"twitter:label1\" content=\"Written by\" \/>\n\t<meta name=\"twitter:data1\" content=\"darka mazi\" \/>\n\t<meta name=\"twitter:label2\" content=\"Est. reading time\" \/>\n\t<meta name=\"twitter:data2\" content=\"1 minute\" \/>\n<script type=\"application\/ld+json\" class=\"seo-schema-graph\">{\"@context\":\"https:\\\/\\\/schema.org\",\"@graph\":[{\"@type\":\"Article\",\"@id\":\"https:\\\/\\\/darkamazi.info\\\/archives\\\/1035079#article\",\"isPartOf\":{\"@id\":\"https:\\\/\\\/darkamazi.info\\\/archives\\\/1035079\"},\"author\":{\"name\":\"darka mazi\",\"@id\":\"https:\\\/\\\/darkamazi.info\\\/#\\\/schema\\\/person\\\/5ad3e24553a0567993fa8ed4bd0a776c\"},\"headline\":\"Hejmara qurbaniy\u00ean li S\u00fbry\u00ea \u00fb Rojavay\u00ea Kurdistan\u00ea gehi\u015ft 3773 kesan\",\"datePublished\":\"2023-02-09T15:46:31+00:00\",\"mainEntityOfPage\":{\"@id\":\"https:\\\/\\\/darkamazi.info\\\/archives\\\/1035079\"},\"wordCount\":135,\"publisher\":{\"@id\":\"https:\\\/\\\/darkamazi.info\\\/#organization\"},\"image\":{\"@id\":\"https:\\\/\\\/darkamazi.info\\\/archives\\\/1035079#primaryimage\"},\"thumbnailUrl\":\"https:\\\/\\\/darkamazi.info\\\/darka-content\\\/uploads\\\/2023\\\/02\\\/SOHR-Earthquak-2.jpg\",\"keywords\":[\"sereke\"],\"articleSection\":[\"Rojhelata nav\u00een\"],\"inLanguage\":\"en-US\"},{\"@type\":\"WebPage\",\"@id\":\"https:\\\/\\\/darkamazi.info\\\/archives\\\/1035079\",\"url\":\"https:\\\/\\\/darkamazi.info\\\/archives\\\/1035079\",\"name\":\"Hejmara qurbaniy\u00ean li S\u00fbry\u00ea \u00fb Rojavay\u00ea Kurdistan\u00ea gehi\u015ft 3773 kesan - Darka Maz\u00ee\",\"isPartOf\":{\"@id\":\"https:\\\/\\\/darkamazi.info\\\/#website\"},\"primaryImageOfPage\":{\"@id\":\"https:\\\/\\\/darkamazi.info\\\/archives\\\/1035079#primaryimage\"},\"image\":{\"@id\":\"https:\\\/\\\/darkamazi.info\\\/archives\\\/1035079#primaryimage\"},\"thumbnailUrl\":\"https:\\\/\\\/darkamazi.info\\\/darka-content\\\/uploads\\\/2023\\\/02\\\/SOHR-Earthquak-2.jpg\",\"datePublished\":\"2023-02-09T15:46:31+00:00\",\"breadcrumb\":{\"@id\":\"https:\\\/\\\/darkamazi.info\\\/archives\\\/1035079#breadcrumb\"},\"inLanguage\":\"en-US\",\"potentialAction\":[{\"@type\":\"ReadAction\",\"target\":[\"https:\\\/\\\/darkamazi.info\\\/archives\\\/1035079\"]}]},{\"@type\":\"ImageObject\",\"inLanguage\":\"en-US\",\"@id\":\"https:\\\/\\\/darkamazi.info\\\/archives\\\/1035079#primaryimage\",\"url\":\"https:\\\/\\\/darkamazi.info\\\/darka-content\\\/uploads\\\/2023\\\/02\\\/SOHR-Earthquak-2.jpg\",\"contentUrl\":\"https:\\\/\\\/darkamazi.info\\\/darka-content\\\/uploads\\\/2023\\\/02\\\/SOHR-Earthquak-2.jpg\",\"width\":900,\"height\":497,\"caption\":\"SOHR-Earthquak (2)\"},{\"@type\":\"BreadcrumbList\",\"@id\":\"https:\\\/\\\/darkamazi.info\\\/archives\\\/1035079#breadcrumb\",\"itemListElement\":[{\"@type\":\"ListItem\",\"position\":1,\"name\":\"Home\",\"item\":\"https:\\\/\\\/darkamazi.info\\\/\"},{\"@type\":\"ListItem\",\"position\":2,\"name\":\"Hejmara qurbaniy\u00ean li S\u00fbry\u00ea \u00fb Rojavay\u00ea Kurdistan\u00ea gehi\u015ft 3773 kesan\"}]},{\"@type\":\"WebSite\",\"@id\":\"https:\\\/\\\/darkamazi.info\\\/#website\",\"url\":\"https:\\\/\\\/darkamazi.info\\\/\",\"name\":\"Darka Maz\u00ee\",\"description\":\"P\u00eageha Zanyariy\u00ean Nebih\u00eest\u00ee\",\"publisher\":{\"@id\":\"https:\\\/\\\/darkamazi.info\\\/#organization\"},\"potentialAction\":[{\"@type\":\"SearchAction\",\"target\":{\"@type\":\"EntryPoint\",\"urlTemplate\":\"https:\\\/\\\/darkamazi.info\\\/?s={search_term_string}\"},\"query-input\":{\"@type\":\"PropertyValueSpecification\",\"valueRequired\":true,\"valueName\":\"search_term_string\"}}],\"inLanguage\":\"en-US\"},{\"@type\":\"Organization\",\"@id\":\"https:\\\/\\\/darkamazi.info\\\/#organization\",\"name\":\"Darka Maz\u00ee\",\"url\":\"https:\\\/\\\/darkamazi.info\\\/\",\"logo\":{\"@type\":\"ImageObject\",\"inLanguage\":\"en-US\",\"@id\":\"https:\\\/\\\/darkamazi.info\\\/#\\\/schema\\\/logo\\\/image\\\/\",\"url\":\"https:\\\/\\\/darkamazi.info\\\/darka-content\\\/uploads\\\/2017\\\/12\\\/darka-mazi-logo.png\",\"contentUrl\":\"https:\\\/\\\/darkamazi.info\\\/darka-content\\\/uploads\\\/2017\\\/12\\\/darka-mazi-logo.png\",\"width\":151,\"height\":75,\"caption\":\"Darka Maz\u00ee\"},\"image\":{\"@id\":\"https:\\\/\\\/darkamazi.info\\\/#\\\/schema\\\/logo\\\/image\\\/\"},\"sameAs\":[\"https:\\\/\\\/www.facebook.com\\\/DarMaziKurmanci\",\"https:\\\/\\\/x.com\\\/DarkaMaziLatini\",\"https:\\\/\\\/www.instagram.com\\\/darkamazi.kurmanci\\\/\",\"https:\\\/\\\/www.youtube.com\\\/channel\\\/UCa5HkTdmI8U1qCUFuTw8B2g\"]},{\"@type\":\"Person\",\"@id\":\"https:\\\/\\\/darkamazi.info\\\/#\\\/schema\\\/person\\\/5ad3e24553a0567993fa8ed4bd0a776c\",\"name\":\"darka mazi\",\"sameAs\":[\"https:\\\/\\\/darkamazi.info\\\/\"],\"url\":\"https:\\\/\\\/darkamazi.info\\\/archives\\\/author\\\/kurdi\"}]}<\/script>\n<!-- \/ Yoast SEO plugin. -->","seo_head_json":{"title":"Hejmara qurbaniy\u00ean li S\u00fbry\u00ea \u00fb Rojavay\u00ea Kurdistan\u00ea gehi\u015ft 3773 kesan - Darka Maz\u00ee","robots":{"index":"index","follow":"follow","max-snippet":"max-snippet:-1","max-image-preview":"max-image-preview:large","max-video-preview":"max-video-preview:-1"},"canonical":"https:\/\/darkamazi.info\/archives\/1035079","og_locale":"en_US","og_type":"article","og_title":"Hejmara qurbaniy\u00ean li S\u00fbry\u00ea \u00fb Rojavay\u00ea Kurdistan\u00ea gehi\u015ft 3773 kesan - Darka Maz\u00ee","og_description":"Rwangeha S\u00fbr\u00ee ya maf\u00ean mirovan amara her\u00ee daw\u00ee ya qurbaniy\u00ean erdheja ku navenda w\u00ea Mere\u015fa Bakur\u00ea Kurdistan\u00ea b\u00fb, e\u015fkere kir \u00fb ragihand, 3773 kesan can\u00ea xwe ji dest dane. Rwangeha S\u00fbr\u00ee ya maf\u00ean mirovan \u00eero roja p\u00eanc\u015fem\u00ee 9\/2\/2023 \u00ea e\u015fkere kir, di erdhej\u00ea de her\u00ee k\u00eem 3773 kesan can\u00ea xwe ji dest da ne \u00fb [&hellip;]","og_url":"https:\/\/darkamazi.info\/archives\/1035079","og_site_name":"Darka Maz\u00ee","article_publisher":"https:\/\/www.facebook.com\/DarMaziKurmanci","article_published_time":"2023-02-09T15:46:31+00:00","og_image":[{"width":900,"height":497,"url":"https:\/\/darkamazi.info\/file\/2023\/02\/SOHR-Earthquak-2.jpg","type":"image\/jpeg"}],"author":"darka mazi","twitter_card":"summary_large_image","twitter_creator":"@DarkaMaziLatini","twitter_site":"@DarkaMaziLatini","twitter_misc":{"Written by":"darka mazi","Est. reading time":"1 minute"},"schema":{"@context":"https:\/\/schema.org","@graph":[{"@type":"Article","@id":"https:\/\/darkamazi.info\/archives\/1035079#article","isPartOf":{"@id":"https:\/\/darkamazi.info\/archives\/1035079"},"author":{"name":"darka mazi","@id":"https:\/\/darkamazi.info\/#\/schema\/person\/5ad3e24553a0567993fa8ed4bd0a776c"},"headline":"Hejmara qurbaniy\u00ean li S\u00fbry\u00ea \u00fb Rojavay\u00ea Kurdistan\u00ea gehi\u015ft 3773 kesan","datePublished":"2023-02-09T15:46:31+00:00","mainEntityOfPage":{"@id":"https:\/\/darkamazi.info\/archives\/1035079"},"wordCount":135,"publisher":{"@id":"https:\/\/darkamazi.info\/#organization"},"image":{"@id":"https:\/\/darkamazi.info\/archives\/1035079#primaryimage"},"thumbnailUrl":"https:\/\/darkamazi.info\/file\/2023\/02\/SOHR-Earthquak-2.jpg","keywords":["sereke"],"articleSection":["Rojhelata nav\u00een"],"inLanguage":"en-US"},{"@type":"WebPage","@id":"https:\/\/darkamazi.info\/archives\/1035079","url":"https:\/\/darkamazi.info\/archives\/1035079","name":"Hejmara qurbaniy\u00ean li S\u00fbry\u00ea \u00fb Rojavay\u00ea Kurdistan\u00ea gehi\u015ft 3773 kesan - Darka Maz\u00ee","isPartOf":{"@id":"https:\/\/darkamazi.info\/#website"},"primaryImageOfPage":{"@id":"https:\/\/darkamazi.info\/archives\/1035079#primaryimage"},"image":{"@id":"https:\/\/darkamazi.info\/archives\/1035079#primaryimage"},"thumbnailUrl":"https:\/\/darkamazi.info\/file\/2023\/02\/SOHR-Earthquak-2.jpg","datePublished":"2023-02-09T15:46:31+00:00","breadcrumb":{"@id":"https:\/\/darkamazi.info\/archives\/1035079#breadcrumb"},"inLanguage":"en-US","potentialAction":[{"@type":"ReadAction","target":["https:\/\/darkamazi.info\/archives\/1035079"]}]},{"@type":"ImageObject","inLanguage":"en-US","@id":"https:\/\/darkamazi.info\/archives\/1035079#primaryimage","url":"https:\/\/darkamazi.info\/file\/2023\/02\/SOHR-Earthquak-2.jpg","contentUrl":"https:\/\/darkamazi.info\/file\/2023\/02\/SOHR-Earthquak-2.jpg","width":900,"height":497,"caption":"SOHR-Earthquak (2)"},{"@type":"BreadcrumbList","@id":"https:\/\/darkamazi.info\/archives\/1035079#breadcrumb","itemListElement":[{"@type":"ListItem","position":1,"name":"Home","item":"https:\/\/darkamazi.info\/"},{"@type":"ListItem","position":2,"name":"Hejmara qurbaniy\u00ean li S\u00fbry\u00ea \u00fb Rojavay\u00ea Kurdistan\u00ea gehi\u015ft 3773 kesan"}]},{"@type":"WebSite","@id":"https:\/\/darkamazi.info\/#website","url":"https:\/\/darkamazi.info\/","name":"Darka Maz\u00ee","description":"P\u00eageha Zanyariy\u00ean Nebih\u00eest\u00ee","publisher":{"@id":"https:\/\/darkamazi.info\/#organization"},"potentialAction":[{"@type":"SearchAction","target":{"@type":"EntryPoint","urlTemplate":"https:\/\/darkamazi.info\/?s={search_term_string}"},"query-input":{"@type":"PropertyValueSpecification","valueRequired":true,"valueName":"search_term_string"}}],"inLanguage":"en-US"},{"@type":"Organization","@id":"https:\/\/darkamazi.info\/#organization","name":"Darka Maz\u00ee","url":"https:\/\/darkamazi.info\/","logo":{"@type":"ImageObject","inLanguage":"en-US","@id":"https:\/\/darkamazi.info\/#\/schema\/logo\/image\/","url":"https:\/\/darkamazi.info\/file\/2017\/12\/darka-mazi-logo.png","contentUrl":"https:\/\/darkamazi.info\/file\/2017\/12\/darka-mazi-logo.png","width":151,"height":75,"caption":"Darka Maz\u00ee"},"image":{"@id":"https:\/\/darkamazi.info\/#\/schema\/logo\/image\/"},"sameAs":["https:\/\/www.facebook.com\/DarMaziKurmanci","https:\/\/x.com\/DarkaMaziLatini","https:\/\/www.instagram.com\/darkamazi.kurmanci\/","https:\/\/www.youtube.com\/channel\/UCa5HkTdmI8U1qCUFuTw8B2g"]},{"@type":"Person","@id":"https:\/\/darkamazi.info\/#\/schema\/person\/5ad3e24553a0567993fa8ed4bd0a776c","name":"darka mazi","sameAs":["https:\/\/darkamazi.info\/"],"url":"https:\/\/darkamazi.info\/archives\/author\/kurdi"}]}},"_links":{"self":[{"href":"https:\/\/darkamazi.info\/funavuv\/wp\/v2\/posts\/1035079","targetHints":{"allow":["GET"]}}],"collection":[{"href":"https:\/\/darkamazi.info\/funavuv\/wp\/v2\/posts"}],"about":[{"href":"https:\/\/darkamazi.info\/funavuv\/wp\/v2\/types\/post"}],"author":[{"embeddable":true,"href":"https:\/\/darkamazi.info\/funavuv\/wp\/v2\/users\/2"}],"replies":[{"embeddable":true,"href":"https:\/\/darkamazi.info\/funavuv\/wp\/v2\/comments?post=1035079"}],"version-history":[{"count":0,"href":"https:\/\/darkamazi.info\/funavuv\/wp\/v2\/posts\/1035079\/revisions"}],"wp:featuredmedia":[{"embeddable":true,"href":"https:\/\/darkamazi.info\/funavuv\/wp\/v2\/media\/1035080"}],"wp:attachment":[{"href":"https:\/\/darkamazi.info\/funavuv\/wp\/v2\/media?parent=1035079"}],"wp:term":[{"taxonomy":"category","embeddable":true,"href":"https:\/\/darkamazi.info\/funavuv\/wp\/v2\/categories?post=1035079"},{"taxonomy":"post_tag","embeddable":true,"href":"https:\/\/darkamazi.info\/funavuv\/wp\/v2\/tags?post=1035079"}],"curies":[{"name":"wp","href":"https:\/\/api.w.org\/{rel}","templated":true}]}}