{"id":1035109,"date":"2023-02-12T20:21:04","date_gmt":"2023-02-12T17:21:04","guid":{"rendered":"https:\/\/darkamazi.info\/?p=1035109"},"modified":"2023-02-12T20:21:04","modified_gmt":"2023-02-12T17:21:04","slug":"hdpe-bi-peyveke-ji-behsa-alikariyen-weqfa-xwerxwazi-ya-barzani-nekir","status":"publish","type":"post","link":"https:\/\/darkamazi.info\/archives\/1035109","title":{"rendered":"HDP\u2019\u00ea bi peyvek\u00ea j\u00ee behsa al\u00eekariy\u00ean Weqfa Xw\u00earxwaz\u00ee ya Barzan\u00ee nekir"},"content":{"rendered":"<h3 style=\"text-align: justify\"><span style=\"font-family: 'arial black', sans-serif\">\u00ca\u015fa her du erdhej\u00ean Mere\u015f\u00ea dil\u00ea me \u015fewitand. Bi hezaran mirov\u00ean ku dikarib\u00fbn b\u00ean rizgarkirin di bin herifteyan de qeris\u00een. Her\u00ee k\u00eam 80 hezar kes h\u00een j\u00ee di bin herifteyan de mane. Dil\u00ea me di\u015fewite, em li pa\u015feroj, \u00eero \u00fb p\u00ea\u015feroj\u00ea dinerin \u00fb di fikir\u00een \u00c7i b\u00fbye \u00fb w\u00ea \u00e7i bibe?<\/span><\/h3>\n<h3 style=\"text-align: justify\">V\u00ea felaketa erdhej\u00ea qelsiy\u00ean avah\u00eey\u00ean b\u00ea zanist a hendes\u00eey\u00ea hat\u00ee \u00e7\u00eakirin ra\u00eaxist ber \u00e7ava. Ango, kersetey\u00ean ku xan\u00eeyan xwe\u015fik dikin seram\u00eek, metbex \u00fb saunay\u00ean mezindi van avahiyan de heb\u00fbn, l\u00ea b\u00ea st\u00fbn\u00ean xweragir b\u00fbn \u00fb herifin. Di v\u00ee kar\u00ee de diz\u00ee heb\u00fb, rant heb\u00fb, b\u00eahi\u015fb\u00fbn heb\u00fb.<\/h3>\n<h3 style=\"text-align: justify\">V\u00ea felaketa erdhej\u00ea bi qas\u00ee rast\u00eeya b\u00eenesaz\u00eeyan r\u00fby\u00ea s\u00eestema \u00eedar\u00ee j\u00ee e\u015fkere kir. T\u00eageha hemaset\u00ea, Slogan \u00fb qeder\u00ea j\u00ee m\u00eena avahiyan ji ber ku b\u00eabingeh b\u00fbn hilwe\u015f\u00een.<\/h3>\n<h3 style=\"text-align: justify\">S\u00eestema nijadkuj a dewleta Tirk ya 100 sal\u00ee j\u00ee di bin xirbeyan da ma.\u00a0 Bi taybet\u00ee j\u00ee ev yek ji bo Kurdan wiha ye. Di nava van hem\u00fb kavil\u00ean erdhej\u00ea de \u00e7iyayek\u00ee ku Kurd xwe bisp\u00earin\u00ea derket hol\u00ea. Ev j\u00ee kevne\u015fopiya siyas\u00ee ya Barzan\u00ee b\u00fb. Kevne\u015fopiya siyas\u00ee ya Barzan\u00ee her roj sloganan naq\u00eere, her roj \u00e7\u00eerok\u00ean qehremantiy\u00ea ji me re nab\u00eaje, her roj li ser kar \u00fb xebata xwe tasar\u00fbf\u00ea nake, her roj dernakeve \u00fb li ser ekranan hemaset\u00ea nake. L\u00ea gava hewce bike, ew ber\u00ee her kes\u00ee di\u00e7e hewar\u00ea. \u00cad\u00ee kurd v\u00ea dib\u00eenin: Her kes \u015f\u00eeara diq\u00eere l\u00ea Barzan\u00ee bi hewar\u00ea di\u00e7e. Rast\u00ee bi kurt \u00fb Kurmanc\u00ee ev e.<\/h3>\n<h3 style=\"text-align: center\"><span style=\"font-family: 'arial black', sans-serif;color: #8c0606\">Serok Barzan\u00ee ji bo al\u00eekar\u00eeyan r\u00eake Efr\u00een\u00ea \u00fb bajar\u00ean din \u00ean Rojava d\u00eeplomas\u00eeyek mezin me\u015fand<\/span><\/h3>\n<h3 style=\"text-align: justify\">Di yekem roja erdhej\u00ea de Weqfa X\u00earxaz\u00eeya Barzan\u00ee ji bo al\u00eekariya mexd\u00fbr\u00ean erdhej\u00ea li p\u00ea\u015f\u00eeya welat\u00ean dewlemend \u00fb zilh\u00eaz li hewar\u00ea \u00e7\u00fb. Ne ku pirr \u00cemkan \u00fb perey\u00ean v\u00ee dezgeh\u00ee heb\u00fbn, l\u00ea bel\u00ea ti\u015ftek\u00ee ji hem\u00fb \u00eemkanan mezintir li ba Weqfa X\u00earxwaz\u00eeya Barzan\u00ee heb\u00fb ew j\u00ee; mirovhez\u00ee, dilek\u00ee mezin, r\u00fbhek\u00ee mezin, berpirsiyariyek mezin \u00fb welatpar\u00eaziyek mezin heb\u00fb. Kevne\u015fopiya hevgirtin\u00ea ya r\u00eabaza Barzan\u00ee li ser hatiye avakirin. Weqfa X\u00earxwaziya Barzan\u00ee li ser v\u00ea felsef\u00ea \u00fb v\u00ea kevne\u015fop\u00eey\u00ea bi erk \u00fb kar\u00ean xwe radibe.<\/h3>\n<h3 style=\"text-align: justify\">Serok Barzan\u00ee ji bo al\u00eekar\u00eeyan r\u00eake Efr\u00een\u00ea \u00fb bajar\u00ean din \u00ean Rojava d\u00eeplomas\u00eeyek mezin me\u015fand. Agahiyek heye ku kevne\u015fopiya siyas\u00ee ya Barzan\u00ee hem\u00fb derfet\u00ean xwe y\u00ean d\u00eeplomat\u00eek \u00fb \u015fexs\u00ee ji bo \u015fandina karwan\u00ean al\u00eekariy\u00ea bikar aniye, weke w\u00ea dema ku P\u00ea\u015fmerge ji bo Koban\u00ee di sala 2014 an de hat\u00ee r\u00eakirin. T\u00ea gotin ku di v\u00ee war\u00ee de daxwaz ji Emer\u00eekay\u00ea, heta ji Erdogan j\u00ee kiriye. Di van hewl\u00ean b\u00eahempa de ne armanca siyas\u00ee, ne rant \u00fb ne j\u00ee gotin\u00ean \u00eedeoloj\u00eek hene. Ji bo Kurdan \u00fb gel\u00ean li Kurdistan\u00ea dij\u00een ten\u00ea armanceke mirov\u00ee heye.<\/h3>\n<h3 style=\"text-align: center\"><span style=\"color: #8c0606;font-family: 'arial black', sans-serif\">V\u00ea erdhej\u00ea maskeya HDP \u00ea xist<\/span><\/h3>\n<h3 style=\"text-align: justify\">Ji bo kevne\u015fopiya Barzan\u00ee, jiyana mirovan \u00fb hevgirtina mirov\u00ee ji axaftin\u00ean \u00eedeoloj\u00eek \u00fb siyas\u00ee bir\u00fbmetir e. Em dizanin ku v\u00ea erdhej\u00ea maskeya HDP \u00ea j\u00ee xist. Em dikarin bib\u00eajin ku civaka Tirkiyey\u00ea j\u00ee hewldan\u00ean Hik\u00fbmeta Her\u00eama Kurdistan\u00ea \u00fb Dezgeh\u00ea X\u00earxwaz\u00eey\u00ea Barzan\u00ee taqd\u00eer kir, l\u00ea mixabin r\u00eaveberiya HDP \u00ea weke ku Barzan\u00ee li Amed, Adiyaman, Pazarcik, Elb\u00eestan, Hatay, D\u00eelok \u00fb Meletiy\u00ea tuneye tevdigere.<\/h3>\n<h3 style=\"text-align: justify\">Parlementer\u00ea HDP \u00ea y\u00ea Stenbol\u00ea Garo Paylan ji ber ku kesek\u00ee ermene pi\u015ftgir\u00ee da t\u00eema hewarhatin\u00ea ya Ermen\u00eestan\u00ea \u00fb ew koord\u00eene kir \u00fb hemb\u00eaz kir, l\u00ea bi dehan parlamenter\u00ean kurd \u00ean HDP \u00ea \u00fb bi dehan r\u00eaxistin\u00ean par\u00eazgehan xwestin v\u00ea pi\u015ftgir\u00eeya dezgah\u00ea Barzan\u00ee y\u00ean Her\u00eama Kurdistan\u00ea ve\u015f\u00earin. Xwestin ew dest\u00ea al\u00eekariy\u00ea ku dir\u00eaj\u00ee Kurd\u00ean Bakur kir\u00ee, neh\u00ea d\u00eetin. Xebatkar\u00ean \u00e7apemeniy\u00ea y\u00ean PKK \u00ea ku li Bakur\u00ea Kurdistan\u00ea bi dehan nav\u00ean cuda d\u00eemenan dik\u00ea\u015fin, ji bo ku di d\u00eemen\u00ean wan de logoya Dezgah\u00ea X\u00earxwaz\u00eeya Barzan\u00ee dernekeve hewldaneke taybet didin. Telev\u00eezyon\u00ean Tirk \u00ean fa\u015f\u00eest j\u00ee v\u00ea \u00eenkar\u00ea dikin, medya PKK j\u00ee heman ti\u015ft dike. Li rexm\u00ea v\u00ea j\u00ee gel\u00ea Bakur\u00ea Kurdistan\u00ea di roj\u00ean dijwar de rast\u00ee d\u00eet.<\/h3>\n<h3 style=\"text-align: justify\">HDP ye p\u00eaveka \u00eedeoloj\u00eek a PKK \u00ea, di dema erdhej\u00ea de j\u00ee hevgirtina kurdan nexwest \u00fb bi p\u00eakhatey\u00ean din \u00ean kurdan re nekar\u00ee bibe yek. Dema mirov di bin xirbeyan de bin, li derve \u00fb di nava sermaya cemed\u00ea de b\u00easitare bin, cenaze b\u00ea kifin b\u00ean definkirin hevgirtin\u00ea \u00e7\u00eanakin, l\u00ea pi\u015ft\u00ee \u00e7end meh\u00ean din ev p\u00eakhatey\u00ean PKK \u00ea w\u00ea behsa hevgir\u00ee \u00fb yek\u00eet\u00eeya netew\u00ee bikin. Y\u00ean di nava v\u00ea karesata mirov\u00ee de j\u00ee nexwazin xebat\u00ean Dezgah\u00ea X\u00earxwaz\u00eeya Barzan\u00ee bib\u00eenin gelo d\u00ea r\u00fby\u00ea wan \u00e7awa bigire ku behsa Yek\u00eet\u00eeya netew\u00ee bikin.<\/h3>\n<h3 style=\"text-align: justify\">Perv\u00een Buldan bi Kili\u00e7daroglu re li hev dicive, l\u00ea bi telefon\u00ea j\u00ee be, bi serok\u00ea Dezgeh\u00ea X\u00earxwaz\u00eeya Barzan\u00ee\u00a0 ber\u00eaz Musa Ehmed re na axive. Gelo niha ev Kurd in an j\u00ee mirov in? Dema ku bi hezaran cenaze li erd\u00ea bin j\u00ee, ev taife li berjewendiy\u00ean siyas\u00ee digerin, bi \u00eedeoloj\u00eek tevdigerin \u00fb propaganday\u00ea dikin dixwazin ji v\u00ea karesat\u00ea s\u00fbd\u00ea wergirin.<\/h3>\n<h3 style=\"text-align: center\"><span style=\"color: #8c0606;font-family: 'arial black', sans-serif\">s\u00eeyaseta HDP \u00fb PKK \u00ea ya dij\u00ee Ba\u015f\u00fbr j\u00ee di bin xirbeyan de ma<\/span><\/h3>\n<h3 style=\"text-align: justify\">Yekitiya kurdan ne ti\u015fteke ku di navbera \u00e7end n\u00fbner\u00ean PKK \u00fb yek-du partiyan de b\u00ea kirin e. Yek\u00eet\u00eeya Kurdan di bin her \u015fert \u00fb merc\u00ean j\u00eeyan\u00ea de weke erdhej, leh\u00ee \u00fb karesatan de t\u00ea kirin. Biratiya gelan j\u00ee ten\u00ea, di hilbijartinan de deng xwestin \u00fb ji bo dabe\u015fkirina kursiy\u00ean parlamentoy\u00ea nah\u00ea kirin. Biratiya gelan ew e ku dema hewcedariya wan hebe hevkar\u00ee bik\u00ee \u00fb tasek \u015forbe parvebik\u00ee.<\/h3>\n<h3 style=\"text-align: justify\">Bila kes qisur\u00ea m\u00eaze neke, l\u00ea ew s\u00eeyaseta HDP \u00fb PKK \u00ea ya dij\u00ee Ba\u015f\u00fbr j\u00ee di bin xirbeyan de ma. Bi prat\u00eek\u00ee hat d\u00eetin ku mirovah\u00ee, jiyan, Kurdistan\u00ee \u00fb Kurdistan\u00eeb\u00fbn ji wan axaftin\u00ean \u00eedeoloj\u00eek \u00ean \u015f\u00fbl\u00ee mezintir e.<\/h3>\n<h3 style=\"text-align: center\"><span style=\"color: #8c0606;font-family: 'arial black', sans-serif\">HDP \u00fb d\u00eevelok\u00ean w\u00ea di v\u00ea erdhej\u00ea de j\u00ee n\u00ee\u015fan da ku ew ne Kurdistan\u00ee ne<\/span><\/h3>\n<h3 style=\"text-align: justify\">Em ji b\u00eer nekin ku ev erdhej ne erdhejeke asay\u00ee ye, w\u00ea ji bo Kurdan guhertin\u00ean siyas\u00ee, civak\u00ee \u00fb demograf\u00eek bi xwe re b\u00eene. Kurd\u00ean Elb\u00eestan, Pazarcik, Mere\u015f, Adiyaman, Melet\u00ee \u00fb nav\u00e7ey\u00ean wan \u00ean ku bi dehan sal in li dij\u00ee as\u00eem\u00eelasyon\u00ea li ber xwe didin, dibe ku bi v\u00ea erdhej\u00ea re werin \u015fikandin. Div\u00ea em kurd j\u00eer bin, div\u00ea d\u00fbr \u00fb dir\u00eaj li p\u00ea\u015feroja v\u00ea her\u00eama Kurdistan\u00ea bin\u00earin. HDP \u00fb d\u00eevelok\u00ean w\u00ea di v\u00ea erdhej\u00ea de j\u00ee n\u00ee\u015fan da ku ew ne Kurdistan\u00ee ne. Armanca wan ten\u00ea xurtkirina cih\u00ea xwe ye. Ew j\u00ee li ser \u015fopa Recep Tayyip Erdogan dime\u015fin \u00fb di fikirin ka d\u00ea \u00e7i di v\u00ea erdhej\u00ea de li ber wan bikeve.<\/h3>\n<h3 style=\"text-align: justify\">\u00c7awa ku Erdogan ji Weqfa X\u00earxwaz\u00ee ya bi nav\u00ea Ahbap neraz\u00eeye \u00fb hewl dide w\u00ea hilwe\u015f\u00eena, PKK \u00fb al\u00eegir\u00ean w\u00ea j\u00ee ji Dezgeh\u00ea X\u00earxwaz\u00eeya Barzan\u00ee b\u00eazar in \u00fb li dij\u00ee v\u00ee dezgeh\u00ee propaganday\u00ean neba\u015f dikin.<\/h3>\n<h3 style=\"text-align: justify\">Bel\u00ea, ya rast ev e ku v\u00ea erdhej\u00ea dewleta Tirk a kolonyal\u00eest di bin xirbeyan de hi\u015ft. Her wiha peyv\u00ean \u00eedeoloj\u00eek \u00ean PKK \u00fb HDP \u00ea \u00fb pol\u00eet\u00eekay\u00ean wan y\u00ean tirkkirin\u00ea j\u00ee di bin heriftey\u00ean erdhej\u00ea de mane. Dema ku em di nava v\u00ea kavil\u00eey\u00ea de li dewr\u00fbber\u00ean xwe dinerin em v\u00ea dib\u00eenin; kevne\u015fop\u00eeya r\u00eabaza Barzan\u00ee weke \u00c7iyayek\u00ea ye ku em dikarin xwe bisp\u00earin \u00ea. Weqfa X\u00earwaz\u00eeya Barzan\u00ee di nava dezgah\u00ean nevdewlet\u00ee de ji bo hem\u00fb Kurdan navn\u00ee\u015fana \u015fanaz\u00ee \u00fb serbil\u00eend\u00eey\u00ea ye.<\/h3>\n","protected":false},"excerpt":{"rendered":"<p>\u00ca\u015fa her du erdhej\u00ean Mere\u015f\u00ea dil\u00ea me \u015fewitand. Bi hezaran mirov\u00ean ku dikarib\u00fbn b\u00ean rizgarkirin di bin herifteyan de qeris\u00een. Her\u00ee k\u00eam 80 hezar kes h\u00een j\u00ee di bin herifteyan de mane. Dil\u00ea me di\u015fewite, em li pa\u015feroj, \u00eero \u00fb p\u00ea\u015feroj\u00ea dinerin \u00fb di fikir\u00een \u00c7i b\u00fbye \u00fb w\u00ea \u00e7i bibe? V\u00ea felaketa erdhej\u00ea qelsiy\u00ean [&hellip;]<\/p>\n","protected":false},"author":2,"featured_media":1035110,"comment_status":"closed","ping_status":"closed","sticky":false,"template":"","format":"standard","meta":{"footnotes":""},"categories":[68],"tags":[37],"class_list":["post-1035109","post","type-post","status-publish","format-standard","has-post-thumbnail","hentry","category-analiz","tag-sereke"],"blocksy_meta":[],"seo_head":"<!-- This site is optimized with the Yoast SEO plugin v27.5 - https:\/\/yoast.com\/product\/yoast-seo-wordpress\/ -->\n<title>HDP\u2019\u00ea bi peyvek\u00ea j\u00ee behsa al\u00eekariy\u00ean Weqfa Xw\u00earxwaz\u00ee ya Barzan\u00ee nekir - Darka Maz\u00ee<\/title>\n<meta name=\"robots\" content=\"index, follow, max-snippet:-1, max-image-preview:large, max-video-preview:-1\" \/>\n<link rel=\"canonical\" href=\"https:\/\/darkamazi.info\/archives\/1035109\" \/>\n<meta property=\"og:locale\" content=\"en_US\" \/>\n<meta property=\"og:type\" content=\"article\" \/>\n<meta property=\"og:title\" content=\"HDP\u2019\u00ea bi peyvek\u00ea j\u00ee behsa al\u00eekariy\u00ean Weqfa Xw\u00earxwaz\u00ee ya Barzan\u00ee nekir - Darka Maz\u00ee\" \/>\n<meta property=\"og:description\" content=\"\u00ca\u015fa her du erdhej\u00ean Mere\u015f\u00ea dil\u00ea me \u015fewitand. Bi hezaran mirov\u00ean ku dikarib\u00fbn b\u00ean rizgarkirin di bin herifteyan de qeris\u00een. Her\u00ee k\u00eam 80 hezar kes h\u00een j\u00ee di bin herifteyan de mane. Dil\u00ea me di\u015fewite, em li pa\u015feroj, \u00eero \u00fb p\u00ea\u015feroj\u00ea dinerin \u00fb di fikir\u00een \u00c7i b\u00fbye \u00fb w\u00ea \u00e7i bibe? V\u00ea felaketa erdhej\u00ea qelsiy\u00ean [&hellip;]\" \/>\n<meta property=\"og:url\" content=\"https:\/\/darkamazi.info\/archives\/1035109\" \/>\n<meta property=\"og:site_name\" content=\"Darka Maz\u00ee\" \/>\n<meta property=\"article:publisher\" content=\"https:\/\/www.facebook.com\/DarMaziKurmanci\" \/>\n<meta property=\"article:published_time\" content=\"2023-02-12T17:21:04+00:00\" \/>\n<meta property=\"og:image\" content=\"https:\/\/darkamazi.info\/file\/2023\/02\/HDP-2.jpg\" \/>\n\t<meta property=\"og:image:width\" content=\"900\" \/>\n\t<meta property=\"og:image:height\" content=\"497\" \/>\n\t<meta property=\"og:image:type\" content=\"image\/jpeg\" \/>\n<meta name=\"author\" content=\"darka mazi\" \/>\n<meta name=\"twitter:card\" content=\"summary_large_image\" \/>\n<meta name=\"twitter:creator\" content=\"@DarkaMaziLatini\" \/>\n<meta name=\"twitter:site\" content=\"@DarkaMaziLatini\" \/>\n<meta name=\"twitter:label1\" content=\"Written by\" \/>\n\t<meta name=\"twitter:data1\" content=\"darka mazi\" \/>\n\t<meta name=\"twitter:label2\" content=\"Est. reading time\" \/>\n\t<meta name=\"twitter:data2\" content=\"5 minutes\" \/>\n<script type=\"application\/ld+json\" class=\"seo-schema-graph\">{\"@context\":\"https:\\\/\\\/schema.org\",\"@graph\":[{\"@type\":\"Article\",\"@id\":\"https:\\\/\\\/darkamazi.info\\\/archives\\\/1035109#article\",\"isPartOf\":{\"@id\":\"https:\\\/\\\/darkamazi.info\\\/archives\\\/1035109\"},\"author\":{\"name\":\"darka mazi\",\"@id\":\"https:\\\/\\\/darkamazi.info\\\/#\\\/schema\\\/person\\\/5ad3e24553a0567993fa8ed4bd0a776c\"},\"headline\":\"HDP\u2019\u00ea bi peyvek\u00ea j\u00ee behsa al\u00eekariy\u00ean Weqfa Xw\u00earxwaz\u00ee ya Barzan\u00ee nekir\",\"datePublished\":\"2023-02-12T17:21:04+00:00\",\"mainEntityOfPage\":{\"@id\":\"https:\\\/\\\/darkamazi.info\\\/archives\\\/1035109\"},\"wordCount\":1330,\"publisher\":{\"@id\":\"https:\\\/\\\/darkamazi.info\\\/#organization\"},\"image\":{\"@id\":\"https:\\\/\\\/darkamazi.info\\\/archives\\\/1035109#primaryimage\"},\"thumbnailUrl\":\"https:\\\/\\\/darkamazi.info\\\/darka-content\\\/uploads\\\/2023\\\/02\\\/HDP-2.jpg\",\"keywords\":[\"sereke\"],\"articleSection\":[\"Anal\u00eez\"],\"inLanguage\":\"en-US\"},{\"@type\":\"WebPage\",\"@id\":\"https:\\\/\\\/darkamazi.info\\\/archives\\\/1035109\",\"url\":\"https:\\\/\\\/darkamazi.info\\\/archives\\\/1035109\",\"name\":\"HDP\u2019\u00ea bi peyvek\u00ea j\u00ee behsa al\u00eekariy\u00ean Weqfa Xw\u00earxwaz\u00ee ya Barzan\u00ee nekir - Darka Maz\u00ee\",\"isPartOf\":{\"@id\":\"https:\\\/\\\/darkamazi.info\\\/#website\"},\"primaryImageOfPage\":{\"@id\":\"https:\\\/\\\/darkamazi.info\\\/archives\\\/1035109#primaryimage\"},\"image\":{\"@id\":\"https:\\\/\\\/darkamazi.info\\\/archives\\\/1035109#primaryimage\"},\"thumbnailUrl\":\"https:\\\/\\\/darkamazi.info\\\/darka-content\\\/uploads\\\/2023\\\/02\\\/HDP-2.jpg\",\"datePublished\":\"2023-02-12T17:21:04+00:00\",\"breadcrumb\":{\"@id\":\"https:\\\/\\\/darkamazi.info\\\/archives\\\/1035109#breadcrumb\"},\"inLanguage\":\"en-US\",\"potentialAction\":[{\"@type\":\"ReadAction\",\"target\":[\"https:\\\/\\\/darkamazi.info\\\/archives\\\/1035109\"]}]},{\"@type\":\"ImageObject\",\"inLanguage\":\"en-US\",\"@id\":\"https:\\\/\\\/darkamazi.info\\\/archives\\\/1035109#primaryimage\",\"url\":\"https:\\\/\\\/darkamazi.info\\\/darka-content\\\/uploads\\\/2023\\\/02\\\/HDP-2.jpg\",\"contentUrl\":\"https:\\\/\\\/darkamazi.info\\\/darka-content\\\/uploads\\\/2023\\\/02\\\/HDP-2.jpg\",\"width\":900,\"height\":497,\"caption\":\"HDP\u2019\u00ea bi peyvek\u00ea j\u00ee behsa al\u00eekariy\u00ean Weqfa Xw\u00earxwaz\u00ee ya Barzan\u00ee nekir\"},{\"@type\":\"BreadcrumbList\",\"@id\":\"https:\\\/\\\/darkamazi.info\\\/archives\\\/1035109#breadcrumb\",\"itemListElement\":[{\"@type\":\"ListItem\",\"position\":1,\"name\":\"Home\",\"item\":\"https:\\\/\\\/darkamazi.info\\\/\"},{\"@type\":\"ListItem\",\"position\":2,\"name\":\"HDP\u2019\u00ea bi peyvek\u00ea j\u00ee behsa al\u00eekariy\u00ean Weqfa Xw\u00earxwaz\u00ee ya Barzan\u00ee nekir\"}]},{\"@type\":\"WebSite\",\"@id\":\"https:\\\/\\\/darkamazi.info\\\/#website\",\"url\":\"https:\\\/\\\/darkamazi.info\\\/\",\"name\":\"Darka Maz\u00ee\",\"description\":\"P\u00eageha Zanyariy\u00ean Nebih\u00eest\u00ee\",\"publisher\":{\"@id\":\"https:\\\/\\\/darkamazi.info\\\/#organization\"},\"potentialAction\":[{\"@type\":\"SearchAction\",\"target\":{\"@type\":\"EntryPoint\",\"urlTemplate\":\"https:\\\/\\\/darkamazi.info\\\/?s={search_term_string}\"},\"query-input\":{\"@type\":\"PropertyValueSpecification\",\"valueRequired\":true,\"valueName\":\"search_term_string\"}}],\"inLanguage\":\"en-US\"},{\"@type\":\"Organization\",\"@id\":\"https:\\\/\\\/darkamazi.info\\\/#organization\",\"name\":\"Darka Maz\u00ee\",\"url\":\"https:\\\/\\\/darkamazi.info\\\/\",\"logo\":{\"@type\":\"ImageObject\",\"inLanguage\":\"en-US\",\"@id\":\"https:\\\/\\\/darkamazi.info\\\/#\\\/schema\\\/logo\\\/image\\\/\",\"url\":\"https:\\\/\\\/darkamazi.info\\\/darka-content\\\/uploads\\\/2017\\\/12\\\/darka-mazi-logo.png\",\"contentUrl\":\"https:\\\/\\\/darkamazi.info\\\/darka-content\\\/uploads\\\/2017\\\/12\\\/darka-mazi-logo.png\",\"width\":151,\"height\":75,\"caption\":\"Darka Maz\u00ee\"},\"image\":{\"@id\":\"https:\\\/\\\/darkamazi.info\\\/#\\\/schema\\\/logo\\\/image\\\/\"},\"sameAs\":[\"https:\\\/\\\/www.facebook.com\\\/DarMaziKurmanci\",\"https:\\\/\\\/x.com\\\/DarkaMaziLatini\",\"https:\\\/\\\/www.instagram.com\\\/darkamazi.kurmanci\\\/\",\"https:\\\/\\\/www.youtube.com\\\/channel\\\/UCa5HkTdmI8U1qCUFuTw8B2g\"]},{\"@type\":\"Person\",\"@id\":\"https:\\\/\\\/darkamazi.info\\\/#\\\/schema\\\/person\\\/5ad3e24553a0567993fa8ed4bd0a776c\",\"name\":\"darka mazi\",\"sameAs\":[\"https:\\\/\\\/darkamazi.info\\\/\"],\"url\":\"https:\\\/\\\/darkamazi.info\\\/archives\\\/author\\\/kurdi\"}]}<\/script>\n<!-- \/ Yoast SEO plugin. -->","seo_head_json":{"title":"HDP\u2019\u00ea bi peyvek\u00ea j\u00ee behsa al\u00eekariy\u00ean Weqfa Xw\u00earxwaz\u00ee ya Barzan\u00ee nekir - Darka Maz\u00ee","robots":{"index":"index","follow":"follow","max-snippet":"max-snippet:-1","max-image-preview":"max-image-preview:large","max-video-preview":"max-video-preview:-1"},"canonical":"https:\/\/darkamazi.info\/archives\/1035109","og_locale":"en_US","og_type":"article","og_title":"HDP\u2019\u00ea bi peyvek\u00ea j\u00ee behsa al\u00eekariy\u00ean Weqfa Xw\u00earxwaz\u00ee ya Barzan\u00ee nekir - Darka Maz\u00ee","og_description":"\u00ca\u015fa her du erdhej\u00ean Mere\u015f\u00ea dil\u00ea me \u015fewitand. Bi hezaran mirov\u00ean ku dikarib\u00fbn b\u00ean rizgarkirin di bin herifteyan de qeris\u00een. Her\u00ee k\u00eam 80 hezar kes h\u00een j\u00ee di bin herifteyan de mane. Dil\u00ea me di\u015fewite, em li pa\u015feroj, \u00eero \u00fb p\u00ea\u015feroj\u00ea dinerin \u00fb di fikir\u00een \u00c7i b\u00fbye \u00fb w\u00ea \u00e7i bibe? V\u00ea felaketa erdhej\u00ea qelsiy\u00ean [&hellip;]","og_url":"https:\/\/darkamazi.info\/archives\/1035109","og_site_name":"Darka Maz\u00ee","article_publisher":"https:\/\/www.facebook.com\/DarMaziKurmanci","article_published_time":"2023-02-12T17:21:04+00:00","og_image":[{"width":900,"height":497,"url":"https:\/\/darkamazi.info\/file\/2023\/02\/HDP-2.jpg","type":"image\/jpeg"}],"author":"darka mazi","twitter_card":"summary_large_image","twitter_creator":"@DarkaMaziLatini","twitter_site":"@DarkaMaziLatini","twitter_misc":{"Written by":"darka mazi","Est. reading time":"5 minutes"},"schema":{"@context":"https:\/\/schema.org","@graph":[{"@type":"Article","@id":"https:\/\/darkamazi.info\/archives\/1035109#article","isPartOf":{"@id":"https:\/\/darkamazi.info\/archives\/1035109"},"author":{"name":"darka mazi","@id":"https:\/\/darkamazi.info\/#\/schema\/person\/5ad3e24553a0567993fa8ed4bd0a776c"},"headline":"HDP\u2019\u00ea bi peyvek\u00ea j\u00ee behsa al\u00eekariy\u00ean Weqfa Xw\u00earxwaz\u00ee ya Barzan\u00ee nekir","datePublished":"2023-02-12T17:21:04+00:00","mainEntityOfPage":{"@id":"https:\/\/darkamazi.info\/archives\/1035109"},"wordCount":1330,"publisher":{"@id":"https:\/\/darkamazi.info\/#organization"},"image":{"@id":"https:\/\/darkamazi.info\/archives\/1035109#primaryimage"},"thumbnailUrl":"https:\/\/darkamazi.info\/file\/2023\/02\/HDP-2.jpg","keywords":["sereke"],"articleSection":["Anal\u00eez"],"inLanguage":"en-US"},{"@type":"WebPage","@id":"https:\/\/darkamazi.info\/archives\/1035109","url":"https:\/\/darkamazi.info\/archives\/1035109","name":"HDP\u2019\u00ea bi peyvek\u00ea j\u00ee behsa al\u00eekariy\u00ean Weqfa Xw\u00earxwaz\u00ee ya Barzan\u00ee nekir - Darka Maz\u00ee","isPartOf":{"@id":"https:\/\/darkamazi.info\/#website"},"primaryImageOfPage":{"@id":"https:\/\/darkamazi.info\/archives\/1035109#primaryimage"},"image":{"@id":"https:\/\/darkamazi.info\/archives\/1035109#primaryimage"},"thumbnailUrl":"https:\/\/darkamazi.info\/file\/2023\/02\/HDP-2.jpg","datePublished":"2023-02-12T17:21:04+00:00","breadcrumb":{"@id":"https:\/\/darkamazi.info\/archives\/1035109#breadcrumb"},"inLanguage":"en-US","potentialAction":[{"@type":"ReadAction","target":["https:\/\/darkamazi.info\/archives\/1035109"]}]},{"@type":"ImageObject","inLanguage":"en-US","@id":"https:\/\/darkamazi.info\/archives\/1035109#primaryimage","url":"https:\/\/darkamazi.info\/file\/2023\/02\/HDP-2.jpg","contentUrl":"https:\/\/darkamazi.info\/file\/2023\/02\/HDP-2.jpg","width":900,"height":497,"caption":"HDP\u2019\u00ea bi peyvek\u00ea j\u00ee behsa al\u00eekariy\u00ean Weqfa Xw\u00earxwaz\u00ee ya Barzan\u00ee nekir"},{"@type":"BreadcrumbList","@id":"https:\/\/darkamazi.info\/archives\/1035109#breadcrumb","itemListElement":[{"@type":"ListItem","position":1,"name":"Home","item":"https:\/\/darkamazi.info\/"},{"@type":"ListItem","position":2,"name":"HDP\u2019\u00ea bi peyvek\u00ea j\u00ee behsa al\u00eekariy\u00ean Weqfa Xw\u00earxwaz\u00ee ya Barzan\u00ee nekir"}]},{"@type":"WebSite","@id":"https:\/\/darkamazi.info\/#website","url":"https:\/\/darkamazi.info\/","name":"Darka Maz\u00ee","description":"P\u00eageha Zanyariy\u00ean Nebih\u00eest\u00ee","publisher":{"@id":"https:\/\/darkamazi.info\/#organization"},"potentialAction":[{"@type":"SearchAction","target":{"@type":"EntryPoint","urlTemplate":"https:\/\/darkamazi.info\/?s={search_term_string}"},"query-input":{"@type":"PropertyValueSpecification","valueRequired":true,"valueName":"search_term_string"}}],"inLanguage":"en-US"},{"@type":"Organization","@id":"https:\/\/darkamazi.info\/#organization","name":"Darka Maz\u00ee","url":"https:\/\/darkamazi.info\/","logo":{"@type":"ImageObject","inLanguage":"en-US","@id":"https:\/\/darkamazi.info\/#\/schema\/logo\/image\/","url":"https:\/\/darkamazi.info\/file\/2017\/12\/darka-mazi-logo.png","contentUrl":"https:\/\/darkamazi.info\/file\/2017\/12\/darka-mazi-logo.png","width":151,"height":75,"caption":"Darka Maz\u00ee"},"image":{"@id":"https:\/\/darkamazi.info\/#\/schema\/logo\/image\/"},"sameAs":["https:\/\/www.facebook.com\/DarMaziKurmanci","https:\/\/x.com\/DarkaMaziLatini","https:\/\/www.instagram.com\/darkamazi.kurmanci\/","https:\/\/www.youtube.com\/channel\/UCa5HkTdmI8U1qCUFuTw8B2g"]},{"@type":"Person","@id":"https:\/\/darkamazi.info\/#\/schema\/person\/5ad3e24553a0567993fa8ed4bd0a776c","name":"darka mazi","sameAs":["https:\/\/darkamazi.info\/"],"url":"https:\/\/darkamazi.info\/archives\/author\/kurdi"}]}},"_links":{"self":[{"href":"https:\/\/darkamazi.info\/funavuv\/wp\/v2\/posts\/1035109","targetHints":{"allow":["GET"]}}],"collection":[{"href":"https:\/\/darkamazi.info\/funavuv\/wp\/v2\/posts"}],"about":[{"href":"https:\/\/darkamazi.info\/funavuv\/wp\/v2\/types\/post"}],"author":[{"embeddable":true,"href":"https:\/\/darkamazi.info\/funavuv\/wp\/v2\/users\/2"}],"replies":[{"embeddable":true,"href":"https:\/\/darkamazi.info\/funavuv\/wp\/v2\/comments?post=1035109"}],"version-history":[{"count":0,"href":"https:\/\/darkamazi.info\/funavuv\/wp\/v2\/posts\/1035109\/revisions"}],"wp:featuredmedia":[{"embeddable":true,"href":"https:\/\/darkamazi.info\/funavuv\/wp\/v2\/media\/1035110"}],"wp:attachment":[{"href":"https:\/\/darkamazi.info\/funavuv\/wp\/v2\/media?parent=1035109"}],"wp:term":[{"taxonomy":"category","embeddable":true,"href":"https:\/\/darkamazi.info\/funavuv\/wp\/v2\/categories?post=1035109"},{"taxonomy":"post_tag","embeddable":true,"href":"https:\/\/darkamazi.info\/funavuv\/wp\/v2\/tags?post=1035109"}],"curies":[{"name":"wp","href":"https:\/\/api.w.org\/{rel}","templated":true}]}}