{"id":1035147,"date":"2023-02-14T17:42:24","date_gmt":"2023-02-14T14:42:24","guid":{"rendered":"https:\/\/darkamazi.info\/?p=1035147"},"modified":"2023-02-14T17:42:24","modified_gmt":"2023-02-14T14:42:24","slug":"surye-u-rojava-kurdistane-7000-hejmara-miriyan","status":"publish","type":"post","link":"https:\/\/darkamazi.info\/archives\/1035147","title":{"rendered":"S\u00fbrye \u00fb Rojava Kurdistan\u00ea.. 7000 Hejmara miriyan"},"content":{"rendered":"<h3 style=\"text-align: justify\"><span style=\"font-family: 'arial black', sans-serif\">Hejmara qurbaniy\u00ean erdheja 6\u00ee sibat\u00ea li S\u00fbry\u00ea \u00fb Rojava Kurdistan\u00ea gih\u00ee\u015ft 5417 kesan \u00fb t\u00ea p\u00ea\u015fb\u00een\u00ee kirin ev hejmar bigehe 7 hezar kesan.<\/span><\/h3>\n<h3 style=\"text-align: justify\"><span style=\"font-family: arial, helvetica, sans-serif\">Rwangeha S\u00fbr\u00ee ya maf\u00ean mirovan \u00eero roja s\u00ea\u015fem\u00ee 14\/2\/2023\u00ea e\u015fkere kir, heya \u00eero ku 8 roj li ser karesata 6\u00ee sibat\u00ea re derbasb\u00fbne, 5 hezar \u00fb 417 kes li S\u00fbry\u00ea jiyana xwe ji dest da ne, piran\u00ee j\u00ea li Rojava Kurdistan\u00ea ne.<\/span><\/h3>\n<h3 style=\"text-align: justify\"><span style=\"font-family: arial, helvetica, sans-serif\">Destn\u00ee\u015fan kir, ji ber ku xebat\u00ean xelaskirin\u00ea h\u00eajan dewam dikin, t\u00ea texm\u00een kirin hejmara mir\u00eeyan bigehe 7 hezar kesan.<\/span><\/h3>\n<h3 style=\"text-align: justify\"><span style=\"font-family: arial, helvetica, sans-serif\">Sibeha roja 6\u00ee sibata 2023\u00ea li nav\u00e7ey\u00ean Pazarcix \u00fb Elb\u00eestan\u00ea y\u00ean par\u00eazgeha Mere\u015f\u00ea ya Bakur\u00ea Kurdistan\u00ea 2 erdhej\u00ean bi h\u00eaza 7.7 \u00fb 6.7 R\u00fb dab\u00fbn.<\/span><\/h3>\n<h3 style=\"text-align: justify\"><span style=\"font-family: arial, helvetica, sans-serif\">Ji ber erdhej\u00ea li bajar\u00ean Rojavay\u00ea Kurdistan\u00ea \u00fb Bakur\u00ea Rojavay\u00ea S\u00fbry\u00ea j\u00ee hejmarek mezin ji avahiyan hilwe\u015fyan \u00fb li gor\u00ee amar\u00ean ne ferm\u00ee j\u00ee, z\u00eadetir ji 5 hezar kesan can\u00ea xwe ji dest dane.<\/span><\/h3>\n","protected":false},"excerpt":{"rendered":"<p>Hejmara qurbaniy\u00ean erdheja 6\u00ee sibat\u00ea li S\u00fbry\u00ea \u00fb Rojava Kurdistan\u00ea gih\u00ee\u015ft 5417 kesan \u00fb t\u00ea p\u00ea\u015fb\u00een\u00ee kirin ev hejmar bigehe 7 hezar kesan. Rwangeha S\u00fbr\u00ee ya maf\u00ean mirovan \u00eero roja s\u00ea\u015fem\u00ee 14\/2\/2023\u00ea e\u015fkere kir, heya \u00eero ku 8 roj li ser karesata 6\u00ee sibat\u00ea re derbasb\u00fbne, 5 hezar \u00fb 417 kes li S\u00fbry\u00ea jiyana xwe [&hellip;]<\/p>\n","protected":false},"author":2,"featured_media":1035148,"comment_status":"closed","ping_status":"closed","sticky":false,"template":"","format":"standard","meta":{"footnotes":""},"categories":[29],"tags":[37],"class_list":["post-1035147","post","type-post","status-publish","format-standard","has-post-thumbnail","hentry","category-kurdistan","tag-sereke"],"blocksy_meta":[],"seo_head":"<!-- This site is optimized with the Yoast SEO plugin v27.5 - https:\/\/yoast.com\/product\/yoast-seo-wordpress\/ -->\n<title>S\u00fbrye \u00fb Rojava Kurdistan\u00ea.. 7000 Hejmara miriyan - Darka Maz\u00ee<\/title>\n<meta name=\"robots\" content=\"index, follow, max-snippet:-1, max-image-preview:large, max-video-preview:-1\" \/>\n<link rel=\"canonical\" href=\"https:\/\/darkamazi.info\/archives\/1035147\" \/>\n<meta property=\"og:locale\" content=\"en_US\" \/>\n<meta property=\"og:type\" content=\"article\" \/>\n<meta property=\"og:title\" content=\"S\u00fbrye \u00fb Rojava Kurdistan\u00ea.. 7000 Hejmara miriyan - Darka Maz\u00ee\" \/>\n<meta property=\"og:description\" content=\"Hejmara qurbaniy\u00ean erdheja 6\u00ee sibat\u00ea li S\u00fbry\u00ea \u00fb Rojava Kurdistan\u00ea gih\u00ee\u015ft 5417 kesan \u00fb t\u00ea p\u00ea\u015fb\u00een\u00ee kirin ev hejmar bigehe 7 hezar kesan. Rwangeha S\u00fbr\u00ee ya maf\u00ean mirovan \u00eero roja s\u00ea\u015fem\u00ee 14\/2\/2023\u00ea e\u015fkere kir, heya \u00eero ku 8 roj li ser karesata 6\u00ee sibat\u00ea re derbasb\u00fbne, 5 hezar \u00fb 417 kes li S\u00fbry\u00ea jiyana xwe [&hellip;]\" \/>\n<meta property=\"og:url\" content=\"https:\/\/darkamazi.info\/archives\/1035147\" \/>\n<meta property=\"og:site_name\" content=\"Darka Maz\u00ee\" \/>\n<meta property=\"article:publisher\" content=\"https:\/\/www.facebook.com\/DarMaziKurmanci\" \/>\n<meta property=\"article:published_time\" content=\"2023-02-14T14:42:24+00:00\" \/>\n<meta property=\"og:image\" content=\"https:\/\/darkamazi.info\/file\/2023\/02\/Surye-u-Rojava-Kurdistane..-7000-Hejmara-miriyan.jpg\" \/>\n\t<meta property=\"og:image:width\" content=\"900\" \/>\n\t<meta property=\"og:image:height\" content=\"497\" \/>\n\t<meta property=\"og:image:type\" content=\"image\/jpeg\" \/>\n<meta name=\"author\" content=\"darka mazi\" \/>\n<meta name=\"twitter:card\" content=\"summary_large_image\" \/>\n<meta name=\"twitter:creator\" content=\"@DarkaMaziLatini\" \/>\n<meta name=\"twitter:site\" content=\"@DarkaMaziLatini\" \/>\n<meta name=\"twitter:label1\" content=\"Written by\" \/>\n\t<meta name=\"twitter:data1\" content=\"darka mazi\" \/>\n\t<meta name=\"twitter:label2\" content=\"Est. reading time\" \/>\n\t<meta name=\"twitter:data2\" content=\"1 minute\" \/>\n<script type=\"application\/ld+json\" class=\"seo-schema-graph\">{\"@context\":\"https:\\\/\\\/schema.org\",\"@graph\":[{\"@type\":\"Article\",\"@id\":\"https:\\\/\\\/darkamazi.info\\\/archives\\\/1035147#article\",\"isPartOf\":{\"@id\":\"https:\\\/\\\/darkamazi.info\\\/archives\\\/1035147\"},\"author\":{\"name\":\"darka mazi\",\"@id\":\"https:\\\/\\\/darkamazi.info\\\/#\\\/schema\\\/person\\\/5ad3e24553a0567993fa8ed4bd0a776c\"},\"headline\":\"S\u00fbrye \u00fb Rojava Kurdistan\u00ea.. 7000 Hejmara miriyan\",\"datePublished\":\"2023-02-14T14:42:24+00:00\",\"mainEntityOfPage\":{\"@id\":\"https:\\\/\\\/darkamazi.info\\\/archives\\\/1035147\"},\"wordCount\":156,\"publisher\":{\"@id\":\"https:\\\/\\\/darkamazi.info\\\/#organization\"},\"image\":{\"@id\":\"https:\\\/\\\/darkamazi.info\\\/archives\\\/1035147#primaryimage\"},\"thumbnailUrl\":\"https:\\\/\\\/darkamazi.info\\\/darka-content\\\/uploads\\\/2023\\\/02\\\/Surye-u-Rojava-Kurdistane..-7000-Hejmara-miriyan.jpg\",\"keywords\":[\"sereke\"],\"articleSection\":[\"Kurdistan\"],\"inLanguage\":\"en-US\"},{\"@type\":\"WebPage\",\"@id\":\"https:\\\/\\\/darkamazi.info\\\/archives\\\/1035147\",\"url\":\"https:\\\/\\\/darkamazi.info\\\/archives\\\/1035147\",\"name\":\"S\u00fbrye \u00fb Rojava Kurdistan\u00ea.. 7000 Hejmara miriyan - Darka Maz\u00ee\",\"isPartOf\":{\"@id\":\"https:\\\/\\\/darkamazi.info\\\/#website\"},\"primaryImageOfPage\":{\"@id\":\"https:\\\/\\\/darkamazi.info\\\/archives\\\/1035147#primaryimage\"},\"image\":{\"@id\":\"https:\\\/\\\/darkamazi.info\\\/archives\\\/1035147#primaryimage\"},\"thumbnailUrl\":\"https:\\\/\\\/darkamazi.info\\\/darka-content\\\/uploads\\\/2023\\\/02\\\/Surye-u-Rojava-Kurdistane..-7000-Hejmara-miriyan.jpg\",\"datePublished\":\"2023-02-14T14:42:24+00:00\",\"breadcrumb\":{\"@id\":\"https:\\\/\\\/darkamazi.info\\\/archives\\\/1035147#breadcrumb\"},\"inLanguage\":\"en-US\",\"potentialAction\":[{\"@type\":\"ReadAction\",\"target\":[\"https:\\\/\\\/darkamazi.info\\\/archives\\\/1035147\"]}]},{\"@type\":\"ImageObject\",\"inLanguage\":\"en-US\",\"@id\":\"https:\\\/\\\/darkamazi.info\\\/archives\\\/1035147#primaryimage\",\"url\":\"https:\\\/\\\/darkamazi.info\\\/darka-content\\\/uploads\\\/2023\\\/02\\\/Surye-u-Rojava-Kurdistane..-7000-Hejmara-miriyan.jpg\",\"contentUrl\":\"https:\\\/\\\/darkamazi.info\\\/darka-content\\\/uploads\\\/2023\\\/02\\\/Surye-u-Rojava-Kurdistane..-7000-Hejmara-miriyan.jpg\",\"width\":900,\"height\":497,\"caption\":\"S\u00fbrye \u00fb Rojava Kurdistan\u00ea.. 7000 Hejmara miriyan\"},{\"@type\":\"BreadcrumbList\",\"@id\":\"https:\\\/\\\/darkamazi.info\\\/archives\\\/1035147#breadcrumb\",\"itemListElement\":[{\"@type\":\"ListItem\",\"position\":1,\"name\":\"Home\",\"item\":\"https:\\\/\\\/darkamazi.info\\\/\"},{\"@type\":\"ListItem\",\"position\":2,\"name\":\"S\u00fbrye \u00fb Rojava Kurdistan\u00ea.. 7000 Hejmara miriyan\"}]},{\"@type\":\"WebSite\",\"@id\":\"https:\\\/\\\/darkamazi.info\\\/#website\",\"url\":\"https:\\\/\\\/darkamazi.info\\\/\",\"name\":\"Darka Maz\u00ee\",\"description\":\"P\u00eageha Zanyariy\u00ean Nebih\u00eest\u00ee\",\"publisher\":{\"@id\":\"https:\\\/\\\/darkamazi.info\\\/#organization\"},\"potentialAction\":[{\"@type\":\"SearchAction\",\"target\":{\"@type\":\"EntryPoint\",\"urlTemplate\":\"https:\\\/\\\/darkamazi.info\\\/?s={search_term_string}\"},\"query-input\":{\"@type\":\"PropertyValueSpecification\",\"valueRequired\":true,\"valueName\":\"search_term_string\"}}],\"inLanguage\":\"en-US\"},{\"@type\":\"Organization\",\"@id\":\"https:\\\/\\\/darkamazi.info\\\/#organization\",\"name\":\"Darka Maz\u00ee\",\"url\":\"https:\\\/\\\/darkamazi.info\\\/\",\"logo\":{\"@type\":\"ImageObject\",\"inLanguage\":\"en-US\",\"@id\":\"https:\\\/\\\/darkamazi.info\\\/#\\\/schema\\\/logo\\\/image\\\/\",\"url\":\"https:\\\/\\\/darkamazi.info\\\/darka-content\\\/uploads\\\/2017\\\/12\\\/darka-mazi-logo.png\",\"contentUrl\":\"https:\\\/\\\/darkamazi.info\\\/darka-content\\\/uploads\\\/2017\\\/12\\\/darka-mazi-logo.png\",\"width\":151,\"height\":75,\"caption\":\"Darka Maz\u00ee\"},\"image\":{\"@id\":\"https:\\\/\\\/darkamazi.info\\\/#\\\/schema\\\/logo\\\/image\\\/\"},\"sameAs\":[\"https:\\\/\\\/www.facebook.com\\\/DarMaziKurmanci\",\"https:\\\/\\\/x.com\\\/DarkaMaziLatini\",\"https:\\\/\\\/www.instagram.com\\\/darkamazi.kurmanci\\\/\",\"https:\\\/\\\/www.youtube.com\\\/channel\\\/UCa5HkTdmI8U1qCUFuTw8B2g\"]},{\"@type\":\"Person\",\"@id\":\"https:\\\/\\\/darkamazi.info\\\/#\\\/schema\\\/person\\\/5ad3e24553a0567993fa8ed4bd0a776c\",\"name\":\"darka mazi\",\"sameAs\":[\"https:\\\/\\\/darkamazi.info\\\/\"],\"url\":\"https:\\\/\\\/darkamazi.info\\\/archives\\\/author\\\/kurdi\"}]}<\/script>\n<!-- \/ Yoast SEO plugin. -->","seo_head_json":{"title":"S\u00fbrye \u00fb Rojava Kurdistan\u00ea.. 7000 Hejmara miriyan - Darka Maz\u00ee","robots":{"index":"index","follow":"follow","max-snippet":"max-snippet:-1","max-image-preview":"max-image-preview:large","max-video-preview":"max-video-preview:-1"},"canonical":"https:\/\/darkamazi.info\/archives\/1035147","og_locale":"en_US","og_type":"article","og_title":"S\u00fbrye \u00fb Rojava Kurdistan\u00ea.. 7000 Hejmara miriyan - Darka Maz\u00ee","og_description":"Hejmara qurbaniy\u00ean erdheja 6\u00ee sibat\u00ea li S\u00fbry\u00ea \u00fb Rojava Kurdistan\u00ea gih\u00ee\u015ft 5417 kesan \u00fb t\u00ea p\u00ea\u015fb\u00een\u00ee kirin ev hejmar bigehe 7 hezar kesan. Rwangeha S\u00fbr\u00ee ya maf\u00ean mirovan \u00eero roja s\u00ea\u015fem\u00ee 14\/2\/2023\u00ea e\u015fkere kir, heya \u00eero ku 8 roj li ser karesata 6\u00ee sibat\u00ea re derbasb\u00fbne, 5 hezar \u00fb 417 kes li S\u00fbry\u00ea jiyana xwe [&hellip;]","og_url":"https:\/\/darkamazi.info\/archives\/1035147","og_site_name":"Darka Maz\u00ee","article_publisher":"https:\/\/www.facebook.com\/DarMaziKurmanci","article_published_time":"2023-02-14T14:42:24+00:00","og_image":[{"width":900,"height":497,"url":"https:\/\/darkamazi.info\/file\/2023\/02\/Surye-u-Rojava-Kurdistane..-7000-Hejmara-miriyan.jpg","type":"image\/jpeg"}],"author":"darka mazi","twitter_card":"summary_large_image","twitter_creator":"@DarkaMaziLatini","twitter_site":"@DarkaMaziLatini","twitter_misc":{"Written by":"darka mazi","Est. reading time":"1 minute"},"schema":{"@context":"https:\/\/schema.org","@graph":[{"@type":"Article","@id":"https:\/\/darkamazi.info\/archives\/1035147#article","isPartOf":{"@id":"https:\/\/darkamazi.info\/archives\/1035147"},"author":{"name":"darka mazi","@id":"https:\/\/darkamazi.info\/#\/schema\/person\/5ad3e24553a0567993fa8ed4bd0a776c"},"headline":"S\u00fbrye \u00fb Rojava Kurdistan\u00ea.. 7000 Hejmara miriyan","datePublished":"2023-02-14T14:42:24+00:00","mainEntityOfPage":{"@id":"https:\/\/darkamazi.info\/archives\/1035147"},"wordCount":156,"publisher":{"@id":"https:\/\/darkamazi.info\/#organization"},"image":{"@id":"https:\/\/darkamazi.info\/archives\/1035147#primaryimage"},"thumbnailUrl":"https:\/\/darkamazi.info\/file\/2023\/02\/Surye-u-Rojava-Kurdistane..-7000-Hejmara-miriyan.jpg","keywords":["sereke"],"articleSection":["Kurdistan"],"inLanguage":"en-US"},{"@type":"WebPage","@id":"https:\/\/darkamazi.info\/archives\/1035147","url":"https:\/\/darkamazi.info\/archives\/1035147","name":"S\u00fbrye \u00fb Rojava Kurdistan\u00ea.. 7000 Hejmara miriyan - Darka Maz\u00ee","isPartOf":{"@id":"https:\/\/darkamazi.info\/#website"},"primaryImageOfPage":{"@id":"https:\/\/darkamazi.info\/archives\/1035147#primaryimage"},"image":{"@id":"https:\/\/darkamazi.info\/archives\/1035147#primaryimage"},"thumbnailUrl":"https:\/\/darkamazi.info\/file\/2023\/02\/Surye-u-Rojava-Kurdistane..-7000-Hejmara-miriyan.jpg","datePublished":"2023-02-14T14:42:24+00:00","breadcrumb":{"@id":"https:\/\/darkamazi.info\/archives\/1035147#breadcrumb"},"inLanguage":"en-US","potentialAction":[{"@type":"ReadAction","target":["https:\/\/darkamazi.info\/archives\/1035147"]}]},{"@type":"ImageObject","inLanguage":"en-US","@id":"https:\/\/darkamazi.info\/archives\/1035147#primaryimage","url":"https:\/\/darkamazi.info\/file\/2023\/02\/Surye-u-Rojava-Kurdistane..-7000-Hejmara-miriyan.jpg","contentUrl":"https:\/\/darkamazi.info\/file\/2023\/02\/Surye-u-Rojava-Kurdistane..-7000-Hejmara-miriyan.jpg","width":900,"height":497,"caption":"S\u00fbrye \u00fb Rojava Kurdistan\u00ea.. 7000 Hejmara miriyan"},{"@type":"BreadcrumbList","@id":"https:\/\/darkamazi.info\/archives\/1035147#breadcrumb","itemListElement":[{"@type":"ListItem","position":1,"name":"Home","item":"https:\/\/darkamazi.info\/"},{"@type":"ListItem","position":2,"name":"S\u00fbrye \u00fb Rojava Kurdistan\u00ea.. 7000 Hejmara miriyan"}]},{"@type":"WebSite","@id":"https:\/\/darkamazi.info\/#website","url":"https:\/\/darkamazi.info\/","name":"Darka Maz\u00ee","description":"P\u00eageha Zanyariy\u00ean Nebih\u00eest\u00ee","publisher":{"@id":"https:\/\/darkamazi.info\/#organization"},"potentialAction":[{"@type":"SearchAction","target":{"@type":"EntryPoint","urlTemplate":"https:\/\/darkamazi.info\/?s={search_term_string}"},"query-input":{"@type":"PropertyValueSpecification","valueRequired":true,"valueName":"search_term_string"}}],"inLanguage":"en-US"},{"@type":"Organization","@id":"https:\/\/darkamazi.info\/#organization","name":"Darka Maz\u00ee","url":"https:\/\/darkamazi.info\/","logo":{"@type":"ImageObject","inLanguage":"en-US","@id":"https:\/\/darkamazi.info\/#\/schema\/logo\/image\/","url":"https:\/\/darkamazi.info\/file\/2017\/12\/darka-mazi-logo.png","contentUrl":"https:\/\/darkamazi.info\/file\/2017\/12\/darka-mazi-logo.png","width":151,"height":75,"caption":"Darka Maz\u00ee"},"image":{"@id":"https:\/\/darkamazi.info\/#\/schema\/logo\/image\/"},"sameAs":["https:\/\/www.facebook.com\/DarMaziKurmanci","https:\/\/x.com\/DarkaMaziLatini","https:\/\/www.instagram.com\/darkamazi.kurmanci\/","https:\/\/www.youtube.com\/channel\/UCa5HkTdmI8U1qCUFuTw8B2g"]},{"@type":"Person","@id":"https:\/\/darkamazi.info\/#\/schema\/person\/5ad3e24553a0567993fa8ed4bd0a776c","name":"darka mazi","sameAs":["https:\/\/darkamazi.info\/"],"url":"https:\/\/darkamazi.info\/archives\/author\/kurdi"}]}},"_links":{"self":[{"href":"https:\/\/darkamazi.info\/funavuv\/wp\/v2\/posts\/1035147","targetHints":{"allow":["GET"]}}],"collection":[{"href":"https:\/\/darkamazi.info\/funavuv\/wp\/v2\/posts"}],"about":[{"href":"https:\/\/darkamazi.info\/funavuv\/wp\/v2\/types\/post"}],"author":[{"embeddable":true,"href":"https:\/\/darkamazi.info\/funavuv\/wp\/v2\/users\/2"}],"replies":[{"embeddable":true,"href":"https:\/\/darkamazi.info\/funavuv\/wp\/v2\/comments?post=1035147"}],"version-history":[{"count":0,"href":"https:\/\/darkamazi.info\/funavuv\/wp\/v2\/posts\/1035147\/revisions"}],"wp:featuredmedia":[{"embeddable":true,"href":"https:\/\/darkamazi.info\/funavuv\/wp\/v2\/media\/1035148"}],"wp:attachment":[{"href":"https:\/\/darkamazi.info\/funavuv\/wp\/v2\/media?parent=1035147"}],"wp:term":[{"taxonomy":"category","embeddable":true,"href":"https:\/\/darkamazi.info\/funavuv\/wp\/v2\/categories?post=1035147"},{"taxonomy":"post_tag","embeddable":true,"href":"https:\/\/darkamazi.info\/funavuv\/wp\/v2\/tags?post=1035147"}],"curies":[{"name":"wp","href":"https:\/\/api.w.org\/{rel}","templated":true}]}}