{"id":1035171,"date":"2023-02-16T18:41:47","date_gmt":"2023-02-16T15:41:47","guid":{"rendered":"https:\/\/darkamazi.info\/?p=1035171"},"modified":"2023-02-16T18:41:47","modified_gmt":"2023-02-16T15:41:47","slug":"mesrur-barzani-bi-seroke-fransa-emmanuel-macron-re-civiya","status":"publish","type":"post","link":"https:\/\/darkamazi.info\/archives\/1035171","title":{"rendered":"Mesr\u00fbr Barzan\u00ee bi Serok\u00ea Fransa Emmanuel Macron re civiya"},"content":{"rendered":"<h3 style=\"text-align: justify\"><span style=\"font-family: 'arial black', sans-serif\">Mesr\u00fbr Barzan\u00ee \u00fb Serokomar\u00ea Fransa Emmanuel Macron li Ko\u015fka Elyse civiyan.<\/span><\/h3>\n<h3 style=\"text-align: justify\">\u00cavariya duh roja \u00e7ar\u015fem\u00ee 15\u00ea Sibata 2023an bi serdaneke ferm\u00ee Serokwez\u00eer\u00ea Her\u00eama Kurdistan\u00ea Mesr\u00fbr Barzan\u00ee gihe\u015fte Par\u00ees a Fransa.<\/h3>\n<h3 style=\"text-align: justify\">P\u00ea\u015ftir Berpirs\u00ea Fermangeha P\u00eawendiy\u00ean Derve ya Hik\u00fbmeta Her\u00eama Kurdistan\u00ea Saf\u00een Dzey\u00ee ragihandib\u00fb, ku di civ\u00een\u00ea de d\u00ea p\u00eawendiy\u00ean navbera Her\u00eama Kurdistan\u00ea \u00fb Fransa, rew\u015fa emn\u00ee \u00fb abor\u00ee, p\u00eawendiy\u00ean navbera Hewl\u00ear \u00fb Bexday\u00ea b\u00ean got\u00fbb\u00eajkirin.<\/h3>\n<h3 style=\"text-align: justify\">Peywendiy\u00ean Kurdistan \u00fb Fransa y\u00ean d\u00eerok\u00ee hene \u00fb di dema desthilatdariya \u00e7end\u00een serok\u00ean Fransay\u00ea de \u00fb di qonax\u00ean cuda de p\u00ea\u015fde \u00e7\u00fbne \u00fb di \u015fer\u00ea li dij\u00ee DAI\u015e\u00ea de, Fransa pi\u015ftevaneke bih\u00eaz b\u00fb bo P\u00ea\u015fmerge \u00fb Her\u00eama Kurdistan\u00ea ji bo \u015fikandina DAI\u015e\u00ea.<\/h3>\n","protected":false},"excerpt":{"rendered":"<p>Mesr\u00fbr Barzan\u00ee \u00fb Serokomar\u00ea Fransa Emmanuel Macron li Ko\u015fka Elyse civiyan. \u00cavariya duh roja \u00e7ar\u015fem\u00ee 15\u00ea Sibata 2023an bi serdaneke ferm\u00ee Serokwez\u00eer\u00ea Her\u00eama Kurdistan\u00ea Mesr\u00fbr Barzan\u00ee gihe\u015fte Par\u00ees a Fransa. P\u00ea\u015ftir Berpirs\u00ea Fermangeha P\u00eawendiy\u00ean Derve ya Hik\u00fbmeta Her\u00eama Kurdistan\u00ea Saf\u00een Dzey\u00ee ragihandib\u00fb, ku di civ\u00een\u00ea de d\u00ea p\u00eawendiy\u00ean navbera Her\u00eama Kurdistan\u00ea \u00fb Fransa, rew\u015fa emn\u00ee [&hellip;]<\/p>\n","protected":false},"author":2,"featured_media":1035172,"comment_status":"closed","ping_status":"closed","sticky":false,"template":"","format":"standard","meta":{"footnotes":""},"categories":[29],"tags":[37],"class_list":["post-1035171","post","type-post","status-publish","format-standard","has-post-thumbnail","hentry","category-kurdistan","tag-sereke"],"blocksy_meta":[],"seo_head":"<!-- This site is optimized with the Yoast SEO plugin v27.5 - https:\/\/yoast.com\/product\/yoast-seo-wordpress\/ -->\n<title>Mesr\u00fbr Barzan\u00ee bi Serok\u00ea Fransa Emmanuel Macron re civiya - Darka Maz\u00ee<\/title>\n<meta name=\"robots\" content=\"index, follow, max-snippet:-1, max-image-preview:large, max-video-preview:-1\" \/>\n<link rel=\"canonical\" href=\"https:\/\/darkamazi.info\/archives\/1035171\" \/>\n<meta property=\"og:locale\" content=\"en_US\" \/>\n<meta property=\"og:type\" content=\"article\" \/>\n<meta property=\"og:title\" content=\"Mesr\u00fbr Barzan\u00ee bi Serok\u00ea Fransa Emmanuel Macron re civiya - Darka Maz\u00ee\" \/>\n<meta property=\"og:description\" content=\"Mesr\u00fbr Barzan\u00ee \u00fb Serokomar\u00ea Fransa Emmanuel Macron li Ko\u015fka Elyse civiyan. \u00cavariya duh roja \u00e7ar\u015fem\u00ee 15\u00ea Sibata 2023an bi serdaneke ferm\u00ee Serokwez\u00eer\u00ea Her\u00eama Kurdistan\u00ea Mesr\u00fbr Barzan\u00ee gihe\u015fte Par\u00ees a Fransa. P\u00ea\u015ftir Berpirs\u00ea Fermangeha P\u00eawendiy\u00ean Derve ya Hik\u00fbmeta Her\u00eama Kurdistan\u00ea Saf\u00een Dzey\u00ee ragihandib\u00fb, ku di civ\u00een\u00ea de d\u00ea p\u00eawendiy\u00ean navbera Her\u00eama Kurdistan\u00ea \u00fb Fransa, rew\u015fa emn\u00ee [&hellip;]\" \/>\n<meta property=\"og:url\" content=\"https:\/\/darkamazi.info\/archives\/1035171\" \/>\n<meta property=\"og:site_name\" content=\"Darka Maz\u00ee\" \/>\n<meta property=\"article:publisher\" content=\"https:\/\/www.facebook.com\/DarMaziKurmanci\" \/>\n<meta property=\"article:published_time\" content=\"2023-02-16T15:41:47+00:00\" \/>\n<meta property=\"og:image\" content=\"https:\/\/darkamazi.info\/file\/2023\/02\/masrur-barzani-emanoel-macron-kurdistan-fransa.jpg\" \/>\n\t<meta property=\"og:image:width\" content=\"900\" \/>\n\t<meta property=\"og:image:height\" content=\"497\" \/>\n\t<meta property=\"og:image:type\" content=\"image\/jpeg\" \/>\n<meta name=\"author\" content=\"darka mazi\" \/>\n<meta name=\"twitter:card\" content=\"summary_large_image\" \/>\n<meta name=\"twitter:creator\" content=\"@DarkaMaziLatini\" \/>\n<meta name=\"twitter:site\" content=\"@DarkaMaziLatini\" \/>\n<meta name=\"twitter:label1\" content=\"Written by\" \/>\n\t<meta name=\"twitter:data1\" content=\"darka mazi\" \/>\n\t<meta name=\"twitter:label2\" content=\"Est. reading time\" \/>\n\t<meta name=\"twitter:data2\" content=\"1 minute\" \/>\n<script type=\"application\/ld+json\" class=\"seo-schema-graph\">{\"@context\":\"https:\\\/\\\/schema.org\",\"@graph\":[{\"@type\":\"Article\",\"@id\":\"https:\\\/\\\/darkamazi.info\\\/archives\\\/1035171#article\",\"isPartOf\":{\"@id\":\"https:\\\/\\\/darkamazi.info\\\/archives\\\/1035171\"},\"author\":{\"name\":\"darka mazi\",\"@id\":\"https:\\\/\\\/darkamazi.info\\\/#\\\/schema\\\/person\\\/5ad3e24553a0567993fa8ed4bd0a776c\"},\"headline\":\"Mesr\u00fbr Barzan\u00ee bi Serok\u00ea Fransa Emmanuel Macron re civiya\",\"datePublished\":\"2023-02-16T15:41:47+00:00\",\"mainEntityOfPage\":{\"@id\":\"https:\\\/\\\/darkamazi.info\\\/archives\\\/1035171\"},\"wordCount\":142,\"publisher\":{\"@id\":\"https:\\\/\\\/darkamazi.info\\\/#organization\"},\"image\":{\"@id\":\"https:\\\/\\\/darkamazi.info\\\/archives\\\/1035171#primaryimage\"},\"thumbnailUrl\":\"https:\\\/\\\/darkamazi.info\\\/darka-content\\\/uploads\\\/2023\\\/02\\\/masrur-barzani-emanoel-macron-kurdistan-fransa.jpg\",\"keywords\":[\"sereke\"],\"articleSection\":[\"Kurdistan\"],\"inLanguage\":\"en-US\"},{\"@type\":\"WebPage\",\"@id\":\"https:\\\/\\\/darkamazi.info\\\/archives\\\/1035171\",\"url\":\"https:\\\/\\\/darkamazi.info\\\/archives\\\/1035171\",\"name\":\"Mesr\u00fbr Barzan\u00ee bi Serok\u00ea Fransa Emmanuel Macron re civiya - Darka Maz\u00ee\",\"isPartOf\":{\"@id\":\"https:\\\/\\\/darkamazi.info\\\/#website\"},\"primaryImageOfPage\":{\"@id\":\"https:\\\/\\\/darkamazi.info\\\/archives\\\/1035171#primaryimage\"},\"image\":{\"@id\":\"https:\\\/\\\/darkamazi.info\\\/archives\\\/1035171#primaryimage\"},\"thumbnailUrl\":\"https:\\\/\\\/darkamazi.info\\\/darka-content\\\/uploads\\\/2023\\\/02\\\/masrur-barzani-emanoel-macron-kurdistan-fransa.jpg\",\"datePublished\":\"2023-02-16T15:41:47+00:00\",\"breadcrumb\":{\"@id\":\"https:\\\/\\\/darkamazi.info\\\/archives\\\/1035171#breadcrumb\"},\"inLanguage\":\"en-US\",\"potentialAction\":[{\"@type\":\"ReadAction\",\"target\":[\"https:\\\/\\\/darkamazi.info\\\/archives\\\/1035171\"]}]},{\"@type\":\"ImageObject\",\"inLanguage\":\"en-US\",\"@id\":\"https:\\\/\\\/darkamazi.info\\\/archives\\\/1035171#primaryimage\",\"url\":\"https:\\\/\\\/darkamazi.info\\\/darka-content\\\/uploads\\\/2023\\\/02\\\/masrur-barzani-emanoel-macron-kurdistan-fransa.jpg\",\"contentUrl\":\"https:\\\/\\\/darkamazi.info\\\/darka-content\\\/uploads\\\/2023\\\/02\\\/masrur-barzani-emanoel-macron-kurdistan-fransa.jpg\",\"width\":900,\"height\":497,\"caption\":\"Mesr\u00fbr Barzan\u00ee bi Serok\u00ea Fransa Emmanuel Macron re civiya\"},{\"@type\":\"BreadcrumbList\",\"@id\":\"https:\\\/\\\/darkamazi.info\\\/archives\\\/1035171#breadcrumb\",\"itemListElement\":[{\"@type\":\"ListItem\",\"position\":1,\"name\":\"Home\",\"item\":\"https:\\\/\\\/darkamazi.info\\\/\"},{\"@type\":\"ListItem\",\"position\":2,\"name\":\"Mesr\u00fbr Barzan\u00ee bi Serok\u00ea Fransa Emmanuel Macron re civiya\"}]},{\"@type\":\"WebSite\",\"@id\":\"https:\\\/\\\/darkamazi.info\\\/#website\",\"url\":\"https:\\\/\\\/darkamazi.info\\\/\",\"name\":\"Darka Maz\u00ee\",\"description\":\"P\u00eageha Zanyariy\u00ean Nebih\u00eest\u00ee\",\"publisher\":{\"@id\":\"https:\\\/\\\/darkamazi.info\\\/#organization\"},\"potentialAction\":[{\"@type\":\"SearchAction\",\"target\":{\"@type\":\"EntryPoint\",\"urlTemplate\":\"https:\\\/\\\/darkamazi.info\\\/?s={search_term_string}\"},\"query-input\":{\"@type\":\"PropertyValueSpecification\",\"valueRequired\":true,\"valueName\":\"search_term_string\"}}],\"inLanguage\":\"en-US\"},{\"@type\":\"Organization\",\"@id\":\"https:\\\/\\\/darkamazi.info\\\/#organization\",\"name\":\"Darka Maz\u00ee\",\"url\":\"https:\\\/\\\/darkamazi.info\\\/\",\"logo\":{\"@type\":\"ImageObject\",\"inLanguage\":\"en-US\",\"@id\":\"https:\\\/\\\/darkamazi.info\\\/#\\\/schema\\\/logo\\\/image\\\/\",\"url\":\"https:\\\/\\\/darkamazi.info\\\/darka-content\\\/uploads\\\/2017\\\/12\\\/darka-mazi-logo.png\",\"contentUrl\":\"https:\\\/\\\/darkamazi.info\\\/darka-content\\\/uploads\\\/2017\\\/12\\\/darka-mazi-logo.png\",\"width\":151,\"height\":75,\"caption\":\"Darka Maz\u00ee\"},\"image\":{\"@id\":\"https:\\\/\\\/darkamazi.info\\\/#\\\/schema\\\/logo\\\/image\\\/\"},\"sameAs\":[\"https:\\\/\\\/www.facebook.com\\\/DarMaziKurmanci\",\"https:\\\/\\\/x.com\\\/DarkaMaziLatini\",\"https:\\\/\\\/www.instagram.com\\\/darkamazi.kurmanci\\\/\",\"https:\\\/\\\/www.youtube.com\\\/channel\\\/UCa5HkTdmI8U1qCUFuTw8B2g\"]},{\"@type\":\"Person\",\"@id\":\"https:\\\/\\\/darkamazi.info\\\/#\\\/schema\\\/person\\\/5ad3e24553a0567993fa8ed4bd0a776c\",\"name\":\"darka mazi\",\"sameAs\":[\"https:\\\/\\\/darkamazi.info\\\/\"],\"url\":\"https:\\\/\\\/darkamazi.info\\\/archives\\\/author\\\/kurdi\"}]}<\/script>\n<!-- \/ Yoast SEO plugin. -->","seo_head_json":{"title":"Mesr\u00fbr Barzan\u00ee bi Serok\u00ea Fransa Emmanuel Macron re civiya - Darka Maz\u00ee","robots":{"index":"index","follow":"follow","max-snippet":"max-snippet:-1","max-image-preview":"max-image-preview:large","max-video-preview":"max-video-preview:-1"},"canonical":"https:\/\/darkamazi.info\/archives\/1035171","og_locale":"en_US","og_type":"article","og_title":"Mesr\u00fbr Barzan\u00ee bi Serok\u00ea Fransa Emmanuel Macron re civiya - Darka Maz\u00ee","og_description":"Mesr\u00fbr Barzan\u00ee \u00fb Serokomar\u00ea Fransa Emmanuel Macron li Ko\u015fka Elyse civiyan. \u00cavariya duh roja \u00e7ar\u015fem\u00ee 15\u00ea Sibata 2023an bi serdaneke ferm\u00ee Serokwez\u00eer\u00ea Her\u00eama Kurdistan\u00ea Mesr\u00fbr Barzan\u00ee gihe\u015fte Par\u00ees a Fransa. P\u00ea\u015ftir Berpirs\u00ea Fermangeha P\u00eawendiy\u00ean Derve ya Hik\u00fbmeta Her\u00eama Kurdistan\u00ea Saf\u00een Dzey\u00ee ragihandib\u00fb, ku di civ\u00een\u00ea de d\u00ea p\u00eawendiy\u00ean navbera Her\u00eama Kurdistan\u00ea \u00fb Fransa, rew\u015fa emn\u00ee [&hellip;]","og_url":"https:\/\/darkamazi.info\/archives\/1035171","og_site_name":"Darka Maz\u00ee","article_publisher":"https:\/\/www.facebook.com\/DarMaziKurmanci","article_published_time":"2023-02-16T15:41:47+00:00","og_image":[{"width":900,"height":497,"url":"https:\/\/darkamazi.info\/file\/2023\/02\/masrur-barzani-emanoel-macron-kurdistan-fransa.jpg","type":"image\/jpeg"}],"author":"darka mazi","twitter_card":"summary_large_image","twitter_creator":"@DarkaMaziLatini","twitter_site":"@DarkaMaziLatini","twitter_misc":{"Written by":"darka mazi","Est. reading time":"1 minute"},"schema":{"@context":"https:\/\/schema.org","@graph":[{"@type":"Article","@id":"https:\/\/darkamazi.info\/archives\/1035171#article","isPartOf":{"@id":"https:\/\/darkamazi.info\/archives\/1035171"},"author":{"name":"darka mazi","@id":"https:\/\/darkamazi.info\/#\/schema\/person\/5ad3e24553a0567993fa8ed4bd0a776c"},"headline":"Mesr\u00fbr Barzan\u00ee bi Serok\u00ea Fransa Emmanuel Macron re civiya","datePublished":"2023-02-16T15:41:47+00:00","mainEntityOfPage":{"@id":"https:\/\/darkamazi.info\/archives\/1035171"},"wordCount":142,"publisher":{"@id":"https:\/\/darkamazi.info\/#organization"},"image":{"@id":"https:\/\/darkamazi.info\/archives\/1035171#primaryimage"},"thumbnailUrl":"https:\/\/darkamazi.info\/file\/2023\/02\/masrur-barzani-emanoel-macron-kurdistan-fransa.jpg","keywords":["sereke"],"articleSection":["Kurdistan"],"inLanguage":"en-US"},{"@type":"WebPage","@id":"https:\/\/darkamazi.info\/archives\/1035171","url":"https:\/\/darkamazi.info\/archives\/1035171","name":"Mesr\u00fbr Barzan\u00ee bi Serok\u00ea Fransa Emmanuel Macron re civiya - Darka Maz\u00ee","isPartOf":{"@id":"https:\/\/darkamazi.info\/#website"},"primaryImageOfPage":{"@id":"https:\/\/darkamazi.info\/archives\/1035171#primaryimage"},"image":{"@id":"https:\/\/darkamazi.info\/archives\/1035171#primaryimage"},"thumbnailUrl":"https:\/\/darkamazi.info\/file\/2023\/02\/masrur-barzani-emanoel-macron-kurdistan-fransa.jpg","datePublished":"2023-02-16T15:41:47+00:00","breadcrumb":{"@id":"https:\/\/darkamazi.info\/archives\/1035171#breadcrumb"},"inLanguage":"en-US","potentialAction":[{"@type":"ReadAction","target":["https:\/\/darkamazi.info\/archives\/1035171"]}]},{"@type":"ImageObject","inLanguage":"en-US","@id":"https:\/\/darkamazi.info\/archives\/1035171#primaryimage","url":"https:\/\/darkamazi.info\/file\/2023\/02\/masrur-barzani-emanoel-macron-kurdistan-fransa.jpg","contentUrl":"https:\/\/darkamazi.info\/file\/2023\/02\/masrur-barzani-emanoel-macron-kurdistan-fransa.jpg","width":900,"height":497,"caption":"Mesr\u00fbr Barzan\u00ee bi Serok\u00ea Fransa Emmanuel Macron re civiya"},{"@type":"BreadcrumbList","@id":"https:\/\/darkamazi.info\/archives\/1035171#breadcrumb","itemListElement":[{"@type":"ListItem","position":1,"name":"Home","item":"https:\/\/darkamazi.info\/"},{"@type":"ListItem","position":2,"name":"Mesr\u00fbr Barzan\u00ee bi Serok\u00ea Fransa Emmanuel Macron re civiya"}]},{"@type":"WebSite","@id":"https:\/\/darkamazi.info\/#website","url":"https:\/\/darkamazi.info\/","name":"Darka Maz\u00ee","description":"P\u00eageha Zanyariy\u00ean Nebih\u00eest\u00ee","publisher":{"@id":"https:\/\/darkamazi.info\/#organization"},"potentialAction":[{"@type":"SearchAction","target":{"@type":"EntryPoint","urlTemplate":"https:\/\/darkamazi.info\/?s={search_term_string}"},"query-input":{"@type":"PropertyValueSpecification","valueRequired":true,"valueName":"search_term_string"}}],"inLanguage":"en-US"},{"@type":"Organization","@id":"https:\/\/darkamazi.info\/#organization","name":"Darka Maz\u00ee","url":"https:\/\/darkamazi.info\/","logo":{"@type":"ImageObject","inLanguage":"en-US","@id":"https:\/\/darkamazi.info\/#\/schema\/logo\/image\/","url":"https:\/\/darkamazi.info\/file\/2017\/12\/darka-mazi-logo.png","contentUrl":"https:\/\/darkamazi.info\/file\/2017\/12\/darka-mazi-logo.png","width":151,"height":75,"caption":"Darka Maz\u00ee"},"image":{"@id":"https:\/\/darkamazi.info\/#\/schema\/logo\/image\/"},"sameAs":["https:\/\/www.facebook.com\/DarMaziKurmanci","https:\/\/x.com\/DarkaMaziLatini","https:\/\/www.instagram.com\/darkamazi.kurmanci\/","https:\/\/www.youtube.com\/channel\/UCa5HkTdmI8U1qCUFuTw8B2g"]},{"@type":"Person","@id":"https:\/\/darkamazi.info\/#\/schema\/person\/5ad3e24553a0567993fa8ed4bd0a776c","name":"darka mazi","sameAs":["https:\/\/darkamazi.info\/"],"url":"https:\/\/darkamazi.info\/archives\/author\/kurdi"}]}},"_links":{"self":[{"href":"https:\/\/darkamazi.info\/funavuv\/wp\/v2\/posts\/1035171","targetHints":{"allow":["GET"]}}],"collection":[{"href":"https:\/\/darkamazi.info\/funavuv\/wp\/v2\/posts"}],"about":[{"href":"https:\/\/darkamazi.info\/funavuv\/wp\/v2\/types\/post"}],"author":[{"embeddable":true,"href":"https:\/\/darkamazi.info\/funavuv\/wp\/v2\/users\/2"}],"replies":[{"embeddable":true,"href":"https:\/\/darkamazi.info\/funavuv\/wp\/v2\/comments?post=1035171"}],"version-history":[{"count":0,"href":"https:\/\/darkamazi.info\/funavuv\/wp\/v2\/posts\/1035171\/revisions"}],"wp:featuredmedia":[{"embeddable":true,"href":"https:\/\/darkamazi.info\/funavuv\/wp\/v2\/media\/1035172"}],"wp:attachment":[{"href":"https:\/\/darkamazi.info\/funavuv\/wp\/v2\/media?parent=1035171"}],"wp:term":[{"taxonomy":"category","embeddable":true,"href":"https:\/\/darkamazi.info\/funavuv\/wp\/v2\/categories?post=1035171"},{"taxonomy":"post_tag","embeddable":true,"href":"https:\/\/darkamazi.info\/funavuv\/wp\/v2\/tags?post=1035171"}],"curies":[{"name":"wp","href":"https:\/\/api.w.org\/{rel}","templated":true}]}}